{"id":91468,"date":"2023-08-10T23:20:50","date_gmt":"2023-08-10T23:20:50","guid":{"rendered":"https:\/\/www.noticiasradioreflejos.com.ar\/2021\/?p=91468"},"modified":"2023-08-10T23:20:50","modified_gmt":"2023-08-10T23:20:50","slug":"aseguran-que-el-frigorifico-clausurado-tras-el-brote-de-triquinosis-obro-por-fuera-de-la-ley","status":"publish","type":"post","link":"https:\/\/www.noticiasradioreflejos.com.ar\/2021\/aseguran-que-el-frigorifico-clausurado-tras-el-brote-de-triquinosis-obro-por-fuera-de-la-ley\/","title":{"rendered":"Aseguran que el frigor\u00edfico clausurado tras el brote de triquinosis \u00abobr\u00f3 por fuera de la ley\u00bb"},"content":{"rendered":"<p>Autoridades del Ministerio de Desarrollo Agrario bonaerense aseguraron hoy que el frigor\u00edfico de la ciudad de Salliquell\u00f3, clausurado tras el brote de triquinosis, \u00abobr\u00f3 por fuera de la ley\u00bb.<!--more--><\/p>\n<p>Se trata de la f\u00e1brica de Chacinados \u00abAgroindustria Los Andr\u00e9s\u00bb de Salliquel\u00f3, precis\u00f3 la cartera agraria, que, el lunes \u00faltimo, junto a su par de Salud, emiti\u00f3 un alerta epidemiol\u00f3gica tras la detecci\u00f3n de 29 casos de triquinosis en Adolfo Alsina y Salliquell\u00f3.<\/p>\n<p>Viviana Di Marzio, directora provincial de Fiscalizaci\u00f3n Agropecuaria, Alimentaria y de Recursos Naturales del Ministerio de Desarrollo Agrario, explic\u00f3 a la prensa que<\/p>\n<p>en la mayor\u00eda de los brotes de triquinosis se trata de \u00abfaenas familiares\u00bb sin ning\u00fan control, pero que, en este caso, \u00abfue alguien que obr\u00f3 por fuera de la ley a sabiendas de lo que estaba haciendo\u00bb.<\/p>\n<p>\u00abEs un establecimiento con productos espec\u00edficos que actu\u00f3 de manera intencionada en tener materia prima sin los controles correspondientes, es un establecimiento con muchas falencias, por eso se procedi\u00f3 a clausurarlo\u00bb, sostuvo Di Marzio.<\/p>\n<p>Precis\u00f3 que \u00abse realiz\u00f3 la denuncia, se decomis\u00f3 toda la mercader\u00eda, se contact\u00f3 a todos los distribuidores y se retir\u00f3 la mercader\u00eda del mercado\u00bb.<\/p>\n<p>Seg\u00fan informaci\u00f3n preliminar, estos alimentos se distribuyeron en los municipios de Daireaux, Hip\u00f3lito Yrigoyen, Coronel Su\u00e1rez, Saavedra, Tres Lomas, Trenque Lauquen, P\u00faan, Rivadavia y Adolfo Alsina.<\/p>\n<p>Frente a la situaci\u00f3n, se convoc\u00f3 a los equipos de salud, a los efectos de intensificar la vigilancia epidemiol\u00f3gica de casos de triquinosis en los municipios se\u00f1alados, y se inst\u00f3 a las secretar\u00edas de Salud y oficinas bromatol\u00f3gicas de esos distritos a proceder a la investigaci\u00f3n de los mismos.<\/p>\n<p>En tanto, a la poblaci\u00f3n de la zona, se le recomienda tomar las medidas de prevenci\u00f3n y la consulta oportuna ante la presencia de s\u00edntomas.<\/p>\n<p>Se considera \u00abcaso sospechoso\u00bb de triquinosis a toda persona con antecedente de haber ingerido carne de cerdo o de animal silvestre y derivados hasta 45 d\u00edas antes del inicio de los s\u00edntomas y que presente fiebre y uno o m\u00e1s de los siguientes signos: edema facial y\/o periorbital, mialgias, conjuntivitis tarsal bilateral, y\/o diarrea, eosinofilia y\/o enzimas musculares elevadas.<\/p>\n<p>La triquinosis o trichinellosis es una enfermedad parasitaria causada por las larvas y par\u00e1sitos adultos de nematodes del g\u00e9nero Trichinella, que afecta al ser humano, mam\u00edferos dom\u00e9sticos y silvestres, aves y reptiles.<\/p>\n<p>Se trata de una zoonosis, la cual se transmite al ser humano, de modo accidental, por la ingesti\u00f3n de carne o derivados c\u00e1rnicos, crudos o mal cocidos, que contengan larvas musculares viables.<\/p>\n<p>En la provincia de Buenos Aires, los brotes de triquinosis se producen en su mayor\u00eda durante la \u00e9poca de bajas temperaturas, y la distribuci\u00f3n temporal de los casos hist\u00f3ricos evidencia un aumento en el periodo que abarca de julio a octubre.<\/p>\n","protected":false},"excerpt":{"rendered":"<p>Autoridades del Ministerio de Desarrollo Agrario bonaerense aseguraron hoy que el frigor\u00edfico de la ciudad de Salliquell\u00f3, clausurado tras el brote de triquinosis, \u00abobr\u00f3 por fuera de la ley\u00bb.<\/p>\n","protected":false},"author":3,"featured_media":83068,"comment_status":"closed","ping_status":"closed","sticky":false,"template":"","format":"standard","meta":{"footnotes":""},"categories":[30],"tags":[],"class_list":["post-91468","post","type-post","status-publish","format-standard","has-post-thumbnail","hentry","category-salud"],"yoast_head":"<!-- This site is optimized with the Yoast SEO plugin v25.9 - https:\/\/yoast.com\/wordpress\/plugins\/seo\/ -->\n<title>Aseguran que el frigor\u00edfico clausurado tras el brote de triquinosis &quot;obr\u00f3 por fuera de la ley&quot; - Noticias Radio Reflejos<\/title>\n<meta name=\"robots\" content=\"index, follow, max-snippet:-1, max-image-preview:large, max-video-preview:-1\" \/>\n<link rel=\"canonical\" href=\"https:\/\/www.noticiasradioreflejos.com.ar\/2021\/aseguran-que-el-frigorifico-clausurado-tras-el-brote-de-triquinosis-obro-por-fuera-de-la-ley\/\" \/>\n<meta property=\"og:locale\" content=\"es_ES\" \/>\n<meta property=\"og:type\" content=\"article\" \/>\n<meta property=\"og:title\" content=\"Aseguran que el frigor\u00edfico clausurado tras el brote de triquinosis &quot;obr\u00f3 por fuera de la ley&quot; - Noticias Radio Reflejos\" \/>\n<meta property=\"og:description\" content=\"Autoridades del Ministerio de Desarrollo Agrario bonaerense aseguraron hoy que el frigor\u00edfico de la ciudad de Salliquell\u00f3, clausurado tras el brote de triquinosis, \u00abobr\u00f3 por fuera de la ley\u00bb.\" \/>\n<meta property=\"og:url\" content=\"https:\/\/www.noticiasradioreflejos.com.ar\/2021\/aseguran-que-el-frigorifico-clausurado-tras-el-brote-de-triquinosis-obro-por-fuera-de-la-ley\/\" \/>\n<meta property=\"og:site_name\" content=\"Noticias Radio Reflejos\" \/>\n<meta property=\"article:published_time\" content=\"2023-08-10T23:20:50+00:00\" \/>\n<meta property=\"og:image\" content=\"https:\/\/www.noticiasradioreflejos.com.ar\/2021\/wp-content\/uploads\/2023\/01\/triquinosis-2.jpg\" \/>\n\t<meta property=\"og:image:width\" content=\"551\" \/>\n\t<meta property=\"og:image:height\" content=\"527\" \/>\n\t<meta property=\"og:image:type\" content=\"image\/jpeg\" \/>\n<meta name=\"author\" content=\"Arnaldo Botto\" \/>\n<meta name=\"twitter:card\" content=\"summary_large_image\" \/>\n<script type=\"application\/ld+json\" class=\"yoast-schema-graph\">{\"@context\":\"https:\/\/schema.org\",\"@graph\":[{\"@type\":\"WebPage\",\"@id\":\"https:\/\/www.noticiasradioreflejos.com.ar\/2021\/aseguran-que-el-frigorifico-clausurado-tras-el-brote-de-triquinosis-obro-por-fuera-de-la-ley\/\",\"url\":\"https:\/\/www.noticiasradioreflejos.com.ar\/2021\/aseguran-que-el-frigorifico-clausurado-tras-el-brote-de-triquinosis-obro-por-fuera-de-la-ley\/\",\"name\":\"Aseguran que el frigor\u00edfico clausurado tras el brote de triquinosis \\\"obr\u00f3 por fuera de la ley\\\" - Noticias Radio Reflejos\",\"isPartOf\":{\"@id\":\"https:\/\/www.noticiasradioreflejos.com.ar\/2021\/#website\"},\"primaryImageOfPage\":{\"@id\":\"https:\/\/www.noticiasradioreflejos.com.ar\/2021\/aseguran-que-el-frigorifico-clausurado-tras-el-brote-de-triquinosis-obro-por-fuera-de-la-ley\/#primaryimage\"},\"image\":{\"@id\":\"https:\/\/www.noticiasradioreflejos.com.ar\/2021\/aseguran-que-el-frigorifico-clausurado-tras-el-brote-de-triquinosis-obro-por-fuera-de-la-ley\/#primaryimage\"},\"thumbnailUrl\":\"https:\/\/www.noticiasradioreflejos.com.ar\/2021\/wp-content\/uploads\/2023\/01\/triquinosis-2.jpg\",\"datePublished\":\"2023-08-10T23:20:50+00:00\",\"author\":{\"@id\":\"https:\/\/www.noticiasradioreflejos.com.ar\/2021\/#\/schema\/person\/ad82545263dcc5ec0996818884fd5fb1\"},\"breadcrumb\":{\"@id\":\"https:\/\/www.noticiasradioreflejos.com.ar\/2021\/aseguran-que-el-frigorifico-clausurado-tras-el-brote-de-triquinosis-obro-por-fuera-de-la-ley\/#breadcrumb\"},\"inLanguage\":\"es\",\"potentialAction\":[{\"@type\":\"ReadAction\",\"target\":[\"https:\/\/www.noticiasradioreflejos.com.ar\/2021\/aseguran-que-el-frigorifico-clausurado-tras-el-brote-de-triquinosis-obro-por-fuera-de-la-ley\/\"]}]},{\"@type\":\"ImageObject\",\"inLanguage\":\"es\",\"@id\":\"https:\/\/www.noticiasradioreflejos.com.ar\/2021\/aseguran-que-el-frigorifico-clausurado-tras-el-brote-de-triquinosis-obro-por-fuera-de-la-ley\/#primaryimage\",\"url\":\"https:\/\/www.noticiasradioreflejos.com.ar\/2021\/wp-content\/uploads\/2023\/01\/triquinosis-2.jpg\",\"contentUrl\":\"https:\/\/www.noticiasradioreflejos.com.ar\/2021\/wp-content\/uploads\/2023\/01\/triquinosis-2.jpg\",\"width\":551,\"height\":527},{\"@type\":\"BreadcrumbList\",\"@id\":\"https:\/\/www.noticiasradioreflejos.com.ar\/2021\/aseguran-que-el-frigorifico-clausurado-tras-el-brote-de-triquinosis-obro-por-fuera-de-la-ley\/#breadcrumb\",\"itemListElement\":[{\"@type\":\"ListItem\",\"position\":1,\"name\":\"Portada\",\"item\":\"https:\/\/www.noticiasradioreflejos.com.ar\/2021\/\"},{\"@type\":\"ListItem\",\"position\":2,\"name\":\"Aseguran que el frigor\u00edfico clausurado tras el brote de triquinosis \u00abobr\u00f3 por fuera de la ley\u00bb\"}]},{\"@type\":\"WebSite\",\"@id\":\"https:\/\/www.noticiasradioreflejos.com.ar\/2021\/#website\",\"url\":\"https:\/\/www.noticiasradioreflejos.com.ar\/2021\/\",\"name\":\"Noticias Radio Reflejos\",\"description\":\"Las noticias de mi comarca\",\"potentialAction\":[{\"@type\":\"SearchAction\",\"target\":{\"@type\":\"EntryPoint\",\"urlTemplate\":\"https:\/\/www.noticiasradioreflejos.com.ar\/2021\/?s={search_term_string}\"},\"query-input\":{\"@type\":\"PropertyValueSpecification\",\"valueRequired\":true,\"valueName\":\"search_term_string\"}}],\"inLanguage\":\"es\"},{\"@type\":\"Person\",\"@id\":\"https:\/\/www.noticiasradioreflejos.com.ar\/2021\/#\/schema\/person\/ad82545263dcc5ec0996818884fd5fb1\",\"name\":\"Arnaldo Botto\",\"image\":{\"@type\":\"ImageObject\",\"inLanguage\":\"es\",\"@id\":\"https:\/\/www.noticiasradioreflejos.com.ar\/2021\/#\/schema\/person\/image\/\",\"url\":\"https:\/\/secure.gravatar.com\/avatar\/55cb5e37c1efa326397366e6974cb338056df65cb50e7d64d1cf314e87504837?s=96&d=mm&r=g\",\"contentUrl\":\"https:\/\/secure.gravatar.com\/avatar\/55cb5e37c1efa326397366e6974cb338056df65cb50e7d64d1cf314e87504837?s=96&d=mm&r=g\",\"caption\":\"Arnaldo Botto\"},\"url\":\"https:\/\/www.noticiasradioreflejos.com.ar\/2021\/author\/arnaldo\/\"}]}<\/script>\n<!-- \/ Yoast SEO plugin. -->","yoast_head_json":{"title":"Aseguran que el frigor\u00edfico clausurado tras el brote de triquinosis \"obr\u00f3 por fuera de la ley\" - Noticias Radio Reflejos","robots":{"index":"index","follow":"follow","max-snippet":"max-snippet:-1","max-image-preview":"max-image-preview:large","max-video-preview":"max-video-preview:-1"},"canonical":"https:\/\/www.noticiasradioreflejos.com.ar\/2021\/aseguran-que-el-frigorifico-clausurado-tras-el-brote-de-triquinosis-obro-por-fuera-de-la-ley\/","og_locale":"es_ES","og_type":"article","og_title":"Aseguran que el frigor\u00edfico clausurado tras el brote de triquinosis \"obr\u00f3 por fuera de la ley\" - Noticias Radio Reflejos","og_description":"Autoridades del Ministerio de Desarrollo Agrario bonaerense aseguraron hoy que el frigor\u00edfico de la ciudad de Salliquell\u00f3, clausurado tras el brote de triquinosis, \u00abobr\u00f3 por fuera de la ley\u00bb.","og_url":"https:\/\/www.noticiasradioreflejos.com.ar\/2021\/aseguran-que-el-frigorifico-clausurado-tras-el-brote-de-triquinosis-obro-por-fuera-de-la-ley\/","og_site_name":"Noticias Radio Reflejos","article_published_time":"2023-08-10T23:20:50+00:00","og_image":[{"width":551,"height":527,"url":"https:\/\/www.noticiasradioreflejos.com.ar\/2021\/wp-content\/uploads\/2023\/01\/triquinosis-2.jpg","type":"image\/jpeg"}],"author":"Arnaldo Botto","twitter_card":"summary_large_image","schema":{"@context":"https:\/\/schema.org","@graph":[{"@type":"WebPage","@id":"https:\/\/www.noticiasradioreflejos.com.ar\/2021\/aseguran-que-el-frigorifico-clausurado-tras-el-brote-de-triquinosis-obro-por-fuera-de-la-ley\/","url":"https:\/\/www.noticiasradioreflejos.com.ar\/2021\/aseguran-que-el-frigorifico-clausurado-tras-el-brote-de-triquinosis-obro-por-fuera-de-la-ley\/","name":"Aseguran que el frigor\u00edfico clausurado tras el brote de triquinosis \"obr\u00f3 por fuera de la ley\" - Noticias Radio Reflejos","isPartOf":{"@id":"https:\/\/www.noticiasradioreflejos.com.ar\/2021\/#website"},"primaryImageOfPage":{"@id":"https:\/\/www.noticiasradioreflejos.com.ar\/2021\/aseguran-que-el-frigorifico-clausurado-tras-el-brote-de-triquinosis-obro-por-fuera-de-la-ley\/#primaryimage"},"image":{"@id":"https:\/\/www.noticiasradioreflejos.com.ar\/2021\/aseguran-que-el-frigorifico-clausurado-tras-el-brote-de-triquinosis-obro-por-fuera-de-la-ley\/#primaryimage"},"thumbnailUrl":"https:\/\/www.noticiasradioreflejos.com.ar\/2021\/wp-content\/uploads\/2023\/01\/triquinosis-2.jpg","datePublished":"2023-08-10T23:20:50+00:00","author":{"@id":"https:\/\/www.noticiasradioreflejos.com.ar\/2021\/#\/schema\/person\/ad82545263dcc5ec0996818884fd5fb1"},"breadcrumb":{"@id":"https:\/\/www.noticiasradioreflejos.com.ar\/2021\/aseguran-que-el-frigorifico-clausurado-tras-el-brote-de-triquinosis-obro-por-fuera-de-la-ley\/#breadcrumb"},"inLanguage":"es","potentialAction":[{"@type":"ReadAction","target":["https:\/\/www.noticiasradioreflejos.com.ar\/2021\/aseguran-que-el-frigorifico-clausurado-tras-el-brote-de-triquinosis-obro-por-fuera-de-la-ley\/"]}]},{"@type":"ImageObject","inLanguage":"es","@id":"https:\/\/www.noticiasradioreflejos.com.ar\/2021\/aseguran-que-el-frigorifico-clausurado-tras-el-brote-de-triquinosis-obro-por-fuera-de-la-ley\/#primaryimage","url":"https:\/\/www.noticiasradioreflejos.com.ar\/2021\/wp-content\/uploads\/2023\/01\/triquinosis-2.jpg","contentUrl":"https:\/\/www.noticiasradioreflejos.com.ar\/2021\/wp-content\/uploads\/2023\/01\/triquinosis-2.jpg","width":551,"height":527},{"@type":"BreadcrumbList","@id":"https:\/\/www.noticiasradioreflejos.com.ar\/2021\/aseguran-que-el-frigorifico-clausurado-tras-el-brote-de-triquinosis-obro-por-fuera-de-la-ley\/#breadcrumb","itemListElement":[{"@type":"ListItem","position":1,"name":"Portada","item":"https:\/\/www.noticiasradioreflejos.com.ar\/2021\/"},{"@type":"ListItem","position":2,"name":"Aseguran que el frigor\u00edfico clausurado tras el brote de triquinosis \u00abobr\u00f3 por fuera de la ley\u00bb"}]},{"@type":"WebSite","@id":"https:\/\/www.noticiasradioreflejos.com.ar\/2021\/#website","url":"https:\/\/www.noticiasradioreflejos.com.ar\/2021\/","name":"Noticias Radio Reflejos","description":"Las noticias de mi comarca","potentialAction":[{"@type":"SearchAction","target":{"@type":"EntryPoint","urlTemplate":"https:\/\/www.noticiasradioreflejos.com.ar\/2021\/?s={search_term_string}"},"query-input":{"@type":"PropertyValueSpecification","valueRequired":true,"valueName":"search_term_string"}}],"inLanguage":"es"},{"@type":"Person","@id":"https:\/\/www.noticiasradioreflejos.com.ar\/2021\/#\/schema\/person\/ad82545263dcc5ec0996818884fd5fb1","name":"Arnaldo Botto","image":{"@type":"ImageObject","inLanguage":"es","@id":"https:\/\/www.noticiasradioreflejos.com.ar\/2021\/#\/schema\/person\/image\/","url":"https:\/\/secure.gravatar.com\/avatar\/55cb5e37c1efa326397366e6974cb338056df65cb50e7d64d1cf314e87504837?s=96&d=mm&r=g","contentUrl":"https:\/\/secure.gravatar.com\/avatar\/55cb5e37c1efa326397366e6974cb338056df65cb50e7d64d1cf314e87504837?s=96&d=mm&r=g","caption":"Arnaldo Botto"},"url":"https:\/\/www.noticiasradioreflejos.com.ar\/2021\/author\/arnaldo\/"}]}},"_links":{"self":[{"href":"https:\/\/www.noticiasradioreflejos.com.ar\/2021\/wp-json\/wp\/v2\/posts\/91468","targetHints":{"allow":["GET"]}}],"collection":[{"href":"https:\/\/www.noticiasradioreflejos.com.ar\/2021\/wp-json\/wp\/v2\/posts"}],"about":[{"href":"https:\/\/www.noticiasradioreflejos.com.ar\/2021\/wp-json\/wp\/v2\/types\/post"}],"author":[{"embeddable":true,"href":"https:\/\/www.noticiasradioreflejos.com.ar\/2021\/wp-json\/wp\/v2\/users\/3"}],"replies":[{"embeddable":true,"href":"https:\/\/www.noticiasradioreflejos.com.ar\/2021\/wp-json\/wp\/v2\/comments?post=91468"}],"version-history":[{"count":1,"href":"https:\/\/www.noticiasradioreflejos.com.ar\/2021\/wp-json\/wp\/v2\/posts\/91468\/revisions"}],"predecessor-version":[{"id":91469,"href":"https:\/\/www.noticiasradioreflejos.com.ar\/2021\/wp-json\/wp\/v2\/posts\/91468\/revisions\/91469"}],"wp:featuredmedia":[{"embeddable":true,"href":"https:\/\/www.noticiasradioreflejos.com.ar\/2021\/wp-json\/wp\/v2\/media\/83068"}],"wp:attachment":[{"href":"https:\/\/www.noticiasradioreflejos.com.ar\/2021\/wp-json\/wp\/v2\/media?parent=91468"}],"wp:term":[{"taxonomy":"category","embeddable":true,"href":"https:\/\/www.noticiasradioreflejos.com.ar\/2021\/wp-json\/wp\/v2\/categories?post=91468"},{"taxonomy":"post_tag","embeddable":true,"href":"https:\/\/www.noticiasradioreflejos.com.ar\/2021\/wp-json\/wp\/v2\/tags?post=91468"}],"curies":[{"name":"wp","href":"https:\/\/api.w.org\/{rel}","templated":true}]}}