{"id":91465,"date":"2023-08-10T23:06:45","date_gmt":"2023-08-10T23:06:45","guid":{"rendered":"https:\/\/www.noticiasradioreflejos.com.ar\/2021\/?p=91465"},"modified":"2023-08-10T23:06:45","modified_gmt":"2023-08-10T23:06:45","slug":"aumento-a-jubilados-sera-de-2329-en-septiembre-mas-tres-refuerzos-de-27-000-para-haberes-minimos","status":"publish","type":"post","link":"https:\/\/www.noticiasradioreflejos.com.ar\/2021\/aumento-a-jubilados-sera-de-2329-en-septiembre-mas-tres-refuerzos-de-27-000-para-haberes-minimos\/","title":{"rendered":"Aumento a jubilados ser\u00e1 de 23,29% en septiembre m\u00e1s tres refuerzos de $27.000 para haberes m\u00ednimos"},"content":{"rendered":"<p>El ministro de Econom\u00eda, Sergio Massa, junto a la directora ejecutiva de la Anses, Fernanda Raverta, informaron hoy que las jubilaciones, pensiones y asignaciones aumentar\u00e1n en septiembre un 23,3%, lo que beneficiar\u00e1 a 17 millones de argentinos.<!--more--><\/p>\n<p>Adicionalmente, los jubilados y pensionados que perciben el haber m\u00ednimo recibir\u00e1n un bono de $27.000 a lo largo de los pr\u00f3ximos tres meses, con lo que nadie cobrar\u00e1 menos de $114.460.<\/p>\n<p>El refuerzo de $27.000 alcanzar\u00e1 a 5,1 millones de personas, una cantidad equivalente al 70% de los jubilados y pensionados.<\/p>\n<p>A partir de estas sumas, el haber de los jubilados de la m\u00ednima con 30 a\u00f1os de aportes efectivos (1,2 millones de personas) quedar\u00e1 en $123.760, precis\u00f3 la Anses.<\/p>\n<p>El incremento de septiembre ser\u00e1 el tercero del a\u00f1o y fue fijado en base a la Ley de Movilidad.<\/p>\n<p>En un mensaje en el que estuvo con Raverta, Massa dijo que \u201ccon este programa de refuerzos venimos consolidando una recuperaci\u00f3n que en el \u00faltimo a\u00f1o para jubilados y pensionados de la m\u00ednima produjo un incremento real del 7%\u201d.<\/p>\n<p>En esa l\u00ednea, el ministro resalt\u00f3 que \u201cen este trimestre la selecci\u00f3n del coeficiente fue el RIPTE y no el Coeficiente de Variaci\u00f3n Salarial porque la F\u00f3rmula de Movilidad establece la obligaci\u00f3n de elegir la que m\u00e1s beneficie al jubilado y el pensionado\u201d.<\/p>\n<p>A partir de la suba del mes que viene, la jubilaci\u00f3n m\u00ednima habr\u00e1 tenido un incremento interanual del 127,3 por ciento, por encima de la inflaci\u00f3n proyectada para el per\u00edodo, se\u00f1al\u00f3 la Anses en un comunicado.<\/p>\n<p>\u201cDicho crecimiento representa una recuperaci\u00f3n del poder adquisitivo del 12,2 por ciento con respecto a diciembre de 2019\u201d, remarc\u00f3 la dependencia oficial.<\/p>\n<p>La movilidad que regir\u00e1 desde el pr\u00f3ximo mes impactar\u00e1 en todas las jubilaciones, pensiones y asignaciones de Anses, y alcanzar\u00e1 a m\u00e1s de 17 millones de beneficiarios.<\/p>\n<p>De esta manera, con este nuevo incremento la Asignaci\u00f3n Universal por Hijo (AUH) y la Asignaci\u00f3n por Embarazo pasar\u00e1n a ser de $17.093 a partir de septiembre.<\/p>\n<p>Al respecto, Massa consider\u00f3 que \u201ccon el programa de refuerzos del Tesoro a la seguridad social, no solo podemos seguir recorriendo un camino de mejora y actualizaci\u00f3n de las jubilaciones y pensiones, sino tambi\u00e9n de consolidaci\u00f3n del resto de las prestaciones de la seguridad social\u201d.<\/p>\n<p>Durante la presentaci\u00f3n, Raverta, por su parte, destac\u00f3 que \u201c17 millones de personas van a tener en septiembre aumentos del 23,29 % en sus ingresos\u201d.<\/p>\n<p>El incremento que regir\u00e1 a partir del 1 de septiembre ser\u00e1 el tercero del a\u00f1o.<\/p>\n<p>El primer incremento tuvo lugar en marzo y fue del 17,04 % en los haberes de los m\u00e1s de 17 millones de titulares de jubilaciones, pensiones y asignaciones. Asimismo, en esa ocasi\u00f3n se sum\u00f3 un refuerzo de $15.000 para las jubilaciones y pensiones de hasta dos haberes m\u00ednimos.<\/p>\n<p>El segundo aumento del a\u00f1o se produjo en junio y fue del 20,92 % tambi\u00e9n para ese universo de m\u00e1s de 17 millones de personas. Adicionalmente, se otorgaron bonos de $15.000 en junio, $17.000 en julio y $20.000 en agosto para los haberes m\u00ednimos.<\/p>\n<p>Seg\u00fan lo establecido por la Ley de Movilidad, de cara a lo que resta del a\u00f1o habr\u00e1 un cuarto aumento en el mes de diciembre.<\/p>\n<p>La Ley actual fue sancionada en diciembre de 2020 y estableci\u00f3 la aplicaci\u00f3n de un \u00edndice que combina un 50 por ciento de la evoluci\u00f3n de los salarios del Indec y del RIPTE (Remuneraci\u00f3n Imponible de Trabajadores Estables) de Seguridad Social y un cincuenta por ciento de la recaudaci\u00f3n tributaria de la Anses.<\/p>\n<p>De acuerdo con un trabajo del Centro de Econom\u00eda Pol\u00edtica Argentina (CEPA) publicado hoy, \u201csi se comparan el \u00edndice de movilidad con la f\u00f3rmula anterior y el resultante de la aplicaci\u00f3n de la ley actual se observa, en la evoluci\u00f3n acumulada, un evidente mejor desempe\u00f1o de la norma vigente\u201d.<\/p>\n<p>Seg\u00fan el informe del CEPA, \u201cla actualizaci\u00f3n jubilatoria para septiembre, en caso de haberse mantenido la f\u00f3rmula votada a finales de 2017 (70% inflaci\u00f3n y 30% salarios) hubiese sumado 20,6%, es decir, un valor inferior a la movilidad actual\u201d.<\/p>\n<p>\u201cPeor a\u00fan, si se compara la aplicaci\u00f3n desde el origen hasta hoy, en el caso de la f\u00f3rmula Cambiemos hubiese sumado 309,6% para el per\u00edodo 2021\/2022 y las tres primeras movilidades 2023, mientras que, con la nueva f\u00f3rmula, el valor asciende a 359,4%\u201d, concluy\u00f3.<\/p>\n","protected":false},"excerpt":{"rendered":"<p>El ministro de Econom\u00eda, Sergio Massa, junto a la directora ejecutiva de la Anses, Fernanda Raverta, informaron hoy que las jubilaciones, pensiones y asignaciones aumentar\u00e1n en septiembre un 23,3%, lo que beneficiar\u00e1 a 17 millones de argentinos.<\/p>\n","protected":false},"author":3,"featured_media":0,"comment_status":"closed","ping_status":"closed","sticky":false,"template":"","format":"standard","meta":{"footnotes":""},"categories":[36,58],"tags":[],"class_list":["post-91465","post","type-post","status-publish","format-standard","hentry","category-economia","category-gobierno"],"yoast_head":"<!-- This site is optimized with the Yoast SEO plugin v25.9 - https:\/\/yoast.com\/wordpress\/plugins\/seo\/ -->\n<title>Aumento a jubilados ser\u00e1 de 23,29% en septiembre m\u00e1s tres refuerzos de $27.000 para haberes m\u00ednimos - Noticias Radio Reflejos<\/title>\n<meta name=\"robots\" content=\"index, follow, max-snippet:-1, max-image-preview:large, max-video-preview:-1\" \/>\n<link rel=\"canonical\" href=\"https:\/\/www.noticiasradioreflejos.com.ar\/2021\/aumento-a-jubilados-sera-de-2329-en-septiembre-mas-tres-refuerzos-de-27-000-para-haberes-minimos\/\" \/>\n<meta property=\"og:locale\" content=\"es_ES\" \/>\n<meta property=\"og:type\" content=\"article\" \/>\n<meta property=\"og:title\" content=\"Aumento a jubilados ser\u00e1 de 23,29% en septiembre m\u00e1s tres refuerzos de $27.000 para haberes m\u00ednimos - Noticias Radio Reflejos\" \/>\n<meta property=\"og:description\" content=\"El ministro de Econom\u00eda, Sergio Massa, junto a la directora ejecutiva de la Anses, Fernanda Raverta, informaron hoy que las jubilaciones, pensiones y asignaciones aumentar\u00e1n en septiembre un 23,3%, lo que beneficiar\u00e1 a 17 millones de argentinos.\" \/>\n<meta property=\"og:url\" content=\"https:\/\/www.noticiasradioreflejos.com.ar\/2021\/aumento-a-jubilados-sera-de-2329-en-septiembre-mas-tres-refuerzos-de-27-000-para-haberes-minimos\/\" \/>\n<meta property=\"og:site_name\" content=\"Noticias Radio Reflejos\" \/>\n<meta property=\"article:published_time\" content=\"2023-08-10T23:06:45+00:00\" \/>\n<meta property=\"og:image\" content=\"https:\/\/www.noticiasradioreflejos.com.ar\/2021\/wp-content\/uploads\/2021\/07\/logosol300x200.png\" \/>\n\t<meta property=\"og:image:width\" content=\"300\" \/>\n\t<meta property=\"og:image:height\" content=\"200\" \/>\n\t<meta property=\"og:image:type\" content=\"image\/png\" \/>\n<meta name=\"author\" content=\"Arnaldo Botto\" \/>\n<meta name=\"twitter:card\" content=\"summary_large_image\" \/>\n<script type=\"application\/ld+json\" class=\"yoast-schema-graph\">{\"@context\":\"https:\/\/schema.org\",\"@graph\":[{\"@type\":\"WebPage\",\"@id\":\"https:\/\/www.noticiasradioreflejos.com.ar\/2021\/aumento-a-jubilados-sera-de-2329-en-septiembre-mas-tres-refuerzos-de-27-000-para-haberes-minimos\/\",\"url\":\"https:\/\/www.noticiasradioreflejos.com.ar\/2021\/aumento-a-jubilados-sera-de-2329-en-septiembre-mas-tres-refuerzos-de-27-000-para-haberes-minimos\/\",\"name\":\"Aumento a jubilados ser\u00e1 de 23,29% en septiembre m\u00e1s tres refuerzos de $27.000 para haberes m\u00ednimos - Noticias Radio Reflejos\",\"isPartOf\":{\"@id\":\"https:\/\/www.noticiasradioreflejos.com.ar\/2021\/#website\"},\"datePublished\":\"2023-08-10T23:06:45+00:00\",\"author\":{\"@id\":\"https:\/\/www.noticiasradioreflejos.com.ar\/2021\/#\/schema\/person\/ad82545263dcc5ec0996818884fd5fb1\"},\"breadcrumb\":{\"@id\":\"https:\/\/www.noticiasradioreflejos.com.ar\/2021\/aumento-a-jubilados-sera-de-2329-en-septiembre-mas-tres-refuerzos-de-27-000-para-haberes-minimos\/#breadcrumb\"},\"inLanguage\":\"es\",\"potentialAction\":[{\"@type\":\"ReadAction\",\"target\":[\"https:\/\/www.noticiasradioreflejos.com.ar\/2021\/aumento-a-jubilados-sera-de-2329-en-septiembre-mas-tres-refuerzos-de-27-000-para-haberes-minimos\/\"]}]},{\"@type\":\"BreadcrumbList\",\"@id\":\"https:\/\/www.noticiasradioreflejos.com.ar\/2021\/aumento-a-jubilados-sera-de-2329-en-septiembre-mas-tres-refuerzos-de-27-000-para-haberes-minimos\/#breadcrumb\",\"itemListElement\":[{\"@type\":\"ListItem\",\"position\":1,\"name\":\"Portada\",\"item\":\"https:\/\/www.noticiasradioreflejos.com.ar\/2021\/\"},{\"@type\":\"ListItem\",\"position\":2,\"name\":\"Aumento a jubilados ser\u00e1 de 23,29% en septiembre m\u00e1s tres refuerzos de $27.000 para haberes m\u00ednimos\"}]},{\"@type\":\"WebSite\",\"@id\":\"https:\/\/www.noticiasradioreflejos.com.ar\/2021\/#website\",\"url\":\"https:\/\/www.noticiasradioreflejos.com.ar\/2021\/\",\"name\":\"Noticias Radio Reflejos\",\"description\":\"Las noticias de mi comarca\",\"potentialAction\":[{\"@type\":\"SearchAction\",\"target\":{\"@type\":\"EntryPoint\",\"urlTemplate\":\"https:\/\/www.noticiasradioreflejos.com.ar\/2021\/?s={search_term_string}\"},\"query-input\":{\"@type\":\"PropertyValueSpecification\",\"valueRequired\":true,\"valueName\":\"search_term_string\"}}],\"inLanguage\":\"es\"},{\"@type\":\"Person\",\"@id\":\"https:\/\/www.noticiasradioreflejos.com.ar\/2021\/#\/schema\/person\/ad82545263dcc5ec0996818884fd5fb1\",\"name\":\"Arnaldo Botto\",\"image\":{\"@type\":\"ImageObject\",\"inLanguage\":\"es\",\"@id\":\"https:\/\/www.noticiasradioreflejos.com.ar\/2021\/#\/schema\/person\/image\/\",\"url\":\"https:\/\/secure.gravatar.com\/avatar\/55cb5e37c1efa326397366e6974cb338056df65cb50e7d64d1cf314e87504837?s=96&d=mm&r=g\",\"contentUrl\":\"https:\/\/secure.gravatar.com\/avatar\/55cb5e37c1efa326397366e6974cb338056df65cb50e7d64d1cf314e87504837?s=96&d=mm&r=g\",\"caption\":\"Arnaldo Botto\"},\"url\":\"https:\/\/www.noticiasradioreflejos.com.ar\/2021\/author\/arnaldo\/\"}]}<\/script>\n<!-- \/ Yoast SEO plugin. -->","yoast_head_json":{"title":"Aumento a jubilados ser\u00e1 de 23,29% en septiembre m\u00e1s tres refuerzos de $27.000 para haberes m\u00ednimos - Noticias Radio Reflejos","robots":{"index":"index","follow":"follow","max-snippet":"max-snippet:-1","max-image-preview":"max-image-preview:large","max-video-preview":"max-video-preview:-1"},"canonical":"https:\/\/www.noticiasradioreflejos.com.ar\/2021\/aumento-a-jubilados-sera-de-2329-en-septiembre-mas-tres-refuerzos-de-27-000-para-haberes-minimos\/","og_locale":"es_ES","og_type":"article","og_title":"Aumento a jubilados ser\u00e1 de 23,29% en septiembre m\u00e1s tres refuerzos de $27.000 para haberes m\u00ednimos - Noticias Radio Reflejos","og_description":"El ministro de Econom\u00eda, Sergio Massa, junto a la directora ejecutiva de la Anses, Fernanda Raverta, informaron hoy que las jubilaciones, pensiones y asignaciones aumentar\u00e1n en septiembre un 23,3%, lo que beneficiar\u00e1 a 17 millones de argentinos.","og_url":"https:\/\/www.noticiasradioreflejos.com.ar\/2021\/aumento-a-jubilados-sera-de-2329-en-septiembre-mas-tres-refuerzos-de-27-000-para-haberes-minimos\/","og_site_name":"Noticias Radio Reflejos","article_published_time":"2023-08-10T23:06:45+00:00","og_image":[{"width":300,"height":200,"url":"https:\/\/www.noticiasradioreflejos.com.ar\/2021\/wp-content\/uploads\/2021\/07\/logosol300x200.png","type":"image\/png"}],"author":"Arnaldo Botto","twitter_card":"summary_large_image","schema":{"@context":"https:\/\/schema.org","@graph":[{"@type":"WebPage","@id":"https:\/\/www.noticiasradioreflejos.com.ar\/2021\/aumento-a-jubilados-sera-de-2329-en-septiembre-mas-tres-refuerzos-de-27-000-para-haberes-minimos\/","url":"https:\/\/www.noticiasradioreflejos.com.ar\/2021\/aumento-a-jubilados-sera-de-2329-en-septiembre-mas-tres-refuerzos-de-27-000-para-haberes-minimos\/","name":"Aumento a jubilados ser\u00e1 de 23,29% en septiembre m\u00e1s tres refuerzos de $27.000 para haberes m\u00ednimos - Noticias Radio Reflejos","isPartOf":{"@id":"https:\/\/www.noticiasradioreflejos.com.ar\/2021\/#website"},"datePublished":"2023-08-10T23:06:45+00:00","author":{"@id":"https:\/\/www.noticiasradioreflejos.com.ar\/2021\/#\/schema\/person\/ad82545263dcc5ec0996818884fd5fb1"},"breadcrumb":{"@id":"https:\/\/www.noticiasradioreflejos.com.ar\/2021\/aumento-a-jubilados-sera-de-2329-en-septiembre-mas-tres-refuerzos-de-27-000-para-haberes-minimos\/#breadcrumb"},"inLanguage":"es","potentialAction":[{"@type":"ReadAction","target":["https:\/\/www.noticiasradioreflejos.com.ar\/2021\/aumento-a-jubilados-sera-de-2329-en-septiembre-mas-tres-refuerzos-de-27-000-para-haberes-minimos\/"]}]},{"@type":"BreadcrumbList","@id":"https:\/\/www.noticiasradioreflejos.com.ar\/2021\/aumento-a-jubilados-sera-de-2329-en-septiembre-mas-tres-refuerzos-de-27-000-para-haberes-minimos\/#breadcrumb","itemListElement":[{"@type":"ListItem","position":1,"name":"Portada","item":"https:\/\/www.noticiasradioreflejos.com.ar\/2021\/"},{"@type":"ListItem","position":2,"name":"Aumento a jubilados ser\u00e1 de 23,29% en septiembre m\u00e1s tres refuerzos de $27.000 para haberes m\u00ednimos"}]},{"@type":"WebSite","@id":"https:\/\/www.noticiasradioreflejos.com.ar\/2021\/#website","url":"https:\/\/www.noticiasradioreflejos.com.ar\/2021\/","name":"Noticias Radio Reflejos","description":"Las noticias de mi comarca","potentialAction":[{"@type":"SearchAction","target":{"@type":"EntryPoint","urlTemplate":"https:\/\/www.noticiasradioreflejos.com.ar\/2021\/?s={search_term_string}"},"query-input":{"@type":"PropertyValueSpecification","valueRequired":true,"valueName":"search_term_string"}}],"inLanguage":"es"},{"@type":"Person","@id":"https:\/\/www.noticiasradioreflejos.com.ar\/2021\/#\/schema\/person\/ad82545263dcc5ec0996818884fd5fb1","name":"Arnaldo Botto","image":{"@type":"ImageObject","inLanguage":"es","@id":"https:\/\/www.noticiasradioreflejos.com.ar\/2021\/#\/schema\/person\/image\/","url":"https:\/\/secure.gravatar.com\/avatar\/55cb5e37c1efa326397366e6974cb338056df65cb50e7d64d1cf314e87504837?s=96&d=mm&r=g","contentUrl":"https:\/\/secure.gravatar.com\/avatar\/55cb5e37c1efa326397366e6974cb338056df65cb50e7d64d1cf314e87504837?s=96&d=mm&r=g","caption":"Arnaldo Botto"},"url":"https:\/\/www.noticiasradioreflejos.com.ar\/2021\/author\/arnaldo\/"}]}},"_links":{"self":[{"href":"https:\/\/www.noticiasradioreflejos.com.ar\/2021\/wp-json\/wp\/v2\/posts\/91465","targetHints":{"allow":["GET"]}}],"collection":[{"href":"https:\/\/www.noticiasradioreflejos.com.ar\/2021\/wp-json\/wp\/v2\/posts"}],"about":[{"href":"https:\/\/www.noticiasradioreflejos.com.ar\/2021\/wp-json\/wp\/v2\/types\/post"}],"author":[{"embeddable":true,"href":"https:\/\/www.noticiasradioreflejos.com.ar\/2021\/wp-json\/wp\/v2\/users\/3"}],"replies":[{"embeddable":true,"href":"https:\/\/www.noticiasradioreflejos.com.ar\/2021\/wp-json\/wp\/v2\/comments?post=91465"}],"version-history":[{"count":1,"href":"https:\/\/www.noticiasradioreflejos.com.ar\/2021\/wp-json\/wp\/v2\/posts\/91465\/revisions"}],"predecessor-version":[{"id":91467,"href":"https:\/\/www.noticiasradioreflejos.com.ar\/2021\/wp-json\/wp\/v2\/posts\/91465\/revisions\/91467"}],"wp:attachment":[{"href":"https:\/\/www.noticiasradioreflejos.com.ar\/2021\/wp-json\/wp\/v2\/media?parent=91465"}],"wp:term":[{"taxonomy":"category","embeddable":true,"href":"https:\/\/www.noticiasradioreflejos.com.ar\/2021\/wp-json\/wp\/v2\/categories?post=91465"},{"taxonomy":"post_tag","embeddable":true,"href":"https:\/\/www.noticiasradioreflejos.com.ar\/2021\/wp-json\/wp\/v2\/tags?post=91465"}],"curies":[{"name":"wp","href":"https:\/\/api.w.org\/{rel}","templated":true}]}}