{"id":91461,"date":"2023-08-10T23:04:22","date_gmt":"2023-08-10T23:04:22","guid":{"rendered":"https:\/\/www.noticiasradioreflejos.com.ar\/2021\/?p=91461"},"modified":"2023-08-10T23:04:22","modified_gmt":"2023-08-10T23:04:22","slug":"la-fiscalia-pidio-4-anos-y-8-meses-de-prision-para-un-hombre-acusado-de-tener-y-compartir-material-de-abuso-infantil","status":"publish","type":"post","link":"https:\/\/www.noticiasradioreflejos.com.ar\/2021\/la-fiscalia-pidio-4-anos-y-8-meses-de-prision-para-un-hombre-acusado-de-tener-y-compartir-material-de-abuso-infantil\/","title":{"rendered":"La fiscal\u00eda pidi\u00f3 4 a\u00f1os y 8 meses de prisi\u00f3n para un hombre acusado de tener y compartir material de abuso infantil"},"content":{"rendered":"<p>En el marco del juicio oral y p\u00fablico que se llev\u00f3 a cabo para analizar la conducta de Juan Manuel Grondona, acusado de haber tenido en su poder -con fines de distribuci\u00f3n- material de abuso sexual infantil, el fiscal Rodolfo De Luc\u00eda solicit\u00f3 la pena de 4 a\u00f1os y 8 meses de prisi\u00f3n.<br \/>\n<!--more--><\/p>\n<p>Por su parte, los Dres. Leonardo G\u00f3mez Talamoni y B\u00e1rbara Sager, solicitaron la absoluci\u00f3n de su defendido.Seg\u00fan la investigaci\u00f3n realizada por la<strong>\u00a0UFIJ N.\u00ba 20<\/strong>, se encontr\u00f3 en poder de Grondona unos 64 videos con im\u00e1genes de explotaci\u00f3n sexual, en los que se observan a menores de entre 13 y 18 a\u00f1os realizando actividades sexuales expl\u00edcitas.<\/p>\n<p>Los videos fueron encontrados en dispositivos tecnol\u00f3gicos que Grondona ten\u00eda en su habitaci\u00f3n, cuando se produjo el allanamiento el d\u00eda 6 de noviembre de 2020 en su vivienda ubicada en Castelli al 300 de General Daniel Cerri.<\/p>\n<p>La investigaci\u00f3n se origin\u00f3 a trav\u00e9s de la operaci\u00f3n internacional denominada \u201cLuz de infancia\u201d, iniciada por el Servicio de Inmigraci\u00f3n y Aduanas de EE.UU., con el objetivo de desbaratar redes de distribuci\u00f3n de material de abuso sexual infantil.<\/p>\n<p>Grondona fue imputado de los delitos de tenencia con fines fines inequ\u00edvocos de distribuci\u00f3n y distribuci\u00f3n de representaciones de menores de 18 a\u00f1os dedicados a actividades sexuales expl\u00edcitas y de representaciones de sus partes genitales con fines predominantemente sexuales; agravados por ser las v\u00edctimas menores de 13 a\u00f1os.<\/p>\n<p>El fallo de la Dra. Claudia Fortunatti, integrante del Tribunal en lo Criminal N.\u00ba 2, se conocer\u00e1 el martes 15 de agosto a las 12 horas.<\/p>\n<p>Agencia de Noticias Judiciales<\/p>\n","protected":false},"excerpt":{"rendered":"<p>En el marco del juicio oral y p\u00fablico que se llev\u00f3 a cabo para analizar la conducta de Juan Manuel Grondona, acusado de haber tenido en su poder -con fines de distribuci\u00f3n- material de abuso sexual infantil, el fiscal Rodolfo De Luc\u00eda solicit\u00f3 la pena de 4 a\u00f1os y 8 meses de prisi\u00f3n.<\/p>\n","protected":false},"author":3,"featured_media":0,"comment_status":"closed","ping_status":"closed","sticky":false,"template":"","format":"standard","meta":{"footnotes":""},"categories":[57],"tags":[],"class_list":["post-91461","post","type-post","status-publish","format-standard","hentry","category-judiciales"],"yoast_head":"<!-- This site is optimized with the Yoast SEO plugin v25.9 - https:\/\/yoast.com\/wordpress\/plugins\/seo\/ -->\n<title>La fiscal\u00eda pidi\u00f3 4 a\u00f1os y 8 meses de prisi\u00f3n para un hombre acusado de tener y compartir material de abuso infantil - Noticias Radio Reflejos<\/title>\n<meta name=\"robots\" content=\"index, follow, max-snippet:-1, max-image-preview:large, max-video-preview:-1\" \/>\n<link rel=\"canonical\" href=\"https:\/\/www.noticiasradioreflejos.com.ar\/2021\/la-fiscalia-pidio-4-anos-y-8-meses-de-prision-para-un-hombre-acusado-de-tener-y-compartir-material-de-abuso-infantil\/\" \/>\n<meta property=\"og:locale\" content=\"es_ES\" \/>\n<meta property=\"og:type\" content=\"article\" \/>\n<meta property=\"og:title\" content=\"La fiscal\u00eda pidi\u00f3 4 a\u00f1os y 8 meses de prisi\u00f3n para un hombre acusado de tener y compartir material de abuso infantil - Noticias Radio Reflejos\" \/>\n<meta property=\"og:description\" content=\"En el marco del juicio oral y p\u00fablico que se llev\u00f3 a cabo para analizar la conducta de Juan Manuel Grondona, acusado de haber tenido en su poder -con fines de distribuci\u00f3n- material de abuso sexual infantil, el fiscal Rodolfo De Luc\u00eda solicit\u00f3 la pena de 4 a\u00f1os y 8 meses de prisi\u00f3n.\" \/>\n<meta property=\"og:url\" content=\"https:\/\/www.noticiasradioreflejos.com.ar\/2021\/la-fiscalia-pidio-4-anos-y-8-meses-de-prision-para-un-hombre-acusado-de-tener-y-compartir-material-de-abuso-infantil\/\" \/>\n<meta property=\"og:site_name\" content=\"Noticias Radio Reflejos\" \/>\n<meta property=\"article:published_time\" content=\"2023-08-10T23:04:22+00:00\" \/>\n<meta property=\"og:image\" content=\"https:\/\/www.noticiasradioreflejos.com.ar\/2021\/wp-content\/uploads\/2021\/07\/logosol300x200.png\" \/>\n\t<meta property=\"og:image:width\" content=\"300\" \/>\n\t<meta property=\"og:image:height\" content=\"200\" \/>\n\t<meta property=\"og:image:type\" content=\"image\/png\" \/>\n<meta name=\"author\" content=\"Arnaldo Botto\" \/>\n<meta name=\"twitter:card\" content=\"summary_large_image\" \/>\n<script type=\"application\/ld+json\" class=\"yoast-schema-graph\">{\"@context\":\"https:\/\/schema.org\",\"@graph\":[{\"@type\":\"WebPage\",\"@id\":\"https:\/\/www.noticiasradioreflejos.com.ar\/2021\/la-fiscalia-pidio-4-anos-y-8-meses-de-prision-para-un-hombre-acusado-de-tener-y-compartir-material-de-abuso-infantil\/\",\"url\":\"https:\/\/www.noticiasradioreflejos.com.ar\/2021\/la-fiscalia-pidio-4-anos-y-8-meses-de-prision-para-un-hombre-acusado-de-tener-y-compartir-material-de-abuso-infantil\/\",\"name\":\"La fiscal\u00eda pidi\u00f3 4 a\u00f1os y 8 meses de prisi\u00f3n para un hombre acusado de tener y compartir material de abuso infantil - Noticias Radio Reflejos\",\"isPartOf\":{\"@id\":\"https:\/\/www.noticiasradioreflejos.com.ar\/2021\/#website\"},\"datePublished\":\"2023-08-10T23:04:22+00:00\",\"author\":{\"@id\":\"https:\/\/www.noticiasradioreflejos.com.ar\/2021\/#\/schema\/person\/ad82545263dcc5ec0996818884fd5fb1\"},\"breadcrumb\":{\"@id\":\"https:\/\/www.noticiasradioreflejos.com.ar\/2021\/la-fiscalia-pidio-4-anos-y-8-meses-de-prision-para-un-hombre-acusado-de-tener-y-compartir-material-de-abuso-infantil\/#breadcrumb\"},\"inLanguage\":\"es\",\"potentialAction\":[{\"@type\":\"ReadAction\",\"target\":[\"https:\/\/www.noticiasradioreflejos.com.ar\/2021\/la-fiscalia-pidio-4-anos-y-8-meses-de-prision-para-un-hombre-acusado-de-tener-y-compartir-material-de-abuso-infantil\/\"]}]},{\"@type\":\"BreadcrumbList\",\"@id\":\"https:\/\/www.noticiasradioreflejos.com.ar\/2021\/la-fiscalia-pidio-4-anos-y-8-meses-de-prision-para-un-hombre-acusado-de-tener-y-compartir-material-de-abuso-infantil\/#breadcrumb\",\"itemListElement\":[{\"@type\":\"ListItem\",\"position\":1,\"name\":\"Portada\",\"item\":\"https:\/\/www.noticiasradioreflejos.com.ar\/2021\/\"},{\"@type\":\"ListItem\",\"position\":2,\"name\":\"La fiscal\u00eda pidi\u00f3 4 a\u00f1os y 8 meses de prisi\u00f3n para un hombre acusado de tener y compartir material de abuso infantil\"}]},{\"@type\":\"WebSite\",\"@id\":\"https:\/\/www.noticiasradioreflejos.com.ar\/2021\/#website\",\"url\":\"https:\/\/www.noticiasradioreflejos.com.ar\/2021\/\",\"name\":\"Noticias Radio Reflejos\",\"description\":\"Las noticias de mi comarca\",\"potentialAction\":[{\"@type\":\"SearchAction\",\"target\":{\"@type\":\"EntryPoint\",\"urlTemplate\":\"https:\/\/www.noticiasradioreflejos.com.ar\/2021\/?s={search_term_string}\"},\"query-input\":{\"@type\":\"PropertyValueSpecification\",\"valueRequired\":true,\"valueName\":\"search_term_string\"}}],\"inLanguage\":\"es\"},{\"@type\":\"Person\",\"@id\":\"https:\/\/www.noticiasradioreflejos.com.ar\/2021\/#\/schema\/person\/ad82545263dcc5ec0996818884fd5fb1\",\"name\":\"Arnaldo Botto\",\"image\":{\"@type\":\"ImageObject\",\"inLanguage\":\"es\",\"@id\":\"https:\/\/www.noticiasradioreflejos.com.ar\/2021\/#\/schema\/person\/image\/\",\"url\":\"https:\/\/secure.gravatar.com\/avatar\/55cb5e37c1efa326397366e6974cb338056df65cb50e7d64d1cf314e87504837?s=96&d=mm&r=g\",\"contentUrl\":\"https:\/\/secure.gravatar.com\/avatar\/55cb5e37c1efa326397366e6974cb338056df65cb50e7d64d1cf314e87504837?s=96&d=mm&r=g\",\"caption\":\"Arnaldo Botto\"},\"url\":\"https:\/\/www.noticiasradioreflejos.com.ar\/2021\/author\/arnaldo\/\"}]}<\/script>\n<!-- \/ Yoast SEO plugin. -->","yoast_head_json":{"title":"La fiscal\u00eda pidi\u00f3 4 a\u00f1os y 8 meses de prisi\u00f3n para un hombre acusado de tener y compartir material de abuso infantil - Noticias Radio Reflejos","robots":{"index":"index","follow":"follow","max-snippet":"max-snippet:-1","max-image-preview":"max-image-preview:large","max-video-preview":"max-video-preview:-1"},"canonical":"https:\/\/www.noticiasradioreflejos.com.ar\/2021\/la-fiscalia-pidio-4-anos-y-8-meses-de-prision-para-un-hombre-acusado-de-tener-y-compartir-material-de-abuso-infantil\/","og_locale":"es_ES","og_type":"article","og_title":"La fiscal\u00eda pidi\u00f3 4 a\u00f1os y 8 meses de prisi\u00f3n para un hombre acusado de tener y compartir material de abuso infantil - Noticias Radio Reflejos","og_description":"En el marco del juicio oral y p\u00fablico que se llev\u00f3 a cabo para analizar la conducta de Juan Manuel Grondona, acusado de haber tenido en su poder -con fines de distribuci\u00f3n- material de abuso sexual infantil, el fiscal Rodolfo De Luc\u00eda solicit\u00f3 la pena de 4 a\u00f1os y 8 meses de prisi\u00f3n.","og_url":"https:\/\/www.noticiasradioreflejos.com.ar\/2021\/la-fiscalia-pidio-4-anos-y-8-meses-de-prision-para-un-hombre-acusado-de-tener-y-compartir-material-de-abuso-infantil\/","og_site_name":"Noticias Radio Reflejos","article_published_time":"2023-08-10T23:04:22+00:00","og_image":[{"width":300,"height":200,"url":"https:\/\/www.noticiasradioreflejos.com.ar\/2021\/wp-content\/uploads\/2021\/07\/logosol300x200.png","type":"image\/png"}],"author":"Arnaldo Botto","twitter_card":"summary_large_image","schema":{"@context":"https:\/\/schema.org","@graph":[{"@type":"WebPage","@id":"https:\/\/www.noticiasradioreflejos.com.ar\/2021\/la-fiscalia-pidio-4-anos-y-8-meses-de-prision-para-un-hombre-acusado-de-tener-y-compartir-material-de-abuso-infantil\/","url":"https:\/\/www.noticiasradioreflejos.com.ar\/2021\/la-fiscalia-pidio-4-anos-y-8-meses-de-prision-para-un-hombre-acusado-de-tener-y-compartir-material-de-abuso-infantil\/","name":"La fiscal\u00eda pidi\u00f3 4 a\u00f1os y 8 meses de prisi\u00f3n para un hombre acusado de tener y compartir material de abuso infantil - Noticias Radio Reflejos","isPartOf":{"@id":"https:\/\/www.noticiasradioreflejos.com.ar\/2021\/#website"},"datePublished":"2023-08-10T23:04:22+00:00","author":{"@id":"https:\/\/www.noticiasradioreflejos.com.ar\/2021\/#\/schema\/person\/ad82545263dcc5ec0996818884fd5fb1"},"breadcrumb":{"@id":"https:\/\/www.noticiasradioreflejos.com.ar\/2021\/la-fiscalia-pidio-4-anos-y-8-meses-de-prision-para-un-hombre-acusado-de-tener-y-compartir-material-de-abuso-infantil\/#breadcrumb"},"inLanguage":"es","potentialAction":[{"@type":"ReadAction","target":["https:\/\/www.noticiasradioreflejos.com.ar\/2021\/la-fiscalia-pidio-4-anos-y-8-meses-de-prision-para-un-hombre-acusado-de-tener-y-compartir-material-de-abuso-infantil\/"]}]},{"@type":"BreadcrumbList","@id":"https:\/\/www.noticiasradioreflejos.com.ar\/2021\/la-fiscalia-pidio-4-anos-y-8-meses-de-prision-para-un-hombre-acusado-de-tener-y-compartir-material-de-abuso-infantil\/#breadcrumb","itemListElement":[{"@type":"ListItem","position":1,"name":"Portada","item":"https:\/\/www.noticiasradioreflejos.com.ar\/2021\/"},{"@type":"ListItem","position":2,"name":"La fiscal\u00eda pidi\u00f3 4 a\u00f1os y 8 meses de prisi\u00f3n para un hombre acusado de tener y compartir material de abuso infantil"}]},{"@type":"WebSite","@id":"https:\/\/www.noticiasradioreflejos.com.ar\/2021\/#website","url":"https:\/\/www.noticiasradioreflejos.com.ar\/2021\/","name":"Noticias Radio Reflejos","description":"Las noticias de mi comarca","potentialAction":[{"@type":"SearchAction","target":{"@type":"EntryPoint","urlTemplate":"https:\/\/www.noticiasradioreflejos.com.ar\/2021\/?s={search_term_string}"},"query-input":{"@type":"PropertyValueSpecification","valueRequired":true,"valueName":"search_term_string"}}],"inLanguage":"es"},{"@type":"Person","@id":"https:\/\/www.noticiasradioreflejos.com.ar\/2021\/#\/schema\/person\/ad82545263dcc5ec0996818884fd5fb1","name":"Arnaldo Botto","image":{"@type":"ImageObject","inLanguage":"es","@id":"https:\/\/www.noticiasradioreflejos.com.ar\/2021\/#\/schema\/person\/image\/","url":"https:\/\/secure.gravatar.com\/avatar\/55cb5e37c1efa326397366e6974cb338056df65cb50e7d64d1cf314e87504837?s=96&d=mm&r=g","contentUrl":"https:\/\/secure.gravatar.com\/avatar\/55cb5e37c1efa326397366e6974cb338056df65cb50e7d64d1cf314e87504837?s=96&d=mm&r=g","caption":"Arnaldo Botto"},"url":"https:\/\/www.noticiasradioreflejos.com.ar\/2021\/author\/arnaldo\/"}]}},"_links":{"self":[{"href":"https:\/\/www.noticiasradioreflejos.com.ar\/2021\/wp-json\/wp\/v2\/posts\/91461","targetHints":{"allow":["GET"]}}],"collection":[{"href":"https:\/\/www.noticiasradioreflejos.com.ar\/2021\/wp-json\/wp\/v2\/posts"}],"about":[{"href":"https:\/\/www.noticiasradioreflejos.com.ar\/2021\/wp-json\/wp\/v2\/types\/post"}],"author":[{"embeddable":true,"href":"https:\/\/www.noticiasradioreflejos.com.ar\/2021\/wp-json\/wp\/v2\/users\/3"}],"replies":[{"embeddable":true,"href":"https:\/\/www.noticiasradioreflejos.com.ar\/2021\/wp-json\/wp\/v2\/comments?post=91461"}],"version-history":[{"count":2,"href":"https:\/\/www.noticiasradioreflejos.com.ar\/2021\/wp-json\/wp\/v2\/posts\/91461\/revisions"}],"predecessor-version":[{"id":91464,"href":"https:\/\/www.noticiasradioreflejos.com.ar\/2021\/wp-json\/wp\/v2\/posts\/91461\/revisions\/91464"}],"wp:attachment":[{"href":"https:\/\/www.noticiasradioreflejos.com.ar\/2021\/wp-json\/wp\/v2\/media?parent=91461"}],"wp:term":[{"taxonomy":"category","embeddable":true,"href":"https:\/\/www.noticiasradioreflejos.com.ar\/2021\/wp-json\/wp\/v2\/categories?post=91461"},{"taxonomy":"post_tag","embeddable":true,"href":"https:\/\/www.noticiasradioreflejos.com.ar\/2021\/wp-json\/wp\/v2\/tags?post=91461"}],"curies":[{"name":"wp","href":"https:\/\/api.w.org\/{rel}","templated":true}]}}