{"id":91457,"date":"2023-08-10T22:53:00","date_gmt":"2023-08-10T22:53:00","guid":{"rendered":"https:\/\/www.noticiasradioreflejos.com.ar\/2021\/?p=91457"},"modified":"2023-08-10T22:55:56","modified_gmt":"2023-08-10T22:55:56","slug":"represion-policial-en-el-obelisco-un-muerto-y-varios-detenidos","status":"publish","type":"post","link":"https:\/\/www.noticiasradioreflejos.com.ar\/2021\/represion-policial-en-el-obelisco-un-muerto-y-varios-detenidos\/","title":{"rendered":"Represi\u00f3n policial en el Obelisco: un muerto y varios detenidos"},"content":{"rendered":"<div class=\"section-2-col article-header\">\n<div class=\"col 2-col\">\n<p class=\"h3\">Las organizaciones Votamos Luchar y Rebeli\u00f3n Popular realizaban un acto cuando la Polic\u00eda de la Ciudad -tal como se observa en el video- arremeti\u00f3 contra los manifestantes. Hubo cinco detenidos y un hombre fue llevado en estado cr\u00edtico, despu\u00e9s de intentar ser reanimado, al Hospital Ramos Mej\u00eda. El SAME confirm\u00f3 la muerte, minutos despu\u00e9s.<\/p>\n<div class=\"author\"><\/div>\n<\/div>\n<\/div>\n<p><!--more--><\/p>\n<div class=\"section-2-col article-main-content\">\n<div class=\"col 2-col\">\n<div class=\"article-main-content article-text \">\n<p><u>Las organizaciones Votamos Luchar y Rebeli\u00f3n Popular realizaban un acto<\/u>\u00a0cuando\u00a0<u>la\u00a0<b>Polic\u00eda de la Ciudad -tal como se observa en el video- arremeti\u00f3 contra los manifestantes.<\/b><\/u><b>\u00a0<\/b>Hubo cinco detenidos y un hombre fue llevado en estado cr\u00edtico, despu\u00e9s de intentar ser reanimado, al Hospital Ramos Mej\u00eda. El\u00a0<b>SAME confirm\u00f3 la muerte<\/b>, minutos despu\u00e9s.<\/p>\n<p>Seg\u00fan el reporte del SAME, al hombre que fue trasladado al Hospital Ramos Mejia desde el Obelisco se le realizron, durante m\u00e1s de media hora, maniobras de reanimaci\u00f3n hasta que se constat\u00f3 el fallecimiento. \u00abLas causas del deceso se relacionan con un paro card\u00edaco producto de factores de riesgo\u00bb, explica el parte del SAME.\u00a0 El cuerpo fue trasladado a la morgue judicial para la autopsia correspondiente. Eduardo Belliboni, l\u00edder del Partido Obrero, identific\u00f3 al fallecido como Facundo Molares. Dos fuentes period\u00edsticas confirmaron a P\u00e1gina\/12 la misma informaci\u00f3n.<\/p>\n<p>\u00abA ese compa\u00f1ero que cay\u00f3, que no sabemos si est\u00e1 vivo o muerto, no lo pod\u00edan reanimar. Los primeros que hicieron, al compa\u00f1ero cuando lo agarraron, le pisaron la cabeza. Literalmente, lo ten\u00edan entre dos pis\u00e1ndolo. El compa\u00f1ero ya estaba inconsciente. El compa\u00f1ero ya estaba inconsciente, no se pod\u00eda mover. Ped\u00edamos, por favor, que llamen a la ambulancia, que lo larguen\u00bb, relat\u00f3 una integrante de las organizaciones que marcharon al Obelisco a un m\u00f3vil de C5n.<\/p>\n<p>La mujer explic\u00f3 que en la movilizaci\u00f3n hab\u00eda ni\u00f1os y denunci\u00f3n el accionar de la Polic\u00eda de la Ciudad: \u00abNo respetaron nada, no les import\u00f3 nada. Nosotros tratamos de defenderlos, pero no pod\u00edamos porque ellos, obviamente, que son mucho m\u00e1s y m\u00e1s fuertes\u00bb.<\/p>\n<p>La militante explic\u00f3 que la manifestaci\u00f3n frente al Obelisco, en la que las organizaciones se expresaban en contra de las elecciones del domingo, lleg\u00f3 al lugar pasada las 14 y se estaban retirando cuando la Infanter\u00eda de la Polic\u00eda de la Ciudad avanz\u00f3 y detuvo a Jimena Cejas, Luc\u00eda Machado, Alic\u00eda Machado, Horacio Ferreyra,\u00a0Rub\u00e9n Yaquet y Hern\u00e1n Loyola.<\/p>\n<div>\n<p>Nos agred\u00edan todo el tiempo, como que, c\u00f3rranse, c\u00f3rranse. No vemos el hecho de por qu\u00e9 esta represi\u00f3n, este atropello hacia nosotros. Ninguno vino con capucha, ninguno vino con un pano ni con nada\u00bb, denunci\u00f3 la mujer.<\/p>\n<div><iframe src=\"https:\/\/content.jwplatform.com\/previews\/85FPxsoD-buQgiLVC\" frameborder=\"0\" allowfullscreen=\"allowfullscreen\"><\/iframe><\/div>\n<div><\/div>\n<\/div>\n<\/div>\n<\/div>\n<\/div>\n<p><strong>Fuente P\u00c1GINA 12<\/strong><em><\/p>\n","protected":false},"excerpt":{"rendered":"<p>Las organizaciones Votamos Luchar y Rebeli\u00f3n Popular realizaban un acto cuando la Polic\u00eda de la Ciudad -tal como se observa en el video- arremeti\u00f3 contra los manifestantes. Hubo cinco detenidos y un hombre fue llevado en estado cr\u00edtico, despu\u00e9s de intentar ser reanimado, al Hospital Ramos Mej\u00eda. El SAME confirm\u00f3 la muerte, minutos despu\u00e9s.<\/p>\n","protected":false},"author":3,"featured_media":0,"comment_status":"closed","ping_status":"closed","sticky":false,"template":"","format":"standard","meta":{"footnotes":""},"categories":[29],"tags":[],"class_list":["post-91457","post","type-post","status-publish","format-standard","hentry","category-policiales"],"yoast_head":"<!-- This site is optimized with the Yoast SEO plugin v25.9 - https:\/\/yoast.com\/wordpress\/plugins\/seo\/ -->\n<title>Represi\u00f3n policial en el Obelisco: un muerto y varios detenidos - Noticias Radio Reflejos<\/title>\n<meta name=\"robots\" content=\"index, follow, max-snippet:-1, max-image-preview:large, max-video-preview:-1\" \/>\n<link rel=\"canonical\" href=\"https:\/\/www.noticiasradioreflejos.com.ar\/2021\/represion-policial-en-el-obelisco-un-muerto-y-varios-detenidos\/\" \/>\n<meta property=\"og:locale\" content=\"es_ES\" \/>\n<meta property=\"og:type\" content=\"article\" \/>\n<meta property=\"og:title\" content=\"Represi\u00f3n policial en el Obelisco: un muerto y varios detenidos - Noticias Radio Reflejos\" \/>\n<meta property=\"og:description\" content=\"Las organizaciones Votamos Luchar y Rebeli\u00f3n Popular realizaban un acto cuando la Polic\u00eda de la Ciudad -tal como se observa en el video- arremeti\u00f3 contra los manifestantes. Hubo cinco detenidos y un hombre fue llevado en estado cr\u00edtico, despu\u00e9s de intentar ser reanimado, al Hospital Ramos Mej\u00eda. El SAME confirm\u00f3 la muerte, minutos despu\u00e9s.\" \/>\n<meta property=\"og:url\" content=\"https:\/\/www.noticiasradioreflejos.com.ar\/2021\/represion-policial-en-el-obelisco-un-muerto-y-varios-detenidos\/\" \/>\n<meta property=\"og:site_name\" content=\"Noticias Radio Reflejos\" \/>\n<meta property=\"article:published_time\" content=\"2023-08-10T22:53:00+00:00\" \/>\n<meta property=\"article:modified_time\" content=\"2023-08-10T22:55:56+00:00\" \/>\n<meta property=\"og:image\" content=\"https:\/\/www.noticiasradioreflejos.com.ar\/2021\/wp-content\/uploads\/2021\/07\/logosol300x200.png\" \/>\n\t<meta property=\"og:image:width\" content=\"300\" \/>\n\t<meta property=\"og:image:height\" content=\"200\" \/>\n\t<meta property=\"og:image:type\" content=\"image\/png\" \/>\n<meta name=\"author\" content=\"Arnaldo Botto\" \/>\n<meta name=\"twitter:card\" content=\"summary_large_image\" \/>\n<script type=\"application\/ld+json\" class=\"yoast-schema-graph\">{\"@context\":\"https:\/\/schema.org\",\"@graph\":[{\"@type\":\"WebPage\",\"@id\":\"https:\/\/www.noticiasradioreflejos.com.ar\/2021\/represion-policial-en-el-obelisco-un-muerto-y-varios-detenidos\/\",\"url\":\"https:\/\/www.noticiasradioreflejos.com.ar\/2021\/represion-policial-en-el-obelisco-un-muerto-y-varios-detenidos\/\",\"name\":\"Represi\u00f3n policial en el Obelisco: un muerto y varios detenidos - Noticias Radio Reflejos\",\"isPartOf\":{\"@id\":\"https:\/\/www.noticiasradioreflejos.com.ar\/2021\/#website\"},\"datePublished\":\"2023-08-10T22:53:00+00:00\",\"dateModified\":\"2023-08-10T22:55:56+00:00\",\"author\":{\"@id\":\"https:\/\/www.noticiasradioreflejos.com.ar\/2021\/#\/schema\/person\/ad82545263dcc5ec0996818884fd5fb1\"},\"breadcrumb\":{\"@id\":\"https:\/\/www.noticiasradioreflejos.com.ar\/2021\/represion-policial-en-el-obelisco-un-muerto-y-varios-detenidos\/#breadcrumb\"},\"inLanguage\":\"es\",\"potentialAction\":[{\"@type\":\"ReadAction\",\"target\":[\"https:\/\/www.noticiasradioreflejos.com.ar\/2021\/represion-policial-en-el-obelisco-un-muerto-y-varios-detenidos\/\"]}]},{\"@type\":\"BreadcrumbList\",\"@id\":\"https:\/\/www.noticiasradioreflejos.com.ar\/2021\/represion-policial-en-el-obelisco-un-muerto-y-varios-detenidos\/#breadcrumb\",\"itemListElement\":[{\"@type\":\"ListItem\",\"position\":1,\"name\":\"Portada\",\"item\":\"https:\/\/www.noticiasradioreflejos.com.ar\/2021\/\"},{\"@type\":\"ListItem\",\"position\":2,\"name\":\"Represi\u00f3n policial en el Obelisco: un muerto y varios detenidos\"}]},{\"@type\":\"WebSite\",\"@id\":\"https:\/\/www.noticiasradioreflejos.com.ar\/2021\/#website\",\"url\":\"https:\/\/www.noticiasradioreflejos.com.ar\/2021\/\",\"name\":\"Noticias Radio Reflejos\",\"description\":\"Las noticias de mi comarca\",\"potentialAction\":[{\"@type\":\"SearchAction\",\"target\":{\"@type\":\"EntryPoint\",\"urlTemplate\":\"https:\/\/www.noticiasradioreflejos.com.ar\/2021\/?s={search_term_string}\"},\"query-input\":{\"@type\":\"PropertyValueSpecification\",\"valueRequired\":true,\"valueName\":\"search_term_string\"}}],\"inLanguage\":\"es\"},{\"@type\":\"Person\",\"@id\":\"https:\/\/www.noticiasradioreflejos.com.ar\/2021\/#\/schema\/person\/ad82545263dcc5ec0996818884fd5fb1\",\"name\":\"Arnaldo Botto\",\"image\":{\"@type\":\"ImageObject\",\"inLanguage\":\"es\",\"@id\":\"https:\/\/www.noticiasradioreflejos.com.ar\/2021\/#\/schema\/person\/image\/\",\"url\":\"https:\/\/secure.gravatar.com\/avatar\/55cb5e37c1efa326397366e6974cb338056df65cb50e7d64d1cf314e87504837?s=96&d=mm&r=g\",\"contentUrl\":\"https:\/\/secure.gravatar.com\/avatar\/55cb5e37c1efa326397366e6974cb338056df65cb50e7d64d1cf314e87504837?s=96&d=mm&r=g\",\"caption\":\"Arnaldo Botto\"},\"url\":\"https:\/\/www.noticiasradioreflejos.com.ar\/2021\/author\/arnaldo\/\"}]}<\/script>\n<!-- \/ Yoast SEO plugin. -->","yoast_head_json":{"title":"Represi\u00f3n policial en el Obelisco: un muerto y varios detenidos - Noticias Radio Reflejos","robots":{"index":"index","follow":"follow","max-snippet":"max-snippet:-1","max-image-preview":"max-image-preview:large","max-video-preview":"max-video-preview:-1"},"canonical":"https:\/\/www.noticiasradioreflejos.com.ar\/2021\/represion-policial-en-el-obelisco-un-muerto-y-varios-detenidos\/","og_locale":"es_ES","og_type":"article","og_title":"Represi\u00f3n policial en el Obelisco: un muerto y varios detenidos - Noticias Radio Reflejos","og_description":"Las organizaciones Votamos Luchar y Rebeli\u00f3n Popular realizaban un acto cuando la Polic\u00eda de la Ciudad -tal como se observa en el video- arremeti\u00f3 contra los manifestantes. Hubo cinco detenidos y un hombre fue llevado en estado cr\u00edtico, despu\u00e9s de intentar ser reanimado, al Hospital Ramos Mej\u00eda. El SAME confirm\u00f3 la muerte, minutos despu\u00e9s.","og_url":"https:\/\/www.noticiasradioreflejos.com.ar\/2021\/represion-policial-en-el-obelisco-un-muerto-y-varios-detenidos\/","og_site_name":"Noticias Radio Reflejos","article_published_time":"2023-08-10T22:53:00+00:00","article_modified_time":"2023-08-10T22:55:56+00:00","og_image":[{"width":300,"height":200,"url":"https:\/\/www.noticiasradioreflejos.com.ar\/2021\/wp-content\/uploads\/2021\/07\/logosol300x200.png","type":"image\/png"}],"author":"Arnaldo Botto","twitter_card":"summary_large_image","schema":{"@context":"https:\/\/schema.org","@graph":[{"@type":"WebPage","@id":"https:\/\/www.noticiasradioreflejos.com.ar\/2021\/represion-policial-en-el-obelisco-un-muerto-y-varios-detenidos\/","url":"https:\/\/www.noticiasradioreflejos.com.ar\/2021\/represion-policial-en-el-obelisco-un-muerto-y-varios-detenidos\/","name":"Represi\u00f3n policial en el Obelisco: un muerto y varios detenidos - Noticias Radio Reflejos","isPartOf":{"@id":"https:\/\/www.noticiasradioreflejos.com.ar\/2021\/#website"},"datePublished":"2023-08-10T22:53:00+00:00","dateModified":"2023-08-10T22:55:56+00:00","author":{"@id":"https:\/\/www.noticiasradioreflejos.com.ar\/2021\/#\/schema\/person\/ad82545263dcc5ec0996818884fd5fb1"},"breadcrumb":{"@id":"https:\/\/www.noticiasradioreflejos.com.ar\/2021\/represion-policial-en-el-obelisco-un-muerto-y-varios-detenidos\/#breadcrumb"},"inLanguage":"es","potentialAction":[{"@type":"ReadAction","target":["https:\/\/www.noticiasradioreflejos.com.ar\/2021\/represion-policial-en-el-obelisco-un-muerto-y-varios-detenidos\/"]}]},{"@type":"BreadcrumbList","@id":"https:\/\/www.noticiasradioreflejos.com.ar\/2021\/represion-policial-en-el-obelisco-un-muerto-y-varios-detenidos\/#breadcrumb","itemListElement":[{"@type":"ListItem","position":1,"name":"Portada","item":"https:\/\/www.noticiasradioreflejos.com.ar\/2021\/"},{"@type":"ListItem","position":2,"name":"Represi\u00f3n policial en el Obelisco: un muerto y varios detenidos"}]},{"@type":"WebSite","@id":"https:\/\/www.noticiasradioreflejos.com.ar\/2021\/#website","url":"https:\/\/www.noticiasradioreflejos.com.ar\/2021\/","name":"Noticias Radio Reflejos","description":"Las noticias de mi comarca","potentialAction":[{"@type":"SearchAction","target":{"@type":"EntryPoint","urlTemplate":"https:\/\/www.noticiasradioreflejos.com.ar\/2021\/?s={search_term_string}"},"query-input":{"@type":"PropertyValueSpecification","valueRequired":true,"valueName":"search_term_string"}}],"inLanguage":"es"},{"@type":"Person","@id":"https:\/\/www.noticiasradioreflejos.com.ar\/2021\/#\/schema\/person\/ad82545263dcc5ec0996818884fd5fb1","name":"Arnaldo Botto","image":{"@type":"ImageObject","inLanguage":"es","@id":"https:\/\/www.noticiasradioreflejos.com.ar\/2021\/#\/schema\/person\/image\/","url":"https:\/\/secure.gravatar.com\/avatar\/55cb5e37c1efa326397366e6974cb338056df65cb50e7d64d1cf314e87504837?s=96&d=mm&r=g","contentUrl":"https:\/\/secure.gravatar.com\/avatar\/55cb5e37c1efa326397366e6974cb338056df65cb50e7d64d1cf314e87504837?s=96&d=mm&r=g","caption":"Arnaldo Botto"},"url":"https:\/\/www.noticiasradioreflejos.com.ar\/2021\/author\/arnaldo\/"}]}},"_links":{"self":[{"href":"https:\/\/www.noticiasradioreflejos.com.ar\/2021\/wp-json\/wp\/v2\/posts\/91457","targetHints":{"allow":["GET"]}}],"collection":[{"href":"https:\/\/www.noticiasradioreflejos.com.ar\/2021\/wp-json\/wp\/v2\/posts"}],"about":[{"href":"https:\/\/www.noticiasradioreflejos.com.ar\/2021\/wp-json\/wp\/v2\/types\/post"}],"author":[{"embeddable":true,"href":"https:\/\/www.noticiasradioreflejos.com.ar\/2021\/wp-json\/wp\/v2\/users\/3"}],"replies":[{"embeddable":true,"href":"https:\/\/www.noticiasradioreflejos.com.ar\/2021\/wp-json\/wp\/v2\/comments?post=91457"}],"version-history":[{"count":2,"href":"https:\/\/www.noticiasradioreflejos.com.ar\/2021\/wp-json\/wp\/v2\/posts\/91457\/revisions"}],"predecessor-version":[{"id":91460,"href":"https:\/\/www.noticiasradioreflejos.com.ar\/2021\/wp-json\/wp\/v2\/posts\/91457\/revisions\/91460"}],"wp:attachment":[{"href":"https:\/\/www.noticiasradioreflejos.com.ar\/2021\/wp-json\/wp\/v2\/media?parent=91457"}],"wp:term":[{"taxonomy":"category","embeddable":true,"href":"https:\/\/www.noticiasradioreflejos.com.ar\/2021\/wp-json\/wp\/v2\/categories?post=91457"},{"taxonomy":"post_tag","embeddable":true,"href":"https:\/\/www.noticiasradioreflejos.com.ar\/2021\/wp-json\/wp\/v2\/tags?post=91457"}],"curies":[{"name":"wp","href":"https:\/\/api.w.org\/{rel}","templated":true}]}}