{"id":91442,"date":"2023-08-10T18:40:33","date_gmt":"2023-08-10T18:40:33","guid":{"rendered":"https:\/\/www.noticiasradioreflejos.com.ar\/2021\/?p=91442"},"modified":"2023-08-10T21:06:35","modified_gmt":"2023-08-10T21:06:35","slug":"leonardo-davis-iria-por-las-cloacas-en-saldungaray","status":"publish","type":"post","link":"https:\/\/www.noticiasradioreflejos.com.ar\/2021\/leonardo-davis-iria-por-las-cloacas-en-saldungaray\/","title":{"rendered":"Leonardo Davis: \u201cIr\u00eda por las cloacas en Saldungaray\u201d"},"content":{"rendered":"<p>El pre candidato a intendente por Juntos por el Cambio realiz\u00f3 su cierre de campa\u00f1a haciendo un resumen de lo que fueron estos \u00faltimos d\u00edas. \u201cTenemos que llenarnos de carreras que les brinden a nuestros j\u00f3venes salidas laborales\u201d asegur\u00f3.<!--more--><\/p>\n<p>El pre candidato a intendente por <strong>Juntos por el Cambio, Leonardo Davis<\/strong>, hizo un resumen de lo que fueron estos d\u00edas de campa\u00f1a, de cara a las <strong>PASO<\/strong> que se celebrar\u00e1n el domingo en todo el territorio nacional.<\/p>\n<p>Al respecto reiter\u00f3 que \u201cno vengo del palo de la pol\u00edtica, y en esta primera incursi\u00f3n, y m\u00e1s all\u00e1 que el domingo tendremos los resultados, la gente ha manifestado un apoyo que est\u00e1 bueno. Sin ir m\u00e1s lejos, Trankels, me ha felicitado por el trabajo realizado\u201d.<\/p>\n<p>Seg\u00fan asegur\u00f3, \u201cmi trabajo fue en la calle. Villa Ventana me la recorr\u00ed completa, pero la realidad es que estuve con todos. Y entre las problem\u00e1ticas que ven, por caso, est\u00e1 el tema de las calles, las ca\u00eddas que se ven cuando llueve. Yo tom\u00e9 nota de absolutamente todo\u201d.<\/p>\n<p>Hablando de la gesti\u00f3n a futuro, afirm\u00f3 que \u201cnosotros no vamos a tomar decisiones sin el consentimiento de la poblaci\u00f3n. Si a m\u00ed me preguntas, en Villa, estar\u00eda buen\u00edsimo pavimentar hasta la plaza. Pero es un apreciaci\u00f3n muy personal. Yo soy de Saldungaray, no soy de la Villa, para eso lo tengo a <strong>\u00abOsvaldito\u00bb Manieri<\/strong>. Para m\u00ed asfaltar no ser\u00eda una mala idea, pero las decisiones nunca las tomaremos de forma arbitraria\u201d.<\/p>\n<p>Al tiempo que agreg\u00f3 que \u201csi me tocara, ir\u00eda por las cloacas en Saldungaray, pero primero haremos un estudio de mercado para ver si la primera necesidad de esa localidad es esa. Pero necesidades hay en todos lados\u201d.<\/p>\n<p>En otro pasaje de la charla, y hablando de las localidades del interior, explic\u00f3 que \u201cChasic\u00f3 necesita los 50km de asfalto urgentes, pero lo primero es que tengan gas. Est\u00e1 aislado del distrito. Si tienen que hacer un tr\u00e1mite municipal, maldice. Para pasear, por 20 kil\u00f3metros m\u00e1s e ir todo en asfalto, van a Bah\u00eda. Los m\u00e9dicos que van a atender ah\u00ed dan la vuelta por Bah\u00eda para no romper los autos\u201d.<\/p>\n<p>Y de la mano con esto reafirm\u00f3 que \u201ccada localidad tiene distintas necesidades y hay muchas de muy f\u00e1cil resoluci\u00f3n. En Tres Picos, que no llega V\u00eda 51, metele dos servicios diarios, metele uno, dos semanales\u2026 para que eviten gastar los 8 mil pesos que le sale el remis para ir a cobrar la jubilaci\u00f3n o hacer un tr\u00e1mite. Siempre hay algo para mejorar, no es que est\u00e1 todo mal\u201d.<\/p>\n<p>Seg\u00fan coment\u00f3 \u201ccharlando con varios j\u00f3venes, muchos siguen la manada y por eso se inclinan a Milei. Muchos chicos en Tornquist no saben qu\u00e9 propuestas concretas tiene. Pero supo captar a los l\u00edderes y quiz\u00e1s nosotros no\u201d.<\/p>\n<p>Por \u00faltimo remarc\u00f3 que \u201cpara nosotros la educaci\u00f3n ser\u00e1 un pilar fundamental, y para nuestro distrito, ya sea por convenios con distintas universidades, llenarnos con carreras universitarias y terciarias con salida laboral\u201d.<\/p>\n<p>&nbsp;<\/p>\n<p><iframe loading=\"lazy\" src=\"https:\/\/w.soundcloud.com\/player\/?url=https%3A\/\/api.soundcloud.com\/tracks\/1589626127&amp;color=%23ff5500&amp;auto_play=false&amp;hide_related=false&amp;show_comments=true&amp;show_user=true&amp;show_reposts=false&amp;show_teaser=true\" width=\"100%\" height=\"166\" frameborder=\"no\" scrolling=\"no\"><\/iframe><\/p>\n<div style=\"font-size: 10px; color: #cccccc; line-break: anywhere; word-break: normal; overflow: hidden; white-space: nowrap; text-overflow: ellipsis; font-family: Interstate,Lucida Grande,Lucida Sans Unicode,Lucida Sans,Garuda,Verdana,Tahoma,sans-serif; font-weight: 100;\"><a style=\"color: #cccccc; text-decoration: none;\" title=\"fmreflejos 103.7\" href=\"https:\/\/soundcloud.com\/fmreflejos-103-7\" target=\"_blank\" rel=\"noopener\">fmreflejos 103.7<\/a> \u00b7 <a style=\"color: #cccccc; text-decoration: none;\" title=\"Leo Davis 10 - 8\" href=\"https:\/\/soundcloud.com\/fmreflejos-103-7\/leo-davis-10-8\" target=\"_blank\" rel=\"noopener\">Leo Davis 10 &#8211; 8<\/a><\/div>\n","protected":false},"excerpt":{"rendered":"<p>El pre candidato a intendente por Juntos por el Cambio realiz\u00f3 su cierre de campa\u00f1a haciendo un resumen de lo que fueron estos \u00faltimos d\u00edas. \u201cTenemos que llenarnos de carreras que les brinden a nuestros j\u00f3venes salidas laborales\u201d asegur\u00f3.<\/p>\n","protected":false},"author":3,"featured_media":91452,"comment_status":"closed","ping_status":"closed","sticky":false,"template":"","format":"standard","meta":{"footnotes":""},"categories":[24],"tags":[],"class_list":["post-91442","post","type-post","status-publish","format-standard","has-post-thumbnail","hentry","category-politica"],"yoast_head":"<!-- This site is optimized with the Yoast SEO plugin v25.9 - https:\/\/yoast.com\/wordpress\/plugins\/seo\/ -->\n<title>Leonardo Davis: \u201cIr\u00eda por las cloacas en Saldungaray\u201d - Noticias Radio Reflejos<\/title>\n<meta name=\"robots\" content=\"index, follow, max-snippet:-1, max-image-preview:large, max-video-preview:-1\" \/>\n<link rel=\"canonical\" href=\"https:\/\/www.noticiasradioreflejos.com.ar\/2021\/leonardo-davis-iria-por-las-cloacas-en-saldungaray\/\" \/>\n<meta property=\"og:locale\" content=\"es_ES\" \/>\n<meta property=\"og:type\" content=\"article\" \/>\n<meta property=\"og:title\" content=\"Leonardo Davis: \u201cIr\u00eda por las cloacas en Saldungaray\u201d - Noticias Radio Reflejos\" \/>\n<meta property=\"og:description\" content=\"El pre candidato a intendente por Juntos por el Cambio realiz\u00f3 su cierre de campa\u00f1a haciendo un resumen de lo que fueron estos \u00faltimos d\u00edas. \u201cTenemos que llenarnos de carreras que les brinden a nuestros j\u00f3venes salidas laborales\u201d asegur\u00f3.\" \/>\n<meta property=\"og:url\" content=\"https:\/\/www.noticiasradioreflejos.com.ar\/2021\/leonardo-davis-iria-por-las-cloacas-en-saldungaray\/\" \/>\n<meta property=\"og:site_name\" content=\"Noticias Radio Reflejos\" \/>\n<meta property=\"article:published_time\" content=\"2023-08-10T18:40:33+00:00\" \/>\n<meta property=\"article:modified_time\" content=\"2023-08-10T21:06:35+00:00\" \/>\n<meta property=\"og:image\" content=\"https:\/\/www.noticiasradioreflejos.com.ar\/2021\/wp-content\/uploads\/2023\/08\/Leo-Davis.jpeg\" \/>\n\t<meta property=\"og:image:width\" content=\"1020\" \/>\n\t<meta property=\"og:image:height\" content=\"773\" \/>\n\t<meta property=\"og:image:type\" content=\"image\/jpeg\" \/>\n<meta name=\"author\" content=\"Arnaldo Botto\" \/>\n<meta name=\"twitter:card\" content=\"summary_large_image\" \/>\n<script type=\"application\/ld+json\" class=\"yoast-schema-graph\">{\"@context\":\"https:\/\/schema.org\",\"@graph\":[{\"@type\":\"WebPage\",\"@id\":\"https:\/\/www.noticiasradioreflejos.com.ar\/2021\/leonardo-davis-iria-por-las-cloacas-en-saldungaray\/\",\"url\":\"https:\/\/www.noticiasradioreflejos.com.ar\/2021\/leonardo-davis-iria-por-las-cloacas-en-saldungaray\/\",\"name\":\"Leonardo Davis: \u201cIr\u00eda por las cloacas en Saldungaray\u201d - Noticias Radio Reflejos\",\"isPartOf\":{\"@id\":\"https:\/\/www.noticiasradioreflejos.com.ar\/2021\/#website\"},\"primaryImageOfPage\":{\"@id\":\"https:\/\/www.noticiasradioreflejos.com.ar\/2021\/leonardo-davis-iria-por-las-cloacas-en-saldungaray\/#primaryimage\"},\"image\":{\"@id\":\"https:\/\/www.noticiasradioreflejos.com.ar\/2021\/leonardo-davis-iria-por-las-cloacas-en-saldungaray\/#primaryimage\"},\"thumbnailUrl\":\"https:\/\/www.noticiasradioreflejos.com.ar\/2021\/wp-content\/uploads\/2023\/08\/Leo-Davis.jpeg\",\"datePublished\":\"2023-08-10T18:40:33+00:00\",\"dateModified\":\"2023-08-10T21:06:35+00:00\",\"author\":{\"@id\":\"https:\/\/www.noticiasradioreflejos.com.ar\/2021\/#\/schema\/person\/ad82545263dcc5ec0996818884fd5fb1\"},\"breadcrumb\":{\"@id\":\"https:\/\/www.noticiasradioreflejos.com.ar\/2021\/leonardo-davis-iria-por-las-cloacas-en-saldungaray\/#breadcrumb\"},\"inLanguage\":\"es\",\"potentialAction\":[{\"@type\":\"ReadAction\",\"target\":[\"https:\/\/www.noticiasradioreflejos.com.ar\/2021\/leonardo-davis-iria-por-las-cloacas-en-saldungaray\/\"]}]},{\"@type\":\"ImageObject\",\"inLanguage\":\"es\",\"@id\":\"https:\/\/www.noticiasradioreflejos.com.ar\/2021\/leonardo-davis-iria-por-las-cloacas-en-saldungaray\/#primaryimage\",\"url\":\"https:\/\/www.noticiasradioreflejos.com.ar\/2021\/wp-content\/uploads\/2023\/08\/Leo-Davis.jpeg\",\"contentUrl\":\"https:\/\/www.noticiasradioreflejos.com.ar\/2021\/wp-content\/uploads\/2023\/08\/Leo-Davis.jpeg\",\"width\":1020,\"height\":773},{\"@type\":\"BreadcrumbList\",\"@id\":\"https:\/\/www.noticiasradioreflejos.com.ar\/2021\/leonardo-davis-iria-por-las-cloacas-en-saldungaray\/#breadcrumb\",\"itemListElement\":[{\"@type\":\"ListItem\",\"position\":1,\"name\":\"Portada\",\"item\":\"https:\/\/www.noticiasradioreflejos.com.ar\/2021\/\"},{\"@type\":\"ListItem\",\"position\":2,\"name\":\"Leonardo Davis: \u201cIr\u00eda por las cloacas en Saldungaray\u201d\"}]},{\"@type\":\"WebSite\",\"@id\":\"https:\/\/www.noticiasradioreflejos.com.ar\/2021\/#website\",\"url\":\"https:\/\/www.noticiasradioreflejos.com.ar\/2021\/\",\"name\":\"Noticias Radio Reflejos\",\"description\":\"Las noticias de mi comarca\",\"potentialAction\":[{\"@type\":\"SearchAction\",\"target\":{\"@type\":\"EntryPoint\",\"urlTemplate\":\"https:\/\/www.noticiasradioreflejos.com.ar\/2021\/?s={search_term_string}\"},\"query-input\":{\"@type\":\"PropertyValueSpecification\",\"valueRequired\":true,\"valueName\":\"search_term_string\"}}],\"inLanguage\":\"es\"},{\"@type\":\"Person\",\"@id\":\"https:\/\/www.noticiasradioreflejos.com.ar\/2021\/#\/schema\/person\/ad82545263dcc5ec0996818884fd5fb1\",\"name\":\"Arnaldo Botto\",\"image\":{\"@type\":\"ImageObject\",\"inLanguage\":\"es\",\"@id\":\"https:\/\/www.noticiasradioreflejos.com.ar\/2021\/#\/schema\/person\/image\/\",\"url\":\"https:\/\/secure.gravatar.com\/avatar\/55cb5e37c1efa326397366e6974cb338056df65cb50e7d64d1cf314e87504837?s=96&d=mm&r=g\",\"contentUrl\":\"https:\/\/secure.gravatar.com\/avatar\/55cb5e37c1efa326397366e6974cb338056df65cb50e7d64d1cf314e87504837?s=96&d=mm&r=g\",\"caption\":\"Arnaldo Botto\"},\"url\":\"https:\/\/www.noticiasradioreflejos.com.ar\/2021\/author\/arnaldo\/\"}]}<\/script>\n<!-- \/ Yoast SEO plugin. -->","yoast_head_json":{"title":"Leonardo Davis: \u201cIr\u00eda por las cloacas en Saldungaray\u201d - Noticias Radio Reflejos","robots":{"index":"index","follow":"follow","max-snippet":"max-snippet:-1","max-image-preview":"max-image-preview:large","max-video-preview":"max-video-preview:-1"},"canonical":"https:\/\/www.noticiasradioreflejos.com.ar\/2021\/leonardo-davis-iria-por-las-cloacas-en-saldungaray\/","og_locale":"es_ES","og_type":"article","og_title":"Leonardo Davis: \u201cIr\u00eda por las cloacas en Saldungaray\u201d - Noticias Radio Reflejos","og_description":"El pre candidato a intendente por Juntos por el Cambio realiz\u00f3 su cierre de campa\u00f1a haciendo un resumen de lo que fueron estos \u00faltimos d\u00edas. \u201cTenemos que llenarnos de carreras que les brinden a nuestros j\u00f3venes salidas laborales\u201d asegur\u00f3.","og_url":"https:\/\/www.noticiasradioreflejos.com.ar\/2021\/leonardo-davis-iria-por-las-cloacas-en-saldungaray\/","og_site_name":"Noticias Radio Reflejos","article_published_time":"2023-08-10T18:40:33+00:00","article_modified_time":"2023-08-10T21:06:35+00:00","og_image":[{"width":1020,"height":773,"url":"https:\/\/www.noticiasradioreflejos.com.ar\/2021\/wp-content\/uploads\/2023\/08\/Leo-Davis.jpeg","type":"image\/jpeg"}],"author":"Arnaldo Botto","twitter_card":"summary_large_image","schema":{"@context":"https:\/\/schema.org","@graph":[{"@type":"WebPage","@id":"https:\/\/www.noticiasradioreflejos.com.ar\/2021\/leonardo-davis-iria-por-las-cloacas-en-saldungaray\/","url":"https:\/\/www.noticiasradioreflejos.com.ar\/2021\/leonardo-davis-iria-por-las-cloacas-en-saldungaray\/","name":"Leonardo Davis: \u201cIr\u00eda por las cloacas en Saldungaray\u201d - Noticias Radio Reflejos","isPartOf":{"@id":"https:\/\/www.noticiasradioreflejos.com.ar\/2021\/#website"},"primaryImageOfPage":{"@id":"https:\/\/www.noticiasradioreflejos.com.ar\/2021\/leonardo-davis-iria-por-las-cloacas-en-saldungaray\/#primaryimage"},"image":{"@id":"https:\/\/www.noticiasradioreflejos.com.ar\/2021\/leonardo-davis-iria-por-las-cloacas-en-saldungaray\/#primaryimage"},"thumbnailUrl":"https:\/\/www.noticiasradioreflejos.com.ar\/2021\/wp-content\/uploads\/2023\/08\/Leo-Davis.jpeg","datePublished":"2023-08-10T18:40:33+00:00","dateModified":"2023-08-10T21:06:35+00:00","author":{"@id":"https:\/\/www.noticiasradioreflejos.com.ar\/2021\/#\/schema\/person\/ad82545263dcc5ec0996818884fd5fb1"},"breadcrumb":{"@id":"https:\/\/www.noticiasradioreflejos.com.ar\/2021\/leonardo-davis-iria-por-las-cloacas-en-saldungaray\/#breadcrumb"},"inLanguage":"es","potentialAction":[{"@type":"ReadAction","target":["https:\/\/www.noticiasradioreflejos.com.ar\/2021\/leonardo-davis-iria-por-las-cloacas-en-saldungaray\/"]}]},{"@type":"ImageObject","inLanguage":"es","@id":"https:\/\/www.noticiasradioreflejos.com.ar\/2021\/leonardo-davis-iria-por-las-cloacas-en-saldungaray\/#primaryimage","url":"https:\/\/www.noticiasradioreflejos.com.ar\/2021\/wp-content\/uploads\/2023\/08\/Leo-Davis.jpeg","contentUrl":"https:\/\/www.noticiasradioreflejos.com.ar\/2021\/wp-content\/uploads\/2023\/08\/Leo-Davis.jpeg","width":1020,"height":773},{"@type":"BreadcrumbList","@id":"https:\/\/www.noticiasradioreflejos.com.ar\/2021\/leonardo-davis-iria-por-las-cloacas-en-saldungaray\/#breadcrumb","itemListElement":[{"@type":"ListItem","position":1,"name":"Portada","item":"https:\/\/www.noticiasradioreflejos.com.ar\/2021\/"},{"@type":"ListItem","position":2,"name":"Leonardo Davis: \u201cIr\u00eda por las cloacas en Saldungaray\u201d"}]},{"@type":"WebSite","@id":"https:\/\/www.noticiasradioreflejos.com.ar\/2021\/#website","url":"https:\/\/www.noticiasradioreflejos.com.ar\/2021\/","name":"Noticias Radio Reflejos","description":"Las noticias de mi comarca","potentialAction":[{"@type":"SearchAction","target":{"@type":"EntryPoint","urlTemplate":"https:\/\/www.noticiasradioreflejos.com.ar\/2021\/?s={search_term_string}"},"query-input":{"@type":"PropertyValueSpecification","valueRequired":true,"valueName":"search_term_string"}}],"inLanguage":"es"},{"@type":"Person","@id":"https:\/\/www.noticiasradioreflejos.com.ar\/2021\/#\/schema\/person\/ad82545263dcc5ec0996818884fd5fb1","name":"Arnaldo Botto","image":{"@type":"ImageObject","inLanguage":"es","@id":"https:\/\/www.noticiasradioreflejos.com.ar\/2021\/#\/schema\/person\/image\/","url":"https:\/\/secure.gravatar.com\/avatar\/55cb5e37c1efa326397366e6974cb338056df65cb50e7d64d1cf314e87504837?s=96&d=mm&r=g","contentUrl":"https:\/\/secure.gravatar.com\/avatar\/55cb5e37c1efa326397366e6974cb338056df65cb50e7d64d1cf314e87504837?s=96&d=mm&r=g","caption":"Arnaldo Botto"},"url":"https:\/\/www.noticiasradioreflejos.com.ar\/2021\/author\/arnaldo\/"}]}},"_links":{"self":[{"href":"https:\/\/www.noticiasradioreflejos.com.ar\/2021\/wp-json\/wp\/v2\/posts\/91442","targetHints":{"allow":["GET"]}}],"collection":[{"href":"https:\/\/www.noticiasradioreflejos.com.ar\/2021\/wp-json\/wp\/v2\/posts"}],"about":[{"href":"https:\/\/www.noticiasradioreflejos.com.ar\/2021\/wp-json\/wp\/v2\/types\/post"}],"author":[{"embeddable":true,"href":"https:\/\/www.noticiasradioreflejos.com.ar\/2021\/wp-json\/wp\/v2\/users\/3"}],"replies":[{"embeddable":true,"href":"https:\/\/www.noticiasradioreflejos.com.ar\/2021\/wp-json\/wp\/v2\/comments?post=91442"}],"version-history":[{"count":3,"href":"https:\/\/www.noticiasradioreflejos.com.ar\/2021\/wp-json\/wp\/v2\/posts\/91442\/revisions"}],"predecessor-version":[{"id":91456,"href":"https:\/\/www.noticiasradioreflejos.com.ar\/2021\/wp-json\/wp\/v2\/posts\/91442\/revisions\/91456"}],"wp:featuredmedia":[{"embeddable":true,"href":"https:\/\/www.noticiasradioreflejos.com.ar\/2021\/wp-json\/wp\/v2\/media\/91452"}],"wp:attachment":[{"href":"https:\/\/www.noticiasradioreflejos.com.ar\/2021\/wp-json\/wp\/v2\/media?parent=91442"}],"wp:term":[{"taxonomy":"category","embeddable":true,"href":"https:\/\/www.noticiasradioreflejos.com.ar\/2021\/wp-json\/wp\/v2\/categories?post=91442"},{"taxonomy":"post_tag","embeddable":true,"href":"https:\/\/www.noticiasradioreflejos.com.ar\/2021\/wp-json\/wp\/v2\/tags?post=91442"}],"curies":[{"name":"wp","href":"https:\/\/api.w.org\/{rel}","templated":true}]}}