{"id":9142,"date":"2017-04-17T08:37:08","date_gmt":"2017-04-17T11:37:08","guid":{"rendered":"http:\/\/noticiasradioreflejos.com.ar\/noticias\/?p=9142"},"modified":"2017-04-17T08:37:08","modified_gmt":"2017-04-17T11:37:08","slug":"turf-don-negro-celebro-pascuas-en-tornquist","status":"publish","type":"post","link":"https:\/\/www.noticiasradioreflejos.com.ar\/2021\/turf-don-negro-celebro-pascuas-en-tornquist\/","title":{"rendered":"Turf: Don Negro celebr\u00f3 Pascuas en Tornquist"},"content":{"rendered":"<p><a title=\"12 por distanciamiento gano el 4 Me mimaron\" href=\"http:\/\/farm4.staticflickr.com\/3948\/33708515850_48ac0c5fa1.jpg\" rel=\"\"><img loading=\"lazy\" decoding=\"async\" class=\"alignleft\" style=\"float: left;\" title=\"12 por distanciamiento gano el 4 Me mimaron\" src=\"http:\/\/farm4.staticflickr.com\/3948\/33708515850_48ac0c5fa1.jpg\" alt=\"12 por distanciamiento gano el 4 Me mimaron\" width=\"500\" height=\"205\" \/><\/a>Se impuso en el Cl\u00e1sico Municipalidad de Tornquist, en la reuni\u00f3n organizada por C\u00e9sar Oteiza. Se corrieron 12 de las trece programadas. Aceptable jornada que deja la puerta abierta para la pr\u00f3xima del calendario.<br \/>\nPese a lo dif\u00edcil de la fecha donde se celebraban las pascuas, C\u00e9sar Oteiza se las ingeni\u00f3 para llevar adelante un aceptable programa en la vuelta del turf a la ciudad con la primera del a\u00f1o.<!--more--><br \/>\nEsta no era una parada f\u00e1cil para el organizador que debutaba en su tierra por muchos contratiempos, lo que significa organizar en un lugar donde escasean los pingos y muchos factores que se presentaron para una dif\u00edcil plaza como lo es Tornquist.<br \/>\nPor ello es plausible que pese a la jornada de Pascuas se haya podido completar la reuni\u00f3n a excepto de una competencia que debi\u00f3 anularse por falta de anotados.<br \/>\nM\u00e1s all\u00e1 de todo esto dej\u00f3 la puerta abierta para una nueva jornada en la recta serrana.<br \/>\nEn lo que respecta a las competencias. En la central DON NEGRO de 30 de Agosto impuso condiciones para quedarse c\u00f3modamente con el cl\u00e1sico Municipalidad de Tornquist que otorgaba 60 mil pesos como premio. El fallo dijo 2 cpos en el disco de sentencia sobre M\u00e1ximo de Olavarr\u00eda. Cerr\u00f3 la l\u00ednea CLAVITO que tuvo inconvenientes en los partidos cuando se golpe\u00f3.<br \/>\n<a title=\"DSC_0232 [1600x1200]\" href=\"http:\/\/farm3.staticflickr.com\/2826\/33708514330_b77fa9d108_z.jpg\" rel=\"\"><img loading=\"lazy\" decoding=\"async\" class=\"aligncenter\" title=\"DSC_0232 [1600x1200]\" src=\"http:\/\/farm3.staticflickr.com\/2826\/33708514330_b77fa9d108_z.jpg\" alt=\"DSC_0232 [1600x1200]\" width=\"640\" height=\"427\" \/><\/a><br \/>\nLos resultados que se registraron en la tarde fueron los siguientes.<br \/>\nPrimera 400 1- CORCHITA(B. Blanca) 2-Lagarto(Guatrach\u00e9) 3- La Ni\u00f1a(Tres Lomas) 4-Rusito(Pringles) 5- Martina(C. Dorrego) U-Do\u00f1a Polenta(J. Arauz). Borrado: Turco Mercachifle y Brujita. Fallo: Hco,1 cpo,1 \u00bd Jockey: Luis Rueda. Sport $ 5.<br \/>\nSegunda 400 1-PEGASO(Tornquist)2-Bartolo(Saldungaray) 3-Guantes Blancos(Pringles) 4-Al Toque(B.Blanca) U-Mu\u00f1eca Brava(M\u00e9danos). Borrados: Gitana y Chueco. Fallo: Hco largo, 1 cpo,2 1\/2 .Jockey: Capelo Alvarez. Sport: $ 5<br \/>\nTercera 5001-REETORNADA(30 de Agosto) 2-Insolente(C. Suarez) 3-Pepo(Saldungaray) 4-India(Tornquist) U-Rubia(B. Blanca). Borrado: Luna. Fallo: 2 \u00bd ,3 cpos.Jockey: Hugo Alegre. Sport$ 2<br \/>\nCuarta 500 1-BILLETERO(F. Sola) 2-Amigazo(Puan) 3-Vinculador(Tornquist) U-Talentoso(Bol\u00edvar). Borardos: Me Mato,Galguita,El 22. Fallo: \u00bd cpo,3\/4 cpo y 4 cpos.Jockey: Luis Rueda. Sport $ 2.<br \/>\nQuinta 650 No se corri\u00f3<br \/>\nSexta 350 1- SOY 14(Saldungaray) 2- Picaso(G. Acha) 3-Bonifacio(J.Arauz)4- Monchita(B. Blanca) U-Princesa (Villa Iris). Borrados. Turco del Viento y A Tiempo. Fallo: 1 1\/2 , 1 \u00bd y 1 cpo. Jockey: Adrian Marino Sport $ 1,50<br \/>\nS\u00e9ptima 500 Debutantes y Perdedores 1-CORRALERA(Guatrache) 2-Do\u00f1a Lili(Bolivar) 3-Noellia Pompa(Casbas) 4-Luly Love(Bah\u00eda Blanca) U-Reestar(Pringles). Borrados: Nico y Fantastiva Vuelta. Fallo: 8 cpos, 3 cpos. Jockey: Juanci Ramos Sport $ 4<br \/>\nOctava 650 1- HAIZUN(B. Blanca) 2-Araucana San(G. Acha) 3-Porfiaste(Olavaria) U- Big Bawin(30 de Agosto). Borrados: Viento Norte y Recompinche. Fallo: \u00be cpo, 4 y S\/A. Jockey: Luis Rueda. Sport $ 1,50<br \/>\nNovena 650 Debutantes 1- VIBORITA CLASS(Tres Lomas) 2-Furtiva(C.Suarez) 3-Cambay(F. Sola) 4-Chamorro(Saliquelo) U- Alegre(B. Blanca). Borrados: Morocha,Mi Bichito,Caper Letal,Nok Yanqui. Fallo: 4 cpos, \u00bd cpo,2 \u00bd. Jockey: Jose Luis Puente. Sport$ 9.<br \/>\nD\u00e9cima 500 1- PLATA(G. San Mart\u00edn) 2-Panadero(Olavarr\u00eda) 3-Incalue(Casbas) U- Negro Fachero(C.Su\u00e1rez). Borrado Pata Sucia. Fallo: \u00bd cabeza. Jockey: Carlos Ferrero. Sport$ 2,50.<br \/>\nUndecima 550 Cl\u00e1sico Municipalidad de Tornquist 1- DON NEGRO Mu\u00f1oz(30 de Agosto) 2-M\u00e1ximo(Olavarria) U- Clavito(B. Blanca). Falo: 2 cpos. Jockey: Daniel Urriza. Sport $ 2,50.<br \/>\nDuod\u00e9cima 450 1- ME MIMARON(C. Su\u00e1rez) 2-Yakira(Pig\u00fc\u00e9) 3-Honor(Tornquist) 4-Reservado(J.Arauz) 5-Pamperito(Puan) U-Cabezona(Villa Iris) Borrado.Gipona. Fallo: Distanciamiento. Por ocasionar molestias en la suelta fue distanciada Yakira que hab\u00eda ganado la carrera.. Jockey: Mat\u00edas Lupardo Sport $ 3.<br \/>\nDecimotercera 550 1- SI TEMOR(Olavarr\u00eda) 2-Boca Roja(B.Blanca) 3-Recompinche(Tornquist) U- Joven Can(Tornquist). Borrados Posesito,Amarok,Negro mandela y Dorado. Agregado Recompinche. Fallo: 1 \u00bd y 5 cpos. Jockey: Hugo Alegre. Sport $ 2..<br \/>\nFotos: Pegaso(Ganador de la segunda) Billetero(Ganador de la cuarta) Don Negro(Ganador del Cl\u00e1sico) y Me Mi Maron de C. Su\u00e1rez carrera 12. Lo Molestaron en la suelta perdi\u00f3 la linea y gan\u00f3 YAKIRA en la pista. Los propietarios de Coronel Su\u00e1rez protestaron y se impuso Me Mimaron.<br \/>\n<iframe loading=\"lazy\" src=\"https:\/\/www.youtube.com\/embed\/jiQmC-zEoko\" width=\"560\" height=\"315\" frameborder=\"0\" allowfullscreen=\"allowfullscreen\"><\/iframe><\/p>\n","protected":false},"excerpt":{"rendered":"<p>Se impuso en el Cl\u00e1sico Municipalidad de Tornquist, en la reuni\u00f3n organizada por C\u00e9sar Oteiza. Se corrieron 12 de las trece programadas. Aceptable jornada que deja la puerta abierta para la pr\u00f3xima del calendario. Pese a lo dif\u00edcil de la fecha donde se celebraban las pascuas, C\u00e9sar Oteiza se las ingeni\u00f3 para llevar adelante un [&hellip;]<\/p>\n","protected":false},"author":3,"featured_media":0,"comment_status":"closed","ping_status":"open","sticky":false,"template":"","format":"standard","meta":{"footnotes":""},"categories":[33],"tags":[],"class_list":["post-9142","post","type-post","status-publish","format-standard","hentry","category-turismo"],"yoast_head":"<!-- This site is optimized with the Yoast SEO plugin v25.9 - https:\/\/yoast.com\/wordpress\/plugins\/seo\/ -->\n<title>Turf: Don Negro celebr\u00f3 Pascuas en Tornquist - Noticias Radio Reflejos<\/title>\n<meta name=\"robots\" content=\"index, follow, max-snippet:-1, max-image-preview:large, max-video-preview:-1\" \/>\n<link rel=\"canonical\" href=\"https:\/\/www.noticiasradioreflejos.com.ar\/2021\/turf-don-negro-celebro-pascuas-en-tornquist\/\" \/>\n<meta property=\"og:locale\" content=\"es_ES\" \/>\n<meta property=\"og:type\" content=\"article\" \/>\n<meta property=\"og:title\" content=\"Turf: Don Negro celebr\u00f3 Pascuas en Tornquist - Noticias Radio Reflejos\" \/>\n<meta property=\"og:description\" content=\"Se impuso en el Cl\u00e1sico Municipalidad de Tornquist, en la reuni\u00f3n organizada por C\u00e9sar Oteiza. Se corrieron 12 de las trece programadas. Aceptable jornada que deja la puerta abierta para la pr\u00f3xima del calendario. Pese a lo dif\u00edcil de la fecha donde se celebraban las pascuas, C\u00e9sar Oteiza se las ingeni\u00f3 para llevar adelante un [&hellip;]\" \/>\n<meta property=\"og:url\" content=\"https:\/\/www.noticiasradioreflejos.com.ar\/2021\/turf-don-negro-celebro-pascuas-en-tornquist\/\" \/>\n<meta property=\"og:site_name\" content=\"Noticias Radio Reflejos\" \/>\n<meta property=\"article:published_time\" content=\"2017-04-17T11:37:08+00:00\" \/>\n<meta property=\"og:image\" content=\"http:\/\/farm4.staticflickr.com\/3948\/33708515850_48ac0c5fa1.jpg\" \/>\n<meta name=\"author\" content=\"Arnaldo Botto\" \/>\n<meta name=\"twitter:card\" content=\"summary_large_image\" \/>\n<script type=\"application\/ld+json\" class=\"yoast-schema-graph\">{\"@context\":\"https:\/\/schema.org\",\"@graph\":[{\"@type\":\"WebPage\",\"@id\":\"https:\/\/www.noticiasradioreflejos.com.ar\/2021\/turf-don-negro-celebro-pascuas-en-tornquist\/\",\"url\":\"https:\/\/www.noticiasradioreflejos.com.ar\/2021\/turf-don-negro-celebro-pascuas-en-tornquist\/\",\"name\":\"Turf: Don Negro celebr\u00f3 Pascuas en Tornquist - Noticias Radio Reflejos\",\"isPartOf\":{\"@id\":\"https:\/\/www.noticiasradioreflejos.com.ar\/2021\/#website\"},\"primaryImageOfPage\":{\"@id\":\"https:\/\/www.noticiasradioreflejos.com.ar\/2021\/turf-don-negro-celebro-pascuas-en-tornquist\/#primaryimage\"},\"image\":{\"@id\":\"https:\/\/www.noticiasradioreflejos.com.ar\/2021\/turf-don-negro-celebro-pascuas-en-tornquist\/#primaryimage\"},\"thumbnailUrl\":\"http:\/\/farm4.staticflickr.com\/3948\/33708515850_48ac0c5fa1.jpg\",\"datePublished\":\"2017-04-17T11:37:08+00:00\",\"author\":{\"@id\":\"https:\/\/www.noticiasradioreflejos.com.ar\/2021\/#\/schema\/person\/ad82545263dcc5ec0996818884fd5fb1\"},\"breadcrumb\":{\"@id\":\"https:\/\/www.noticiasradioreflejos.com.ar\/2021\/turf-don-negro-celebro-pascuas-en-tornquist\/#breadcrumb\"},\"inLanguage\":\"es\",\"potentialAction\":[{\"@type\":\"ReadAction\",\"target\":[\"https:\/\/www.noticiasradioreflejos.com.ar\/2021\/turf-don-negro-celebro-pascuas-en-tornquist\/\"]}]},{\"@type\":\"ImageObject\",\"inLanguage\":\"es\",\"@id\":\"https:\/\/www.noticiasradioreflejos.com.ar\/2021\/turf-don-negro-celebro-pascuas-en-tornquist\/#primaryimage\",\"url\":\"http:\/\/farm4.staticflickr.com\/3948\/33708515850_48ac0c5fa1.jpg\",\"contentUrl\":\"http:\/\/farm4.staticflickr.com\/3948\/33708515850_48ac0c5fa1.jpg\"},{\"@type\":\"BreadcrumbList\",\"@id\":\"https:\/\/www.noticiasradioreflejos.com.ar\/2021\/turf-don-negro-celebro-pascuas-en-tornquist\/#breadcrumb\",\"itemListElement\":[{\"@type\":\"ListItem\",\"position\":1,\"name\":\"Portada\",\"item\":\"https:\/\/www.noticiasradioreflejos.com.ar\/2021\/\"},{\"@type\":\"ListItem\",\"position\":2,\"name\":\"Turf: Don Negro celebr\u00f3 Pascuas en Tornquist\"}]},{\"@type\":\"WebSite\",\"@id\":\"https:\/\/www.noticiasradioreflejos.com.ar\/2021\/#website\",\"url\":\"https:\/\/www.noticiasradioreflejos.com.ar\/2021\/\",\"name\":\"Noticias Radio Reflejos\",\"description\":\"Las noticias de mi comarca\",\"potentialAction\":[{\"@type\":\"SearchAction\",\"target\":{\"@type\":\"EntryPoint\",\"urlTemplate\":\"https:\/\/www.noticiasradioreflejos.com.ar\/2021\/?s={search_term_string}\"},\"query-input\":{\"@type\":\"PropertyValueSpecification\",\"valueRequired\":true,\"valueName\":\"search_term_string\"}}],\"inLanguage\":\"es\"},{\"@type\":\"Person\",\"@id\":\"https:\/\/www.noticiasradioreflejos.com.ar\/2021\/#\/schema\/person\/ad82545263dcc5ec0996818884fd5fb1\",\"name\":\"Arnaldo Botto\",\"image\":{\"@type\":\"ImageObject\",\"inLanguage\":\"es\",\"@id\":\"https:\/\/www.noticiasradioreflejos.com.ar\/2021\/#\/schema\/person\/image\/\",\"url\":\"https:\/\/secure.gravatar.com\/avatar\/55cb5e37c1efa326397366e6974cb338056df65cb50e7d64d1cf314e87504837?s=96&d=mm&r=g\",\"contentUrl\":\"https:\/\/secure.gravatar.com\/avatar\/55cb5e37c1efa326397366e6974cb338056df65cb50e7d64d1cf314e87504837?s=96&d=mm&r=g\",\"caption\":\"Arnaldo Botto\"},\"url\":\"https:\/\/www.noticiasradioreflejos.com.ar\/2021\/author\/arnaldo\/\"}]}<\/script>\n<!-- \/ Yoast SEO plugin. -->","yoast_head_json":{"title":"Turf: Don Negro celebr\u00f3 Pascuas en Tornquist - Noticias Radio Reflejos","robots":{"index":"index","follow":"follow","max-snippet":"max-snippet:-1","max-image-preview":"max-image-preview:large","max-video-preview":"max-video-preview:-1"},"canonical":"https:\/\/www.noticiasradioreflejos.com.ar\/2021\/turf-don-negro-celebro-pascuas-en-tornquist\/","og_locale":"es_ES","og_type":"article","og_title":"Turf: Don Negro celebr\u00f3 Pascuas en Tornquist - Noticias Radio Reflejos","og_description":"Se impuso en el Cl\u00e1sico Municipalidad de Tornquist, en la reuni\u00f3n organizada por C\u00e9sar Oteiza. Se corrieron 12 de las trece programadas. Aceptable jornada que deja la puerta abierta para la pr\u00f3xima del calendario. Pese a lo dif\u00edcil de la fecha donde se celebraban las pascuas, C\u00e9sar Oteiza se las ingeni\u00f3 para llevar adelante un [&hellip;]","og_url":"https:\/\/www.noticiasradioreflejos.com.ar\/2021\/turf-don-negro-celebro-pascuas-en-tornquist\/","og_site_name":"Noticias Radio Reflejos","article_published_time":"2017-04-17T11:37:08+00:00","og_image":[{"url":"http:\/\/farm4.staticflickr.com\/3948\/33708515850_48ac0c5fa1.jpg","type":"","width":"","height":""}],"author":"Arnaldo Botto","twitter_card":"summary_large_image","schema":{"@context":"https:\/\/schema.org","@graph":[{"@type":"WebPage","@id":"https:\/\/www.noticiasradioreflejos.com.ar\/2021\/turf-don-negro-celebro-pascuas-en-tornquist\/","url":"https:\/\/www.noticiasradioreflejos.com.ar\/2021\/turf-don-negro-celebro-pascuas-en-tornquist\/","name":"Turf: Don Negro celebr\u00f3 Pascuas en Tornquist - Noticias Radio Reflejos","isPartOf":{"@id":"https:\/\/www.noticiasradioreflejos.com.ar\/2021\/#website"},"primaryImageOfPage":{"@id":"https:\/\/www.noticiasradioreflejos.com.ar\/2021\/turf-don-negro-celebro-pascuas-en-tornquist\/#primaryimage"},"image":{"@id":"https:\/\/www.noticiasradioreflejos.com.ar\/2021\/turf-don-negro-celebro-pascuas-en-tornquist\/#primaryimage"},"thumbnailUrl":"http:\/\/farm4.staticflickr.com\/3948\/33708515850_48ac0c5fa1.jpg","datePublished":"2017-04-17T11:37:08+00:00","author":{"@id":"https:\/\/www.noticiasradioreflejos.com.ar\/2021\/#\/schema\/person\/ad82545263dcc5ec0996818884fd5fb1"},"breadcrumb":{"@id":"https:\/\/www.noticiasradioreflejos.com.ar\/2021\/turf-don-negro-celebro-pascuas-en-tornquist\/#breadcrumb"},"inLanguage":"es","potentialAction":[{"@type":"ReadAction","target":["https:\/\/www.noticiasradioreflejos.com.ar\/2021\/turf-don-negro-celebro-pascuas-en-tornquist\/"]}]},{"@type":"ImageObject","inLanguage":"es","@id":"https:\/\/www.noticiasradioreflejos.com.ar\/2021\/turf-don-negro-celebro-pascuas-en-tornquist\/#primaryimage","url":"http:\/\/farm4.staticflickr.com\/3948\/33708515850_48ac0c5fa1.jpg","contentUrl":"http:\/\/farm4.staticflickr.com\/3948\/33708515850_48ac0c5fa1.jpg"},{"@type":"BreadcrumbList","@id":"https:\/\/www.noticiasradioreflejos.com.ar\/2021\/turf-don-negro-celebro-pascuas-en-tornquist\/#breadcrumb","itemListElement":[{"@type":"ListItem","position":1,"name":"Portada","item":"https:\/\/www.noticiasradioreflejos.com.ar\/2021\/"},{"@type":"ListItem","position":2,"name":"Turf: Don Negro celebr\u00f3 Pascuas en Tornquist"}]},{"@type":"WebSite","@id":"https:\/\/www.noticiasradioreflejos.com.ar\/2021\/#website","url":"https:\/\/www.noticiasradioreflejos.com.ar\/2021\/","name":"Noticias Radio Reflejos","description":"Las noticias de mi comarca","potentialAction":[{"@type":"SearchAction","target":{"@type":"EntryPoint","urlTemplate":"https:\/\/www.noticiasradioreflejos.com.ar\/2021\/?s={search_term_string}"},"query-input":{"@type":"PropertyValueSpecification","valueRequired":true,"valueName":"search_term_string"}}],"inLanguage":"es"},{"@type":"Person","@id":"https:\/\/www.noticiasradioreflejos.com.ar\/2021\/#\/schema\/person\/ad82545263dcc5ec0996818884fd5fb1","name":"Arnaldo Botto","image":{"@type":"ImageObject","inLanguage":"es","@id":"https:\/\/www.noticiasradioreflejos.com.ar\/2021\/#\/schema\/person\/image\/","url":"https:\/\/secure.gravatar.com\/avatar\/55cb5e37c1efa326397366e6974cb338056df65cb50e7d64d1cf314e87504837?s=96&d=mm&r=g","contentUrl":"https:\/\/secure.gravatar.com\/avatar\/55cb5e37c1efa326397366e6974cb338056df65cb50e7d64d1cf314e87504837?s=96&d=mm&r=g","caption":"Arnaldo Botto"},"url":"https:\/\/www.noticiasradioreflejos.com.ar\/2021\/author\/arnaldo\/"}]}},"_links":{"self":[{"href":"https:\/\/www.noticiasradioreflejos.com.ar\/2021\/wp-json\/wp\/v2\/posts\/9142","targetHints":{"allow":["GET"]}}],"collection":[{"href":"https:\/\/www.noticiasradioreflejos.com.ar\/2021\/wp-json\/wp\/v2\/posts"}],"about":[{"href":"https:\/\/www.noticiasradioreflejos.com.ar\/2021\/wp-json\/wp\/v2\/types\/post"}],"author":[{"embeddable":true,"href":"https:\/\/www.noticiasradioreflejos.com.ar\/2021\/wp-json\/wp\/v2\/users\/3"}],"replies":[{"embeddable":true,"href":"https:\/\/www.noticiasradioreflejos.com.ar\/2021\/wp-json\/wp\/v2\/comments?post=9142"}],"version-history":[{"count":0,"href":"https:\/\/www.noticiasradioreflejos.com.ar\/2021\/wp-json\/wp\/v2\/posts\/9142\/revisions"}],"wp:attachment":[{"href":"https:\/\/www.noticiasradioreflejos.com.ar\/2021\/wp-json\/wp\/v2\/media?parent=9142"}],"wp:term":[{"taxonomy":"category","embeddable":true,"href":"https:\/\/www.noticiasradioreflejos.com.ar\/2021\/wp-json\/wp\/v2\/categories?post=9142"},{"taxonomy":"post_tag","embeddable":true,"href":"https:\/\/www.noticiasradioreflejos.com.ar\/2021\/wp-json\/wp\/v2\/tags?post=9142"}],"curies":[{"name":"wp","href":"https:\/\/api.w.org\/{rel}","templated":true}]}}