{"id":91412,"date":"2023-08-09T17:24:01","date_gmt":"2023-08-09T17:24:01","guid":{"rendered":"https:\/\/www.noticiasradioreflejos.com.ar\/2021\/?p=91412"},"modified":"2023-08-09T17:24:01","modified_gmt":"2023-08-09T17:24:01","slug":"kicillof-suspendio-el-acto-de-cierre-de-campana-en-merlo-ante-el-crimen-de-una-nina-de-11-anos","status":"publish","type":"post","link":"https:\/\/www.noticiasradioreflejos.com.ar\/2021\/kicillof-suspendio-el-acto-de-cierre-de-campana-en-merlo-ante-el-crimen-de-una-nina-de-11-anos\/","title":{"rendered":"Kicillof suspendi\u00f3 el acto de cierre de campa\u00f1a en Merlo ante el crimen de una ni\u00f1a de 11 a\u00f1os"},"content":{"rendered":"<p>El gobernador de la provincia de Buenos Aires y precandidato a la reelecci\u00f3n, Axel Kicillof, suspendi\u00f3 hoy el acto de cierre de campa\u00f1a electoral en el municipio de Merlo, donde iba a estar acompa\u00f1ado por el precandidato presidencial de Uni\u00f3n por la Patria (UxP), Sergio Massa, a ra\u00edz del crimen de una nena de 11 a\u00f1os, hecho por el que ya fue detenido un adolescente de 14 a\u00f1os y se busca a los c\u00f3mplices, informaron fuentes partidarias.<!--more--><\/p>\n<p>\u00abEn virtud del doloroso y tr\u00e1gico crimen de Morena Dom\u00ednguez, ocurrido esta ma\u00f1ana en Lan\u00fas, se decidi\u00f3 suspender el acto de campa\u00f1a previsto para esta tarde en Merlo\u00bb, expres\u00f3 un comunicado oficial.<\/p>\n<p>Precis\u00f3 que \u00abfrente a esta tragedia, el Gobierno Provincial est\u00e1 coordinando tareas y esfuerzos con el Gobierno de Lan\u00fas\u00bb.<\/p>\n<p>\u00abPor indicaci\u00f3n del Gobernador, se abocaron de inmediato al tema la Direcci\u00f3n General de Cultura y Educaci\u00f3n, el Ministerio de Salud y el \u00e1rea de asistencia a las v\u00edctimas del Ministerio de Justicia. Por su parte, el Ministro de Seguridad lidera la b\u00fasqueda de los criminales que afortunadamente arroj\u00f3 sus primeros resultados\u00bb, destac\u00f3.<\/p>\n<p>Expres\u00f3 el comunicado que \u00abnada devolver\u00e1 la vida de Morena pero este crimen tan espantoso, que conmueve a toda la comunidad, no quedar\u00e1 impune\u00bb.<\/p>\n<p>\u00abLos esfuerzos en estas horas est\u00e1n orientados a la coordinaci\u00f3n con el gobierno local, a la contenci\u00f3n de la familia y de la comunidad escolar y a la persecuci\u00f3n de los criminales\u00bb, afirm\u00f3.<\/p>\n<p>El acto de cierre estaba previsto para hoy a las 15 en el gimnasio del Club Deportivo Merlo, ubicado en Balbastro 2201 de ese distrito del oeste del Gran Buenos Aires y estaba previsto que participaran del acto el ministro de Interior y precandidato a senador nacional Eduardo &#8216;Wado&#8217; de Pedro; los postulantes a diputados nacionales; la vicegobernadora, Ver\u00f3nica Magario; el jefe comunal de ese distrito -en uso de licencia-, Gustavo Men\u00e9ndez, intendentes bonaerenses y todos los miembros del gabinete.<\/p>\n<p>Ma\u00f1ana est\u00e1 previsto se realice el cierre nacional de la campa\u00f1a con un acto en el Teatro Argentino de La Plata, a partir de las 18.<\/p>\n<p>Minutos antes de las 7.30, Morena Dom\u00ednguez (11) se dirig\u00eda caminando a su escuela Escuela Almafuerte N\u00b0 60, situada en la calle Molinedo al 3500, de la localidad de Villa Diamante, partido de Lan\u00fas cuando fue interceptada por motochorros que le aplicaron dos pu\u00f1etazos en el est\u00f3mago para robarle su mochila.<\/p>\n<p>La secuencia qued\u00f3 grabada por una c\u00e1mara de seguridad, donde se ve Morena cae al asfalto cuando es abordada por los dos motochorros, tras lo cual el que viajaba como acompa\u00f1ante se baja para agarrar alguna de sus pertenencias y luego vuelve a abordar el veh\u00edculo para escapar.<\/p>\n<p>Tambi\u00e9n se observa que luego de la huida de los delincuentes, un hombre se acerc\u00f3 a asistir a la v\u00edctima, pero la ni\u00f1a qued\u00f3 sentada en el asfalto sin poder reincorporarse.<\/p>\n<p>Fuentes policiales indicaron que, en la ca\u00edda, la chica se golpe\u00f3 en la cabeza y que ello pudo tener relaci\u00f3n con el cuadro que presentaba cuando lleg\u00f3 la ambulancia del SAME.<\/p>\n<p>Morena se descompens\u00f3 mientras esperaba la asistencia y, cuando lleg\u00f3 la ambulancia, el m\u00e9dico realiz\u00f3 maniobras de reanimaci\u00f3n y la trasladaron en estado cr\u00edtico al Hospital Evita, donde falleci\u00f3 producto de paro cardiorrespiratorio, seg\u00fan inform\u00f3 la polic\u00eda.<\/p>\n","protected":false},"excerpt":{"rendered":"<p>El gobernador de la provincia de Buenos Aires y precandidato a la reelecci\u00f3n, Axel Kicillof, suspendi\u00f3 hoy el acto de cierre de campa\u00f1a electoral en el municipio de Merlo, donde iba a estar acompa\u00f1ado por el precandidato presidencial de Uni\u00f3n por la Patria (UxP), Sergio Massa, a ra\u00edz del crimen de una nena de 11 [&hellip;]<\/p>\n","protected":false},"author":3,"featured_media":0,"comment_status":"closed","ping_status":"closed","sticky":false,"template":"","format":"standard","meta":{"footnotes":""},"categories":[24],"tags":[],"class_list":["post-91412","post","type-post","status-publish","format-standard","hentry","category-politica"],"yoast_head":"<!-- This site is optimized with the Yoast SEO plugin v25.9 - https:\/\/yoast.com\/wordpress\/plugins\/seo\/ -->\n<title>Kicillof suspendi\u00f3 el acto de cierre de campa\u00f1a en Merlo ante el crimen de una ni\u00f1a de 11 a\u00f1os - Noticias Radio Reflejos<\/title>\n<meta name=\"robots\" content=\"index, follow, max-snippet:-1, max-image-preview:large, max-video-preview:-1\" \/>\n<link rel=\"canonical\" href=\"https:\/\/www.noticiasradioreflejos.com.ar\/2021\/kicillof-suspendio-el-acto-de-cierre-de-campana-en-merlo-ante-el-crimen-de-una-nina-de-11-anos\/\" \/>\n<meta property=\"og:locale\" content=\"es_ES\" \/>\n<meta property=\"og:type\" content=\"article\" \/>\n<meta property=\"og:title\" content=\"Kicillof suspendi\u00f3 el acto de cierre de campa\u00f1a en Merlo ante el crimen de una ni\u00f1a de 11 a\u00f1os - Noticias Radio Reflejos\" \/>\n<meta property=\"og:description\" content=\"El gobernador de la provincia de Buenos Aires y precandidato a la reelecci\u00f3n, Axel Kicillof, suspendi\u00f3 hoy el acto de cierre de campa\u00f1a electoral en el municipio de Merlo, donde iba a estar acompa\u00f1ado por el precandidato presidencial de Uni\u00f3n por la Patria (UxP), Sergio Massa, a ra\u00edz del crimen de una nena de 11 [&hellip;]\" \/>\n<meta property=\"og:url\" content=\"https:\/\/www.noticiasradioreflejos.com.ar\/2021\/kicillof-suspendio-el-acto-de-cierre-de-campana-en-merlo-ante-el-crimen-de-una-nina-de-11-anos\/\" \/>\n<meta property=\"og:site_name\" content=\"Noticias Radio Reflejos\" \/>\n<meta property=\"article:published_time\" content=\"2023-08-09T17:24:01+00:00\" \/>\n<meta property=\"og:image\" content=\"https:\/\/www.noticiasradioreflejos.com.ar\/2021\/wp-content\/uploads\/2021\/07\/logosol300x200.png\" \/>\n\t<meta property=\"og:image:width\" content=\"300\" \/>\n\t<meta property=\"og:image:height\" content=\"200\" \/>\n\t<meta property=\"og:image:type\" content=\"image\/png\" \/>\n<meta name=\"author\" content=\"Arnaldo Botto\" \/>\n<meta name=\"twitter:card\" content=\"summary_large_image\" \/>\n<script type=\"application\/ld+json\" class=\"yoast-schema-graph\">{\"@context\":\"https:\/\/schema.org\",\"@graph\":[{\"@type\":\"WebPage\",\"@id\":\"https:\/\/www.noticiasradioreflejos.com.ar\/2021\/kicillof-suspendio-el-acto-de-cierre-de-campana-en-merlo-ante-el-crimen-de-una-nina-de-11-anos\/\",\"url\":\"https:\/\/www.noticiasradioreflejos.com.ar\/2021\/kicillof-suspendio-el-acto-de-cierre-de-campana-en-merlo-ante-el-crimen-de-una-nina-de-11-anos\/\",\"name\":\"Kicillof suspendi\u00f3 el acto de cierre de campa\u00f1a en Merlo ante el crimen de una ni\u00f1a de 11 a\u00f1os - Noticias Radio Reflejos\",\"isPartOf\":{\"@id\":\"https:\/\/www.noticiasradioreflejos.com.ar\/2021\/#website\"},\"datePublished\":\"2023-08-09T17:24:01+00:00\",\"author\":{\"@id\":\"https:\/\/www.noticiasradioreflejos.com.ar\/2021\/#\/schema\/person\/ad82545263dcc5ec0996818884fd5fb1\"},\"breadcrumb\":{\"@id\":\"https:\/\/www.noticiasradioreflejos.com.ar\/2021\/kicillof-suspendio-el-acto-de-cierre-de-campana-en-merlo-ante-el-crimen-de-una-nina-de-11-anos\/#breadcrumb\"},\"inLanguage\":\"es\",\"potentialAction\":[{\"@type\":\"ReadAction\",\"target\":[\"https:\/\/www.noticiasradioreflejos.com.ar\/2021\/kicillof-suspendio-el-acto-de-cierre-de-campana-en-merlo-ante-el-crimen-de-una-nina-de-11-anos\/\"]}]},{\"@type\":\"BreadcrumbList\",\"@id\":\"https:\/\/www.noticiasradioreflejos.com.ar\/2021\/kicillof-suspendio-el-acto-de-cierre-de-campana-en-merlo-ante-el-crimen-de-una-nina-de-11-anos\/#breadcrumb\",\"itemListElement\":[{\"@type\":\"ListItem\",\"position\":1,\"name\":\"Portada\",\"item\":\"https:\/\/www.noticiasradioreflejos.com.ar\/2021\/\"},{\"@type\":\"ListItem\",\"position\":2,\"name\":\"Kicillof suspendi\u00f3 el acto de cierre de campa\u00f1a en Merlo ante el crimen de una ni\u00f1a de 11 a\u00f1os\"}]},{\"@type\":\"WebSite\",\"@id\":\"https:\/\/www.noticiasradioreflejos.com.ar\/2021\/#website\",\"url\":\"https:\/\/www.noticiasradioreflejos.com.ar\/2021\/\",\"name\":\"Noticias Radio Reflejos\",\"description\":\"Las noticias de mi comarca\",\"potentialAction\":[{\"@type\":\"SearchAction\",\"target\":{\"@type\":\"EntryPoint\",\"urlTemplate\":\"https:\/\/www.noticiasradioreflejos.com.ar\/2021\/?s={search_term_string}\"},\"query-input\":{\"@type\":\"PropertyValueSpecification\",\"valueRequired\":true,\"valueName\":\"search_term_string\"}}],\"inLanguage\":\"es\"},{\"@type\":\"Person\",\"@id\":\"https:\/\/www.noticiasradioreflejos.com.ar\/2021\/#\/schema\/person\/ad82545263dcc5ec0996818884fd5fb1\",\"name\":\"Arnaldo Botto\",\"image\":{\"@type\":\"ImageObject\",\"inLanguage\":\"es\",\"@id\":\"https:\/\/www.noticiasradioreflejos.com.ar\/2021\/#\/schema\/person\/image\/\",\"url\":\"https:\/\/secure.gravatar.com\/avatar\/55cb5e37c1efa326397366e6974cb338056df65cb50e7d64d1cf314e87504837?s=96&d=mm&r=g\",\"contentUrl\":\"https:\/\/secure.gravatar.com\/avatar\/55cb5e37c1efa326397366e6974cb338056df65cb50e7d64d1cf314e87504837?s=96&d=mm&r=g\",\"caption\":\"Arnaldo Botto\"},\"url\":\"https:\/\/www.noticiasradioreflejos.com.ar\/2021\/author\/arnaldo\/\"}]}<\/script>\n<!-- \/ Yoast SEO plugin. -->","yoast_head_json":{"title":"Kicillof suspendi\u00f3 el acto de cierre de campa\u00f1a en Merlo ante el crimen de una ni\u00f1a de 11 a\u00f1os - Noticias Radio Reflejos","robots":{"index":"index","follow":"follow","max-snippet":"max-snippet:-1","max-image-preview":"max-image-preview:large","max-video-preview":"max-video-preview:-1"},"canonical":"https:\/\/www.noticiasradioreflejos.com.ar\/2021\/kicillof-suspendio-el-acto-de-cierre-de-campana-en-merlo-ante-el-crimen-de-una-nina-de-11-anos\/","og_locale":"es_ES","og_type":"article","og_title":"Kicillof suspendi\u00f3 el acto de cierre de campa\u00f1a en Merlo ante el crimen de una ni\u00f1a de 11 a\u00f1os - Noticias Radio Reflejos","og_description":"El gobernador de la provincia de Buenos Aires y precandidato a la reelecci\u00f3n, Axel Kicillof, suspendi\u00f3 hoy el acto de cierre de campa\u00f1a electoral en el municipio de Merlo, donde iba a estar acompa\u00f1ado por el precandidato presidencial de Uni\u00f3n por la Patria (UxP), Sergio Massa, a ra\u00edz del crimen de una nena de 11 [&hellip;]","og_url":"https:\/\/www.noticiasradioreflejos.com.ar\/2021\/kicillof-suspendio-el-acto-de-cierre-de-campana-en-merlo-ante-el-crimen-de-una-nina-de-11-anos\/","og_site_name":"Noticias Radio Reflejos","article_published_time":"2023-08-09T17:24:01+00:00","og_image":[{"width":300,"height":200,"url":"https:\/\/www.noticiasradioreflejos.com.ar\/2021\/wp-content\/uploads\/2021\/07\/logosol300x200.png","type":"image\/png"}],"author":"Arnaldo Botto","twitter_card":"summary_large_image","schema":{"@context":"https:\/\/schema.org","@graph":[{"@type":"WebPage","@id":"https:\/\/www.noticiasradioreflejos.com.ar\/2021\/kicillof-suspendio-el-acto-de-cierre-de-campana-en-merlo-ante-el-crimen-de-una-nina-de-11-anos\/","url":"https:\/\/www.noticiasradioreflejos.com.ar\/2021\/kicillof-suspendio-el-acto-de-cierre-de-campana-en-merlo-ante-el-crimen-de-una-nina-de-11-anos\/","name":"Kicillof suspendi\u00f3 el acto de cierre de campa\u00f1a en Merlo ante el crimen de una ni\u00f1a de 11 a\u00f1os - Noticias Radio Reflejos","isPartOf":{"@id":"https:\/\/www.noticiasradioreflejos.com.ar\/2021\/#website"},"datePublished":"2023-08-09T17:24:01+00:00","author":{"@id":"https:\/\/www.noticiasradioreflejos.com.ar\/2021\/#\/schema\/person\/ad82545263dcc5ec0996818884fd5fb1"},"breadcrumb":{"@id":"https:\/\/www.noticiasradioreflejos.com.ar\/2021\/kicillof-suspendio-el-acto-de-cierre-de-campana-en-merlo-ante-el-crimen-de-una-nina-de-11-anos\/#breadcrumb"},"inLanguage":"es","potentialAction":[{"@type":"ReadAction","target":["https:\/\/www.noticiasradioreflejos.com.ar\/2021\/kicillof-suspendio-el-acto-de-cierre-de-campana-en-merlo-ante-el-crimen-de-una-nina-de-11-anos\/"]}]},{"@type":"BreadcrumbList","@id":"https:\/\/www.noticiasradioreflejos.com.ar\/2021\/kicillof-suspendio-el-acto-de-cierre-de-campana-en-merlo-ante-el-crimen-de-una-nina-de-11-anos\/#breadcrumb","itemListElement":[{"@type":"ListItem","position":1,"name":"Portada","item":"https:\/\/www.noticiasradioreflejos.com.ar\/2021\/"},{"@type":"ListItem","position":2,"name":"Kicillof suspendi\u00f3 el acto de cierre de campa\u00f1a en Merlo ante el crimen de una ni\u00f1a de 11 a\u00f1os"}]},{"@type":"WebSite","@id":"https:\/\/www.noticiasradioreflejos.com.ar\/2021\/#website","url":"https:\/\/www.noticiasradioreflejos.com.ar\/2021\/","name":"Noticias Radio Reflejos","description":"Las noticias de mi comarca","potentialAction":[{"@type":"SearchAction","target":{"@type":"EntryPoint","urlTemplate":"https:\/\/www.noticiasradioreflejos.com.ar\/2021\/?s={search_term_string}"},"query-input":{"@type":"PropertyValueSpecification","valueRequired":true,"valueName":"search_term_string"}}],"inLanguage":"es"},{"@type":"Person","@id":"https:\/\/www.noticiasradioreflejos.com.ar\/2021\/#\/schema\/person\/ad82545263dcc5ec0996818884fd5fb1","name":"Arnaldo Botto","image":{"@type":"ImageObject","inLanguage":"es","@id":"https:\/\/www.noticiasradioreflejos.com.ar\/2021\/#\/schema\/person\/image\/","url":"https:\/\/secure.gravatar.com\/avatar\/55cb5e37c1efa326397366e6974cb338056df65cb50e7d64d1cf314e87504837?s=96&d=mm&r=g","contentUrl":"https:\/\/secure.gravatar.com\/avatar\/55cb5e37c1efa326397366e6974cb338056df65cb50e7d64d1cf314e87504837?s=96&d=mm&r=g","caption":"Arnaldo Botto"},"url":"https:\/\/www.noticiasradioreflejos.com.ar\/2021\/author\/arnaldo\/"}]}},"_links":{"self":[{"href":"https:\/\/www.noticiasradioreflejos.com.ar\/2021\/wp-json\/wp\/v2\/posts\/91412","targetHints":{"allow":["GET"]}}],"collection":[{"href":"https:\/\/www.noticiasradioreflejos.com.ar\/2021\/wp-json\/wp\/v2\/posts"}],"about":[{"href":"https:\/\/www.noticiasradioreflejos.com.ar\/2021\/wp-json\/wp\/v2\/types\/post"}],"author":[{"embeddable":true,"href":"https:\/\/www.noticiasradioreflejos.com.ar\/2021\/wp-json\/wp\/v2\/users\/3"}],"replies":[{"embeddable":true,"href":"https:\/\/www.noticiasradioreflejos.com.ar\/2021\/wp-json\/wp\/v2\/comments?post=91412"}],"version-history":[{"count":1,"href":"https:\/\/www.noticiasradioreflejos.com.ar\/2021\/wp-json\/wp\/v2\/posts\/91412\/revisions"}],"predecessor-version":[{"id":91413,"href":"https:\/\/www.noticiasradioreflejos.com.ar\/2021\/wp-json\/wp\/v2\/posts\/91412\/revisions\/91413"}],"wp:attachment":[{"href":"https:\/\/www.noticiasradioreflejos.com.ar\/2021\/wp-json\/wp\/v2\/media?parent=91412"}],"wp:term":[{"taxonomy":"category","embeddable":true,"href":"https:\/\/www.noticiasradioreflejos.com.ar\/2021\/wp-json\/wp\/v2\/categories?post=91412"},{"taxonomy":"post_tag","embeddable":true,"href":"https:\/\/www.noticiasradioreflejos.com.ar\/2021\/wp-json\/wp\/v2\/tags?post=91412"}],"curies":[{"name":"wp","href":"https:\/\/api.w.org\/{rel}","templated":true}]}}