{"id":91410,"date":"2023-08-09T17:22:07","date_gmt":"2023-08-09T17:22:07","guid":{"rendered":"https:\/\/www.noticiasradioreflejos.com.ar\/2021\/?p=91410"},"modified":"2023-08-11T00:08:34","modified_gmt":"2023-08-11T00:08:34","slug":"allanamiento-positivo-por-hurto-y-estafa-en-sierra-de-la-ventana","status":"publish","type":"post","link":"https:\/\/www.noticiasradioreflejos.com.ar\/2021\/allanamiento-positivo-por-hurto-y-estafa-en-sierra-de-la-ventana\/","title":{"rendered":"Allanamiento positivo por hurto y estafa en Sierra de la Ventana"},"content":{"rendered":"<p>La secretaria de seguridad del partido de Tornquist, informa respecto del allanamiento llevado a cabo el d\u00eda viernes 4 de agosto del corriente a\u00f1o en el domicilio de av. San Martin n\u00b0 111, que se diligenci\u00f3 a ra\u00edz de una denuncia de \u201churto-estafa\u201d de una tarjeta de d\u00e9bito en el cajero autom\u00e1tico del banco provincia de buenos aires de este medio.<!--more--><\/p>\n<p>Que, a ra\u00edz del trabajo investigativo llevado adelante por parte del personal policial de la subestaci\u00f3n de polic\u00eda de sierra de la ventana, logran probar la autor\u00eda del hecho, siendo cometido por el ciudadano <strong>Maximiliano Viera<\/strong>, quien, al ingresar al cajero de esta sucursal bancaria, da cuenta que la se\u00f1ora damnificada, quien sali\u00f3 momentos antes de dicho cajero, se hab\u00eda olvidado la sesi\u00f3n abierta. haciendo propicia la oportunidad para extraerle dinero en efectivo de su cuenta y, posteriormente, hurtar dicha tarjeta para, momentos m\u00e1s tarde, realizar varias transacciones en distintos comercios, por un monto aproximado de 200.000 pesos argentinos.<\/p>\n<p>que dicho allanamiento arroja <strong>resultados positivos,<\/strong> hallando en el domicilio la totalidad de las prendas utilizadas por el imputado viera al momento de realizar el hecho delictivo, quedando registro en las distintas c\u00e1maras de seguridad del lugar.<\/p>\n<p>En este momento se hace oportuno aclarar desde esta secretaria, que el local comercial <strong>\u201cSara\u2019s Home &amp; Deco\u201d<\/strong> de este medio, no tuvo relaci\u00f3n directa con el hecho delictivo, que la confusi\u00f3n se gener\u00f3 a ra\u00edz de una mala interpretaci\u00f3n de los medios de comunicaci\u00f3n locales, ya que la diligencia llevada a cabo se realiz\u00f3 en el domicilio de Viera, el cual se encuentra ubicado sobre dicho local comercial y a la vivienda se ingresa a trav\u00e9s del mismo.<\/p>\n<p>&nbsp;<\/p>\n","protected":false},"excerpt":{"rendered":"<p>La secretaria de seguridad del partido de Tornquist, informa respecto del allanamiento llevado a cabo el d\u00eda viernes 4 de agosto del corriente a\u00f1o en el domicilio de av. San Martin n\u00b0 111, que se diligenci\u00f3 a ra\u00edz de una denuncia de \u201churto-estafa\u201d de una tarjeta de d\u00e9bito en el cajero autom\u00e1tico del banco provincia [&hellip;]<\/p>\n","protected":false},"author":3,"featured_media":86579,"comment_status":"closed","ping_status":"closed","sticky":false,"template":"","format":"standard","meta":{"footnotes":""},"categories":[29],"tags":[48],"class_list":["post-91410","post","type-post","status-publish","format-standard","has-post-thumbnail","hentry","category-policiales","tag-destacada"],"yoast_head":"<!-- This site is optimized with the Yoast SEO plugin v25.9 - https:\/\/yoast.com\/wordpress\/plugins\/seo\/ -->\n<title>Allanamiento positivo por hurto y estafa en Sierra de la Ventana - Noticias Radio Reflejos<\/title>\n<meta name=\"robots\" content=\"index, follow, max-snippet:-1, max-image-preview:large, max-video-preview:-1\" \/>\n<link rel=\"canonical\" href=\"https:\/\/www.noticiasradioreflejos.com.ar\/2021\/allanamiento-positivo-por-hurto-y-estafa-en-sierra-de-la-ventana\/\" \/>\n<meta property=\"og:locale\" content=\"es_ES\" \/>\n<meta property=\"og:type\" content=\"article\" \/>\n<meta property=\"og:title\" content=\"Allanamiento positivo por hurto y estafa en Sierra de la Ventana - Noticias Radio Reflejos\" \/>\n<meta property=\"og:description\" content=\"La secretaria de seguridad del partido de Tornquist, informa respecto del allanamiento llevado a cabo el d\u00eda viernes 4 de agosto del corriente a\u00f1o en el domicilio de av. San Martin n\u00b0 111, que se diligenci\u00f3 a ra\u00edz de una denuncia de \u201churto-estafa\u201d de una tarjeta de d\u00e9bito en el cajero autom\u00e1tico del banco provincia [&hellip;]\" \/>\n<meta property=\"og:url\" content=\"https:\/\/www.noticiasradioreflejos.com.ar\/2021\/allanamiento-positivo-por-hurto-y-estafa-en-sierra-de-la-ventana\/\" \/>\n<meta property=\"og:site_name\" content=\"Noticias Radio Reflejos\" \/>\n<meta property=\"article:published_time\" content=\"2023-08-09T17:22:07+00:00\" \/>\n<meta property=\"article:modified_time\" content=\"2023-08-11T00:08:34+00:00\" \/>\n<meta property=\"og:image\" content=\"https:\/\/www.noticiasradioreflejos.com.ar\/2021\/wp-content\/uploads\/2023\/04\/sierra-inestable-2.jpeg\" \/>\n\t<meta property=\"og:image:width\" content=\"1600\" \/>\n\t<meta property=\"og:image:height\" content=\"1197\" \/>\n\t<meta property=\"og:image:type\" content=\"image\/jpeg\" \/>\n<meta name=\"author\" content=\"Arnaldo Botto\" \/>\n<meta name=\"twitter:card\" content=\"summary_large_image\" \/>\n<script type=\"application\/ld+json\" class=\"yoast-schema-graph\">{\"@context\":\"https:\/\/schema.org\",\"@graph\":[{\"@type\":\"WebPage\",\"@id\":\"https:\/\/www.noticiasradioreflejos.com.ar\/2021\/allanamiento-positivo-por-hurto-y-estafa-en-sierra-de-la-ventana\/\",\"url\":\"https:\/\/www.noticiasradioreflejos.com.ar\/2021\/allanamiento-positivo-por-hurto-y-estafa-en-sierra-de-la-ventana\/\",\"name\":\"Allanamiento positivo por hurto y estafa en Sierra de la Ventana - Noticias Radio Reflejos\",\"isPartOf\":{\"@id\":\"https:\/\/www.noticiasradioreflejos.com.ar\/2021\/#website\"},\"primaryImageOfPage\":{\"@id\":\"https:\/\/www.noticiasradioreflejos.com.ar\/2021\/allanamiento-positivo-por-hurto-y-estafa-en-sierra-de-la-ventana\/#primaryimage\"},\"image\":{\"@id\":\"https:\/\/www.noticiasradioreflejos.com.ar\/2021\/allanamiento-positivo-por-hurto-y-estafa-en-sierra-de-la-ventana\/#primaryimage\"},\"thumbnailUrl\":\"https:\/\/www.noticiasradioreflejos.com.ar\/2021\/wp-content\/uploads\/2023\/04\/sierra-inestable-2.jpeg\",\"datePublished\":\"2023-08-09T17:22:07+00:00\",\"dateModified\":\"2023-08-11T00:08:34+00:00\",\"author\":{\"@id\":\"https:\/\/www.noticiasradioreflejos.com.ar\/2021\/#\/schema\/person\/ad82545263dcc5ec0996818884fd5fb1\"},\"breadcrumb\":{\"@id\":\"https:\/\/www.noticiasradioreflejos.com.ar\/2021\/allanamiento-positivo-por-hurto-y-estafa-en-sierra-de-la-ventana\/#breadcrumb\"},\"inLanguage\":\"es\",\"potentialAction\":[{\"@type\":\"ReadAction\",\"target\":[\"https:\/\/www.noticiasradioreflejos.com.ar\/2021\/allanamiento-positivo-por-hurto-y-estafa-en-sierra-de-la-ventana\/\"]}]},{\"@type\":\"ImageObject\",\"inLanguage\":\"es\",\"@id\":\"https:\/\/www.noticiasradioreflejos.com.ar\/2021\/allanamiento-positivo-por-hurto-y-estafa-en-sierra-de-la-ventana\/#primaryimage\",\"url\":\"https:\/\/www.noticiasradioreflejos.com.ar\/2021\/wp-content\/uploads\/2023\/04\/sierra-inestable-2.jpeg\",\"contentUrl\":\"https:\/\/www.noticiasradioreflejos.com.ar\/2021\/wp-content\/uploads\/2023\/04\/sierra-inestable-2.jpeg\",\"width\":1600,\"height\":1197},{\"@type\":\"BreadcrumbList\",\"@id\":\"https:\/\/www.noticiasradioreflejos.com.ar\/2021\/allanamiento-positivo-por-hurto-y-estafa-en-sierra-de-la-ventana\/#breadcrumb\",\"itemListElement\":[{\"@type\":\"ListItem\",\"position\":1,\"name\":\"Portada\",\"item\":\"https:\/\/www.noticiasradioreflejos.com.ar\/2021\/\"},{\"@type\":\"ListItem\",\"position\":2,\"name\":\"Allanamiento positivo por hurto y estafa en Sierra de la Ventana\"}]},{\"@type\":\"WebSite\",\"@id\":\"https:\/\/www.noticiasradioreflejos.com.ar\/2021\/#website\",\"url\":\"https:\/\/www.noticiasradioreflejos.com.ar\/2021\/\",\"name\":\"Noticias Radio Reflejos\",\"description\":\"Las noticias de mi comarca\",\"potentialAction\":[{\"@type\":\"SearchAction\",\"target\":{\"@type\":\"EntryPoint\",\"urlTemplate\":\"https:\/\/www.noticiasradioreflejos.com.ar\/2021\/?s={search_term_string}\"},\"query-input\":{\"@type\":\"PropertyValueSpecification\",\"valueRequired\":true,\"valueName\":\"search_term_string\"}}],\"inLanguage\":\"es\"},{\"@type\":\"Person\",\"@id\":\"https:\/\/www.noticiasradioreflejos.com.ar\/2021\/#\/schema\/person\/ad82545263dcc5ec0996818884fd5fb1\",\"name\":\"Arnaldo Botto\",\"image\":{\"@type\":\"ImageObject\",\"inLanguage\":\"es\",\"@id\":\"https:\/\/www.noticiasradioreflejos.com.ar\/2021\/#\/schema\/person\/image\/\",\"url\":\"https:\/\/secure.gravatar.com\/avatar\/55cb5e37c1efa326397366e6974cb338056df65cb50e7d64d1cf314e87504837?s=96&d=mm&r=g\",\"contentUrl\":\"https:\/\/secure.gravatar.com\/avatar\/55cb5e37c1efa326397366e6974cb338056df65cb50e7d64d1cf314e87504837?s=96&d=mm&r=g\",\"caption\":\"Arnaldo Botto\"},\"url\":\"https:\/\/www.noticiasradioreflejos.com.ar\/2021\/author\/arnaldo\/\"}]}<\/script>\n<!-- \/ Yoast SEO plugin. -->","yoast_head_json":{"title":"Allanamiento positivo por hurto y estafa en Sierra de la Ventana - Noticias Radio Reflejos","robots":{"index":"index","follow":"follow","max-snippet":"max-snippet:-1","max-image-preview":"max-image-preview:large","max-video-preview":"max-video-preview:-1"},"canonical":"https:\/\/www.noticiasradioreflejos.com.ar\/2021\/allanamiento-positivo-por-hurto-y-estafa-en-sierra-de-la-ventana\/","og_locale":"es_ES","og_type":"article","og_title":"Allanamiento positivo por hurto y estafa en Sierra de la Ventana - Noticias Radio Reflejos","og_description":"La secretaria de seguridad del partido de Tornquist, informa respecto del allanamiento llevado a cabo el d\u00eda viernes 4 de agosto del corriente a\u00f1o en el domicilio de av. San Martin n\u00b0 111, que se diligenci\u00f3 a ra\u00edz de una denuncia de \u201churto-estafa\u201d de una tarjeta de d\u00e9bito en el cajero autom\u00e1tico del banco provincia [&hellip;]","og_url":"https:\/\/www.noticiasradioreflejos.com.ar\/2021\/allanamiento-positivo-por-hurto-y-estafa-en-sierra-de-la-ventana\/","og_site_name":"Noticias Radio Reflejos","article_published_time":"2023-08-09T17:22:07+00:00","article_modified_time":"2023-08-11T00:08:34+00:00","og_image":[{"width":1600,"height":1197,"url":"https:\/\/www.noticiasradioreflejos.com.ar\/2021\/wp-content\/uploads\/2023\/04\/sierra-inestable-2.jpeg","type":"image\/jpeg"}],"author":"Arnaldo Botto","twitter_card":"summary_large_image","schema":{"@context":"https:\/\/schema.org","@graph":[{"@type":"WebPage","@id":"https:\/\/www.noticiasradioreflejos.com.ar\/2021\/allanamiento-positivo-por-hurto-y-estafa-en-sierra-de-la-ventana\/","url":"https:\/\/www.noticiasradioreflejos.com.ar\/2021\/allanamiento-positivo-por-hurto-y-estafa-en-sierra-de-la-ventana\/","name":"Allanamiento positivo por hurto y estafa en Sierra de la Ventana - Noticias Radio Reflejos","isPartOf":{"@id":"https:\/\/www.noticiasradioreflejos.com.ar\/2021\/#website"},"primaryImageOfPage":{"@id":"https:\/\/www.noticiasradioreflejos.com.ar\/2021\/allanamiento-positivo-por-hurto-y-estafa-en-sierra-de-la-ventana\/#primaryimage"},"image":{"@id":"https:\/\/www.noticiasradioreflejos.com.ar\/2021\/allanamiento-positivo-por-hurto-y-estafa-en-sierra-de-la-ventana\/#primaryimage"},"thumbnailUrl":"https:\/\/www.noticiasradioreflejos.com.ar\/2021\/wp-content\/uploads\/2023\/04\/sierra-inestable-2.jpeg","datePublished":"2023-08-09T17:22:07+00:00","dateModified":"2023-08-11T00:08:34+00:00","author":{"@id":"https:\/\/www.noticiasradioreflejos.com.ar\/2021\/#\/schema\/person\/ad82545263dcc5ec0996818884fd5fb1"},"breadcrumb":{"@id":"https:\/\/www.noticiasradioreflejos.com.ar\/2021\/allanamiento-positivo-por-hurto-y-estafa-en-sierra-de-la-ventana\/#breadcrumb"},"inLanguage":"es","potentialAction":[{"@type":"ReadAction","target":["https:\/\/www.noticiasradioreflejos.com.ar\/2021\/allanamiento-positivo-por-hurto-y-estafa-en-sierra-de-la-ventana\/"]}]},{"@type":"ImageObject","inLanguage":"es","@id":"https:\/\/www.noticiasradioreflejos.com.ar\/2021\/allanamiento-positivo-por-hurto-y-estafa-en-sierra-de-la-ventana\/#primaryimage","url":"https:\/\/www.noticiasradioreflejos.com.ar\/2021\/wp-content\/uploads\/2023\/04\/sierra-inestable-2.jpeg","contentUrl":"https:\/\/www.noticiasradioreflejos.com.ar\/2021\/wp-content\/uploads\/2023\/04\/sierra-inestable-2.jpeg","width":1600,"height":1197},{"@type":"BreadcrumbList","@id":"https:\/\/www.noticiasradioreflejos.com.ar\/2021\/allanamiento-positivo-por-hurto-y-estafa-en-sierra-de-la-ventana\/#breadcrumb","itemListElement":[{"@type":"ListItem","position":1,"name":"Portada","item":"https:\/\/www.noticiasradioreflejos.com.ar\/2021\/"},{"@type":"ListItem","position":2,"name":"Allanamiento positivo por hurto y estafa en Sierra de la Ventana"}]},{"@type":"WebSite","@id":"https:\/\/www.noticiasradioreflejos.com.ar\/2021\/#website","url":"https:\/\/www.noticiasradioreflejos.com.ar\/2021\/","name":"Noticias Radio Reflejos","description":"Las noticias de mi comarca","potentialAction":[{"@type":"SearchAction","target":{"@type":"EntryPoint","urlTemplate":"https:\/\/www.noticiasradioreflejos.com.ar\/2021\/?s={search_term_string}"},"query-input":{"@type":"PropertyValueSpecification","valueRequired":true,"valueName":"search_term_string"}}],"inLanguage":"es"},{"@type":"Person","@id":"https:\/\/www.noticiasradioreflejos.com.ar\/2021\/#\/schema\/person\/ad82545263dcc5ec0996818884fd5fb1","name":"Arnaldo Botto","image":{"@type":"ImageObject","inLanguage":"es","@id":"https:\/\/www.noticiasradioreflejos.com.ar\/2021\/#\/schema\/person\/image\/","url":"https:\/\/secure.gravatar.com\/avatar\/55cb5e37c1efa326397366e6974cb338056df65cb50e7d64d1cf314e87504837?s=96&d=mm&r=g","contentUrl":"https:\/\/secure.gravatar.com\/avatar\/55cb5e37c1efa326397366e6974cb338056df65cb50e7d64d1cf314e87504837?s=96&d=mm&r=g","caption":"Arnaldo Botto"},"url":"https:\/\/www.noticiasradioreflejos.com.ar\/2021\/author\/arnaldo\/"}]}},"_links":{"self":[{"href":"https:\/\/www.noticiasradioreflejos.com.ar\/2021\/wp-json\/wp\/v2\/posts\/91410","targetHints":{"allow":["GET"]}}],"collection":[{"href":"https:\/\/www.noticiasradioreflejos.com.ar\/2021\/wp-json\/wp\/v2\/posts"}],"about":[{"href":"https:\/\/www.noticiasradioreflejos.com.ar\/2021\/wp-json\/wp\/v2\/types\/post"}],"author":[{"embeddable":true,"href":"https:\/\/www.noticiasradioreflejos.com.ar\/2021\/wp-json\/wp\/v2\/users\/3"}],"replies":[{"embeddable":true,"href":"https:\/\/www.noticiasradioreflejos.com.ar\/2021\/wp-json\/wp\/v2\/comments?post=91410"}],"version-history":[{"count":1,"href":"https:\/\/www.noticiasradioreflejos.com.ar\/2021\/wp-json\/wp\/v2\/posts\/91410\/revisions"}],"predecessor-version":[{"id":91411,"href":"https:\/\/www.noticiasradioreflejos.com.ar\/2021\/wp-json\/wp\/v2\/posts\/91410\/revisions\/91411"}],"wp:featuredmedia":[{"embeddable":true,"href":"https:\/\/www.noticiasradioreflejos.com.ar\/2021\/wp-json\/wp\/v2\/media\/86579"}],"wp:attachment":[{"href":"https:\/\/www.noticiasradioreflejos.com.ar\/2021\/wp-json\/wp\/v2\/media?parent=91410"}],"wp:term":[{"taxonomy":"category","embeddable":true,"href":"https:\/\/www.noticiasradioreflejos.com.ar\/2021\/wp-json\/wp\/v2\/categories?post=91410"},{"taxonomy":"post_tag","embeddable":true,"href":"https:\/\/www.noticiasradioreflejos.com.ar\/2021\/wp-json\/wp\/v2\/tags?post=91410"}],"curies":[{"name":"wp","href":"https:\/\/api.w.org\/{rel}","templated":true}]}}