{"id":91407,"date":"2023-08-09T17:16:34","date_gmt":"2023-08-09T17:16:34","guid":{"rendered":"https:\/\/www.noticiasradioreflejos.com.ar\/2021\/?p=91407"},"modified":"2023-08-09T17:16:34","modified_gmt":"2023-08-09T17:16:34","slug":"una-nena-de-11-anos-muere-tras-ser-atacada-por-motochorros-cuando-llegaba-a-la-escuela-en-lanus","status":"publish","type":"post","link":"https:\/\/www.noticiasradioreflejos.com.ar\/2021\/una-nena-de-11-anos-muere-tras-ser-atacada-por-motochorros-cuando-llegaba-a-la-escuela-en-lanus\/","title":{"rendered":"Una nena de 11 a\u00f1os muere tras ser atacada por motochorros cuando llegaba a la escuela en Lan\u00fas"},"content":{"rendered":"<p>Una ni\u00f1a de 11 a\u00f1os muri\u00f3 hoy luego de ser v\u00edctima de un asalto cometido por motochorros que la atacaron y arrastraron para robarle sus pertenencias cuando llegaba caminando al colegio en el partido bonaerense de Lan\u00fas y por el caso esta tarde qued\u00f3 aprehendido un adolescente de 14 a\u00f1os, informaron fuentes policiales, judiciales y del municipio.<!--more--><\/p>\n<p>El sospechoso, que por su edad es inimputable, qued\u00f3 alojado en la comisar\u00eda 5ta. de Lan\u00fas, ubicada en la calle Warnes al 3000 de Villa Diamante, donde esta tarde estaba la c\u00fapula policial y el ministro de Seguridad bonaerense, Sergio Berni, y quedar\u00e1 a disposici\u00f3n del Fuero Penal Juvenil de Lomas de Zamora.<\/p>\n<p>En tanto, allegados a la v\u00edctima convocaron a una movilizaci\u00f3n esta tarde para reclamar justicia por la muerte de la ni\u00f1a, identificada como Morena Dom\u00ednguez, y m\u00e1s seguridad en la zona.<\/p>\n<p>El hecho ocurri\u00f3 minutos antes de las 7.30 de esta ma\u00f1ana, cuando la ni\u00f1a fue asaltada en momentos en que llegaba a la Escuela Almafuerte N\u00b0 60, situada en la calle Molinedo al 3200, de la localidad de Villa Diamante, partido de Lan\u00fas.<\/p>\n<p><a title=\"53868ba5ae6badd7d1c5f749476a2a1a\" href=\"https:\/\/www.flickr.com\/photos\/182279889@N02\/53104297542\/in\/dateposted-public\/\" data-flickr-embed=\"true\" data-footer=\"true\"><img loading=\"lazy\" decoding=\"async\" src=\"https:\/\/live.staticflickr.com\/31337\/53104297542_40a26f7db3_c.jpg\" alt=\"53868ba5ae6badd7d1c5f749476a2a1a\" width=\"800\" height=\"450\" \/><\/a><script async src=\"\/\/embedr.flickr.com\/assets\/client-code.js\" charset=\"utf-8\"><\/script><\/p>\n<p>La secuencia qued\u00f3 grabada por una c\u00e1mara de seguridad que se convirti\u00f3 en una prueba clave de una causa que, seg\u00fan las fuentes, terminar\u00e1 caratulada como homicidio.<\/p>\n<p>En el video se observa que Morena cae al asfalto cuando es abordada por los dos motochorros, tras lo cual el que viajaba como acompa\u00f1ante se baj\u00f3 para agarrar alguna de sus pertenencias y luego volvi\u00f3 a abordar el veh\u00edculo para escapar.<\/p>\n<p><a title=\"09-08-2023_una_nena_de_11_anios\" href=\"https:\/\/www.flickr.com\/photos\/182279889@N02\/53105072114\/in\/dateposted-public\/\" data-flickr-embed=\"true\" data-footer=\"true\"><img loading=\"lazy\" decoding=\"async\" src=\"https:\/\/live.staticflickr.com\/65535\/53105072114_d1dd62e0cd_c.jpg\" alt=\"09-08-2023_una_nena_de_11_anios\" width=\"800\" height=\"533\" \/><\/a><script async src=\"\/\/embedr.flickr.com\/assets\/client-code.js\" charset=\"utf-8\"><\/script><\/p>\n<p>Un automovilista que fue testigo de la secuencia, intent\u00f3 encerrar a los delincuentes, que tambi\u00e9n fueron corridos por un barrendero, pero \u00e9stos lograron escapar del lugar a toda velocidad, seg\u00fan qued\u00f3 tambi\u00e9n registrado por la c\u00e1mara.<\/p>\n<p>\u00abVeo que una nena est\u00e1 colgada de una moto, luchando con la mochila. Tiro el auto encima, no para pegarle porque estaba la nena. Se suben arriba de la vereda y me apuntan con un rev\u00f3lver. No llegu\u00e9 a ver si ten\u00edan patente. Despu\u00e9s volv\u00ed y hab\u00eda otro se\u00f1or que la ayudaba. No la vi desvanecida, la vi mareada. No vi si se cay\u00f3 al piso. Cuando se cae, yo ya hab\u00eda pasado. Todos los d\u00edas est\u00e1n robando ac\u00e1\u00bb, asegur\u00f3 esta ma\u00f1ana uno de los hombres que quiso ayudar a Morena, quien se identific\u00f3 como Dami\u00e1n.<\/p>\n<p>Tambi\u00e9n se vio que, luego de la huida de los delincuentes, un hombre se acerc\u00f3 a asistir a la v\u00edctima, pero la ni\u00f1a qued\u00f3 sentada en el asfalto sin poder reincorporarse.<\/p>\n<p>Fuentes policiales indicaron que, en la ca\u00edda, la chica se golpe\u00f3 en la cabeza y que ello pudo tener relaci\u00f3n con el cuadro que presentaba cuando lleg\u00f3 la ambulancia del SAME.<\/p>\n<p>Morena se descompens\u00f3 mientras esperaba la asistencia y, cuando lleg\u00f3 la ambulancia, el m\u00e9dico realiz\u00f3 maniobras de reanimaci\u00f3n y la trasladaron en estado cr\u00edtico al Hospital Evita, donde falleci\u00f3 producto de un paro cardiorrespiratorio, seg\u00fan inform\u00f3 la polic\u00eda.<\/p>\n<p>El caso es investigado por la fiscal Silvia Bussano, de la Unidad Funcional de Instrucci\u00f3n (UFI) 7 de Lan\u00fas, quien concurri\u00f3 esta ma\u00f1ana al lugar del hecho para impartir las directivas de la investigaci\u00f3n.<\/p>\n<p>La fiscal dispuso adem\u00e1s que el cuerpo de la v\u00edctima sea trasladado a la morgue judicial de Lomas de Zamora, donde se intentar\u00e1 determinar si la causa del deceso est\u00e1 vinculada a alg\u00fan traumatismo de cr\u00e1neo o a otro motivo.<\/p>\n<p>Voceros tanto policiales, como judiciales y municipales confirmaron este mediod\u00eda que un adolescente de 14 a\u00f1os qued\u00f3 aprehendido en el marco de la causa, y que hay otro sospechoso que a\u00fan falta detener, identificado como el presunto c\u00f3mplice.<\/p>\n<p>Diego Kravetz, secretario de Seguridad e intendente interino de Lan\u00fas, dijo mediante un comunicado difundido en sus redes sociales que el municipio y la polic\u00eda est\u00e1n realizando un seguimiento de las c\u00e1maras de seguridad del barrio y alrededores para dar con los sospechosos.<\/p>\n<p>\u00abCuando los malvivientes le sustraen el tel\u00e9fono celular le ocasionan un golpe en la cabeza que la deja inconsciente, la ambulancia del SAME la intenta reanimar en el lugar y la traslada en estado cr\u00edtico al Htal. Evita donde fallece 20 minutos despu\u00e9s de haber ingresado\u00bb, tuite\u00f3 el funcionario, quien agreg\u00f3 que en ese mismo barrio, hace un mes, \u00e9l mismo detuvo a un \u00abmotochorro\u00bb que intent\u00f3 robarle a un vecino.<\/p>\n<p>En tanto, N\u00e9stor Grindetti, intendente en licencia de Lan\u00fas y precandidato a gobernador bonaerense por Juntos por el Cambio, tambi\u00e9n se expres\u00f3 en sus redes sociales: \u00abOtro lamentable hecho de inseguridad que nos conmociona y nos entristece terriblemente. Mi acompa\u00f1amiento a la familia de Morena. Est\u00e1 todo el equipo de seguridad del Municipio de Lan\u00fas trabajando para dar con los responsables\u00bb, sostuvo.<\/p>\n<p>A ra\u00edz de este hecho, Grindetti y Kravetz suspendieron hoy su agenda de actividades proselitistas de cara a las PASO del domingo.<\/p>\n<p>Por su parte, allegados a la ni\u00f1a informaron que esta tarde, a partir de las 15, realizar\u00e1n una concentraci\u00f3n en la Plaza Giardino, ubicada en la calle San Vladimiro 5540 de Lan\u00fas, para pedir justicia por Morena y m\u00e1s seguridad en la zona.<\/p>\n<p>Florencia, madre de una compa\u00f1era de Morena, relat\u00f3 al canal Todo Noticias que, luego del ataque, intentaron reanimar a la ni\u00f1a pero que estaba inconsciente.<\/p>\n<p>\u00abYo estaba en la puerta del colegio, se escuchan los gritos, me acerco, la nena ya estaba tirada en el piso, estaba consciente como lo ven en el video. Le arrebatan el celular y el barrendero es quien la rescata y pega el grito de ayuda. S\u00e9 que le pegan dos pi\u00f1as en el est\u00f3mago a la nena, le arrebatan el celular y la arrastran. La levantamos y la llevamos al colegio. Despu\u00e9s, la nena ya estaba inconsciente y no respond\u00eda\u00bb, concluy\u00f3 la mujer, acongojada.<\/p>\n","protected":false},"excerpt":{"rendered":"<p>Una ni\u00f1a de 11 a\u00f1os muri\u00f3 hoy luego de ser v\u00edctima de un asalto cometido por motochorros que la atacaron y arrastraron para robarle sus pertenencias cuando llegaba caminando al colegio en el partido bonaerense de Lan\u00fas y por el caso esta tarde qued\u00f3 aprehendido un adolescente de 14 a\u00f1os, informaron fuentes policiales, judiciales y [&hellip;]<\/p>\n","protected":false},"author":3,"featured_media":0,"comment_status":"closed","ping_status":"closed","sticky":false,"template":"","format":"standard","meta":{"footnotes":""},"categories":[1],"tags":[48],"class_list":["post-91407","post","type-post","status-publish","format-standard","hentry","category-sin-categoria","tag-destacada"],"yoast_head":"<!-- This site is optimized with the Yoast SEO plugin v25.9 - https:\/\/yoast.com\/wordpress\/plugins\/seo\/ -->\n<title>Una nena de 11 a\u00f1os muere tras ser atacada por motochorros cuando llegaba a la escuela en Lan\u00fas - Noticias Radio Reflejos<\/title>\n<meta name=\"robots\" content=\"index, follow, max-snippet:-1, max-image-preview:large, max-video-preview:-1\" \/>\n<link rel=\"canonical\" href=\"https:\/\/www.noticiasradioreflejos.com.ar\/2021\/una-nena-de-11-anos-muere-tras-ser-atacada-por-motochorros-cuando-llegaba-a-la-escuela-en-lanus\/\" \/>\n<meta property=\"og:locale\" content=\"es_ES\" \/>\n<meta property=\"og:type\" content=\"article\" \/>\n<meta property=\"og:title\" content=\"Una nena de 11 a\u00f1os muere tras ser atacada por motochorros cuando llegaba a la escuela en Lan\u00fas - Noticias Radio Reflejos\" \/>\n<meta property=\"og:description\" content=\"Una ni\u00f1a de 11 a\u00f1os muri\u00f3 hoy luego de ser v\u00edctima de un asalto cometido por motochorros que la atacaron y arrastraron para robarle sus pertenencias cuando llegaba caminando al colegio en el partido bonaerense de Lan\u00fas y por el caso esta tarde qued\u00f3 aprehendido un adolescente de 14 a\u00f1os, informaron fuentes policiales, judiciales y [&hellip;]\" \/>\n<meta property=\"og:url\" content=\"https:\/\/www.noticiasradioreflejos.com.ar\/2021\/una-nena-de-11-anos-muere-tras-ser-atacada-por-motochorros-cuando-llegaba-a-la-escuela-en-lanus\/\" \/>\n<meta property=\"og:site_name\" content=\"Noticias Radio Reflejos\" \/>\n<meta property=\"article:published_time\" content=\"2023-08-09T17:16:34+00:00\" \/>\n<meta property=\"og:image\" content=\"https:\/\/live.staticflickr.com\/31337\/53104297542_40a26f7db3_c.jpg\" \/>\n<meta name=\"author\" content=\"Arnaldo Botto\" \/>\n<meta name=\"twitter:card\" content=\"summary_large_image\" \/>\n<script type=\"application\/ld+json\" class=\"yoast-schema-graph\">{\"@context\":\"https:\/\/schema.org\",\"@graph\":[{\"@type\":\"WebPage\",\"@id\":\"https:\/\/www.noticiasradioreflejos.com.ar\/2021\/una-nena-de-11-anos-muere-tras-ser-atacada-por-motochorros-cuando-llegaba-a-la-escuela-en-lanus\/\",\"url\":\"https:\/\/www.noticiasradioreflejos.com.ar\/2021\/una-nena-de-11-anos-muere-tras-ser-atacada-por-motochorros-cuando-llegaba-a-la-escuela-en-lanus\/\",\"name\":\"Una nena de 11 a\u00f1os muere tras ser atacada por motochorros cuando llegaba a la escuela en Lan\u00fas - Noticias Radio Reflejos\",\"isPartOf\":{\"@id\":\"https:\/\/www.noticiasradioreflejos.com.ar\/2021\/#website\"},\"primaryImageOfPage\":{\"@id\":\"https:\/\/www.noticiasradioreflejos.com.ar\/2021\/una-nena-de-11-anos-muere-tras-ser-atacada-por-motochorros-cuando-llegaba-a-la-escuela-en-lanus\/#primaryimage\"},\"image\":{\"@id\":\"https:\/\/www.noticiasradioreflejos.com.ar\/2021\/una-nena-de-11-anos-muere-tras-ser-atacada-por-motochorros-cuando-llegaba-a-la-escuela-en-lanus\/#primaryimage\"},\"thumbnailUrl\":\"https:\/\/live.staticflickr.com\/31337\/53104297542_40a26f7db3_c.jpg\",\"datePublished\":\"2023-08-09T17:16:34+00:00\",\"author\":{\"@id\":\"https:\/\/www.noticiasradioreflejos.com.ar\/2021\/#\/schema\/person\/ad82545263dcc5ec0996818884fd5fb1\"},\"breadcrumb\":{\"@id\":\"https:\/\/www.noticiasradioreflejos.com.ar\/2021\/una-nena-de-11-anos-muere-tras-ser-atacada-por-motochorros-cuando-llegaba-a-la-escuela-en-lanus\/#breadcrumb\"},\"inLanguage\":\"es\",\"potentialAction\":[{\"@type\":\"ReadAction\",\"target\":[\"https:\/\/www.noticiasradioreflejos.com.ar\/2021\/una-nena-de-11-anos-muere-tras-ser-atacada-por-motochorros-cuando-llegaba-a-la-escuela-en-lanus\/\"]}]},{\"@type\":\"ImageObject\",\"inLanguage\":\"es\",\"@id\":\"https:\/\/www.noticiasradioreflejos.com.ar\/2021\/una-nena-de-11-anos-muere-tras-ser-atacada-por-motochorros-cuando-llegaba-a-la-escuela-en-lanus\/#primaryimage\",\"url\":\"https:\/\/live.staticflickr.com\/31337\/53104297542_40a26f7db3_c.jpg\",\"contentUrl\":\"https:\/\/live.staticflickr.com\/31337\/53104297542_40a26f7db3_c.jpg\"},{\"@type\":\"BreadcrumbList\",\"@id\":\"https:\/\/www.noticiasradioreflejos.com.ar\/2021\/una-nena-de-11-anos-muere-tras-ser-atacada-por-motochorros-cuando-llegaba-a-la-escuela-en-lanus\/#breadcrumb\",\"itemListElement\":[{\"@type\":\"ListItem\",\"position\":1,\"name\":\"Portada\",\"item\":\"https:\/\/www.noticiasradioreflejos.com.ar\/2021\/\"},{\"@type\":\"ListItem\",\"position\":2,\"name\":\"Una nena de 11 a\u00f1os muere tras ser atacada por motochorros cuando llegaba a la escuela en Lan\u00fas\"}]},{\"@type\":\"WebSite\",\"@id\":\"https:\/\/www.noticiasradioreflejos.com.ar\/2021\/#website\",\"url\":\"https:\/\/www.noticiasradioreflejos.com.ar\/2021\/\",\"name\":\"Noticias Radio Reflejos\",\"description\":\"Las noticias de mi comarca\",\"potentialAction\":[{\"@type\":\"SearchAction\",\"target\":{\"@type\":\"EntryPoint\",\"urlTemplate\":\"https:\/\/www.noticiasradioreflejos.com.ar\/2021\/?s={search_term_string}\"},\"query-input\":{\"@type\":\"PropertyValueSpecification\",\"valueRequired\":true,\"valueName\":\"search_term_string\"}}],\"inLanguage\":\"es\"},{\"@type\":\"Person\",\"@id\":\"https:\/\/www.noticiasradioreflejos.com.ar\/2021\/#\/schema\/person\/ad82545263dcc5ec0996818884fd5fb1\",\"name\":\"Arnaldo Botto\",\"image\":{\"@type\":\"ImageObject\",\"inLanguage\":\"es\",\"@id\":\"https:\/\/www.noticiasradioreflejos.com.ar\/2021\/#\/schema\/person\/image\/\",\"url\":\"https:\/\/secure.gravatar.com\/avatar\/55cb5e37c1efa326397366e6974cb338056df65cb50e7d64d1cf314e87504837?s=96&d=mm&r=g\",\"contentUrl\":\"https:\/\/secure.gravatar.com\/avatar\/55cb5e37c1efa326397366e6974cb338056df65cb50e7d64d1cf314e87504837?s=96&d=mm&r=g\",\"caption\":\"Arnaldo Botto\"},\"url\":\"https:\/\/www.noticiasradioreflejos.com.ar\/2021\/author\/arnaldo\/\"}]}<\/script>\n<!-- \/ Yoast SEO plugin. -->","yoast_head_json":{"title":"Una nena de 11 a\u00f1os muere tras ser atacada por motochorros cuando llegaba a la escuela en Lan\u00fas - Noticias Radio Reflejos","robots":{"index":"index","follow":"follow","max-snippet":"max-snippet:-1","max-image-preview":"max-image-preview:large","max-video-preview":"max-video-preview:-1"},"canonical":"https:\/\/www.noticiasradioreflejos.com.ar\/2021\/una-nena-de-11-anos-muere-tras-ser-atacada-por-motochorros-cuando-llegaba-a-la-escuela-en-lanus\/","og_locale":"es_ES","og_type":"article","og_title":"Una nena de 11 a\u00f1os muere tras ser atacada por motochorros cuando llegaba a la escuela en Lan\u00fas - Noticias Radio Reflejos","og_description":"Una ni\u00f1a de 11 a\u00f1os muri\u00f3 hoy luego de ser v\u00edctima de un asalto cometido por motochorros que la atacaron y arrastraron para robarle sus pertenencias cuando llegaba caminando al colegio en el partido bonaerense de Lan\u00fas y por el caso esta tarde qued\u00f3 aprehendido un adolescente de 14 a\u00f1os, informaron fuentes policiales, judiciales y [&hellip;]","og_url":"https:\/\/www.noticiasradioreflejos.com.ar\/2021\/una-nena-de-11-anos-muere-tras-ser-atacada-por-motochorros-cuando-llegaba-a-la-escuela-en-lanus\/","og_site_name":"Noticias Radio Reflejos","article_published_time":"2023-08-09T17:16:34+00:00","og_image":[{"url":"https:\/\/live.staticflickr.com\/31337\/53104297542_40a26f7db3_c.jpg","type":"","width":"","height":""}],"author":"Arnaldo Botto","twitter_card":"summary_large_image","schema":{"@context":"https:\/\/schema.org","@graph":[{"@type":"WebPage","@id":"https:\/\/www.noticiasradioreflejos.com.ar\/2021\/una-nena-de-11-anos-muere-tras-ser-atacada-por-motochorros-cuando-llegaba-a-la-escuela-en-lanus\/","url":"https:\/\/www.noticiasradioreflejos.com.ar\/2021\/una-nena-de-11-anos-muere-tras-ser-atacada-por-motochorros-cuando-llegaba-a-la-escuela-en-lanus\/","name":"Una nena de 11 a\u00f1os muere tras ser atacada por motochorros cuando llegaba a la escuela en Lan\u00fas - Noticias Radio Reflejos","isPartOf":{"@id":"https:\/\/www.noticiasradioreflejos.com.ar\/2021\/#website"},"primaryImageOfPage":{"@id":"https:\/\/www.noticiasradioreflejos.com.ar\/2021\/una-nena-de-11-anos-muere-tras-ser-atacada-por-motochorros-cuando-llegaba-a-la-escuela-en-lanus\/#primaryimage"},"image":{"@id":"https:\/\/www.noticiasradioreflejos.com.ar\/2021\/una-nena-de-11-anos-muere-tras-ser-atacada-por-motochorros-cuando-llegaba-a-la-escuela-en-lanus\/#primaryimage"},"thumbnailUrl":"https:\/\/live.staticflickr.com\/31337\/53104297542_40a26f7db3_c.jpg","datePublished":"2023-08-09T17:16:34+00:00","author":{"@id":"https:\/\/www.noticiasradioreflejos.com.ar\/2021\/#\/schema\/person\/ad82545263dcc5ec0996818884fd5fb1"},"breadcrumb":{"@id":"https:\/\/www.noticiasradioreflejos.com.ar\/2021\/una-nena-de-11-anos-muere-tras-ser-atacada-por-motochorros-cuando-llegaba-a-la-escuela-en-lanus\/#breadcrumb"},"inLanguage":"es","potentialAction":[{"@type":"ReadAction","target":["https:\/\/www.noticiasradioreflejos.com.ar\/2021\/una-nena-de-11-anos-muere-tras-ser-atacada-por-motochorros-cuando-llegaba-a-la-escuela-en-lanus\/"]}]},{"@type":"ImageObject","inLanguage":"es","@id":"https:\/\/www.noticiasradioreflejos.com.ar\/2021\/una-nena-de-11-anos-muere-tras-ser-atacada-por-motochorros-cuando-llegaba-a-la-escuela-en-lanus\/#primaryimage","url":"https:\/\/live.staticflickr.com\/31337\/53104297542_40a26f7db3_c.jpg","contentUrl":"https:\/\/live.staticflickr.com\/31337\/53104297542_40a26f7db3_c.jpg"},{"@type":"BreadcrumbList","@id":"https:\/\/www.noticiasradioreflejos.com.ar\/2021\/una-nena-de-11-anos-muere-tras-ser-atacada-por-motochorros-cuando-llegaba-a-la-escuela-en-lanus\/#breadcrumb","itemListElement":[{"@type":"ListItem","position":1,"name":"Portada","item":"https:\/\/www.noticiasradioreflejos.com.ar\/2021\/"},{"@type":"ListItem","position":2,"name":"Una nena de 11 a\u00f1os muere tras ser atacada por motochorros cuando llegaba a la escuela en Lan\u00fas"}]},{"@type":"WebSite","@id":"https:\/\/www.noticiasradioreflejos.com.ar\/2021\/#website","url":"https:\/\/www.noticiasradioreflejos.com.ar\/2021\/","name":"Noticias Radio Reflejos","description":"Las noticias de mi comarca","potentialAction":[{"@type":"SearchAction","target":{"@type":"EntryPoint","urlTemplate":"https:\/\/www.noticiasradioreflejos.com.ar\/2021\/?s={search_term_string}"},"query-input":{"@type":"PropertyValueSpecification","valueRequired":true,"valueName":"search_term_string"}}],"inLanguage":"es"},{"@type":"Person","@id":"https:\/\/www.noticiasradioreflejos.com.ar\/2021\/#\/schema\/person\/ad82545263dcc5ec0996818884fd5fb1","name":"Arnaldo Botto","image":{"@type":"ImageObject","inLanguage":"es","@id":"https:\/\/www.noticiasradioreflejos.com.ar\/2021\/#\/schema\/person\/image\/","url":"https:\/\/secure.gravatar.com\/avatar\/55cb5e37c1efa326397366e6974cb338056df65cb50e7d64d1cf314e87504837?s=96&d=mm&r=g","contentUrl":"https:\/\/secure.gravatar.com\/avatar\/55cb5e37c1efa326397366e6974cb338056df65cb50e7d64d1cf314e87504837?s=96&d=mm&r=g","caption":"Arnaldo Botto"},"url":"https:\/\/www.noticiasradioreflejos.com.ar\/2021\/author\/arnaldo\/"}]}},"_links":{"self":[{"href":"https:\/\/www.noticiasradioreflejos.com.ar\/2021\/wp-json\/wp\/v2\/posts\/91407","targetHints":{"allow":["GET"]}}],"collection":[{"href":"https:\/\/www.noticiasradioreflejos.com.ar\/2021\/wp-json\/wp\/v2\/posts"}],"about":[{"href":"https:\/\/www.noticiasradioreflejos.com.ar\/2021\/wp-json\/wp\/v2\/types\/post"}],"author":[{"embeddable":true,"href":"https:\/\/www.noticiasradioreflejos.com.ar\/2021\/wp-json\/wp\/v2\/users\/3"}],"replies":[{"embeddable":true,"href":"https:\/\/www.noticiasradioreflejos.com.ar\/2021\/wp-json\/wp\/v2\/comments?post=91407"}],"version-history":[{"count":1,"href":"https:\/\/www.noticiasradioreflejos.com.ar\/2021\/wp-json\/wp\/v2\/posts\/91407\/revisions"}],"predecessor-version":[{"id":91409,"href":"https:\/\/www.noticiasradioreflejos.com.ar\/2021\/wp-json\/wp\/v2\/posts\/91407\/revisions\/91409"}],"wp:attachment":[{"href":"https:\/\/www.noticiasradioreflejos.com.ar\/2021\/wp-json\/wp\/v2\/media?parent=91407"}],"wp:term":[{"taxonomy":"category","embeddable":true,"href":"https:\/\/www.noticiasradioreflejos.com.ar\/2021\/wp-json\/wp\/v2\/categories?post=91407"},{"taxonomy":"post_tag","embeddable":true,"href":"https:\/\/www.noticiasradioreflejos.com.ar\/2021\/wp-json\/wp\/v2\/tags?post=91407"}],"curies":[{"name":"wp","href":"https:\/\/api.w.org\/{rel}","templated":true}]}}