{"id":91353,"date":"2023-08-08T16:31:22","date_gmt":"2023-08-08T16:31:22","guid":{"rendered":"https:\/\/www.noticiasradioreflejos.com.ar\/2021\/?p=91353"},"modified":"2023-08-08T16:31:22","modified_gmt":"2023-08-08T16:31:22","slug":"de-enero-a-julio-crecio-mas-del-60-la-cantidad-de-pasajeros-en-el-transporte-interurbano-del-distrito","status":"publish","type":"post","link":"https:\/\/www.noticiasradioreflejos.com.ar\/2021\/de-enero-a-julio-crecio-mas-del-60-la-cantidad-de-pasajeros-en-el-transporte-interurbano-del-distrito\/","title":{"rendered":"De enero a julio, creci\u00f3 m\u00e1s del 60% la cantidad de pasajeros en el transporte interurbano del distrito"},"content":{"rendered":"<p>La Secretar\u00eda de Gobierno y Seguridad de Tornquist Municipio, recibi\u00f3 el informe solicitado a la empresa Via 51 SA respecto a los primeros siete meses a cargo de la concesi\u00f3n del servicio p\u00fablico interurbano de pasajeros del distrito, desde enero a julio del corriente a\u00f1o.<!--more--><\/p>\n<p>En la presentaci\u00f3n, entre datos de relevancia, se destaca que la firma fue introduciendo diferentes cambios que generaron mejoras considerables en el servicio, que tienen como principal resultado el incremento de la cantidad de pasajeros, que pas\u00f3 de 83,19 por d\u00eda en enero a 135 en julio, lo que representa un aumento del 62% en tan solo siete meses.<\/p>\n<p>Una de las m\u00e1s importantes acciones, con la premisa de que, si m\u00e1s viajes se agregan, m\u00e1s necesidades se cubren, fue sumar frecuencias diarias, llegando actualmente a cinco salidas desde Saldungaray y cinco desde Tornquist de lunes a viernes, y cuatro los s\u00e1bados, domingos y feriados. Con esto, quedan cubiertas pr\u00e1cticamente todas las demandas de los diferentes sectores que utilizan el transporte, tales como comercio, salud, educaci\u00f3n y turismo.<\/p>\n<p>Otro de los factores que concret\u00f3 un cambio radical en el servicio, seg\u00fan se desprende del informe, es la utilizaci\u00f3n de unidades de mayor capacidad respecto a los de la prestadora predecesora y en perfecto estado, lo que permite a los usuarios viajar c\u00f3modamente y con un lugar garantizado.<\/p>\n<p>Por \u00faltimo, como paso pr\u00f3ximo, se plantea la posibilidad de coordinar acciones con establecimientos, clubes e instituciones en general a fin de cubrir las necesidades pendientes y que el servicio contin\u00fae ampli\u00e1ndose a\u00fan m\u00e1s, en beneficio de los vecinos y visitantes de gran parte del distrito.<\/p>\n","protected":false},"excerpt":{"rendered":"<p>La Secretar\u00eda de Gobierno y Seguridad de Tornquist Municipio, recibi\u00f3 el informe solicitado a la empresa Via 51 SA respecto a los primeros siete meses a cargo de la concesi\u00f3n del servicio p\u00fablico interurbano de pasajeros del distrito, desde enero a julio del corriente a\u00f1o.<\/p>\n","protected":false},"author":3,"featured_media":91356,"comment_status":"closed","ping_status":"closed","sticky":false,"template":"","format":"standard","meta":{"footnotes":""},"categories":[28],"tags":[],"class_list":["post-91353","post","type-post","status-publish","format-standard","has-post-thumbnail","hentry","category-municipales"],"yoast_head":"<!-- This site is optimized with the Yoast SEO plugin v25.9 - https:\/\/yoast.com\/wordpress\/plugins\/seo\/ -->\n<title>De enero a julio, creci\u00f3 m\u00e1s del 60% la cantidad de pasajeros en el transporte interurbano del distrito - Noticias Radio Reflejos<\/title>\n<meta name=\"robots\" content=\"index, follow, max-snippet:-1, max-image-preview:large, max-video-preview:-1\" \/>\n<link rel=\"canonical\" href=\"https:\/\/www.noticiasradioreflejos.com.ar\/2021\/de-enero-a-julio-crecio-mas-del-60-la-cantidad-de-pasajeros-en-el-transporte-interurbano-del-distrito\/\" \/>\n<meta property=\"og:locale\" content=\"es_ES\" \/>\n<meta property=\"og:type\" content=\"article\" \/>\n<meta property=\"og:title\" content=\"De enero a julio, creci\u00f3 m\u00e1s del 60% la cantidad de pasajeros en el transporte interurbano del distrito - Noticias Radio Reflejos\" \/>\n<meta property=\"og:description\" content=\"La Secretar\u00eda de Gobierno y Seguridad de Tornquist Municipio, recibi\u00f3 el informe solicitado a la empresa Via 51 SA respecto a los primeros siete meses a cargo de la concesi\u00f3n del servicio p\u00fablico interurbano de pasajeros del distrito, desde enero a julio del corriente a\u00f1o.\" \/>\n<meta property=\"og:url\" content=\"https:\/\/www.noticiasradioreflejos.com.ar\/2021\/de-enero-a-julio-crecio-mas-del-60-la-cantidad-de-pasajeros-en-el-transporte-interurbano-del-distrito\/\" \/>\n<meta property=\"og:site_name\" content=\"Noticias Radio Reflejos\" \/>\n<meta property=\"article:published_time\" content=\"2023-08-08T16:31:22+00:00\" \/>\n<meta property=\"og:image\" content=\"https:\/\/www.noticiasradioreflejos.com.ar\/2021\/wp-content\/uploads\/2023\/08\/via51.jpg\" \/>\n\t<meta property=\"og:image:width\" content=\"1200\" \/>\n\t<meta property=\"og:image:height\" content=\"824\" \/>\n\t<meta property=\"og:image:type\" content=\"image\/jpeg\" \/>\n<meta name=\"author\" content=\"Arnaldo Botto\" \/>\n<meta name=\"twitter:card\" content=\"summary_large_image\" \/>\n<script type=\"application\/ld+json\" class=\"yoast-schema-graph\">{\"@context\":\"https:\/\/schema.org\",\"@graph\":[{\"@type\":\"WebPage\",\"@id\":\"https:\/\/www.noticiasradioreflejos.com.ar\/2021\/de-enero-a-julio-crecio-mas-del-60-la-cantidad-de-pasajeros-en-el-transporte-interurbano-del-distrito\/\",\"url\":\"https:\/\/www.noticiasradioreflejos.com.ar\/2021\/de-enero-a-julio-crecio-mas-del-60-la-cantidad-de-pasajeros-en-el-transporte-interurbano-del-distrito\/\",\"name\":\"De enero a julio, creci\u00f3 m\u00e1s del 60% la cantidad de pasajeros en el transporte interurbano del distrito - Noticias Radio Reflejos\",\"isPartOf\":{\"@id\":\"https:\/\/www.noticiasradioreflejos.com.ar\/2021\/#website\"},\"primaryImageOfPage\":{\"@id\":\"https:\/\/www.noticiasradioreflejos.com.ar\/2021\/de-enero-a-julio-crecio-mas-del-60-la-cantidad-de-pasajeros-en-el-transporte-interurbano-del-distrito\/#primaryimage\"},\"image\":{\"@id\":\"https:\/\/www.noticiasradioreflejos.com.ar\/2021\/de-enero-a-julio-crecio-mas-del-60-la-cantidad-de-pasajeros-en-el-transporte-interurbano-del-distrito\/#primaryimage\"},\"thumbnailUrl\":\"https:\/\/www.noticiasradioreflejos.com.ar\/2021\/wp-content\/uploads\/2023\/08\/via51.jpg\",\"datePublished\":\"2023-08-08T16:31:22+00:00\",\"author\":{\"@id\":\"https:\/\/www.noticiasradioreflejos.com.ar\/2021\/#\/schema\/person\/ad82545263dcc5ec0996818884fd5fb1\"},\"breadcrumb\":{\"@id\":\"https:\/\/www.noticiasradioreflejos.com.ar\/2021\/de-enero-a-julio-crecio-mas-del-60-la-cantidad-de-pasajeros-en-el-transporte-interurbano-del-distrito\/#breadcrumb\"},\"inLanguage\":\"es\",\"potentialAction\":[{\"@type\":\"ReadAction\",\"target\":[\"https:\/\/www.noticiasradioreflejos.com.ar\/2021\/de-enero-a-julio-crecio-mas-del-60-la-cantidad-de-pasajeros-en-el-transporte-interurbano-del-distrito\/\"]}]},{\"@type\":\"ImageObject\",\"inLanguage\":\"es\",\"@id\":\"https:\/\/www.noticiasradioreflejos.com.ar\/2021\/de-enero-a-julio-crecio-mas-del-60-la-cantidad-de-pasajeros-en-el-transporte-interurbano-del-distrito\/#primaryimage\",\"url\":\"https:\/\/www.noticiasradioreflejos.com.ar\/2021\/wp-content\/uploads\/2023\/08\/via51.jpg\",\"contentUrl\":\"https:\/\/www.noticiasradioreflejos.com.ar\/2021\/wp-content\/uploads\/2023\/08\/via51.jpg\",\"width\":1200,\"height\":824},{\"@type\":\"BreadcrumbList\",\"@id\":\"https:\/\/www.noticiasradioreflejos.com.ar\/2021\/de-enero-a-julio-crecio-mas-del-60-la-cantidad-de-pasajeros-en-el-transporte-interurbano-del-distrito\/#breadcrumb\",\"itemListElement\":[{\"@type\":\"ListItem\",\"position\":1,\"name\":\"Portada\",\"item\":\"https:\/\/www.noticiasradioreflejos.com.ar\/2021\/\"},{\"@type\":\"ListItem\",\"position\":2,\"name\":\"De enero a julio, creci\u00f3 m\u00e1s del 60% la cantidad de pasajeros en el transporte interurbano del distrito\"}]},{\"@type\":\"WebSite\",\"@id\":\"https:\/\/www.noticiasradioreflejos.com.ar\/2021\/#website\",\"url\":\"https:\/\/www.noticiasradioreflejos.com.ar\/2021\/\",\"name\":\"Noticias Radio Reflejos\",\"description\":\"Las noticias de mi comarca\",\"potentialAction\":[{\"@type\":\"SearchAction\",\"target\":{\"@type\":\"EntryPoint\",\"urlTemplate\":\"https:\/\/www.noticiasradioreflejos.com.ar\/2021\/?s={search_term_string}\"},\"query-input\":{\"@type\":\"PropertyValueSpecification\",\"valueRequired\":true,\"valueName\":\"search_term_string\"}}],\"inLanguage\":\"es\"},{\"@type\":\"Person\",\"@id\":\"https:\/\/www.noticiasradioreflejos.com.ar\/2021\/#\/schema\/person\/ad82545263dcc5ec0996818884fd5fb1\",\"name\":\"Arnaldo Botto\",\"image\":{\"@type\":\"ImageObject\",\"inLanguage\":\"es\",\"@id\":\"https:\/\/www.noticiasradioreflejos.com.ar\/2021\/#\/schema\/person\/image\/\",\"url\":\"https:\/\/secure.gravatar.com\/avatar\/55cb5e37c1efa326397366e6974cb338056df65cb50e7d64d1cf314e87504837?s=96&d=mm&r=g\",\"contentUrl\":\"https:\/\/secure.gravatar.com\/avatar\/55cb5e37c1efa326397366e6974cb338056df65cb50e7d64d1cf314e87504837?s=96&d=mm&r=g\",\"caption\":\"Arnaldo Botto\"},\"url\":\"https:\/\/www.noticiasradioreflejos.com.ar\/2021\/author\/arnaldo\/\"}]}<\/script>\n<!-- \/ Yoast SEO plugin. -->","yoast_head_json":{"title":"De enero a julio, creci\u00f3 m\u00e1s del 60% la cantidad de pasajeros en el transporte interurbano del distrito - Noticias Radio Reflejos","robots":{"index":"index","follow":"follow","max-snippet":"max-snippet:-1","max-image-preview":"max-image-preview:large","max-video-preview":"max-video-preview:-1"},"canonical":"https:\/\/www.noticiasradioreflejos.com.ar\/2021\/de-enero-a-julio-crecio-mas-del-60-la-cantidad-de-pasajeros-en-el-transporte-interurbano-del-distrito\/","og_locale":"es_ES","og_type":"article","og_title":"De enero a julio, creci\u00f3 m\u00e1s del 60% la cantidad de pasajeros en el transporte interurbano del distrito - Noticias Radio Reflejos","og_description":"La Secretar\u00eda de Gobierno y Seguridad de Tornquist Municipio, recibi\u00f3 el informe solicitado a la empresa Via 51 SA respecto a los primeros siete meses a cargo de la concesi\u00f3n del servicio p\u00fablico interurbano de pasajeros del distrito, desde enero a julio del corriente a\u00f1o.","og_url":"https:\/\/www.noticiasradioreflejos.com.ar\/2021\/de-enero-a-julio-crecio-mas-del-60-la-cantidad-de-pasajeros-en-el-transporte-interurbano-del-distrito\/","og_site_name":"Noticias Radio Reflejos","article_published_time":"2023-08-08T16:31:22+00:00","og_image":[{"width":1200,"height":824,"url":"https:\/\/www.noticiasradioreflejos.com.ar\/2021\/wp-content\/uploads\/2023\/08\/via51.jpg","type":"image\/jpeg"}],"author":"Arnaldo Botto","twitter_card":"summary_large_image","schema":{"@context":"https:\/\/schema.org","@graph":[{"@type":"WebPage","@id":"https:\/\/www.noticiasradioreflejos.com.ar\/2021\/de-enero-a-julio-crecio-mas-del-60-la-cantidad-de-pasajeros-en-el-transporte-interurbano-del-distrito\/","url":"https:\/\/www.noticiasradioreflejos.com.ar\/2021\/de-enero-a-julio-crecio-mas-del-60-la-cantidad-de-pasajeros-en-el-transporte-interurbano-del-distrito\/","name":"De enero a julio, creci\u00f3 m\u00e1s del 60% la cantidad de pasajeros en el transporte interurbano del distrito - Noticias Radio Reflejos","isPartOf":{"@id":"https:\/\/www.noticiasradioreflejos.com.ar\/2021\/#website"},"primaryImageOfPage":{"@id":"https:\/\/www.noticiasradioreflejos.com.ar\/2021\/de-enero-a-julio-crecio-mas-del-60-la-cantidad-de-pasajeros-en-el-transporte-interurbano-del-distrito\/#primaryimage"},"image":{"@id":"https:\/\/www.noticiasradioreflejos.com.ar\/2021\/de-enero-a-julio-crecio-mas-del-60-la-cantidad-de-pasajeros-en-el-transporte-interurbano-del-distrito\/#primaryimage"},"thumbnailUrl":"https:\/\/www.noticiasradioreflejos.com.ar\/2021\/wp-content\/uploads\/2023\/08\/via51.jpg","datePublished":"2023-08-08T16:31:22+00:00","author":{"@id":"https:\/\/www.noticiasradioreflejos.com.ar\/2021\/#\/schema\/person\/ad82545263dcc5ec0996818884fd5fb1"},"breadcrumb":{"@id":"https:\/\/www.noticiasradioreflejos.com.ar\/2021\/de-enero-a-julio-crecio-mas-del-60-la-cantidad-de-pasajeros-en-el-transporte-interurbano-del-distrito\/#breadcrumb"},"inLanguage":"es","potentialAction":[{"@type":"ReadAction","target":["https:\/\/www.noticiasradioreflejos.com.ar\/2021\/de-enero-a-julio-crecio-mas-del-60-la-cantidad-de-pasajeros-en-el-transporte-interurbano-del-distrito\/"]}]},{"@type":"ImageObject","inLanguage":"es","@id":"https:\/\/www.noticiasradioreflejos.com.ar\/2021\/de-enero-a-julio-crecio-mas-del-60-la-cantidad-de-pasajeros-en-el-transporte-interurbano-del-distrito\/#primaryimage","url":"https:\/\/www.noticiasradioreflejos.com.ar\/2021\/wp-content\/uploads\/2023\/08\/via51.jpg","contentUrl":"https:\/\/www.noticiasradioreflejos.com.ar\/2021\/wp-content\/uploads\/2023\/08\/via51.jpg","width":1200,"height":824},{"@type":"BreadcrumbList","@id":"https:\/\/www.noticiasradioreflejos.com.ar\/2021\/de-enero-a-julio-crecio-mas-del-60-la-cantidad-de-pasajeros-en-el-transporte-interurbano-del-distrito\/#breadcrumb","itemListElement":[{"@type":"ListItem","position":1,"name":"Portada","item":"https:\/\/www.noticiasradioreflejos.com.ar\/2021\/"},{"@type":"ListItem","position":2,"name":"De enero a julio, creci\u00f3 m\u00e1s del 60% la cantidad de pasajeros en el transporte interurbano del distrito"}]},{"@type":"WebSite","@id":"https:\/\/www.noticiasradioreflejos.com.ar\/2021\/#website","url":"https:\/\/www.noticiasradioreflejos.com.ar\/2021\/","name":"Noticias Radio Reflejos","description":"Las noticias de mi comarca","potentialAction":[{"@type":"SearchAction","target":{"@type":"EntryPoint","urlTemplate":"https:\/\/www.noticiasradioreflejos.com.ar\/2021\/?s={search_term_string}"},"query-input":{"@type":"PropertyValueSpecification","valueRequired":true,"valueName":"search_term_string"}}],"inLanguage":"es"},{"@type":"Person","@id":"https:\/\/www.noticiasradioreflejos.com.ar\/2021\/#\/schema\/person\/ad82545263dcc5ec0996818884fd5fb1","name":"Arnaldo Botto","image":{"@type":"ImageObject","inLanguage":"es","@id":"https:\/\/www.noticiasradioreflejos.com.ar\/2021\/#\/schema\/person\/image\/","url":"https:\/\/secure.gravatar.com\/avatar\/55cb5e37c1efa326397366e6974cb338056df65cb50e7d64d1cf314e87504837?s=96&d=mm&r=g","contentUrl":"https:\/\/secure.gravatar.com\/avatar\/55cb5e37c1efa326397366e6974cb338056df65cb50e7d64d1cf314e87504837?s=96&d=mm&r=g","caption":"Arnaldo Botto"},"url":"https:\/\/www.noticiasradioreflejos.com.ar\/2021\/author\/arnaldo\/"}]}},"_links":{"self":[{"href":"https:\/\/www.noticiasradioreflejos.com.ar\/2021\/wp-json\/wp\/v2\/posts\/91353","targetHints":{"allow":["GET"]}}],"collection":[{"href":"https:\/\/www.noticiasradioreflejos.com.ar\/2021\/wp-json\/wp\/v2\/posts"}],"about":[{"href":"https:\/\/www.noticiasradioreflejos.com.ar\/2021\/wp-json\/wp\/v2\/types\/post"}],"author":[{"embeddable":true,"href":"https:\/\/www.noticiasradioreflejos.com.ar\/2021\/wp-json\/wp\/v2\/users\/3"}],"replies":[{"embeddable":true,"href":"https:\/\/www.noticiasradioreflejos.com.ar\/2021\/wp-json\/wp\/v2\/comments?post=91353"}],"version-history":[{"count":1,"href":"https:\/\/www.noticiasradioreflejos.com.ar\/2021\/wp-json\/wp\/v2\/posts\/91353\/revisions"}],"predecessor-version":[{"id":91357,"href":"https:\/\/www.noticiasradioreflejos.com.ar\/2021\/wp-json\/wp\/v2\/posts\/91353\/revisions\/91357"}],"wp:featuredmedia":[{"embeddable":true,"href":"https:\/\/www.noticiasradioreflejos.com.ar\/2021\/wp-json\/wp\/v2\/media\/91356"}],"wp:attachment":[{"href":"https:\/\/www.noticiasradioreflejos.com.ar\/2021\/wp-json\/wp\/v2\/media?parent=91353"}],"wp:term":[{"taxonomy":"category","embeddable":true,"href":"https:\/\/www.noticiasradioreflejos.com.ar\/2021\/wp-json\/wp\/v2\/categories?post=91353"},{"taxonomy":"post_tag","embeddable":true,"href":"https:\/\/www.noticiasradioreflejos.com.ar\/2021\/wp-json\/wp\/v2\/tags?post=91353"}],"curies":[{"name":"wp","href":"https:\/\/api.w.org\/{rel}","templated":true}]}}