{"id":91349,"date":"2023-08-08T12:02:32","date_gmt":"2023-08-08T12:02:32","guid":{"rendered":"https:\/\/www.noticiasradioreflejos.com.ar\/2021\/?p=91349"},"modified":"2023-08-08T12:02:32","modified_gmt":"2023-08-08T12:02:32","slug":"nueva-especie-de-dientes-de-sable-desenterrada-en-sudafrica-podria-ayudar-a-comprender-la-evolucion-humana-primitiva","status":"publish","type":"post","link":"https:\/\/www.noticiasradioreflejos.com.ar\/2021\/nueva-especie-de-dientes-de-sable-desenterrada-en-sudafrica-podria-ayudar-a-comprender-la-evolucion-humana-primitiva\/","title":{"rendered":"Nueva especie de dientes de sable desenterrada en Sud\u00e1frica podr\u00eda ayudar a comprender la evoluci\u00f3n humana primitiva"},"content":{"rendered":"<p>Los investigadores descubrieron dos nuevas especies de gato dientes de sable en Langebaanweg, Sud\u00e1frica, y los hallazgos de composici\u00f3n f\u00f3sil muestran una posible ruta migratoria.<!--more--><\/p>\n<p>Un equipo colaborativo de investigadores detall\u00f3 sus hallazgos de\u00a0<strong>dos nuevas especies de dientes de sable<\/strong>,\u00a0<em>Lokotunjailurus chinsamyae<\/em>\u00a0y\u00a0<em>Dinofelis werdelini<\/em>. Los f\u00f3siles fueron desenterrados del\u00a0<strong>sitio del Plioceno temprano<\/strong>, &#8216;E&#8217; Quarry,\u00a0<a href=\"https:\/\/www.meteored.com.ar\/tiempo-en_Langebaanweg-Africa-Surafrica-Langebaanweg-FALW-1-9463.html\" data-mrf-recirculation=\"cuerpo_intext\" data-mrf-link=\"https:\/\/www.meteored.com.ar\/tiempo-en_Langebaanweg-Africa-Surafrica-Langebaanweg-FALW-1-9463.html\">Langebaanweg<\/a>, Sud\u00e1frica. Los resultados de la investigaci\u00f3n se publicaron en\u00a0<em><a href=\"https:\/\/www.cell.com\/iscience\/fulltext\/S2589-0042(23)01289-0?_returnURL=https%3A%2F%2Flinkinghub.elsevier.com%2Fretrieve%2Fpii%2FS2589004223012890%3Fshowall%3Dtrue#%20\" target=\"_blank\" rel=\"noopener\">iScience<\/a><\/em>.<\/p>\n<p>Mientras que las especies f\u00f3siles del\u00a0<strong>g\u00e9nero Dinofelis<\/strong>\u00a0de gatos dientes de sable\u00a0<strong>se han registrado en todo el mundo<\/strong>, en Norteam\u00e9rica,\u00a0<a href=\"https:\/\/www.meteored.com.ar\/tiempo-en-Asia-China-1-7-44.html\" data-mrf-recirculation=\"cuerpo_intext\" data-mrf-link=\"https:\/\/www.meteored.com.ar\/tiempo-en-Asia-China-1-7-44.html\">China<\/a>, Europa y\u00a0<a href=\"https:\/\/www.meteored.com.ar\/tiempo-en-Africa-1-5.html\" data-mrf-recirculation=\"cuerpo_intext\" data-mrf-link=\"https:\/\/www.meteored.com.ar\/tiempo-en-Africa-1-5.html\">\u00c1frica<\/a>, las del\u00a0<strong>g\u00e9nero Lokotunjailurus s\u00f3lo se hab\u00edan identificado en Chad y Kenia<\/strong>\u00a0antes de este estudio.<\/p>\n<h2>Gran evento clim\u00e1tico<\/h2>\n<p>La\u00a0<strong>\u00e9poca del Mioceno-Plioceno<\/strong>\u00a0dur\u00f3 desde hace aproximadamente\u00a0<strong>23 a 2,6 millones de a\u00f1os<\/strong>. Fue\u00a0<strong>parte del per\u00edodo Ne\u00f3geno<\/strong>, en s\u00ed mismo anidado dentro de la era Cenozoica, un tiempo caracterizado por el predominio de plantas con flores, aves, un clima seco y fresco, mam\u00edferos y con\u00edferas.<\/p>\n<aside class=\"article-body-container redactor-component non-editable\" data-article=\"524184\" data-redactor-type=\"newsinserter\" data-mrf-recirculation=\"cuerpo_relacionada\">\n<article class=\"article-in-body articulo-mas-noticias foto-derecha non-editable\">\n<h5 class=\"titular s\"><\/h5>\n<\/article>\n<\/aside>\n<p>El Plioceno se caracteriz\u00f3 por la persistencia del fr\u00edo y el crecimiento de las capas de hielo en el hemisferio norte, mientras que\u00a0<strong>en el Mioceno aument\u00f3 la variedad de mam\u00edferos y se desarrollaron las praderas<\/strong>.<\/p>\n<p>Hace unos 5,3 millones de a\u00f1os, durante el cambio entre estas \u00e9pocas, se produjo un importante acontecimiento clim\u00e1tico.\u00a0<strong>Los primeros hom\u00ednidos aparecieron por primera vez en el registro f\u00f3sil durante esta \u00e9poca<\/strong>, mientras que diversos animales y plantas experimentaron cambios evolutivos.\u00a0<strong>El terreno, la temperatura y la evoluci\u00f3n biol\u00f3gica de la Tierra se vieron muy influidos por la \u00e9poca Mioceno-Plioceno<\/strong>.<\/p>\n<h2>Antecedentes de la evoluci\u00f3n humana<\/h2>\n<p>El autor principal del estudio y paleont\u00f3logo de la Universidad Complutense, Alberto Valenciano, (junto con investigadores colaboradores provenientes de Espa\u00f1a , China y Sud\u00e1frica) utiliz\u00f3\u00a0<strong>materiales f\u00f3siles alojados en el Museo Isiko<\/strong>\u00a0para desarrollar el proyecto. El equipo\u00a0<strong>evalu\u00f3 los aspectos f\u00edsicos de los f\u00f3siles de dientes de sable<\/strong>: ausencia\/presencia de dientes, estructura dental, forma del cr\u00e1neo y mand\u00edbula.<\/p>\n<p>El equipo codific\u00f3 los datos que recopilaron,\u00a0<strong>entreteji\u00e9ndolos en una matriz<\/strong>\u00a0con la que construir un \u00e1rbol filogen\u00e9tico que indique la relaci\u00f3n de las especies de dientes de sable. La composici\u00f3n resultante\u00a0<strong>de las especies de dientes de sable<\/strong>\u00a0de Langebaanweg sugiere que el entorno que habitaban hace unos 5,2 millones de a\u00f1os estaba\u00a0<strong>compuesto por pastizales y \u00e1reas de bosque<\/strong>.<\/p>\n<aside class=\"article-body-container redactor-component non-editable\" data-article=\"385583\" data-redactor-type=\"newsinserter\" data-mrf-recirculation=\"cuerpo_relacionada\">\n<article class=\"article-in-body articulo-mas-noticias foto-derecha non-editable\">\n<h5 class=\"titular s\"><\/h5>\n<\/article>\n<\/aside>\n<p>Los investigadores comentaron: \u00abLa continua aridificaci\u00f3n a lo largo del Mio-Plioceno, con la propagaci\u00f3n de ambientes abiertos, podr\u00eda ser un importante desencadenante del bipedalismo de los hom\u00ednidos.\u00bb Los investigadores a\u00f1adieron: \u00ab<strong>El grupo de dientes de sable de Langebaanweg y sus implicancias ambientales y paleobiogeogr\u00e1ficas proporcionan antecedentes para futuros debates sobre el origen y la evoluci\u00f3n de los hom\u00ednidos<\/strong>.\u00bb<\/p>\n<p>La apertura de las praderas en el Mioplioceno no s\u00f3lo favoreci\u00f3 la caza de grandes grupos de animales de presa que se alimentaban de hierba por parte de depredadores como el dientes de sable, sino tambi\u00e9n de los primeros humanos. Los cambios en los h\u00e1bitos alimentarios, como el consumo de carne, la caza en las llanuras abiertas, la fabricaci\u00f3n y utilizaci\u00f3n de herramientas, y la formaci\u00f3n de grupos sociales complejos para protegerse de los peligros y ejecutar con \u00e9xito las cacer\u00edas, son\u00a0<strong>cambios sociales y culturales fundamentales que influyeron en el curso diferenciado de la evoluci\u00f3n de los hom\u00ednidos y culminaron finalmente en la aparici\u00f3n de los humanos modernos<\/strong>.<\/p>\n<h3>Seguir investigando<\/h3>\n<div class=\"contenedor-compartir\"><\/div>\n<p>Los investigadores expresan que la composici\u00f3n de los f\u00f3siles de dientes de sable identificados en el yacimiento de Langebaanweg es similar a la hallada en Yuanmou (China). Esto sugiere que\u00a0<strong>el entorno podr\u00eda haber sido similar y\/o apunta a una posible ruta de migraci\u00f3n<\/strong>. Es necesario seguir investigando para descubrir la profundidad de la relaci\u00f3n entre los yacimientos de Langebaanweg y Yuanmou.<\/p>\n<p>&nbsp;<\/p>\n<p>&nbsp;<\/p>\n<p><span class=\"avatar\">Fuente: <img loading=\"lazy\" decoding=\"async\" src=\"https:\/\/www.meteored.com.ar\/css\/images\/new\/redactor\/mini\/stephanie-leonida.jpg\" alt=\"Stephanie Leonida\" width=\"40\" height=\"40\" \/> <\/span><span class=\"info-autor\"><span class=\"nombres\"><a class=\"nombre\" title=\"Stephanie Leonida\" href=\"https:\/\/www.meteored.com.ar\/autor\/stephanie-leonida\/\">Stephanie Leonida \u00a0<\/a><span class=\"nombre\">Meteored Reino Unido<\/span><\/span><\/span><\/p>\n","protected":false},"excerpt":{"rendered":"<p>Los investigadores descubrieron dos nuevas especies de gato dientes de sable en Langebaanweg, Sud\u00e1frica, y los hallazgos de composici\u00f3n f\u00f3sil muestran una posible ruta migratoria.<\/p>\n","protected":false},"author":3,"featured_media":91350,"comment_status":"closed","ping_status":"closed","sticky":false,"template":"","format":"standard","meta":{"footnotes":""},"categories":[46],"tags":[],"class_list":["post-91349","post","type-post","status-publish","format-standard","has-post-thumbnail","hentry","category-ciencia-y-tecnologia"],"yoast_head":"<!-- This site is optimized with the Yoast SEO plugin v25.9 - https:\/\/yoast.com\/wordpress\/plugins\/seo\/ -->\n<title>Nueva especie de dientes de sable desenterrada en Sud\u00e1frica podr\u00eda ayudar a comprender la evoluci\u00f3n humana primitiva - Noticias Radio Reflejos<\/title>\n<meta name=\"robots\" content=\"index, follow, max-snippet:-1, max-image-preview:large, max-video-preview:-1\" \/>\n<link rel=\"canonical\" href=\"https:\/\/www.noticiasradioreflejos.com.ar\/2021\/nueva-especie-de-dientes-de-sable-desenterrada-en-sudafrica-podria-ayudar-a-comprender-la-evolucion-humana-primitiva\/\" \/>\n<meta property=\"og:locale\" content=\"es_ES\" \/>\n<meta property=\"og:type\" content=\"article\" \/>\n<meta property=\"og:title\" content=\"Nueva especie de dientes de sable desenterrada en Sud\u00e1frica podr\u00eda ayudar a comprender la evoluci\u00f3n humana primitiva - Noticias Radio Reflejos\" \/>\n<meta property=\"og:description\" content=\"Los investigadores descubrieron dos nuevas especies de gato dientes de sable en Langebaanweg, Sud\u00e1frica, y los hallazgos de composici\u00f3n f\u00f3sil muestran una posible ruta migratoria.\" \/>\n<meta property=\"og:url\" content=\"https:\/\/www.noticiasradioreflejos.com.ar\/2021\/nueva-especie-de-dientes-de-sable-desenterrada-en-sudafrica-podria-ayudar-a-comprender-la-evolucion-humana-primitiva\/\" \/>\n<meta property=\"og:site_name\" content=\"Noticias Radio Reflejos\" \/>\n<meta property=\"article:published_time\" content=\"2023-08-08T12:02:32+00:00\" \/>\n<meta property=\"og:image\" content=\"https:\/\/www.noticiasradioreflejos.com.ar\/2021\/wp-content\/uploads\/2023\/08\/dientes-de-sable.jpg\" \/>\n\t<meta property=\"og:image:width\" content=\"1024\" \/>\n\t<meta property=\"og:image:height\" content=\"720\" \/>\n\t<meta property=\"og:image:type\" content=\"image\/jpeg\" \/>\n<meta name=\"author\" content=\"Arnaldo Botto\" \/>\n<meta name=\"twitter:card\" content=\"summary_large_image\" \/>\n<script type=\"application\/ld+json\" class=\"yoast-schema-graph\">{\"@context\":\"https:\/\/schema.org\",\"@graph\":[{\"@type\":\"WebPage\",\"@id\":\"https:\/\/www.noticiasradioreflejos.com.ar\/2021\/nueva-especie-de-dientes-de-sable-desenterrada-en-sudafrica-podria-ayudar-a-comprender-la-evolucion-humana-primitiva\/\",\"url\":\"https:\/\/www.noticiasradioreflejos.com.ar\/2021\/nueva-especie-de-dientes-de-sable-desenterrada-en-sudafrica-podria-ayudar-a-comprender-la-evolucion-humana-primitiva\/\",\"name\":\"Nueva especie de dientes de sable desenterrada en Sud\u00e1frica podr\u00eda ayudar a comprender la evoluci\u00f3n humana primitiva - Noticias Radio Reflejos\",\"isPartOf\":{\"@id\":\"https:\/\/www.noticiasradioreflejos.com.ar\/2021\/#website\"},\"primaryImageOfPage\":{\"@id\":\"https:\/\/www.noticiasradioreflejos.com.ar\/2021\/nueva-especie-de-dientes-de-sable-desenterrada-en-sudafrica-podria-ayudar-a-comprender-la-evolucion-humana-primitiva\/#primaryimage\"},\"image\":{\"@id\":\"https:\/\/www.noticiasradioreflejos.com.ar\/2021\/nueva-especie-de-dientes-de-sable-desenterrada-en-sudafrica-podria-ayudar-a-comprender-la-evolucion-humana-primitiva\/#primaryimage\"},\"thumbnailUrl\":\"https:\/\/www.noticiasradioreflejos.com.ar\/2021\/wp-content\/uploads\/2023\/08\/dientes-de-sable.jpg\",\"datePublished\":\"2023-08-08T12:02:32+00:00\",\"author\":{\"@id\":\"https:\/\/www.noticiasradioreflejos.com.ar\/2021\/#\/schema\/person\/ad82545263dcc5ec0996818884fd5fb1\"},\"breadcrumb\":{\"@id\":\"https:\/\/www.noticiasradioreflejos.com.ar\/2021\/nueva-especie-de-dientes-de-sable-desenterrada-en-sudafrica-podria-ayudar-a-comprender-la-evolucion-humana-primitiva\/#breadcrumb\"},\"inLanguage\":\"es\",\"potentialAction\":[{\"@type\":\"ReadAction\",\"target\":[\"https:\/\/www.noticiasradioreflejos.com.ar\/2021\/nueva-especie-de-dientes-de-sable-desenterrada-en-sudafrica-podria-ayudar-a-comprender-la-evolucion-humana-primitiva\/\"]}]},{\"@type\":\"ImageObject\",\"inLanguage\":\"es\",\"@id\":\"https:\/\/www.noticiasradioreflejos.com.ar\/2021\/nueva-especie-de-dientes-de-sable-desenterrada-en-sudafrica-podria-ayudar-a-comprender-la-evolucion-humana-primitiva\/#primaryimage\",\"url\":\"https:\/\/www.noticiasradioreflejos.com.ar\/2021\/wp-content\/uploads\/2023\/08\/dientes-de-sable.jpg\",\"contentUrl\":\"https:\/\/www.noticiasradioreflejos.com.ar\/2021\/wp-content\/uploads\/2023\/08\/dientes-de-sable.jpg\",\"width\":1024,\"height\":720},{\"@type\":\"BreadcrumbList\",\"@id\":\"https:\/\/www.noticiasradioreflejos.com.ar\/2021\/nueva-especie-de-dientes-de-sable-desenterrada-en-sudafrica-podria-ayudar-a-comprender-la-evolucion-humana-primitiva\/#breadcrumb\",\"itemListElement\":[{\"@type\":\"ListItem\",\"position\":1,\"name\":\"Portada\",\"item\":\"https:\/\/www.noticiasradioreflejos.com.ar\/2021\/\"},{\"@type\":\"ListItem\",\"position\":2,\"name\":\"Nueva especie de dientes de sable desenterrada en Sud\u00e1frica podr\u00eda ayudar a comprender la evoluci\u00f3n humana primitiva\"}]},{\"@type\":\"WebSite\",\"@id\":\"https:\/\/www.noticiasradioreflejos.com.ar\/2021\/#website\",\"url\":\"https:\/\/www.noticiasradioreflejos.com.ar\/2021\/\",\"name\":\"Noticias Radio Reflejos\",\"description\":\"Las noticias de mi comarca\",\"potentialAction\":[{\"@type\":\"SearchAction\",\"target\":{\"@type\":\"EntryPoint\",\"urlTemplate\":\"https:\/\/www.noticiasradioreflejos.com.ar\/2021\/?s={search_term_string}\"},\"query-input\":{\"@type\":\"PropertyValueSpecification\",\"valueRequired\":true,\"valueName\":\"search_term_string\"}}],\"inLanguage\":\"es\"},{\"@type\":\"Person\",\"@id\":\"https:\/\/www.noticiasradioreflejos.com.ar\/2021\/#\/schema\/person\/ad82545263dcc5ec0996818884fd5fb1\",\"name\":\"Arnaldo Botto\",\"image\":{\"@type\":\"ImageObject\",\"inLanguage\":\"es\",\"@id\":\"https:\/\/www.noticiasradioreflejos.com.ar\/2021\/#\/schema\/person\/image\/\",\"url\":\"https:\/\/secure.gravatar.com\/avatar\/55cb5e37c1efa326397366e6974cb338056df65cb50e7d64d1cf314e87504837?s=96&d=mm&r=g\",\"contentUrl\":\"https:\/\/secure.gravatar.com\/avatar\/55cb5e37c1efa326397366e6974cb338056df65cb50e7d64d1cf314e87504837?s=96&d=mm&r=g\",\"caption\":\"Arnaldo Botto\"},\"url\":\"https:\/\/www.noticiasradioreflejos.com.ar\/2021\/author\/arnaldo\/\"}]}<\/script>\n<!-- \/ Yoast SEO plugin. -->","yoast_head_json":{"title":"Nueva especie de dientes de sable desenterrada en Sud\u00e1frica podr\u00eda ayudar a comprender la evoluci\u00f3n humana primitiva - Noticias Radio Reflejos","robots":{"index":"index","follow":"follow","max-snippet":"max-snippet:-1","max-image-preview":"max-image-preview:large","max-video-preview":"max-video-preview:-1"},"canonical":"https:\/\/www.noticiasradioreflejos.com.ar\/2021\/nueva-especie-de-dientes-de-sable-desenterrada-en-sudafrica-podria-ayudar-a-comprender-la-evolucion-humana-primitiva\/","og_locale":"es_ES","og_type":"article","og_title":"Nueva especie de dientes de sable desenterrada en Sud\u00e1frica podr\u00eda ayudar a comprender la evoluci\u00f3n humana primitiva - Noticias Radio Reflejos","og_description":"Los investigadores descubrieron dos nuevas especies de gato dientes de sable en Langebaanweg, Sud\u00e1frica, y los hallazgos de composici\u00f3n f\u00f3sil muestran una posible ruta migratoria.","og_url":"https:\/\/www.noticiasradioreflejos.com.ar\/2021\/nueva-especie-de-dientes-de-sable-desenterrada-en-sudafrica-podria-ayudar-a-comprender-la-evolucion-humana-primitiva\/","og_site_name":"Noticias Radio Reflejos","article_published_time":"2023-08-08T12:02:32+00:00","og_image":[{"width":1024,"height":720,"url":"https:\/\/www.noticiasradioreflejos.com.ar\/2021\/wp-content\/uploads\/2023\/08\/dientes-de-sable.jpg","type":"image\/jpeg"}],"author":"Arnaldo Botto","twitter_card":"summary_large_image","schema":{"@context":"https:\/\/schema.org","@graph":[{"@type":"WebPage","@id":"https:\/\/www.noticiasradioreflejos.com.ar\/2021\/nueva-especie-de-dientes-de-sable-desenterrada-en-sudafrica-podria-ayudar-a-comprender-la-evolucion-humana-primitiva\/","url":"https:\/\/www.noticiasradioreflejos.com.ar\/2021\/nueva-especie-de-dientes-de-sable-desenterrada-en-sudafrica-podria-ayudar-a-comprender-la-evolucion-humana-primitiva\/","name":"Nueva especie de dientes de sable desenterrada en Sud\u00e1frica podr\u00eda ayudar a comprender la evoluci\u00f3n humana primitiva - Noticias Radio Reflejos","isPartOf":{"@id":"https:\/\/www.noticiasradioreflejos.com.ar\/2021\/#website"},"primaryImageOfPage":{"@id":"https:\/\/www.noticiasradioreflejos.com.ar\/2021\/nueva-especie-de-dientes-de-sable-desenterrada-en-sudafrica-podria-ayudar-a-comprender-la-evolucion-humana-primitiva\/#primaryimage"},"image":{"@id":"https:\/\/www.noticiasradioreflejos.com.ar\/2021\/nueva-especie-de-dientes-de-sable-desenterrada-en-sudafrica-podria-ayudar-a-comprender-la-evolucion-humana-primitiva\/#primaryimage"},"thumbnailUrl":"https:\/\/www.noticiasradioreflejos.com.ar\/2021\/wp-content\/uploads\/2023\/08\/dientes-de-sable.jpg","datePublished":"2023-08-08T12:02:32+00:00","author":{"@id":"https:\/\/www.noticiasradioreflejos.com.ar\/2021\/#\/schema\/person\/ad82545263dcc5ec0996818884fd5fb1"},"breadcrumb":{"@id":"https:\/\/www.noticiasradioreflejos.com.ar\/2021\/nueva-especie-de-dientes-de-sable-desenterrada-en-sudafrica-podria-ayudar-a-comprender-la-evolucion-humana-primitiva\/#breadcrumb"},"inLanguage":"es","potentialAction":[{"@type":"ReadAction","target":["https:\/\/www.noticiasradioreflejos.com.ar\/2021\/nueva-especie-de-dientes-de-sable-desenterrada-en-sudafrica-podria-ayudar-a-comprender-la-evolucion-humana-primitiva\/"]}]},{"@type":"ImageObject","inLanguage":"es","@id":"https:\/\/www.noticiasradioreflejos.com.ar\/2021\/nueva-especie-de-dientes-de-sable-desenterrada-en-sudafrica-podria-ayudar-a-comprender-la-evolucion-humana-primitiva\/#primaryimage","url":"https:\/\/www.noticiasradioreflejos.com.ar\/2021\/wp-content\/uploads\/2023\/08\/dientes-de-sable.jpg","contentUrl":"https:\/\/www.noticiasradioreflejos.com.ar\/2021\/wp-content\/uploads\/2023\/08\/dientes-de-sable.jpg","width":1024,"height":720},{"@type":"BreadcrumbList","@id":"https:\/\/www.noticiasradioreflejos.com.ar\/2021\/nueva-especie-de-dientes-de-sable-desenterrada-en-sudafrica-podria-ayudar-a-comprender-la-evolucion-humana-primitiva\/#breadcrumb","itemListElement":[{"@type":"ListItem","position":1,"name":"Portada","item":"https:\/\/www.noticiasradioreflejos.com.ar\/2021\/"},{"@type":"ListItem","position":2,"name":"Nueva especie de dientes de sable desenterrada en Sud\u00e1frica podr\u00eda ayudar a comprender la evoluci\u00f3n humana primitiva"}]},{"@type":"WebSite","@id":"https:\/\/www.noticiasradioreflejos.com.ar\/2021\/#website","url":"https:\/\/www.noticiasradioreflejos.com.ar\/2021\/","name":"Noticias Radio Reflejos","description":"Las noticias de mi comarca","potentialAction":[{"@type":"SearchAction","target":{"@type":"EntryPoint","urlTemplate":"https:\/\/www.noticiasradioreflejos.com.ar\/2021\/?s={search_term_string}"},"query-input":{"@type":"PropertyValueSpecification","valueRequired":true,"valueName":"search_term_string"}}],"inLanguage":"es"},{"@type":"Person","@id":"https:\/\/www.noticiasradioreflejos.com.ar\/2021\/#\/schema\/person\/ad82545263dcc5ec0996818884fd5fb1","name":"Arnaldo Botto","image":{"@type":"ImageObject","inLanguage":"es","@id":"https:\/\/www.noticiasradioreflejos.com.ar\/2021\/#\/schema\/person\/image\/","url":"https:\/\/secure.gravatar.com\/avatar\/55cb5e37c1efa326397366e6974cb338056df65cb50e7d64d1cf314e87504837?s=96&d=mm&r=g","contentUrl":"https:\/\/secure.gravatar.com\/avatar\/55cb5e37c1efa326397366e6974cb338056df65cb50e7d64d1cf314e87504837?s=96&d=mm&r=g","caption":"Arnaldo Botto"},"url":"https:\/\/www.noticiasradioreflejos.com.ar\/2021\/author\/arnaldo\/"}]}},"_links":{"self":[{"href":"https:\/\/www.noticiasradioreflejos.com.ar\/2021\/wp-json\/wp\/v2\/posts\/91349","targetHints":{"allow":["GET"]}}],"collection":[{"href":"https:\/\/www.noticiasradioreflejos.com.ar\/2021\/wp-json\/wp\/v2\/posts"}],"about":[{"href":"https:\/\/www.noticiasradioreflejos.com.ar\/2021\/wp-json\/wp\/v2\/types\/post"}],"author":[{"embeddable":true,"href":"https:\/\/www.noticiasradioreflejos.com.ar\/2021\/wp-json\/wp\/v2\/users\/3"}],"replies":[{"embeddable":true,"href":"https:\/\/www.noticiasradioreflejos.com.ar\/2021\/wp-json\/wp\/v2\/comments?post=91349"}],"version-history":[{"count":1,"href":"https:\/\/www.noticiasradioreflejos.com.ar\/2021\/wp-json\/wp\/v2\/posts\/91349\/revisions"}],"predecessor-version":[{"id":91351,"href":"https:\/\/www.noticiasradioreflejos.com.ar\/2021\/wp-json\/wp\/v2\/posts\/91349\/revisions\/91351"}],"wp:featuredmedia":[{"embeddable":true,"href":"https:\/\/www.noticiasradioreflejos.com.ar\/2021\/wp-json\/wp\/v2\/media\/91350"}],"wp:attachment":[{"href":"https:\/\/www.noticiasradioreflejos.com.ar\/2021\/wp-json\/wp\/v2\/media?parent=91349"}],"wp:term":[{"taxonomy":"category","embeddable":true,"href":"https:\/\/www.noticiasradioreflejos.com.ar\/2021\/wp-json\/wp\/v2\/categories?post=91349"},{"taxonomy":"post_tag","embeddable":true,"href":"https:\/\/www.noticiasradioreflejos.com.ar\/2021\/wp-json\/wp\/v2\/tags?post=91349"}],"curies":[{"name":"wp","href":"https:\/\/api.w.org\/{rel}","templated":true}]}}