{"id":91346,"date":"2023-08-08T11:41:24","date_gmt":"2023-08-08T11:41:24","guid":{"rendered":"https:\/\/www.noticiasradioreflejos.com.ar\/2021\/?p=91346"},"modified":"2023-08-08T11:41:24","modified_gmt":"2023-08-08T11:41:24","slug":"elaboran-pilas-recargables-con-yerba-mate-usada","status":"publish","type":"post","link":"https:\/\/www.noticiasradioreflejos.com.ar\/2021\/elaboran-pilas-recargables-con-yerba-mate-usada\/","title":{"rendered":"Elaboran pilas recargables con yerba mate usada"},"content":{"rendered":"<p>Se trata de un residuo domiciliario que tiene la capacidad de almacenar energ\u00eda. Los ensayos fueron exitosos y el objetivo es que puedan producirse a gran escala.<!--more--><\/p>\n<p>&nbsp;<\/p>\n<div class=\"section-2-col article-main-image\">\n<div class=\"col 2-col\">\n<div class=\"article-main-media-image__container\">\n<div class=\"image-wrapper\">\n<figure>\n<figure class=\"object-fit-block--contain intrinsic-container intrinsic-container-3x2\"><img decoding=\"async\" class=\" \" src=\"https:\/\/images.pagina12.com.ar\/styles\/focal_3_2_960x640\/public\/2023-08\/754368-21-a-20florencia-20jerez.jpg?h=c6980913&amp;itok=NhBz-XZz\" alt=\"Los supercapacitores se utilizan en celulares, computadoras y autos el\u00e9ctricos. (Fuente: Florencia Jerez)\" \/><\/figure><figcaption><span style=\"color: #ff0000;\"><em>Los supercapacitores se utilizan en celulares, computadoras y autos el\u00e9ctricos.. Imagen: Florencia Jerez<\/em><\/span><\/figcaption><\/figure>\n<\/div>\n<\/div>\n<\/div>\n<\/div>\n<div class=\"section-2-col article-main-content\">\n<div class=\"col 1-col\"><\/div>\n<div class=\"col 2-col\">\n<div class=\"article-main-content article-text \">\n<p>Ingenieras de la Universidad Nacional del Centro de la Provincia de Buenos Aires (Unicen) elaboran pilas recargables a partir de yerba mate usada. Aunque la mayor\u00eda de las personas la tiran a la basura o la tierra, se trata de un residuo org\u00e1nico y domiciliario que tiene la capacidad de almacenar energ\u00eda. Los ensayos, que se realizaron en Espa\u00f1a durante abril y junio gracias a una beca otorgada por la Fundaci\u00f3n Carolina y el ministerio de Educaci\u00f3n, fueron exitosos y el objetivo es que puedan producirse a gran escala en Argentina.<\/p>\n<p>\u201cEn el marco de mi tesis doctoral que empec\u00e9 en 2018\u00a0<b>buscamos materiales de almacenamiento de energ\u00eda y apareci\u00f3 la valorizaci\u00f3n de residuos vegetales regionales para producir carbones activados<\/b>. Investigamos cu\u00e1les eran m\u00e1s abundantes en el pa\u00eds y llegamos hasta la yerba mate, donde no hab\u00eda registros de que se utilice para este fin en particular\u201d, afirma\u00a0<b>Florencia Jerez<\/b>, ingeniera de la Unicen que lidera el trabajo.<\/p>\n<div id=\"talkFireEvent\"><\/div>\n<p>Aunque com\u00fanmente se las conoce como pilas,\u00a0<b>se trata de dispositivos de almacenamiento de energ\u00eda denominados supercapacitores, herramientas que guardan y liberan la energ\u00eda de forma veloz<\/b>. Es decir, tanto la carga como la descarga se hacen r\u00e1pidamente. Estos instrumentos se emplean en equipos que necesitan potencia de arranque como los celulares, las computadoras y hasta los autos el\u00e9ctricos.<\/p>\n<h3>Superecol\u00f3gicos<\/h3>\n<p><b>Los supercapacitores no reemplazan a las pilas sino que se utilizan como complemento<\/b>. Cuando se necesita una respuesta energ\u00e9tica r\u00e1pida funciona esta pila y cuando se requiere menor cantidad por un per\u00edodo m\u00e1s largo de tiempo funciona la bater\u00eda correspondiente al equipo.<\/p>\n<p>Para que los supercapacitores almacenen energ\u00eda se necesita de carb\u00f3n activado, un material que hasta ahora se obtiene a partir de la quema de maderas. \u201c<b>La diferencia entre cualquier carb\u00f3n activado que hoy se vende y los que nosotras fabricamos es que los primeros se hacen a partir de carb\u00f3n mineral o de plantar y talar \u00e1rboles, algo que no es muy amigable con el medio ambiente<\/b>\u201d, destaca\u00a0<b>Marcela Bavio,<\/b>\u00a0cient\u00edfica del Conicet que coordina las investigaciones sobre energ\u00edas renovables en la Facultad de Ingenier\u00eda de la Universidad.<\/p>\n<p>Adem\u00e1s de la yerba mate,\u00a0<b>las investigadoras trabajaron con otros desechos vegetales<\/b>\u00a0como el rastrojo de trigo y de ma\u00edz, los restos de la industria medicinal del cannabis, el bagazo que queda como sobra de la industria cervecera, la poda de olivo y alperujo, un subproducto de la extracci\u00f3n de aceite de oliva.<\/p>\n<p>De este modo,\u00a0<b>ya no se necesitan hacer nuevas plantaciones y esperar a que los \u00e1rboles crezcan ni tampoco extraer el carb\u00f3n mineral<\/b>, sino que se reemplaza por residuos de diferentes industrias que pueden ser tratados para convertirlo en carb\u00f3n activado.<\/p>\n<h3>Pilas a gran escala<\/h3>\n<p>\u201cLa etapa de laboratorio ya la terminamos y tuvimos resultados excelentes.\u00a0<b>Ahora estamos tratando de conseguir financiamiento para poder saltar a la siguiente etapa que ser\u00eda la escala piloto<\/b>\u201d, se\u00f1ala Jerez. El prop\u00f3sito es alcanzar un mayor volumen de producci\u00f3n y obtener par\u00e1metros para conocer c\u00f3mo funcionar\u00eda el proceso escala industrial.<\/p>\n<p>\u201cQueremos trasladar todo este conocimiento que generamos a la industria nacional porque, en la actualidad, el 90 por ciento de los carbones activados que se utilizan son importados. Queremos valorizar los residuos abundantes en el pa\u00eds para generar nuevas fuentes de trabajo, nuevos conocimientos y producir el menor impacto ambiental posible\u201d, resalta la ingeniera.<\/p>\n<p>\u201c<b>Desarrollar los supercapacitores con materiales que son residuos de otras industrias no s\u00f3lo permite el avance tecnol\u00f3gico en el almacenamiento de energ\u00eda, sino que tambi\u00e9n promueve la gesti\u00f3n y la revalorizaci\u00f3n de los desechos<\/b>, e incorpora el concepto de econom\u00eda circular\u201d, se\u00f1ala Bavio.<\/p>\n<h3>La infusi\u00f3n argentina<\/h3>\n<p>Seg\u00fan el Instituto Nacional de la Yerba Mate, desde los molinos salieron m\u00e1s de 138 millones de kilos para el mercado interno entre enero y junio de 2023. Esta cifra incluye tanto el volumen que se env\u00eda a los centros de distribuci\u00f3n de las firmas yerbateras como las compras efectuadas por los mayoristas, hipermercados y supermercados. A su vez, para el mercado externo se enviaron casi 19 millones de kilos.\u00a0<b>El total de ventas acumuladas en estos meses es el m\u00e1s alto en los \u00faltimos diez a\u00f1os<\/b>.<\/p>\n<p>En cuanto a los formatos,\u00a0<b>los envases de medio kilo son los preferidos y representan m\u00e1s del 55 por ciento de las salidas de molinos al mercado interno<\/b>. Por su parte, los envases de un kilo ocupan el 37 por ciento del total y entre los dos tipos de paquetes alcanzan el 92 por ciento. El resto se lo reparten entre paquetes de un cuarto, de dos y de cuatro kilos.<\/p>\n<p>Argentina es el principal productor y exportador de yerba mate en el mundo, seguido por Brasil y Paraguay, y domina el 60 por ciento del mercado global. En 2022 se cosecharon 829 millones de kilos de hoja verde en la zona productora que est\u00e1 conformada por el nordeste de Corrientes y Misiones. Del total,\u00a0<b>40 millones fueron exportados, lo que represent\u00f3 un valor de 94 millones de d\u00f3lares<\/b>.<\/p>\n<p>&nbsp;<\/p>\n<p>Aunque suele pensarse que el principal destino de las exportaciones van a Europa o Am\u00e9rica del Norte<b>, dos de los tres primeros pa\u00edses se encuentran en Medio Oriente<\/b>. De esta manera, el top 6 est\u00e1 compuesto por Siria, Chile, L\u00edbano, Estados Unidos, Espa\u00f1a y Turqu\u00eda.<\/p>\n<\/div>\n<\/div>\n<\/div>\n<p>&nbsp;<\/p>\n<p><em><strong>Por :Nicol\u00e1s Retamar &#8211; P\u00e1gina 12<\/strong><\/em><\/p>\n","protected":false},"excerpt":{"rendered":"<p>Se trata de un residuo domiciliario que tiene la capacidad de almacenar energ\u00eda. Los ensayos fueron exitosos y el objetivo es que puedan producirse a gran escala.<\/p>\n","protected":false},"author":3,"featured_media":91347,"comment_status":"closed","ping_status":"closed","sticky":false,"template":"","format":"standard","meta":{"footnotes":""},"categories":[46],"tags":[],"class_list":["post-91346","post","type-post","status-publish","format-standard","has-post-thumbnail","hentry","category-ciencia-y-tecnologia"],"yoast_head":"<!-- This site is optimized with the Yoast SEO plugin v25.9 - https:\/\/yoast.com\/wordpress\/plugins\/seo\/ -->\n<title>Elaboran pilas recargables con yerba mate usada - Noticias Radio Reflejos<\/title>\n<meta name=\"robots\" content=\"index, follow, max-snippet:-1, max-image-preview:large, max-video-preview:-1\" \/>\n<link rel=\"canonical\" href=\"https:\/\/www.noticiasradioreflejos.com.ar\/2021\/elaboran-pilas-recargables-con-yerba-mate-usada\/\" \/>\n<meta property=\"og:locale\" content=\"es_ES\" \/>\n<meta property=\"og:type\" content=\"article\" \/>\n<meta property=\"og:title\" content=\"Elaboran pilas recargables con yerba mate usada - Noticias Radio Reflejos\" \/>\n<meta property=\"og:description\" content=\"Se trata de un residuo domiciliario que tiene la capacidad de almacenar energ\u00eda. Los ensayos fueron exitosos y el objetivo es que puedan producirse a gran escala.\" \/>\n<meta property=\"og:url\" content=\"https:\/\/www.noticiasradioreflejos.com.ar\/2021\/elaboran-pilas-recargables-con-yerba-mate-usada\/\" \/>\n<meta property=\"og:site_name\" content=\"Noticias Radio Reflejos\" \/>\n<meta property=\"article:published_time\" content=\"2023-08-08T11:41:24+00:00\" \/>\n<meta property=\"og:image\" content=\"https:\/\/www.noticiasradioreflejos.com.ar\/2021\/wp-content\/uploads\/2023\/08\/pilas.jpg\" \/>\n\t<meta property=\"og:image:width\" content=\"960\" \/>\n\t<meta property=\"og:image:height\" content=\"640\" \/>\n\t<meta property=\"og:image:type\" content=\"image\/jpeg\" \/>\n<meta name=\"author\" content=\"Arnaldo Botto\" \/>\n<meta name=\"twitter:card\" content=\"summary_large_image\" \/>\n<script type=\"application\/ld+json\" class=\"yoast-schema-graph\">{\"@context\":\"https:\/\/schema.org\",\"@graph\":[{\"@type\":\"WebPage\",\"@id\":\"https:\/\/www.noticiasradioreflejos.com.ar\/2021\/elaboran-pilas-recargables-con-yerba-mate-usada\/\",\"url\":\"https:\/\/www.noticiasradioreflejos.com.ar\/2021\/elaboran-pilas-recargables-con-yerba-mate-usada\/\",\"name\":\"Elaboran pilas recargables con yerba mate usada - Noticias Radio Reflejos\",\"isPartOf\":{\"@id\":\"https:\/\/www.noticiasradioreflejos.com.ar\/2021\/#website\"},\"primaryImageOfPage\":{\"@id\":\"https:\/\/www.noticiasradioreflejos.com.ar\/2021\/elaboran-pilas-recargables-con-yerba-mate-usada\/#primaryimage\"},\"image\":{\"@id\":\"https:\/\/www.noticiasradioreflejos.com.ar\/2021\/elaboran-pilas-recargables-con-yerba-mate-usada\/#primaryimage\"},\"thumbnailUrl\":\"https:\/\/www.noticiasradioreflejos.com.ar\/2021\/wp-content\/uploads\/2023\/08\/pilas.jpg\",\"datePublished\":\"2023-08-08T11:41:24+00:00\",\"author\":{\"@id\":\"https:\/\/www.noticiasradioreflejos.com.ar\/2021\/#\/schema\/person\/ad82545263dcc5ec0996818884fd5fb1\"},\"breadcrumb\":{\"@id\":\"https:\/\/www.noticiasradioreflejos.com.ar\/2021\/elaboran-pilas-recargables-con-yerba-mate-usada\/#breadcrumb\"},\"inLanguage\":\"es\",\"potentialAction\":[{\"@type\":\"ReadAction\",\"target\":[\"https:\/\/www.noticiasradioreflejos.com.ar\/2021\/elaboran-pilas-recargables-con-yerba-mate-usada\/\"]}]},{\"@type\":\"ImageObject\",\"inLanguage\":\"es\",\"@id\":\"https:\/\/www.noticiasradioreflejos.com.ar\/2021\/elaboran-pilas-recargables-con-yerba-mate-usada\/#primaryimage\",\"url\":\"https:\/\/www.noticiasradioreflejos.com.ar\/2021\/wp-content\/uploads\/2023\/08\/pilas.jpg\",\"contentUrl\":\"https:\/\/www.noticiasradioreflejos.com.ar\/2021\/wp-content\/uploads\/2023\/08\/pilas.jpg\",\"width\":960,\"height\":640},{\"@type\":\"BreadcrumbList\",\"@id\":\"https:\/\/www.noticiasradioreflejos.com.ar\/2021\/elaboran-pilas-recargables-con-yerba-mate-usada\/#breadcrumb\",\"itemListElement\":[{\"@type\":\"ListItem\",\"position\":1,\"name\":\"Portada\",\"item\":\"https:\/\/www.noticiasradioreflejos.com.ar\/2021\/\"},{\"@type\":\"ListItem\",\"position\":2,\"name\":\"Elaboran pilas recargables con yerba mate usada\"}]},{\"@type\":\"WebSite\",\"@id\":\"https:\/\/www.noticiasradioreflejos.com.ar\/2021\/#website\",\"url\":\"https:\/\/www.noticiasradioreflejos.com.ar\/2021\/\",\"name\":\"Noticias Radio Reflejos\",\"description\":\"Las noticias de mi comarca\",\"potentialAction\":[{\"@type\":\"SearchAction\",\"target\":{\"@type\":\"EntryPoint\",\"urlTemplate\":\"https:\/\/www.noticiasradioreflejos.com.ar\/2021\/?s={search_term_string}\"},\"query-input\":{\"@type\":\"PropertyValueSpecification\",\"valueRequired\":true,\"valueName\":\"search_term_string\"}}],\"inLanguage\":\"es\"},{\"@type\":\"Person\",\"@id\":\"https:\/\/www.noticiasradioreflejos.com.ar\/2021\/#\/schema\/person\/ad82545263dcc5ec0996818884fd5fb1\",\"name\":\"Arnaldo Botto\",\"image\":{\"@type\":\"ImageObject\",\"inLanguage\":\"es\",\"@id\":\"https:\/\/www.noticiasradioreflejos.com.ar\/2021\/#\/schema\/person\/image\/\",\"url\":\"https:\/\/secure.gravatar.com\/avatar\/55cb5e37c1efa326397366e6974cb338056df65cb50e7d64d1cf314e87504837?s=96&d=mm&r=g\",\"contentUrl\":\"https:\/\/secure.gravatar.com\/avatar\/55cb5e37c1efa326397366e6974cb338056df65cb50e7d64d1cf314e87504837?s=96&d=mm&r=g\",\"caption\":\"Arnaldo Botto\"},\"url\":\"https:\/\/www.noticiasradioreflejos.com.ar\/2021\/author\/arnaldo\/\"}]}<\/script>\n<!-- \/ Yoast SEO plugin. -->","yoast_head_json":{"title":"Elaboran pilas recargables con yerba mate usada - Noticias Radio Reflejos","robots":{"index":"index","follow":"follow","max-snippet":"max-snippet:-1","max-image-preview":"max-image-preview:large","max-video-preview":"max-video-preview:-1"},"canonical":"https:\/\/www.noticiasradioreflejos.com.ar\/2021\/elaboran-pilas-recargables-con-yerba-mate-usada\/","og_locale":"es_ES","og_type":"article","og_title":"Elaboran pilas recargables con yerba mate usada - Noticias Radio Reflejos","og_description":"Se trata de un residuo domiciliario que tiene la capacidad de almacenar energ\u00eda. Los ensayos fueron exitosos y el objetivo es que puedan producirse a gran escala.","og_url":"https:\/\/www.noticiasradioreflejos.com.ar\/2021\/elaboran-pilas-recargables-con-yerba-mate-usada\/","og_site_name":"Noticias Radio Reflejos","article_published_time":"2023-08-08T11:41:24+00:00","og_image":[{"width":960,"height":640,"url":"https:\/\/www.noticiasradioreflejos.com.ar\/2021\/wp-content\/uploads\/2023\/08\/pilas.jpg","type":"image\/jpeg"}],"author":"Arnaldo Botto","twitter_card":"summary_large_image","schema":{"@context":"https:\/\/schema.org","@graph":[{"@type":"WebPage","@id":"https:\/\/www.noticiasradioreflejos.com.ar\/2021\/elaboran-pilas-recargables-con-yerba-mate-usada\/","url":"https:\/\/www.noticiasradioreflejos.com.ar\/2021\/elaboran-pilas-recargables-con-yerba-mate-usada\/","name":"Elaboran pilas recargables con yerba mate usada - Noticias Radio Reflejos","isPartOf":{"@id":"https:\/\/www.noticiasradioreflejos.com.ar\/2021\/#website"},"primaryImageOfPage":{"@id":"https:\/\/www.noticiasradioreflejos.com.ar\/2021\/elaboran-pilas-recargables-con-yerba-mate-usada\/#primaryimage"},"image":{"@id":"https:\/\/www.noticiasradioreflejos.com.ar\/2021\/elaboran-pilas-recargables-con-yerba-mate-usada\/#primaryimage"},"thumbnailUrl":"https:\/\/www.noticiasradioreflejos.com.ar\/2021\/wp-content\/uploads\/2023\/08\/pilas.jpg","datePublished":"2023-08-08T11:41:24+00:00","author":{"@id":"https:\/\/www.noticiasradioreflejos.com.ar\/2021\/#\/schema\/person\/ad82545263dcc5ec0996818884fd5fb1"},"breadcrumb":{"@id":"https:\/\/www.noticiasradioreflejos.com.ar\/2021\/elaboran-pilas-recargables-con-yerba-mate-usada\/#breadcrumb"},"inLanguage":"es","potentialAction":[{"@type":"ReadAction","target":["https:\/\/www.noticiasradioreflejos.com.ar\/2021\/elaboran-pilas-recargables-con-yerba-mate-usada\/"]}]},{"@type":"ImageObject","inLanguage":"es","@id":"https:\/\/www.noticiasradioreflejos.com.ar\/2021\/elaboran-pilas-recargables-con-yerba-mate-usada\/#primaryimage","url":"https:\/\/www.noticiasradioreflejos.com.ar\/2021\/wp-content\/uploads\/2023\/08\/pilas.jpg","contentUrl":"https:\/\/www.noticiasradioreflejos.com.ar\/2021\/wp-content\/uploads\/2023\/08\/pilas.jpg","width":960,"height":640},{"@type":"BreadcrumbList","@id":"https:\/\/www.noticiasradioreflejos.com.ar\/2021\/elaboran-pilas-recargables-con-yerba-mate-usada\/#breadcrumb","itemListElement":[{"@type":"ListItem","position":1,"name":"Portada","item":"https:\/\/www.noticiasradioreflejos.com.ar\/2021\/"},{"@type":"ListItem","position":2,"name":"Elaboran pilas recargables con yerba mate usada"}]},{"@type":"WebSite","@id":"https:\/\/www.noticiasradioreflejos.com.ar\/2021\/#website","url":"https:\/\/www.noticiasradioreflejos.com.ar\/2021\/","name":"Noticias Radio Reflejos","description":"Las noticias de mi comarca","potentialAction":[{"@type":"SearchAction","target":{"@type":"EntryPoint","urlTemplate":"https:\/\/www.noticiasradioreflejos.com.ar\/2021\/?s={search_term_string}"},"query-input":{"@type":"PropertyValueSpecification","valueRequired":true,"valueName":"search_term_string"}}],"inLanguage":"es"},{"@type":"Person","@id":"https:\/\/www.noticiasradioreflejos.com.ar\/2021\/#\/schema\/person\/ad82545263dcc5ec0996818884fd5fb1","name":"Arnaldo Botto","image":{"@type":"ImageObject","inLanguage":"es","@id":"https:\/\/www.noticiasradioreflejos.com.ar\/2021\/#\/schema\/person\/image\/","url":"https:\/\/secure.gravatar.com\/avatar\/55cb5e37c1efa326397366e6974cb338056df65cb50e7d64d1cf314e87504837?s=96&d=mm&r=g","contentUrl":"https:\/\/secure.gravatar.com\/avatar\/55cb5e37c1efa326397366e6974cb338056df65cb50e7d64d1cf314e87504837?s=96&d=mm&r=g","caption":"Arnaldo Botto"},"url":"https:\/\/www.noticiasradioreflejos.com.ar\/2021\/author\/arnaldo\/"}]}},"_links":{"self":[{"href":"https:\/\/www.noticiasradioreflejos.com.ar\/2021\/wp-json\/wp\/v2\/posts\/91346","targetHints":{"allow":["GET"]}}],"collection":[{"href":"https:\/\/www.noticiasradioreflejos.com.ar\/2021\/wp-json\/wp\/v2\/posts"}],"about":[{"href":"https:\/\/www.noticiasradioreflejos.com.ar\/2021\/wp-json\/wp\/v2\/types\/post"}],"author":[{"embeddable":true,"href":"https:\/\/www.noticiasradioreflejos.com.ar\/2021\/wp-json\/wp\/v2\/users\/3"}],"replies":[{"embeddable":true,"href":"https:\/\/www.noticiasradioreflejos.com.ar\/2021\/wp-json\/wp\/v2\/comments?post=91346"}],"version-history":[{"count":1,"href":"https:\/\/www.noticiasradioreflejos.com.ar\/2021\/wp-json\/wp\/v2\/posts\/91346\/revisions"}],"predecessor-version":[{"id":91348,"href":"https:\/\/www.noticiasradioreflejos.com.ar\/2021\/wp-json\/wp\/v2\/posts\/91346\/revisions\/91348"}],"wp:featuredmedia":[{"embeddable":true,"href":"https:\/\/www.noticiasradioreflejos.com.ar\/2021\/wp-json\/wp\/v2\/media\/91347"}],"wp:attachment":[{"href":"https:\/\/www.noticiasradioreflejos.com.ar\/2021\/wp-json\/wp\/v2\/media?parent=91346"}],"wp:term":[{"taxonomy":"category","embeddable":true,"href":"https:\/\/www.noticiasradioreflejos.com.ar\/2021\/wp-json\/wp\/v2\/categories?post=91346"},{"taxonomy":"post_tag","embeddable":true,"href":"https:\/\/www.noticiasradioreflejos.com.ar\/2021\/wp-json\/wp\/v2\/tags?post=91346"}],"curies":[{"name":"wp","href":"https:\/\/api.w.org\/{rel}","templated":true}]}}