{"id":91343,"date":"2023-08-08T10:55:02","date_gmt":"2023-08-08T10:55:02","guid":{"rendered":"https:\/\/www.noticiasradioreflejos.com.ar\/2021\/?p=91343"},"modified":"2023-08-08T10:55:48","modified_gmt":"2023-08-08T10:55:48","slug":"paso-en-jxc-macri-tomo-distancia-de-larreta-y-prefirio-el-cambio-inmediato-que-quiere-bullrich","status":"publish","type":"post","link":"https:\/\/www.noticiasradioreflejos.com.ar\/2021\/paso-en-jxc-macri-tomo-distancia-de-larreta-y-prefirio-el-cambio-inmediato-que-quiere-bullrich\/","title":{"rendered":"PASO en JxC: Macri tom\u00f3 distancia de Larreta y prefiri\u00f3 el \u00abcambio inmediato\u00bb que quiere Bullrich"},"content":{"rendered":"<p>El expresidente Mauricio Macri expres\u00f3 esta noche su preferencia por la precandidata presidencial de Juntos por el Cambio (JxC) Patricia Bullrich, con quien comparte su \u00abvisi\u00f3n\u00bb de implementar medidas \u00abpara un cambio inmediato y profundo\u00bb y se\u00f1al\u00f3 \u00abdiferencias\u00bb con su competidor, Horacio Rodr\u00edguez Larreta, quien busca ampliar el espacio con dirigentes que son \u00abresponsables de la degradaci\u00f3n argentina\u00bb.<!--more--><\/p>\n<p>T\u00e9lam &#8211; El dirigente opositor consider\u00f3, en una entrevista televisiva para TN, que \u00abhay muchas coincidencias\u00bb entre Bullrich y Larreta, aunque \u00abla diferencia est\u00e1 en el c\u00f3mo\u00bb.<\/p>\n<p>\u00abLas dos visiones distintas parten de que Patricia cree -con raz\u00f3n- que hoy tenemos una mayor apertura de la gente al cambio. Tambi\u00e9n Horacio piensa lo mismo, pero ella cree que hay que arrancar en un cambio inmediato profundo\u00bb, afirm\u00f3 Macri.<\/p>\n<p>Y marc\u00f3 que Larreta \u00abcree que necesita una mayor\u00eda m\u00e1s amplia para avanzar con el cambio, un 70%, con otros protagonistas de la dirigencia\u00bb.<\/p>\n<p>\u00abTengo diferencias con \u00e9l, mi experiencia dice que es dif\u00edcil que aquellos que siguen siendo responsables de la degradaci\u00f3n argentina est\u00e9n dispuestos a colaborar con un cambio que arranca con ellos perdiendo sus privilegios\u00bb, expres\u00f3 el exmandatario.<\/p>\n<p>Se\u00f1al\u00f3 que \u00abno podemos supeditar el cambio de Argentina a que ellos est\u00e9n de acuerdo\u00bb, y advirti\u00f3 que \u00abLarreta cree que es capaz de lograrlo\u00bb.<\/p>\n<p>El dirigente opositor rehus\u00f3 decir por qui\u00e9n va a votar el pr\u00f3ximo domingo en las elecciones PASO y subray\u00f3 que tiene \u00abuna visi\u00f3n de cambio firme, claro y r\u00e1pido\u00bb.<\/p>\n<p>Sin embargo, opin\u00f3 que \u00abcuando uno los escucha, hay muchas coincidencias\u00bb entre los precandidatos presidenciales de JxC y marc\u00f3: \u00abEn los equipos hay tambi\u00e9n mucha coincidencia, mucha gente que ya estuvo conmigo. La diferencia esta en el c\u00f3mo, dos visiones\u00bb.<\/p>\n<p>Asimismo, Macri se mostr\u00f3 \u00abmuy orgulloso del crecimiento del PRO\u00bb, que tom\u00f3 \u00abimportancia para el equilibrio de la pol\u00edtica argentina, tanto que tenemos dos candidatos a presidente competitivos y no tengo dudas de que uno va a ser el futuro presidente\u00bb.<\/p>\n<p>Respecto a las discusiones entre Bullrich y Larreta, que tomaron rango medi\u00e1tico, el exmandatario expres\u00f3 que \u00abtenemos una primaria responsable. Mucha gente se alter\u00f3 por la tensi\u00f3n, los cruces, pero son primarias. Las americanas son 100 veces m\u00e1s duras que las que tuvimos nosotros\u00bb.<\/p>\n<p>\u00abAgradezco lo que est\u00e1 pasando, que ha hecho m\u00e1s fuerte la coalici\u00f3n que hace 8 a\u00f1os\u00bb, a\u00f1adi\u00f3.<\/p>\n<p>Asimismo, se mostr\u00f3 \u00abprofundamente optimista sobre el futuro de los argentinos\u00bb.<\/p>\n<p>\u00abSi hacemos lo que hay que hacer en 2024, que no va a ser f\u00e1cil, vienen 20 a\u00f1os de crecimiento de Argentina\u00bb, se\u00f1al\u00f3.<\/p>\n<p>Consultado qu\u00e9 medida tomar\u00eda con el cepo al d\u00f3lar, indic\u00f3: \u00abLo mismo que hice en 2015. No podemos tener miedo a salir del cepo. Si est\u00e1 el cepo, la Argentina no arranca\u00bb.<\/p>\n<p>\u00abNo podemos solamente salir del cepo, este cambio profundo y claro que tiene que emprender Argentina es global y hay que poner el mismo d\u00eda una solidez fiscal, hay que bajar el gasto, vamos a desregular la econom\u00eda de vuelta como hicimos en nuestro per\u00edodo\u00bb, ampli\u00f3.<\/p>\n<p>Y agreg\u00f3: \u00abDiciembre tiene que marcar un cambio de era\u00bb.<\/p>\n<p>Por otra parte, consider\u00f3 que \u00abes mentira que el FMI es gente mala\u00bb, sino que \u00abson pa\u00edses que ayudan a otros pa\u00edses, que hacen cosas para salir adelante\u00bb.<\/p>\n<p>\u00abNo es un negocio, lo hacen para ayudar. Nos pide que seamos normales, como Paraguay, como Chile, que no tienen d\u00e9ficit\u00bb, indic\u00f3.<\/p>\n<p>Adem\u00e1s, se mostr\u00f3 preocupado por los j\u00f3venes que se van del pa\u00eds y confes\u00f3 que \u00abtres veces\u00bb su hija Antonia, \u00abque tiene 11 a\u00f1os, me dijo que se quiere ir a estudiar afuera\u00bb.<\/p>\n","protected":false},"excerpt":{"rendered":"<p>El expresidente Mauricio Macri expres\u00f3 esta noche su preferencia por la precandidata presidencial de Juntos por el Cambio (JxC) Patricia Bullrich, con quien comparte su \u00abvisi\u00f3n\u00bb de implementar medidas \u00abpara un cambio inmediato y profundo\u00bb y se\u00f1al\u00f3 \u00abdiferencias\u00bb con su competidor, Horacio Rodr\u00edguez Larreta, quien busca ampliar el espacio con dirigentes que son \u00abresponsables de [&hellip;]<\/p>\n","protected":false},"author":3,"featured_media":0,"comment_status":"closed","ping_status":"closed","sticky":false,"template":"","format":"standard","meta":{"footnotes":""},"categories":[24],"tags":[],"class_list":["post-91343","post","type-post","status-publish","format-standard","hentry","category-politica"],"yoast_head":"<!-- This site is optimized with the Yoast SEO plugin v25.9 - https:\/\/yoast.com\/wordpress\/plugins\/seo\/ -->\n<title>PASO en JxC: Macri tom\u00f3 distancia de Larreta y prefiri\u00f3 el &quot;cambio inmediato&quot; que quiere Bullrich - Noticias Radio Reflejos<\/title>\n<meta name=\"robots\" content=\"index, follow, max-snippet:-1, max-image-preview:large, max-video-preview:-1\" \/>\n<link rel=\"canonical\" href=\"https:\/\/www.noticiasradioreflejos.com.ar\/2021\/paso-en-jxc-macri-tomo-distancia-de-larreta-y-prefirio-el-cambio-inmediato-que-quiere-bullrich\/\" \/>\n<meta property=\"og:locale\" content=\"es_ES\" \/>\n<meta property=\"og:type\" content=\"article\" \/>\n<meta property=\"og:title\" content=\"PASO en JxC: Macri tom\u00f3 distancia de Larreta y prefiri\u00f3 el &quot;cambio inmediato&quot; que quiere Bullrich - Noticias Radio Reflejos\" \/>\n<meta property=\"og:description\" content=\"El expresidente Mauricio Macri expres\u00f3 esta noche su preferencia por la precandidata presidencial de Juntos por el Cambio (JxC) Patricia Bullrich, con quien comparte su \u00abvisi\u00f3n\u00bb de implementar medidas \u00abpara un cambio inmediato y profundo\u00bb y se\u00f1al\u00f3 \u00abdiferencias\u00bb con su competidor, Horacio Rodr\u00edguez Larreta, quien busca ampliar el espacio con dirigentes que son \u00abresponsables de [&hellip;]\" \/>\n<meta property=\"og:url\" content=\"https:\/\/www.noticiasradioreflejos.com.ar\/2021\/paso-en-jxc-macri-tomo-distancia-de-larreta-y-prefirio-el-cambio-inmediato-que-quiere-bullrich\/\" \/>\n<meta property=\"og:site_name\" content=\"Noticias Radio Reflejos\" \/>\n<meta property=\"article:published_time\" content=\"2023-08-08T10:55:02+00:00\" \/>\n<meta property=\"article:modified_time\" content=\"2023-08-08T10:55:48+00:00\" \/>\n<meta property=\"og:image\" content=\"https:\/\/www.noticiasradioreflejos.com.ar\/2021\/wp-content\/uploads\/2021\/07\/logosol300x200.png\" \/>\n\t<meta property=\"og:image:width\" content=\"300\" \/>\n\t<meta property=\"og:image:height\" content=\"200\" \/>\n\t<meta property=\"og:image:type\" content=\"image\/png\" \/>\n<meta name=\"author\" content=\"Arnaldo Botto\" \/>\n<meta name=\"twitter:card\" content=\"summary_large_image\" \/>\n<script type=\"application\/ld+json\" class=\"yoast-schema-graph\">{\"@context\":\"https:\/\/schema.org\",\"@graph\":[{\"@type\":\"WebPage\",\"@id\":\"https:\/\/www.noticiasradioreflejos.com.ar\/2021\/paso-en-jxc-macri-tomo-distancia-de-larreta-y-prefirio-el-cambio-inmediato-que-quiere-bullrich\/\",\"url\":\"https:\/\/www.noticiasradioreflejos.com.ar\/2021\/paso-en-jxc-macri-tomo-distancia-de-larreta-y-prefirio-el-cambio-inmediato-que-quiere-bullrich\/\",\"name\":\"PASO en JxC: Macri tom\u00f3 distancia de Larreta y prefiri\u00f3 el \\\"cambio inmediato\\\" que quiere Bullrich - Noticias Radio Reflejos\",\"isPartOf\":{\"@id\":\"https:\/\/www.noticiasradioreflejos.com.ar\/2021\/#website\"},\"datePublished\":\"2023-08-08T10:55:02+00:00\",\"dateModified\":\"2023-08-08T10:55:48+00:00\",\"author\":{\"@id\":\"https:\/\/www.noticiasradioreflejos.com.ar\/2021\/#\/schema\/person\/ad82545263dcc5ec0996818884fd5fb1\"},\"breadcrumb\":{\"@id\":\"https:\/\/www.noticiasradioreflejos.com.ar\/2021\/paso-en-jxc-macri-tomo-distancia-de-larreta-y-prefirio-el-cambio-inmediato-que-quiere-bullrich\/#breadcrumb\"},\"inLanguage\":\"es\",\"potentialAction\":[{\"@type\":\"ReadAction\",\"target\":[\"https:\/\/www.noticiasradioreflejos.com.ar\/2021\/paso-en-jxc-macri-tomo-distancia-de-larreta-y-prefirio-el-cambio-inmediato-que-quiere-bullrich\/\"]}]},{\"@type\":\"BreadcrumbList\",\"@id\":\"https:\/\/www.noticiasradioreflejos.com.ar\/2021\/paso-en-jxc-macri-tomo-distancia-de-larreta-y-prefirio-el-cambio-inmediato-que-quiere-bullrich\/#breadcrumb\",\"itemListElement\":[{\"@type\":\"ListItem\",\"position\":1,\"name\":\"Portada\",\"item\":\"https:\/\/www.noticiasradioreflejos.com.ar\/2021\/\"},{\"@type\":\"ListItem\",\"position\":2,\"name\":\"PASO en JxC: Macri tom\u00f3 distancia de Larreta y prefiri\u00f3 el \u00abcambio inmediato\u00bb que quiere Bullrich\"}]},{\"@type\":\"WebSite\",\"@id\":\"https:\/\/www.noticiasradioreflejos.com.ar\/2021\/#website\",\"url\":\"https:\/\/www.noticiasradioreflejos.com.ar\/2021\/\",\"name\":\"Noticias Radio Reflejos\",\"description\":\"Las noticias de mi comarca\",\"potentialAction\":[{\"@type\":\"SearchAction\",\"target\":{\"@type\":\"EntryPoint\",\"urlTemplate\":\"https:\/\/www.noticiasradioreflejos.com.ar\/2021\/?s={search_term_string}\"},\"query-input\":{\"@type\":\"PropertyValueSpecification\",\"valueRequired\":true,\"valueName\":\"search_term_string\"}}],\"inLanguage\":\"es\"},{\"@type\":\"Person\",\"@id\":\"https:\/\/www.noticiasradioreflejos.com.ar\/2021\/#\/schema\/person\/ad82545263dcc5ec0996818884fd5fb1\",\"name\":\"Arnaldo Botto\",\"image\":{\"@type\":\"ImageObject\",\"inLanguage\":\"es\",\"@id\":\"https:\/\/www.noticiasradioreflejos.com.ar\/2021\/#\/schema\/person\/image\/\",\"url\":\"https:\/\/secure.gravatar.com\/avatar\/55cb5e37c1efa326397366e6974cb338056df65cb50e7d64d1cf314e87504837?s=96&d=mm&r=g\",\"contentUrl\":\"https:\/\/secure.gravatar.com\/avatar\/55cb5e37c1efa326397366e6974cb338056df65cb50e7d64d1cf314e87504837?s=96&d=mm&r=g\",\"caption\":\"Arnaldo Botto\"},\"url\":\"https:\/\/www.noticiasradioreflejos.com.ar\/2021\/author\/arnaldo\/\"}]}<\/script>\n<!-- \/ Yoast SEO plugin. -->","yoast_head_json":{"title":"PASO en JxC: Macri tom\u00f3 distancia de Larreta y prefiri\u00f3 el \"cambio inmediato\" que quiere Bullrich - Noticias Radio Reflejos","robots":{"index":"index","follow":"follow","max-snippet":"max-snippet:-1","max-image-preview":"max-image-preview:large","max-video-preview":"max-video-preview:-1"},"canonical":"https:\/\/www.noticiasradioreflejos.com.ar\/2021\/paso-en-jxc-macri-tomo-distancia-de-larreta-y-prefirio-el-cambio-inmediato-que-quiere-bullrich\/","og_locale":"es_ES","og_type":"article","og_title":"PASO en JxC: Macri tom\u00f3 distancia de Larreta y prefiri\u00f3 el \"cambio inmediato\" que quiere Bullrich - Noticias Radio Reflejos","og_description":"El expresidente Mauricio Macri expres\u00f3 esta noche su preferencia por la precandidata presidencial de Juntos por el Cambio (JxC) Patricia Bullrich, con quien comparte su \u00abvisi\u00f3n\u00bb de implementar medidas \u00abpara un cambio inmediato y profundo\u00bb y se\u00f1al\u00f3 \u00abdiferencias\u00bb con su competidor, Horacio Rodr\u00edguez Larreta, quien busca ampliar el espacio con dirigentes que son \u00abresponsables de [&hellip;]","og_url":"https:\/\/www.noticiasradioreflejos.com.ar\/2021\/paso-en-jxc-macri-tomo-distancia-de-larreta-y-prefirio-el-cambio-inmediato-que-quiere-bullrich\/","og_site_name":"Noticias Radio Reflejos","article_published_time":"2023-08-08T10:55:02+00:00","article_modified_time":"2023-08-08T10:55:48+00:00","og_image":[{"width":300,"height":200,"url":"https:\/\/www.noticiasradioreflejos.com.ar\/2021\/wp-content\/uploads\/2021\/07\/logosol300x200.png","type":"image\/png"}],"author":"Arnaldo Botto","twitter_card":"summary_large_image","schema":{"@context":"https:\/\/schema.org","@graph":[{"@type":"WebPage","@id":"https:\/\/www.noticiasradioreflejos.com.ar\/2021\/paso-en-jxc-macri-tomo-distancia-de-larreta-y-prefirio-el-cambio-inmediato-que-quiere-bullrich\/","url":"https:\/\/www.noticiasradioreflejos.com.ar\/2021\/paso-en-jxc-macri-tomo-distancia-de-larreta-y-prefirio-el-cambio-inmediato-que-quiere-bullrich\/","name":"PASO en JxC: Macri tom\u00f3 distancia de Larreta y prefiri\u00f3 el \"cambio inmediato\" que quiere Bullrich - Noticias Radio Reflejos","isPartOf":{"@id":"https:\/\/www.noticiasradioreflejos.com.ar\/2021\/#website"},"datePublished":"2023-08-08T10:55:02+00:00","dateModified":"2023-08-08T10:55:48+00:00","author":{"@id":"https:\/\/www.noticiasradioreflejos.com.ar\/2021\/#\/schema\/person\/ad82545263dcc5ec0996818884fd5fb1"},"breadcrumb":{"@id":"https:\/\/www.noticiasradioreflejos.com.ar\/2021\/paso-en-jxc-macri-tomo-distancia-de-larreta-y-prefirio-el-cambio-inmediato-que-quiere-bullrich\/#breadcrumb"},"inLanguage":"es","potentialAction":[{"@type":"ReadAction","target":["https:\/\/www.noticiasradioreflejos.com.ar\/2021\/paso-en-jxc-macri-tomo-distancia-de-larreta-y-prefirio-el-cambio-inmediato-que-quiere-bullrich\/"]}]},{"@type":"BreadcrumbList","@id":"https:\/\/www.noticiasradioreflejos.com.ar\/2021\/paso-en-jxc-macri-tomo-distancia-de-larreta-y-prefirio-el-cambio-inmediato-que-quiere-bullrich\/#breadcrumb","itemListElement":[{"@type":"ListItem","position":1,"name":"Portada","item":"https:\/\/www.noticiasradioreflejos.com.ar\/2021\/"},{"@type":"ListItem","position":2,"name":"PASO en JxC: Macri tom\u00f3 distancia de Larreta y prefiri\u00f3 el \u00abcambio inmediato\u00bb que quiere Bullrich"}]},{"@type":"WebSite","@id":"https:\/\/www.noticiasradioreflejos.com.ar\/2021\/#website","url":"https:\/\/www.noticiasradioreflejos.com.ar\/2021\/","name":"Noticias Radio Reflejos","description":"Las noticias de mi comarca","potentialAction":[{"@type":"SearchAction","target":{"@type":"EntryPoint","urlTemplate":"https:\/\/www.noticiasradioreflejos.com.ar\/2021\/?s={search_term_string}"},"query-input":{"@type":"PropertyValueSpecification","valueRequired":true,"valueName":"search_term_string"}}],"inLanguage":"es"},{"@type":"Person","@id":"https:\/\/www.noticiasradioreflejos.com.ar\/2021\/#\/schema\/person\/ad82545263dcc5ec0996818884fd5fb1","name":"Arnaldo Botto","image":{"@type":"ImageObject","inLanguage":"es","@id":"https:\/\/www.noticiasradioreflejos.com.ar\/2021\/#\/schema\/person\/image\/","url":"https:\/\/secure.gravatar.com\/avatar\/55cb5e37c1efa326397366e6974cb338056df65cb50e7d64d1cf314e87504837?s=96&d=mm&r=g","contentUrl":"https:\/\/secure.gravatar.com\/avatar\/55cb5e37c1efa326397366e6974cb338056df65cb50e7d64d1cf314e87504837?s=96&d=mm&r=g","caption":"Arnaldo Botto"},"url":"https:\/\/www.noticiasradioreflejos.com.ar\/2021\/author\/arnaldo\/"}]}},"_links":{"self":[{"href":"https:\/\/www.noticiasradioreflejos.com.ar\/2021\/wp-json\/wp\/v2\/posts\/91343","targetHints":{"allow":["GET"]}}],"collection":[{"href":"https:\/\/www.noticiasradioreflejos.com.ar\/2021\/wp-json\/wp\/v2\/posts"}],"about":[{"href":"https:\/\/www.noticiasradioreflejos.com.ar\/2021\/wp-json\/wp\/v2\/types\/post"}],"author":[{"embeddable":true,"href":"https:\/\/www.noticiasradioreflejos.com.ar\/2021\/wp-json\/wp\/v2\/users\/3"}],"replies":[{"embeddable":true,"href":"https:\/\/www.noticiasradioreflejos.com.ar\/2021\/wp-json\/wp\/v2\/comments?post=91343"}],"version-history":[{"count":2,"href":"https:\/\/www.noticiasradioreflejos.com.ar\/2021\/wp-json\/wp\/v2\/posts\/91343\/revisions"}],"predecessor-version":[{"id":91345,"href":"https:\/\/www.noticiasradioreflejos.com.ar\/2021\/wp-json\/wp\/v2\/posts\/91343\/revisions\/91345"}],"wp:attachment":[{"href":"https:\/\/www.noticiasradioreflejos.com.ar\/2021\/wp-json\/wp\/v2\/media?parent=91343"}],"wp:term":[{"taxonomy":"category","embeddable":true,"href":"https:\/\/www.noticiasradioreflejos.com.ar\/2021\/wp-json\/wp\/v2\/categories?post=91343"},{"taxonomy":"post_tag","embeddable":true,"href":"https:\/\/www.noticiasradioreflejos.com.ar\/2021\/wp-json\/wp\/v2\/tags?post=91343"}],"curies":[{"name":"wp","href":"https:\/\/api.w.org\/{rel}","templated":true}]}}