{"id":91340,"date":"2023-08-08T10:41:19","date_gmt":"2023-08-08T10:41:19","guid":{"rendered":"https:\/\/www.noticiasradioreflejos.com.ar\/2021\/?p=91340"},"modified":"2023-08-08T10:41:19","modified_gmt":"2023-08-08T10:41:19","slug":"la-cgt-ratifica-su-apoyo-a-la-formula-massa-rossi-en-un-acto-contra-la-quita-de-derechos","status":"publish","type":"post","link":"https:\/\/www.noticiasradioreflejos.com.ar\/2021\/la-cgt-ratifica-su-apoyo-a-la-formula-massa-rossi-en-un-acto-contra-la-quita-de-derechos\/","title":{"rendered":"La CGT ratifica su apoyo a la f\u00f3rmula Massa-Rossi en un acto contra \u00abla quita de derechos\u00bb"},"content":{"rendered":"<p>La CGT que colideran H\u00e9ctor Daer, Carlos Acu\u00f1a y Pablo Moyano, ratificar\u00e1 hoy su apoyo a la f\u00f3rmula de Uni\u00f3n por la Patria (UXP) de Sergio Massa y Agust\u00edn Rossi para las PASO del pr\u00f3ximo domingo, con un acto que se realizar\u00e1 en Malvinas Argentinas contra \u00abla quita de derechos\u00bb, como \u00abpropuestas de reforma laboral y eliminaci\u00f3n de los convenios\u00bb.<!--more--><\/p>\n<p>El encuentro de dirigentes y militantes tendr\u00e1 lugar desde las 16 en el estadio DirecTV Arena de Tortuguitas, convocado para \u00abvolver al trabajo y votar por los derechos\u00bb, seg\u00fan expres\u00f3 la CGT en la convocatoria.<\/p>\n<p>Del acto, en el que hablar\u00e1 Massa, tambi\u00e9n participar\u00e1n referentes de varios movimientos sociales y espacios pol\u00edticos que respaldan a la f\u00f3rmula oficialista de UXP.<\/p>\n<p>Seg\u00fan las fuentes cegetistas consultadas por T\u00e9lam, hasta ahora \u00abla central obrera no design\u00f3 oradores propios\u00bb para ese acto, y tambi\u00e9n adelantaron que \u00ablos equipos de campa\u00f1a del ministro de Econom\u00eda decidir\u00e1n si habla el binomio o s\u00f3lo Massa\u00bb.<\/p>\n<p>\u00abEn ese acto, a realizarse a s\u00f3lo cinco d\u00edas de las PASO, s\u00f3lo habr\u00e1 dirigentes, delegados y militancia sindical. No se trata de una masiva movilizaci\u00f3n como acostumbra a convocar la CGT, porque el lugar s\u00f3lo puede albergar a 15.000 personas. Hasta el momento, tampoco se decidi\u00f3 si el movimiento obrero leer\u00e1 un documento pol\u00edtico-sindical fijando y ratificando posiciones\u00bb, se\u00f1alaron los voceros a esta agencia.<\/p>\n<p>En un breve encuentro de \u00abmesa chica\u00bb de la CGT realizado el jueves \u00faltimo en la sede nacional de la Uni\u00f3n del Personal Civil de la Naci\u00f3n (UPCN), al mando del secretario adjunto de la central obrera, Andr\u00e9s Rodr\u00edguez, los sindicalistas delinearon los aspectos organizativos y metodol\u00f3gicos de la convocatoria y del acto de hoy.<\/p>\n<p>El cotitular de la CGT y adjunto del Sindicato de Choferes de Camiones (Sichoca), Pablo Moyano, no participar\u00e1 porque este fin de semana viajaba a a la ciudad mexicana de Canc\u00fan para participar en un congreso de la Federaci\u00f3n Internacional de Trabajadores del Transporte (ITF), de la cual es dirigente.<\/p>\n<p>La CGT respaldar\u00e1 al binomio de UxP y se pronunciar\u00e1, como ocurri\u00f3 durante todos estos d\u00edas, por el voto a favor del peronismo para \u00abgarantizar y preservar los derechos de los trabajadores y las conquistas obtenidas\u00bb, en especial luego de las afirmaciones del exministro de Producci\u00f3n de Juntos por el Cambio (JxC) Dante Sica, quien alent\u00f3 la eliminaci\u00f3n de convenios colectivos e indemnizaciones.<\/p>\n<p>Las declaraciones de Sica generaron una ola de repudio en el conjunto del movimiento obrero, y fueron numerosas las voces de rechazo de la CGT y de ambas CTA (de los Trabajadores y Aut\u00f3noma), que condenaron esas iniciativas \u00abya superadas y fracasadas\u00bb y convocaron a votar por UxP para mantener \u00ablas conquistas logradas\u00bb.<\/p>\n","protected":false},"excerpt":{"rendered":"<p>La CGT que colideran H\u00e9ctor Daer, Carlos Acu\u00f1a y Pablo Moyano, ratificar\u00e1 hoy su apoyo a la f\u00f3rmula de Uni\u00f3n por la Patria (UXP) de Sergio Massa y Agust\u00edn Rossi para las PASO del pr\u00f3ximo domingo, con un acto que se realizar\u00e1 en Malvinas Argentinas contra \u00abla quita de derechos\u00bb, como \u00abpropuestas de reforma laboral [&hellip;]<\/p>\n","protected":false},"author":3,"featured_media":0,"comment_status":"closed","ping_status":"closed","sticky":false,"template":"","format":"standard","meta":{"footnotes":""},"categories":[24],"tags":[],"class_list":["post-91340","post","type-post","status-publish","format-standard","hentry","category-politica"],"yoast_head":"<!-- This site is optimized with the Yoast SEO plugin v25.9 - https:\/\/yoast.com\/wordpress\/plugins\/seo\/ -->\n<title>La CGT ratifica su apoyo a la f\u00f3rmula Massa-Rossi en un acto contra &quot;la quita de derechos&quot; - Noticias Radio Reflejos<\/title>\n<meta name=\"robots\" content=\"index, follow, max-snippet:-1, max-image-preview:large, max-video-preview:-1\" \/>\n<link rel=\"canonical\" href=\"https:\/\/www.noticiasradioreflejos.com.ar\/2021\/la-cgt-ratifica-su-apoyo-a-la-formula-massa-rossi-en-un-acto-contra-la-quita-de-derechos\/\" \/>\n<meta property=\"og:locale\" content=\"es_ES\" \/>\n<meta property=\"og:type\" content=\"article\" \/>\n<meta property=\"og:title\" content=\"La CGT ratifica su apoyo a la f\u00f3rmula Massa-Rossi en un acto contra &quot;la quita de derechos&quot; - Noticias Radio Reflejos\" \/>\n<meta property=\"og:description\" content=\"La CGT que colideran H\u00e9ctor Daer, Carlos Acu\u00f1a y Pablo Moyano, ratificar\u00e1 hoy su apoyo a la f\u00f3rmula de Uni\u00f3n por la Patria (UXP) de Sergio Massa y Agust\u00edn Rossi para las PASO del pr\u00f3ximo domingo, con un acto que se realizar\u00e1 en Malvinas Argentinas contra \u00abla quita de derechos\u00bb, como \u00abpropuestas de reforma laboral [&hellip;]\" \/>\n<meta property=\"og:url\" content=\"https:\/\/www.noticiasradioreflejos.com.ar\/2021\/la-cgt-ratifica-su-apoyo-a-la-formula-massa-rossi-en-un-acto-contra-la-quita-de-derechos\/\" \/>\n<meta property=\"og:site_name\" content=\"Noticias Radio Reflejos\" \/>\n<meta property=\"article:published_time\" content=\"2023-08-08T10:41:19+00:00\" \/>\n<meta property=\"og:image\" content=\"https:\/\/www.noticiasradioreflejos.com.ar\/2021\/wp-content\/uploads\/2021\/07\/logosol300x200.png\" \/>\n\t<meta property=\"og:image:width\" content=\"300\" \/>\n\t<meta property=\"og:image:height\" content=\"200\" \/>\n\t<meta property=\"og:image:type\" content=\"image\/png\" \/>\n<meta name=\"author\" content=\"Arnaldo Botto\" \/>\n<meta name=\"twitter:card\" content=\"summary_large_image\" \/>\n<script type=\"application\/ld+json\" class=\"yoast-schema-graph\">{\"@context\":\"https:\/\/schema.org\",\"@graph\":[{\"@type\":\"WebPage\",\"@id\":\"https:\/\/www.noticiasradioreflejos.com.ar\/2021\/la-cgt-ratifica-su-apoyo-a-la-formula-massa-rossi-en-un-acto-contra-la-quita-de-derechos\/\",\"url\":\"https:\/\/www.noticiasradioreflejos.com.ar\/2021\/la-cgt-ratifica-su-apoyo-a-la-formula-massa-rossi-en-un-acto-contra-la-quita-de-derechos\/\",\"name\":\"La CGT ratifica su apoyo a la f\u00f3rmula Massa-Rossi en un acto contra \\\"la quita de derechos\\\" - Noticias Radio Reflejos\",\"isPartOf\":{\"@id\":\"https:\/\/www.noticiasradioreflejos.com.ar\/2021\/#website\"},\"datePublished\":\"2023-08-08T10:41:19+00:00\",\"author\":{\"@id\":\"https:\/\/www.noticiasradioreflejos.com.ar\/2021\/#\/schema\/person\/ad82545263dcc5ec0996818884fd5fb1\"},\"breadcrumb\":{\"@id\":\"https:\/\/www.noticiasradioreflejos.com.ar\/2021\/la-cgt-ratifica-su-apoyo-a-la-formula-massa-rossi-en-un-acto-contra-la-quita-de-derechos\/#breadcrumb\"},\"inLanguage\":\"es\",\"potentialAction\":[{\"@type\":\"ReadAction\",\"target\":[\"https:\/\/www.noticiasradioreflejos.com.ar\/2021\/la-cgt-ratifica-su-apoyo-a-la-formula-massa-rossi-en-un-acto-contra-la-quita-de-derechos\/\"]}]},{\"@type\":\"BreadcrumbList\",\"@id\":\"https:\/\/www.noticiasradioreflejos.com.ar\/2021\/la-cgt-ratifica-su-apoyo-a-la-formula-massa-rossi-en-un-acto-contra-la-quita-de-derechos\/#breadcrumb\",\"itemListElement\":[{\"@type\":\"ListItem\",\"position\":1,\"name\":\"Portada\",\"item\":\"https:\/\/www.noticiasradioreflejos.com.ar\/2021\/\"},{\"@type\":\"ListItem\",\"position\":2,\"name\":\"La CGT ratifica su apoyo a la f\u00f3rmula Massa-Rossi en un acto contra \u00abla quita de derechos\u00bb\"}]},{\"@type\":\"WebSite\",\"@id\":\"https:\/\/www.noticiasradioreflejos.com.ar\/2021\/#website\",\"url\":\"https:\/\/www.noticiasradioreflejos.com.ar\/2021\/\",\"name\":\"Noticias Radio Reflejos\",\"description\":\"Las noticias de mi comarca\",\"potentialAction\":[{\"@type\":\"SearchAction\",\"target\":{\"@type\":\"EntryPoint\",\"urlTemplate\":\"https:\/\/www.noticiasradioreflejos.com.ar\/2021\/?s={search_term_string}\"},\"query-input\":{\"@type\":\"PropertyValueSpecification\",\"valueRequired\":true,\"valueName\":\"search_term_string\"}}],\"inLanguage\":\"es\"},{\"@type\":\"Person\",\"@id\":\"https:\/\/www.noticiasradioreflejos.com.ar\/2021\/#\/schema\/person\/ad82545263dcc5ec0996818884fd5fb1\",\"name\":\"Arnaldo Botto\",\"image\":{\"@type\":\"ImageObject\",\"inLanguage\":\"es\",\"@id\":\"https:\/\/www.noticiasradioreflejos.com.ar\/2021\/#\/schema\/person\/image\/\",\"url\":\"https:\/\/secure.gravatar.com\/avatar\/55cb5e37c1efa326397366e6974cb338056df65cb50e7d64d1cf314e87504837?s=96&d=mm&r=g\",\"contentUrl\":\"https:\/\/secure.gravatar.com\/avatar\/55cb5e37c1efa326397366e6974cb338056df65cb50e7d64d1cf314e87504837?s=96&d=mm&r=g\",\"caption\":\"Arnaldo Botto\"},\"url\":\"https:\/\/www.noticiasradioreflejos.com.ar\/2021\/author\/arnaldo\/\"}]}<\/script>\n<!-- \/ Yoast SEO plugin. -->","yoast_head_json":{"title":"La CGT ratifica su apoyo a la f\u00f3rmula Massa-Rossi en un acto contra \"la quita de derechos\" - Noticias Radio Reflejos","robots":{"index":"index","follow":"follow","max-snippet":"max-snippet:-1","max-image-preview":"max-image-preview:large","max-video-preview":"max-video-preview:-1"},"canonical":"https:\/\/www.noticiasradioreflejos.com.ar\/2021\/la-cgt-ratifica-su-apoyo-a-la-formula-massa-rossi-en-un-acto-contra-la-quita-de-derechos\/","og_locale":"es_ES","og_type":"article","og_title":"La CGT ratifica su apoyo a la f\u00f3rmula Massa-Rossi en un acto contra \"la quita de derechos\" - Noticias Radio Reflejos","og_description":"La CGT que colideran H\u00e9ctor Daer, Carlos Acu\u00f1a y Pablo Moyano, ratificar\u00e1 hoy su apoyo a la f\u00f3rmula de Uni\u00f3n por la Patria (UXP) de Sergio Massa y Agust\u00edn Rossi para las PASO del pr\u00f3ximo domingo, con un acto que se realizar\u00e1 en Malvinas Argentinas contra \u00abla quita de derechos\u00bb, como \u00abpropuestas de reforma laboral [&hellip;]","og_url":"https:\/\/www.noticiasradioreflejos.com.ar\/2021\/la-cgt-ratifica-su-apoyo-a-la-formula-massa-rossi-en-un-acto-contra-la-quita-de-derechos\/","og_site_name":"Noticias Radio Reflejos","article_published_time":"2023-08-08T10:41:19+00:00","og_image":[{"width":300,"height":200,"url":"https:\/\/www.noticiasradioreflejos.com.ar\/2021\/wp-content\/uploads\/2021\/07\/logosol300x200.png","type":"image\/png"}],"author":"Arnaldo Botto","twitter_card":"summary_large_image","schema":{"@context":"https:\/\/schema.org","@graph":[{"@type":"WebPage","@id":"https:\/\/www.noticiasradioreflejos.com.ar\/2021\/la-cgt-ratifica-su-apoyo-a-la-formula-massa-rossi-en-un-acto-contra-la-quita-de-derechos\/","url":"https:\/\/www.noticiasradioreflejos.com.ar\/2021\/la-cgt-ratifica-su-apoyo-a-la-formula-massa-rossi-en-un-acto-contra-la-quita-de-derechos\/","name":"La CGT ratifica su apoyo a la f\u00f3rmula Massa-Rossi en un acto contra \"la quita de derechos\" - Noticias Radio Reflejos","isPartOf":{"@id":"https:\/\/www.noticiasradioreflejos.com.ar\/2021\/#website"},"datePublished":"2023-08-08T10:41:19+00:00","author":{"@id":"https:\/\/www.noticiasradioreflejos.com.ar\/2021\/#\/schema\/person\/ad82545263dcc5ec0996818884fd5fb1"},"breadcrumb":{"@id":"https:\/\/www.noticiasradioreflejos.com.ar\/2021\/la-cgt-ratifica-su-apoyo-a-la-formula-massa-rossi-en-un-acto-contra-la-quita-de-derechos\/#breadcrumb"},"inLanguage":"es","potentialAction":[{"@type":"ReadAction","target":["https:\/\/www.noticiasradioreflejos.com.ar\/2021\/la-cgt-ratifica-su-apoyo-a-la-formula-massa-rossi-en-un-acto-contra-la-quita-de-derechos\/"]}]},{"@type":"BreadcrumbList","@id":"https:\/\/www.noticiasradioreflejos.com.ar\/2021\/la-cgt-ratifica-su-apoyo-a-la-formula-massa-rossi-en-un-acto-contra-la-quita-de-derechos\/#breadcrumb","itemListElement":[{"@type":"ListItem","position":1,"name":"Portada","item":"https:\/\/www.noticiasradioreflejos.com.ar\/2021\/"},{"@type":"ListItem","position":2,"name":"La CGT ratifica su apoyo a la f\u00f3rmula Massa-Rossi en un acto contra \u00abla quita de derechos\u00bb"}]},{"@type":"WebSite","@id":"https:\/\/www.noticiasradioreflejos.com.ar\/2021\/#website","url":"https:\/\/www.noticiasradioreflejos.com.ar\/2021\/","name":"Noticias Radio Reflejos","description":"Las noticias de mi comarca","potentialAction":[{"@type":"SearchAction","target":{"@type":"EntryPoint","urlTemplate":"https:\/\/www.noticiasradioreflejos.com.ar\/2021\/?s={search_term_string}"},"query-input":{"@type":"PropertyValueSpecification","valueRequired":true,"valueName":"search_term_string"}}],"inLanguage":"es"},{"@type":"Person","@id":"https:\/\/www.noticiasradioreflejos.com.ar\/2021\/#\/schema\/person\/ad82545263dcc5ec0996818884fd5fb1","name":"Arnaldo Botto","image":{"@type":"ImageObject","inLanguage":"es","@id":"https:\/\/www.noticiasradioreflejos.com.ar\/2021\/#\/schema\/person\/image\/","url":"https:\/\/secure.gravatar.com\/avatar\/55cb5e37c1efa326397366e6974cb338056df65cb50e7d64d1cf314e87504837?s=96&d=mm&r=g","contentUrl":"https:\/\/secure.gravatar.com\/avatar\/55cb5e37c1efa326397366e6974cb338056df65cb50e7d64d1cf314e87504837?s=96&d=mm&r=g","caption":"Arnaldo Botto"},"url":"https:\/\/www.noticiasradioreflejos.com.ar\/2021\/author\/arnaldo\/"}]}},"_links":{"self":[{"href":"https:\/\/www.noticiasradioreflejos.com.ar\/2021\/wp-json\/wp\/v2\/posts\/91340","targetHints":{"allow":["GET"]}}],"collection":[{"href":"https:\/\/www.noticiasradioreflejos.com.ar\/2021\/wp-json\/wp\/v2\/posts"}],"about":[{"href":"https:\/\/www.noticiasradioreflejos.com.ar\/2021\/wp-json\/wp\/v2\/types\/post"}],"author":[{"embeddable":true,"href":"https:\/\/www.noticiasradioreflejos.com.ar\/2021\/wp-json\/wp\/v2\/users\/3"}],"replies":[{"embeddable":true,"href":"https:\/\/www.noticiasradioreflejos.com.ar\/2021\/wp-json\/wp\/v2\/comments?post=91340"}],"version-history":[{"count":1,"href":"https:\/\/www.noticiasradioreflejos.com.ar\/2021\/wp-json\/wp\/v2\/posts\/91340\/revisions"}],"predecessor-version":[{"id":91342,"href":"https:\/\/www.noticiasradioreflejos.com.ar\/2021\/wp-json\/wp\/v2\/posts\/91340\/revisions\/91342"}],"wp:attachment":[{"href":"https:\/\/www.noticiasradioreflejos.com.ar\/2021\/wp-json\/wp\/v2\/media?parent=91340"}],"wp:term":[{"taxonomy":"category","embeddable":true,"href":"https:\/\/www.noticiasradioreflejos.com.ar\/2021\/wp-json\/wp\/v2\/categories?post=91340"},{"taxonomy":"post_tag","embeddable":true,"href":"https:\/\/www.noticiasradioreflejos.com.ar\/2021\/wp-json\/wp\/v2\/tags?post=91340"}],"curies":[{"name":"wp","href":"https:\/\/api.w.org\/{rel}","templated":true}]}}