{"id":91337,"date":"2023-08-08T10:37:26","date_gmt":"2023-08-08T10:37:26","guid":{"rendered":"https:\/\/www.noticiasradioreflejos.com.ar\/2021\/?p=91337"},"modified":"2023-08-08T10:37:26","modified_gmt":"2023-08-08T10:37:26","slug":"bullrich-larreta-y-schiaretti-cierran-campana-en-cordoba-entre-hoy-y-el-jueves","status":"publish","type":"post","link":"https:\/\/www.noticiasradioreflejos.com.ar\/2021\/bullrich-larreta-y-schiaretti-cierran-campana-en-cordoba-entre-hoy-y-el-jueves\/","title":{"rendered":"Bullrich, Larreta y Schiaretti cierran campa\u00f1a en C\u00f3rdoba entre hoy y el jueves"},"content":{"rendered":"<p>Los precandidatos presidenciales Horacio Rodr\u00edguez Larreta y Patricia Bullrich de Juntos por el Cambio (JxC), y Juan Schiaretti, de Hacemos por Nuestro Pa\u00eds (HpNP), realizar\u00e1n entre hoy y el jueves sus cierres de campa\u00f1a en C\u00f3rdoba de cara a las primarias abiertas simult\u00e1neas y obligatorias (PASO) del pr\u00f3ximo domingo, seg\u00fan informaron voceros de esos espacios pol\u00edticos.<!--more--><\/p>\n<p>El binomio que Rodr\u00edguez Larreta y el gobernador de Jujuy, Gerardo Morales, que representa la lista interna \u00abEl cambio de nuestras vidas\u00bb, tiene previsto su acto de cierre hoy a las 11.30 en el predio Orfeo de la localidad de Salsipuedes del Gran C\u00f3rdoba, en las sierras chicas del departamento Col\u00f3n, y estar\u00e1 acompa\u00f1ado por algunos de los gobernadores electos de ese sector.<\/p>\n<p>En tanto, la lista adversaria \u00abLa fuerza del cambio\u00bb, que promueve a Bullrich-Luis Petri, estar\u00e1 cerrando ma\u00f1ana a las 18.30 en el complejo de la Plaza de la M\u00fasica, en el barrio Alberdi de la ciudad de C\u00f3rdoba.<\/p>\n<p>El sector de HpNP, con la f\u00f3rmula del gobernador Schiaretti-Florencio Randazzo, convoc\u00f3 al cierre de campa\u00f1a para el jueves a las 19.30 en el polideportivo de Quality, ubicado sobre Cruz Roja Argentina al 200, detr\u00e1s de Ciudad Universitaria en la ciudad de C\u00f3rdoba.<\/p>\n<p>En las elecciones nacionales el distrito electoral C\u00f3rdoba renueva nueve diputados nacionales, de los cuales seis corresponden a JxC: Marcos Gustavo Carasso, Mario Ra\u00fal Negri y V\u00edctor Hugo Romero (UCR); Soher El Sukaria y Adriana Noem\u00ed Ruarte (PRO) y Leonor Mar\u00eda Mart\u00ednez Villada (Coalici\u00f3n C\u00edvica).<\/p>\n<p>En tanto, las tres restantes bancas son de Gabriela Beatriz Est\u00e9vez y Eduardo Fern\u00e1ndez (FdT) y Carlos Guti\u00e9rrez (C\u00f3rdoba Federal-schiarettismo).<\/p>\n<p>Con respecto al Parlasur, por el distrito regional C\u00f3rdoba cumple mandato Humberto Benedetto (JxC), quien reemplaz\u00f3 al renunciante ruralista N\u00e9stor Roulet, de la misma coalici\u00f3n.<\/p>\n<p>Para las PASO est\u00e1n habilitadas para votar 3.060.956 personas en la provincia, distribuidas en 9.097 urnas ubicadas en 1.488 colegios de C\u00f3rdoba.<\/p>\n","protected":false},"excerpt":{"rendered":"<p>Los precandidatos presidenciales Horacio Rodr\u00edguez Larreta y Patricia Bullrich de Juntos por el Cambio (JxC), y Juan Schiaretti, de Hacemos por Nuestro Pa\u00eds (HpNP), realizar\u00e1n entre hoy y el jueves sus cierres de campa\u00f1a en C\u00f3rdoba de cara a las primarias abiertas simult\u00e1neas y obligatorias (PASO) del pr\u00f3ximo domingo, seg\u00fan informaron voceros de esos espacios [&hellip;]<\/p>\n","protected":false},"author":3,"featured_media":0,"comment_status":"closed","ping_status":"closed","sticky":false,"template":"","format":"standard","meta":{"footnotes":""},"categories":[24],"tags":[],"class_list":["post-91337","post","type-post","status-publish","format-standard","hentry","category-politica"],"yoast_head":"<!-- This site is optimized with the Yoast SEO plugin v25.9 - https:\/\/yoast.com\/wordpress\/plugins\/seo\/ -->\n<title>Bullrich, Larreta y Schiaretti cierran campa\u00f1a en C\u00f3rdoba entre hoy y el jueves - Noticias Radio Reflejos<\/title>\n<meta name=\"robots\" content=\"index, follow, max-snippet:-1, max-image-preview:large, max-video-preview:-1\" \/>\n<link rel=\"canonical\" href=\"https:\/\/www.noticiasradioreflejos.com.ar\/2021\/bullrich-larreta-y-schiaretti-cierran-campana-en-cordoba-entre-hoy-y-el-jueves\/\" \/>\n<meta property=\"og:locale\" content=\"es_ES\" \/>\n<meta property=\"og:type\" content=\"article\" \/>\n<meta property=\"og:title\" content=\"Bullrich, Larreta y Schiaretti cierran campa\u00f1a en C\u00f3rdoba entre hoy y el jueves - Noticias Radio Reflejos\" \/>\n<meta property=\"og:description\" content=\"Los precandidatos presidenciales Horacio Rodr\u00edguez Larreta y Patricia Bullrich de Juntos por el Cambio (JxC), y Juan Schiaretti, de Hacemos por Nuestro Pa\u00eds (HpNP), realizar\u00e1n entre hoy y el jueves sus cierres de campa\u00f1a en C\u00f3rdoba de cara a las primarias abiertas simult\u00e1neas y obligatorias (PASO) del pr\u00f3ximo domingo, seg\u00fan informaron voceros de esos espacios [&hellip;]\" \/>\n<meta property=\"og:url\" content=\"https:\/\/www.noticiasradioreflejos.com.ar\/2021\/bullrich-larreta-y-schiaretti-cierran-campana-en-cordoba-entre-hoy-y-el-jueves\/\" \/>\n<meta property=\"og:site_name\" content=\"Noticias Radio Reflejos\" \/>\n<meta property=\"article:published_time\" content=\"2023-08-08T10:37:26+00:00\" \/>\n<meta property=\"og:image\" content=\"https:\/\/www.noticiasradioreflejos.com.ar\/2021\/wp-content\/uploads\/2021\/07\/logosol300x200.png\" \/>\n\t<meta property=\"og:image:width\" content=\"300\" \/>\n\t<meta property=\"og:image:height\" content=\"200\" \/>\n\t<meta property=\"og:image:type\" content=\"image\/png\" \/>\n<meta name=\"author\" content=\"Arnaldo Botto\" \/>\n<meta name=\"twitter:card\" content=\"summary_large_image\" \/>\n<script type=\"application\/ld+json\" class=\"yoast-schema-graph\">{\"@context\":\"https:\/\/schema.org\",\"@graph\":[{\"@type\":\"WebPage\",\"@id\":\"https:\/\/www.noticiasradioreflejos.com.ar\/2021\/bullrich-larreta-y-schiaretti-cierran-campana-en-cordoba-entre-hoy-y-el-jueves\/\",\"url\":\"https:\/\/www.noticiasradioreflejos.com.ar\/2021\/bullrich-larreta-y-schiaretti-cierran-campana-en-cordoba-entre-hoy-y-el-jueves\/\",\"name\":\"Bullrich, Larreta y Schiaretti cierran campa\u00f1a en C\u00f3rdoba entre hoy y el jueves - Noticias Radio Reflejos\",\"isPartOf\":{\"@id\":\"https:\/\/www.noticiasradioreflejos.com.ar\/2021\/#website\"},\"datePublished\":\"2023-08-08T10:37:26+00:00\",\"author\":{\"@id\":\"https:\/\/www.noticiasradioreflejos.com.ar\/2021\/#\/schema\/person\/ad82545263dcc5ec0996818884fd5fb1\"},\"breadcrumb\":{\"@id\":\"https:\/\/www.noticiasradioreflejos.com.ar\/2021\/bullrich-larreta-y-schiaretti-cierran-campana-en-cordoba-entre-hoy-y-el-jueves\/#breadcrumb\"},\"inLanguage\":\"es\",\"potentialAction\":[{\"@type\":\"ReadAction\",\"target\":[\"https:\/\/www.noticiasradioreflejos.com.ar\/2021\/bullrich-larreta-y-schiaretti-cierran-campana-en-cordoba-entre-hoy-y-el-jueves\/\"]}]},{\"@type\":\"BreadcrumbList\",\"@id\":\"https:\/\/www.noticiasradioreflejos.com.ar\/2021\/bullrich-larreta-y-schiaretti-cierran-campana-en-cordoba-entre-hoy-y-el-jueves\/#breadcrumb\",\"itemListElement\":[{\"@type\":\"ListItem\",\"position\":1,\"name\":\"Portada\",\"item\":\"https:\/\/www.noticiasradioreflejos.com.ar\/2021\/\"},{\"@type\":\"ListItem\",\"position\":2,\"name\":\"Bullrich, Larreta y Schiaretti cierran campa\u00f1a en C\u00f3rdoba entre hoy y el jueves\"}]},{\"@type\":\"WebSite\",\"@id\":\"https:\/\/www.noticiasradioreflejos.com.ar\/2021\/#website\",\"url\":\"https:\/\/www.noticiasradioreflejos.com.ar\/2021\/\",\"name\":\"Noticias Radio Reflejos\",\"description\":\"Las noticias de mi comarca\",\"potentialAction\":[{\"@type\":\"SearchAction\",\"target\":{\"@type\":\"EntryPoint\",\"urlTemplate\":\"https:\/\/www.noticiasradioreflejos.com.ar\/2021\/?s={search_term_string}\"},\"query-input\":{\"@type\":\"PropertyValueSpecification\",\"valueRequired\":true,\"valueName\":\"search_term_string\"}}],\"inLanguage\":\"es\"},{\"@type\":\"Person\",\"@id\":\"https:\/\/www.noticiasradioreflejos.com.ar\/2021\/#\/schema\/person\/ad82545263dcc5ec0996818884fd5fb1\",\"name\":\"Arnaldo Botto\",\"image\":{\"@type\":\"ImageObject\",\"inLanguage\":\"es\",\"@id\":\"https:\/\/www.noticiasradioreflejos.com.ar\/2021\/#\/schema\/person\/image\/\",\"url\":\"https:\/\/secure.gravatar.com\/avatar\/55cb5e37c1efa326397366e6974cb338056df65cb50e7d64d1cf314e87504837?s=96&d=mm&r=g\",\"contentUrl\":\"https:\/\/secure.gravatar.com\/avatar\/55cb5e37c1efa326397366e6974cb338056df65cb50e7d64d1cf314e87504837?s=96&d=mm&r=g\",\"caption\":\"Arnaldo Botto\"},\"url\":\"https:\/\/www.noticiasradioreflejos.com.ar\/2021\/author\/arnaldo\/\"}]}<\/script>\n<!-- \/ Yoast SEO plugin. -->","yoast_head_json":{"title":"Bullrich, Larreta y Schiaretti cierran campa\u00f1a en C\u00f3rdoba entre hoy y el jueves - Noticias Radio Reflejos","robots":{"index":"index","follow":"follow","max-snippet":"max-snippet:-1","max-image-preview":"max-image-preview:large","max-video-preview":"max-video-preview:-1"},"canonical":"https:\/\/www.noticiasradioreflejos.com.ar\/2021\/bullrich-larreta-y-schiaretti-cierran-campana-en-cordoba-entre-hoy-y-el-jueves\/","og_locale":"es_ES","og_type":"article","og_title":"Bullrich, Larreta y Schiaretti cierran campa\u00f1a en C\u00f3rdoba entre hoy y el jueves - Noticias Radio Reflejos","og_description":"Los precandidatos presidenciales Horacio Rodr\u00edguez Larreta y Patricia Bullrich de Juntos por el Cambio (JxC), y Juan Schiaretti, de Hacemos por Nuestro Pa\u00eds (HpNP), realizar\u00e1n entre hoy y el jueves sus cierres de campa\u00f1a en C\u00f3rdoba de cara a las primarias abiertas simult\u00e1neas y obligatorias (PASO) del pr\u00f3ximo domingo, seg\u00fan informaron voceros de esos espacios [&hellip;]","og_url":"https:\/\/www.noticiasradioreflejos.com.ar\/2021\/bullrich-larreta-y-schiaretti-cierran-campana-en-cordoba-entre-hoy-y-el-jueves\/","og_site_name":"Noticias Radio Reflejos","article_published_time":"2023-08-08T10:37:26+00:00","og_image":[{"width":300,"height":200,"url":"https:\/\/www.noticiasradioreflejos.com.ar\/2021\/wp-content\/uploads\/2021\/07\/logosol300x200.png","type":"image\/png"}],"author":"Arnaldo Botto","twitter_card":"summary_large_image","schema":{"@context":"https:\/\/schema.org","@graph":[{"@type":"WebPage","@id":"https:\/\/www.noticiasradioreflejos.com.ar\/2021\/bullrich-larreta-y-schiaretti-cierran-campana-en-cordoba-entre-hoy-y-el-jueves\/","url":"https:\/\/www.noticiasradioreflejos.com.ar\/2021\/bullrich-larreta-y-schiaretti-cierran-campana-en-cordoba-entre-hoy-y-el-jueves\/","name":"Bullrich, Larreta y Schiaretti cierran campa\u00f1a en C\u00f3rdoba entre hoy y el jueves - Noticias Radio Reflejos","isPartOf":{"@id":"https:\/\/www.noticiasradioreflejos.com.ar\/2021\/#website"},"datePublished":"2023-08-08T10:37:26+00:00","author":{"@id":"https:\/\/www.noticiasradioreflejos.com.ar\/2021\/#\/schema\/person\/ad82545263dcc5ec0996818884fd5fb1"},"breadcrumb":{"@id":"https:\/\/www.noticiasradioreflejos.com.ar\/2021\/bullrich-larreta-y-schiaretti-cierran-campana-en-cordoba-entre-hoy-y-el-jueves\/#breadcrumb"},"inLanguage":"es","potentialAction":[{"@type":"ReadAction","target":["https:\/\/www.noticiasradioreflejos.com.ar\/2021\/bullrich-larreta-y-schiaretti-cierran-campana-en-cordoba-entre-hoy-y-el-jueves\/"]}]},{"@type":"BreadcrumbList","@id":"https:\/\/www.noticiasradioreflejos.com.ar\/2021\/bullrich-larreta-y-schiaretti-cierran-campana-en-cordoba-entre-hoy-y-el-jueves\/#breadcrumb","itemListElement":[{"@type":"ListItem","position":1,"name":"Portada","item":"https:\/\/www.noticiasradioreflejos.com.ar\/2021\/"},{"@type":"ListItem","position":2,"name":"Bullrich, Larreta y Schiaretti cierran campa\u00f1a en C\u00f3rdoba entre hoy y el jueves"}]},{"@type":"WebSite","@id":"https:\/\/www.noticiasradioreflejos.com.ar\/2021\/#website","url":"https:\/\/www.noticiasradioreflejos.com.ar\/2021\/","name":"Noticias Radio Reflejos","description":"Las noticias de mi comarca","potentialAction":[{"@type":"SearchAction","target":{"@type":"EntryPoint","urlTemplate":"https:\/\/www.noticiasradioreflejos.com.ar\/2021\/?s={search_term_string}"},"query-input":{"@type":"PropertyValueSpecification","valueRequired":true,"valueName":"search_term_string"}}],"inLanguage":"es"},{"@type":"Person","@id":"https:\/\/www.noticiasradioreflejos.com.ar\/2021\/#\/schema\/person\/ad82545263dcc5ec0996818884fd5fb1","name":"Arnaldo Botto","image":{"@type":"ImageObject","inLanguage":"es","@id":"https:\/\/www.noticiasradioreflejos.com.ar\/2021\/#\/schema\/person\/image\/","url":"https:\/\/secure.gravatar.com\/avatar\/55cb5e37c1efa326397366e6974cb338056df65cb50e7d64d1cf314e87504837?s=96&d=mm&r=g","contentUrl":"https:\/\/secure.gravatar.com\/avatar\/55cb5e37c1efa326397366e6974cb338056df65cb50e7d64d1cf314e87504837?s=96&d=mm&r=g","caption":"Arnaldo Botto"},"url":"https:\/\/www.noticiasradioreflejos.com.ar\/2021\/author\/arnaldo\/"}]}},"_links":{"self":[{"href":"https:\/\/www.noticiasradioreflejos.com.ar\/2021\/wp-json\/wp\/v2\/posts\/91337","targetHints":{"allow":["GET"]}}],"collection":[{"href":"https:\/\/www.noticiasradioreflejos.com.ar\/2021\/wp-json\/wp\/v2\/posts"}],"about":[{"href":"https:\/\/www.noticiasradioreflejos.com.ar\/2021\/wp-json\/wp\/v2\/types\/post"}],"author":[{"embeddable":true,"href":"https:\/\/www.noticiasradioreflejos.com.ar\/2021\/wp-json\/wp\/v2\/users\/3"}],"replies":[{"embeddable":true,"href":"https:\/\/www.noticiasradioreflejos.com.ar\/2021\/wp-json\/wp\/v2\/comments?post=91337"}],"version-history":[{"count":1,"href":"https:\/\/www.noticiasradioreflejos.com.ar\/2021\/wp-json\/wp\/v2\/posts\/91337\/revisions"}],"predecessor-version":[{"id":91339,"href":"https:\/\/www.noticiasradioreflejos.com.ar\/2021\/wp-json\/wp\/v2\/posts\/91337\/revisions\/91339"}],"wp:attachment":[{"href":"https:\/\/www.noticiasradioreflejos.com.ar\/2021\/wp-json\/wp\/v2\/media?parent=91337"}],"wp:term":[{"taxonomy":"category","embeddable":true,"href":"https:\/\/www.noticiasradioreflejos.com.ar\/2021\/wp-json\/wp\/v2\/categories?post=91337"},{"taxonomy":"post_tag","embeddable":true,"href":"https:\/\/www.noticiasradioreflejos.com.ar\/2021\/wp-json\/wp\/v2\/tags?post=91337"}],"curies":[{"name":"wp","href":"https:\/\/api.w.org\/{rel}","templated":true}]}}