{"id":91334,"date":"2023-08-08T10:33:59","date_gmt":"2023-08-08T10:33:59","guid":{"rendered":"https:\/\/www.noticiasradioreflejos.com.ar\/2021\/?p=91334"},"modified":"2023-08-08T10:33:59","modified_gmt":"2023-08-08T10:33:59","slug":"milei-cerro-su-campana-con-un-multitudinario-acto-y-pidio-a-la-gente-que-vaya-a-votar-el-domingo","status":"publish","type":"post","link":"https:\/\/www.noticiasradioreflejos.com.ar\/2021\/milei-cerro-su-campana-con-un-multitudinario-acto-y-pidio-a-la-gente-que-vaya-a-votar-el-domingo\/","title":{"rendered":"Milei cerr\u00f3 su campa\u00f1a con un multitudinario acto y pidi\u00f3 a la gente que \u00abvaya a votar\u00bb el domingo"},"content":{"rendered":"<p>El diputado nacional y precandidato a presidente por La Libertad Avanza, Javier Milei, cerr\u00f3 hoy su campa\u00f1a con un espect\u00e1culo en un Movistar Arena repleto, donde asegur\u00f3 que su espacio tiene \u00abestructura, fiscales y boletas en cada rinc\u00f3n del pa\u00eds\u00bb, reivindic\u00f3 \u00abel grito del 2001\u00bb para que \u00abse vayan todos\u00bb y exhort\u00f3 a la gente a \u00abvotar el domingo porque una Argentina distinta es imposible con los mismos de siempre\u00bb.<!--more--><\/p>\n<p>\u00abDespu\u00e9s de que insistieron en operarnos y que nos dec\u00edan que nos \u00edbamos a caer, podemos decir que tenemos partido, tenemos estructura, tenemos fiscales y boletas en cada rinc\u00f3n de Argentina. Estamos listos para representar a los argentinos de bien\u00bb, vocifer\u00f3 el candidato libertario desde el escenario, frente un miniestadio con capacidad para 15 mil personas.<\/p>\n<p>Adem\u00e1s, agreg\u00f3 que el domingo pr\u00f3ximo est\u00e1 la oportunidad de que \u00abel grito del 2001 se convierta en realidad\u00bb y le pidi\u00f3 a la militancia que \u00abvaya a votar el domingo porque una Argentina distinta es imposible con los mismos de siempre\u00bb.<\/p>\n<p><a data-flickr-embed=\"true\" data-footer=\"true\" href=\"https:\/\/www.flickr.com\/photos\/182279889@N02\/53101276147\/in\/dateposted-public\/\" title=\"08-08-2023_el_precandidato_presidencial_de_la (1)\"><img loading=\"lazy\" decoding=\"async\" src=\"https:\/\/live.staticflickr.com\/65535\/53101276147_c003d6afce_c.jpg\" width=\"800\" height=\"533\" alt=\"08-08-2023_el_precandidato_presidencial_de_la (1)\"\/><\/a><script async src=\"\/\/embedr.flickr.com\/assets\/client-code.js\" charset=\"utf-8\"><\/script><\/p>\n<p>Las puertas del Estadio ubicado en Corrientes 6039, en la Ciudad de Buenos Aires, se abrieron a las 19 horas y una larga fila compuesta mayormente por hombres j\u00f3venes hizo su ingreso.<\/p>\n<p>Los militantes fueron trasladados en colectivos desde distintos puntos de la provincia de Buenos Aires hasta el barrio porte\u00f1o de Villa Crespo, donde bailaron y cantaron al ritmo de cl\u00e1sicos de rock nacional.<\/p>\n<p>Al precandidato lo anunciaron con un video con im\u00e1genes de explosiones de edificios y detonaciones de bombas nucleares.<\/p>\n<p>Milei decidi\u00f3 entrar por el sector \u00abcampo\u00bb del Movistar Arena, rodeado por su equipo de seguridad privada que deb\u00eda correr a los empujones a los militantes que lo rodeaban para poder llegar al escenario como un mes\u00edas liberal vestido de cuerno negro al ritmo de Panic Show de La Renga.<\/p>\n<p>\u00ab\u00a1Que se vayan todos, que no quede ni uno solo!\u00bb, cant\u00f3 el precandidato presidencial y fue acompa\u00f1ado por los asistentes.<\/p>\n<p>\u00abNecesitamos su apoyo, que vayan a votar si quieren sacar a estos pol\u00edticos ladrones. Lleven a sus amigos, a sus hijos, a sus madres, no se queden en sus casas, la forma de cambiar este modelo es yendo a votar\u00bb, insisti\u00f3 Milei ante la multitud, secundado por su precandidata a vicepresidenta Victoria Villarruel.<\/p>\n<p>El diputado nacional asegur\u00f3 que la Argentina tuvo \u00abdos oportunidades\u00bb de cambio, uno durante el gobierno del expresidente Carlos Sa\u00fal Menem y otro durante el gobierno del expresidente Mauricio Macri.<\/p>\n<p>\u00abEn el 2015 volvimos a tener una oportunidad, un outsider lleg\u00f3 al poder con una premisa muy clara \u00abCambiemos\u00bb. Nuevamente la clase pol\u00edtica se puso en el medio\u00bb, argument\u00f3 el precandidato sobre el plan econ\u00f3mico macrista.<\/p>\n<p><a data-flickr-embed=\"true\" data-footer=\"true\" href=\"https:\/\/www.flickr.com\/photos\/182279889@N02\/53102037799\/in\/dateposted-public\/\" title=\"08-08-2023_el_precandidato_presidencial_de_la (2)\"><img loading=\"lazy\" decoding=\"async\" src=\"https:\/\/live.staticflickr.com\/65535\/53102037799_a89a54dd56_c.jpg\" width=\"800\" height=\"540\" alt=\"08-08-2023_el_precandidato_presidencial_de_la (2)\"\/><\/a><script async src=\"\/\/embedr.flickr.com\/assets\/client-code.js\" charset=\"utf-8\"><\/script><\/p>\n<p>Adem\u00e1s, no nombr\u00f3 al expresidente cuando asegur\u00f3 que \u00abpasaron peronistas, radicales, militares, la Alianza y rejuntes de todo tipo\u00bb que buscaron \u00abenriquecerse a costa nuestra\u00bb<\/p>\n<p>El l\u00edder libertario identific\u00f3 que el problema inici\u00f3 en la Argentina cuando \u00abla casta pol\u00edtica decidi\u00f3 que la riqueza de los argentinos ten\u00eda que estar en manos de ellos\u00bb.<\/p>\n<p>\u00abTomaron por asalto el Estado y cambiaron el modelo, todo arranca en 1916 cuando asume el populista Hip\u00f3lito Yrigoyen\u00bb, indic\u00f3 refiri\u00e9ndose al primer presidente argentino elegido por voto secreto, seguro y obligatorio.<\/p>\n<p>Milei estuvo acompa\u00f1ado por referentes del espacio, entre ellos, el precandidato a jefe de Gobierno porte\u00f1o, Ramiro Marra; la precandidata a gobernadora de la provincia de Buenos Aires, Carolina P\u00edparo; los precandidatos a diputados nacionales por la provincia de Buenos Aires Marcela Pagano y Alberto Venegas Lynch; el precandidato a senador bonaerense Juan Napoli; las precandidatas a diputadas nacionales por CABA Diana Mondino y Sandra Pettovello; el precandidato a intendente de La Matanza, David \u00abEl Dipy\u00bb Mart\u00ednez; y quien fue candidato a gobernador de La Rioja, Mart\u00edn Menem.<\/p>\n<p>Estaba tambi\u00e9n presente en el escenario la hermana del l\u00edder libertario, Karina Milei, que fue presentada por el precandidato presidencial como \u00abel jefe\u00bb.<\/p>\n<p>El youtuber Ramiro Marra se involucr\u00f3 en la euforia libertaria y fue levantado y tirado al aire por los militantes durante el encuentro.<\/p>\n<p>\u00abEstamos muy entusiasmados, es el trabajo que hicimos por m\u00e1s de dos a\u00f1os, empezamos con nuestro espacio pol\u00edtico para mostrar una alternativa diferente a las que estaban planteadas\u00bb, expres\u00f3 el precandidato a jefe de Gobierno porte\u00f1o en declaraciones para T\u00e9lam.<\/p>\n<p>Adem\u00e1s, consider\u00f3 que en la ciudad est\u00e1n \u00abmuy bien\u00bb y \u00abmuy entusiasmados\u00bb.<\/p>\n<p>\u00abCreemos que la Ciudad necesita un rumbo distinto\u00bb, se\u00f1al\u00f3 Marra.<\/p>\n<p>Por su parte, Pagano valor\u00f3 que por el Movistar Arena pasaron \u00abmuchos aristas de primera l\u00ednea\u00bb y sostuvo que Milei \u00abes como un rockstar\u00bb.<\/p>\n<p>\u00abMe parece que Javier, irrumpiendo ac\u00e1 y haciendo un acto pol\u00edtico nos muestra otro costado. Verdaderamente yo creo que es como un rockstar, la gente quiere tocarlo acercarse, sacarse una foto, as\u00ed que me pareci\u00f3 excelente el hallazgo de este lugar y haber elegido esto. Estamos muy ansiosos por ver la repercusi\u00f3n\u00bb, dijo sobre el acto la precandidata a diputada en declaraciones a esta agencia.<\/p>\n<p>Adem\u00e1s, agreg\u00f3 que la fiscalizaci\u00f3n viene \u00abbien\u00bb y que \u00abest\u00e1n trabajando\u00bb para llegar con la cantidad de fiscales.<\/p>\n<p>\u00abEntiendo que llegamos bien al domingo\u00bb, expres\u00f3 la periodista devenida en pol\u00edtica.<\/p>\n","protected":false},"excerpt":{"rendered":"<p>El diputado nacional y precandidato a presidente por La Libertad Avanza, Javier Milei, cerr\u00f3 hoy su campa\u00f1a con un espect\u00e1culo en un Movistar Arena repleto, donde asegur\u00f3 que su espacio tiene \u00abestructura, fiscales y boletas en cada rinc\u00f3n del pa\u00eds\u00bb, reivindic\u00f3 \u00abel grito del 2001\u00bb para que \u00abse vayan todos\u00bb y exhort\u00f3 a la gente [&hellip;]<\/p>\n","protected":false},"author":3,"featured_media":0,"comment_status":"closed","ping_status":"closed","sticky":false,"template":"","format":"standard","meta":{"footnotes":""},"categories":[24],"tags":[],"class_list":["post-91334","post","type-post","status-publish","format-standard","hentry","category-politica"],"yoast_head":"<!-- This site is optimized with the Yoast SEO plugin v25.9 - https:\/\/yoast.com\/wordpress\/plugins\/seo\/ -->\n<title>Milei cerr\u00f3 su campa\u00f1a con un multitudinario acto y pidi\u00f3 a la gente que &quot;vaya a votar&quot; el domingo - Noticias Radio Reflejos<\/title>\n<meta name=\"robots\" content=\"index, follow, max-snippet:-1, max-image-preview:large, max-video-preview:-1\" \/>\n<link rel=\"canonical\" href=\"https:\/\/www.noticiasradioreflejos.com.ar\/2021\/milei-cerro-su-campana-con-un-multitudinario-acto-y-pidio-a-la-gente-que-vaya-a-votar-el-domingo\/\" \/>\n<meta property=\"og:locale\" content=\"es_ES\" \/>\n<meta property=\"og:type\" content=\"article\" \/>\n<meta property=\"og:title\" content=\"Milei cerr\u00f3 su campa\u00f1a con un multitudinario acto y pidi\u00f3 a la gente que &quot;vaya a votar&quot; el domingo - Noticias Radio Reflejos\" \/>\n<meta property=\"og:description\" content=\"El diputado nacional y precandidato a presidente por La Libertad Avanza, Javier Milei, cerr\u00f3 hoy su campa\u00f1a con un espect\u00e1culo en un Movistar Arena repleto, donde asegur\u00f3 que su espacio tiene \u00abestructura, fiscales y boletas en cada rinc\u00f3n del pa\u00eds\u00bb, reivindic\u00f3 \u00abel grito del 2001\u00bb para que \u00abse vayan todos\u00bb y exhort\u00f3 a la gente [&hellip;]\" \/>\n<meta property=\"og:url\" content=\"https:\/\/www.noticiasradioreflejos.com.ar\/2021\/milei-cerro-su-campana-con-un-multitudinario-acto-y-pidio-a-la-gente-que-vaya-a-votar-el-domingo\/\" \/>\n<meta property=\"og:site_name\" content=\"Noticias Radio Reflejos\" \/>\n<meta property=\"article:published_time\" content=\"2023-08-08T10:33:59+00:00\" \/>\n<meta property=\"og:image\" content=\"https:\/\/live.staticflickr.com\/65535\/53101276147_c003d6afce_c.jpg\" \/>\n<meta name=\"author\" content=\"Arnaldo Botto\" \/>\n<meta name=\"twitter:card\" content=\"summary_large_image\" \/>\n<script type=\"application\/ld+json\" class=\"yoast-schema-graph\">{\"@context\":\"https:\/\/schema.org\",\"@graph\":[{\"@type\":\"WebPage\",\"@id\":\"https:\/\/www.noticiasradioreflejos.com.ar\/2021\/milei-cerro-su-campana-con-un-multitudinario-acto-y-pidio-a-la-gente-que-vaya-a-votar-el-domingo\/\",\"url\":\"https:\/\/www.noticiasradioreflejos.com.ar\/2021\/milei-cerro-su-campana-con-un-multitudinario-acto-y-pidio-a-la-gente-que-vaya-a-votar-el-domingo\/\",\"name\":\"Milei cerr\u00f3 su campa\u00f1a con un multitudinario acto y pidi\u00f3 a la gente que \\\"vaya a votar\\\" el domingo - Noticias Radio Reflejos\",\"isPartOf\":{\"@id\":\"https:\/\/www.noticiasradioreflejos.com.ar\/2021\/#website\"},\"primaryImageOfPage\":{\"@id\":\"https:\/\/www.noticiasradioreflejos.com.ar\/2021\/milei-cerro-su-campana-con-un-multitudinario-acto-y-pidio-a-la-gente-que-vaya-a-votar-el-domingo\/#primaryimage\"},\"image\":{\"@id\":\"https:\/\/www.noticiasradioreflejos.com.ar\/2021\/milei-cerro-su-campana-con-un-multitudinario-acto-y-pidio-a-la-gente-que-vaya-a-votar-el-domingo\/#primaryimage\"},\"thumbnailUrl\":\"https:\/\/live.staticflickr.com\/65535\/53101276147_c003d6afce_c.jpg\",\"datePublished\":\"2023-08-08T10:33:59+00:00\",\"author\":{\"@id\":\"https:\/\/www.noticiasradioreflejos.com.ar\/2021\/#\/schema\/person\/ad82545263dcc5ec0996818884fd5fb1\"},\"breadcrumb\":{\"@id\":\"https:\/\/www.noticiasradioreflejos.com.ar\/2021\/milei-cerro-su-campana-con-un-multitudinario-acto-y-pidio-a-la-gente-que-vaya-a-votar-el-domingo\/#breadcrumb\"},\"inLanguage\":\"es\",\"potentialAction\":[{\"@type\":\"ReadAction\",\"target\":[\"https:\/\/www.noticiasradioreflejos.com.ar\/2021\/milei-cerro-su-campana-con-un-multitudinario-acto-y-pidio-a-la-gente-que-vaya-a-votar-el-domingo\/\"]}]},{\"@type\":\"ImageObject\",\"inLanguage\":\"es\",\"@id\":\"https:\/\/www.noticiasradioreflejos.com.ar\/2021\/milei-cerro-su-campana-con-un-multitudinario-acto-y-pidio-a-la-gente-que-vaya-a-votar-el-domingo\/#primaryimage\",\"url\":\"https:\/\/live.staticflickr.com\/65535\/53101276147_c003d6afce_c.jpg\",\"contentUrl\":\"https:\/\/live.staticflickr.com\/65535\/53101276147_c003d6afce_c.jpg\"},{\"@type\":\"BreadcrumbList\",\"@id\":\"https:\/\/www.noticiasradioreflejos.com.ar\/2021\/milei-cerro-su-campana-con-un-multitudinario-acto-y-pidio-a-la-gente-que-vaya-a-votar-el-domingo\/#breadcrumb\",\"itemListElement\":[{\"@type\":\"ListItem\",\"position\":1,\"name\":\"Portada\",\"item\":\"https:\/\/www.noticiasradioreflejos.com.ar\/2021\/\"},{\"@type\":\"ListItem\",\"position\":2,\"name\":\"Milei cerr\u00f3 su campa\u00f1a con un multitudinario acto y pidi\u00f3 a la gente que \u00abvaya a votar\u00bb el domingo\"}]},{\"@type\":\"WebSite\",\"@id\":\"https:\/\/www.noticiasradioreflejos.com.ar\/2021\/#website\",\"url\":\"https:\/\/www.noticiasradioreflejos.com.ar\/2021\/\",\"name\":\"Noticias Radio Reflejos\",\"description\":\"Las noticias de mi comarca\",\"potentialAction\":[{\"@type\":\"SearchAction\",\"target\":{\"@type\":\"EntryPoint\",\"urlTemplate\":\"https:\/\/www.noticiasradioreflejos.com.ar\/2021\/?s={search_term_string}\"},\"query-input\":{\"@type\":\"PropertyValueSpecification\",\"valueRequired\":true,\"valueName\":\"search_term_string\"}}],\"inLanguage\":\"es\"},{\"@type\":\"Person\",\"@id\":\"https:\/\/www.noticiasradioreflejos.com.ar\/2021\/#\/schema\/person\/ad82545263dcc5ec0996818884fd5fb1\",\"name\":\"Arnaldo Botto\",\"image\":{\"@type\":\"ImageObject\",\"inLanguage\":\"es\",\"@id\":\"https:\/\/www.noticiasradioreflejos.com.ar\/2021\/#\/schema\/person\/image\/\",\"url\":\"https:\/\/secure.gravatar.com\/avatar\/55cb5e37c1efa326397366e6974cb338056df65cb50e7d64d1cf314e87504837?s=96&d=mm&r=g\",\"contentUrl\":\"https:\/\/secure.gravatar.com\/avatar\/55cb5e37c1efa326397366e6974cb338056df65cb50e7d64d1cf314e87504837?s=96&d=mm&r=g\",\"caption\":\"Arnaldo Botto\"},\"url\":\"https:\/\/www.noticiasradioreflejos.com.ar\/2021\/author\/arnaldo\/\"}]}<\/script>\n<!-- \/ Yoast SEO plugin. -->","yoast_head_json":{"title":"Milei cerr\u00f3 su campa\u00f1a con un multitudinario acto y pidi\u00f3 a la gente que \"vaya a votar\" el domingo - Noticias Radio Reflejos","robots":{"index":"index","follow":"follow","max-snippet":"max-snippet:-1","max-image-preview":"max-image-preview:large","max-video-preview":"max-video-preview:-1"},"canonical":"https:\/\/www.noticiasradioreflejos.com.ar\/2021\/milei-cerro-su-campana-con-un-multitudinario-acto-y-pidio-a-la-gente-que-vaya-a-votar-el-domingo\/","og_locale":"es_ES","og_type":"article","og_title":"Milei cerr\u00f3 su campa\u00f1a con un multitudinario acto y pidi\u00f3 a la gente que \"vaya a votar\" el domingo - Noticias Radio Reflejos","og_description":"El diputado nacional y precandidato a presidente por La Libertad Avanza, Javier Milei, cerr\u00f3 hoy su campa\u00f1a con un espect\u00e1culo en un Movistar Arena repleto, donde asegur\u00f3 que su espacio tiene \u00abestructura, fiscales y boletas en cada rinc\u00f3n del pa\u00eds\u00bb, reivindic\u00f3 \u00abel grito del 2001\u00bb para que \u00abse vayan todos\u00bb y exhort\u00f3 a la gente [&hellip;]","og_url":"https:\/\/www.noticiasradioreflejos.com.ar\/2021\/milei-cerro-su-campana-con-un-multitudinario-acto-y-pidio-a-la-gente-que-vaya-a-votar-el-domingo\/","og_site_name":"Noticias Radio Reflejos","article_published_time":"2023-08-08T10:33:59+00:00","og_image":[{"url":"https:\/\/live.staticflickr.com\/65535\/53101276147_c003d6afce_c.jpg","type":"","width":"","height":""}],"author":"Arnaldo Botto","twitter_card":"summary_large_image","schema":{"@context":"https:\/\/schema.org","@graph":[{"@type":"WebPage","@id":"https:\/\/www.noticiasradioreflejos.com.ar\/2021\/milei-cerro-su-campana-con-un-multitudinario-acto-y-pidio-a-la-gente-que-vaya-a-votar-el-domingo\/","url":"https:\/\/www.noticiasradioreflejos.com.ar\/2021\/milei-cerro-su-campana-con-un-multitudinario-acto-y-pidio-a-la-gente-que-vaya-a-votar-el-domingo\/","name":"Milei cerr\u00f3 su campa\u00f1a con un multitudinario acto y pidi\u00f3 a la gente que \"vaya a votar\" el domingo - Noticias Radio Reflejos","isPartOf":{"@id":"https:\/\/www.noticiasradioreflejos.com.ar\/2021\/#website"},"primaryImageOfPage":{"@id":"https:\/\/www.noticiasradioreflejos.com.ar\/2021\/milei-cerro-su-campana-con-un-multitudinario-acto-y-pidio-a-la-gente-que-vaya-a-votar-el-domingo\/#primaryimage"},"image":{"@id":"https:\/\/www.noticiasradioreflejos.com.ar\/2021\/milei-cerro-su-campana-con-un-multitudinario-acto-y-pidio-a-la-gente-que-vaya-a-votar-el-domingo\/#primaryimage"},"thumbnailUrl":"https:\/\/live.staticflickr.com\/65535\/53101276147_c003d6afce_c.jpg","datePublished":"2023-08-08T10:33:59+00:00","author":{"@id":"https:\/\/www.noticiasradioreflejos.com.ar\/2021\/#\/schema\/person\/ad82545263dcc5ec0996818884fd5fb1"},"breadcrumb":{"@id":"https:\/\/www.noticiasradioreflejos.com.ar\/2021\/milei-cerro-su-campana-con-un-multitudinario-acto-y-pidio-a-la-gente-que-vaya-a-votar-el-domingo\/#breadcrumb"},"inLanguage":"es","potentialAction":[{"@type":"ReadAction","target":["https:\/\/www.noticiasradioreflejos.com.ar\/2021\/milei-cerro-su-campana-con-un-multitudinario-acto-y-pidio-a-la-gente-que-vaya-a-votar-el-domingo\/"]}]},{"@type":"ImageObject","inLanguage":"es","@id":"https:\/\/www.noticiasradioreflejos.com.ar\/2021\/milei-cerro-su-campana-con-un-multitudinario-acto-y-pidio-a-la-gente-que-vaya-a-votar-el-domingo\/#primaryimage","url":"https:\/\/live.staticflickr.com\/65535\/53101276147_c003d6afce_c.jpg","contentUrl":"https:\/\/live.staticflickr.com\/65535\/53101276147_c003d6afce_c.jpg"},{"@type":"BreadcrumbList","@id":"https:\/\/www.noticiasradioreflejos.com.ar\/2021\/milei-cerro-su-campana-con-un-multitudinario-acto-y-pidio-a-la-gente-que-vaya-a-votar-el-domingo\/#breadcrumb","itemListElement":[{"@type":"ListItem","position":1,"name":"Portada","item":"https:\/\/www.noticiasradioreflejos.com.ar\/2021\/"},{"@type":"ListItem","position":2,"name":"Milei cerr\u00f3 su campa\u00f1a con un multitudinario acto y pidi\u00f3 a la gente que \u00abvaya a votar\u00bb el domingo"}]},{"@type":"WebSite","@id":"https:\/\/www.noticiasradioreflejos.com.ar\/2021\/#website","url":"https:\/\/www.noticiasradioreflejos.com.ar\/2021\/","name":"Noticias Radio Reflejos","description":"Las noticias de mi comarca","potentialAction":[{"@type":"SearchAction","target":{"@type":"EntryPoint","urlTemplate":"https:\/\/www.noticiasradioreflejos.com.ar\/2021\/?s={search_term_string}"},"query-input":{"@type":"PropertyValueSpecification","valueRequired":true,"valueName":"search_term_string"}}],"inLanguage":"es"},{"@type":"Person","@id":"https:\/\/www.noticiasradioreflejos.com.ar\/2021\/#\/schema\/person\/ad82545263dcc5ec0996818884fd5fb1","name":"Arnaldo Botto","image":{"@type":"ImageObject","inLanguage":"es","@id":"https:\/\/www.noticiasradioreflejos.com.ar\/2021\/#\/schema\/person\/image\/","url":"https:\/\/secure.gravatar.com\/avatar\/55cb5e37c1efa326397366e6974cb338056df65cb50e7d64d1cf314e87504837?s=96&d=mm&r=g","contentUrl":"https:\/\/secure.gravatar.com\/avatar\/55cb5e37c1efa326397366e6974cb338056df65cb50e7d64d1cf314e87504837?s=96&d=mm&r=g","caption":"Arnaldo Botto"},"url":"https:\/\/www.noticiasradioreflejos.com.ar\/2021\/author\/arnaldo\/"}]}},"_links":{"self":[{"href":"https:\/\/www.noticiasradioreflejos.com.ar\/2021\/wp-json\/wp\/v2\/posts\/91334","targetHints":{"allow":["GET"]}}],"collection":[{"href":"https:\/\/www.noticiasradioreflejos.com.ar\/2021\/wp-json\/wp\/v2\/posts"}],"about":[{"href":"https:\/\/www.noticiasradioreflejos.com.ar\/2021\/wp-json\/wp\/v2\/types\/post"}],"author":[{"embeddable":true,"href":"https:\/\/www.noticiasradioreflejos.com.ar\/2021\/wp-json\/wp\/v2\/users\/3"}],"replies":[{"embeddable":true,"href":"https:\/\/www.noticiasradioreflejos.com.ar\/2021\/wp-json\/wp\/v2\/comments?post=91334"}],"version-history":[{"count":1,"href":"https:\/\/www.noticiasradioreflejos.com.ar\/2021\/wp-json\/wp\/v2\/posts\/91334\/revisions"}],"predecessor-version":[{"id":91336,"href":"https:\/\/www.noticiasradioreflejos.com.ar\/2021\/wp-json\/wp\/v2\/posts\/91334\/revisions\/91336"}],"wp:attachment":[{"href":"https:\/\/www.noticiasradioreflejos.com.ar\/2021\/wp-json\/wp\/v2\/media?parent=91334"}],"wp:term":[{"taxonomy":"category","embeddable":true,"href":"https:\/\/www.noticiasradioreflejos.com.ar\/2021\/wp-json\/wp\/v2\/categories?post=91334"},{"taxonomy":"post_tag","embeddable":true,"href":"https:\/\/www.noticiasradioreflejos.com.ar\/2021\/wp-json\/wp\/v2\/tags?post=91334"}],"curies":[{"name":"wp","href":"https:\/\/api.w.org\/{rel}","templated":true}]}}