{"id":91325,"date":"2023-08-07T17:14:28","date_gmt":"2023-08-07T17:14:28","guid":{"rendered":"https:\/\/www.noticiasradioreflejos.com.ar\/2021\/?p=91325"},"modified":"2023-08-07T17:14:28","modified_gmt":"2023-08-07T17:14:28","slug":"tornquist-recibira-la-distincion-de-bases-para-la-gestion-integral-de-municipios-turisticos-sostenibles","status":"publish","type":"post","link":"https:\/\/www.noticiasradioreflejos.com.ar\/2021\/tornquist-recibira-la-distincion-de-bases-para-la-gestion-integral-de-municipios-turisticos-sostenibles\/","title":{"rendered":"Tornquist recibir\u00e1 la distinci\u00f3n de Bases para la Gesti\u00f3n Integral de Municipios Tur\u00edsticos Sostenibles"},"content":{"rendered":"<p>Luego de cinco meses de trabajo y de su evaluaci\u00f3n pertinente, la Secretar\u00eda de Turismo de Tornquist Municipio, recibir\u00e1 una distinci\u00f3n por haber completado satisfactoriamente la implementaci\u00f3n del programa Bases para la Gesti\u00f3n Integral de Municipios Tur\u00edsticos Sostenibles, perteneciente al Sistema Argentino de Calidad Tur\u00edstica (SACT) del Ministerio de Turismo y Deporte de la Naci\u00f3n.<!--more--><\/p>\n<p>La distinci\u00f3n permitir\u00e1 la implementaci\u00f3n de herramientas de calidad para la actividad tur\u00edstica, contribuyendo a la comarca a:<\/p>\n<p>-Desarrollar mayor competitividad potenciando la sostenibilidad social, econ\u00f3mica, cultural y ambiental.<br \/>\n-Fortalecer procesos internos haci\u00e9ndolos m\u00e1s eficientes para la realizaci\u00f3n de mediciones \u00fatiles para la toma de decisiones.<br \/>\n-Otorgar a visitantes la seguridad de que el destino est\u00e1 trabajando para brindar un servicio confiable.<br \/>\n-Mejorar la motivaci\u00f3n y el trabajo en equipo.<br \/>\n-Afianzar el posicionamiento del destino y, por lo tanto, mejorar su visibilidad.<br \/>\n-Atraer y fidelizar visitantes.<\/p>\n<p>Adem\u00e1s, alienta al sector a seguir trabajando en la mejora continua y en la implementaci\u00f3n de programas espec\u00edficos, permitiendo profundizar en la pol\u00edtica tur\u00edstica basada en la calidad, sostenibilidad, innovaci\u00f3n y accesibilidad tur\u00edstica.<\/p>\n","protected":false},"excerpt":{"rendered":"<p>Luego de cinco meses de trabajo y de su evaluaci\u00f3n pertinente, la Secretar\u00eda de Turismo de Tornquist Municipio, recibir\u00e1 una distinci\u00f3n por haber completado satisfactoriamente la implementaci\u00f3n del programa Bases para la Gesti\u00f3n Integral de Municipios Tur\u00edsticos Sostenibles, perteneciente al Sistema Argentino de Calidad Tur\u00edstica (SACT) del Ministerio de Turismo y Deporte de la Naci\u00f3n.<\/p>\n","protected":false},"author":3,"featured_media":86100,"comment_status":"closed","ping_status":"closed","sticky":false,"template":"","format":"standard","meta":{"footnotes":""},"categories":[28],"tags":[],"class_list":["post-91325","post","type-post","status-publish","format-standard","has-post-thumbnail","hentry","category-municipales"],"yoast_head":"<!-- This site is optimized with the Yoast SEO plugin v25.9 - https:\/\/yoast.com\/wordpress\/plugins\/seo\/ -->\n<title>Tornquist recibir\u00e1 la distinci\u00f3n de Bases para la Gesti\u00f3n Integral de Municipios Tur\u00edsticos Sostenibles - Noticias Radio Reflejos<\/title>\n<meta name=\"robots\" content=\"index, follow, max-snippet:-1, max-image-preview:large, max-video-preview:-1\" \/>\n<link rel=\"canonical\" href=\"https:\/\/www.noticiasradioreflejos.com.ar\/2021\/tornquist-recibira-la-distincion-de-bases-para-la-gestion-integral-de-municipios-turisticos-sostenibles\/\" \/>\n<meta property=\"og:locale\" content=\"es_ES\" \/>\n<meta property=\"og:type\" content=\"article\" \/>\n<meta property=\"og:title\" content=\"Tornquist recibir\u00e1 la distinci\u00f3n de Bases para la Gesti\u00f3n Integral de Municipios Tur\u00edsticos Sostenibles - Noticias Radio Reflejos\" \/>\n<meta property=\"og:description\" content=\"Luego de cinco meses de trabajo y de su evaluaci\u00f3n pertinente, la Secretar\u00eda de Turismo de Tornquist Municipio, recibir\u00e1 una distinci\u00f3n por haber completado satisfactoriamente la implementaci\u00f3n del programa Bases para la Gesti\u00f3n Integral de Municipios Tur\u00edsticos Sostenibles, perteneciente al Sistema Argentino de Calidad Tur\u00edstica (SACT) del Ministerio de Turismo y Deporte de la Naci\u00f3n.\" \/>\n<meta property=\"og:url\" content=\"https:\/\/www.noticiasradioreflejos.com.ar\/2021\/tornquist-recibira-la-distincion-de-bases-para-la-gestion-integral-de-municipios-turisticos-sostenibles\/\" \/>\n<meta property=\"og:site_name\" content=\"Noticias Radio Reflejos\" \/>\n<meta property=\"article:published_time\" content=\"2023-08-07T17:14:28+00:00\" \/>\n<meta property=\"og:image\" content=\"https:\/\/www.noticiasradioreflejos.com.ar\/2021\/wp-content\/uploads\/2023\/03\/Logo-TM-2022.jpeg\" \/>\n\t<meta property=\"og:image:width\" content=\"1024\" \/>\n\t<meta property=\"og:image:height\" content=\"768\" \/>\n\t<meta property=\"og:image:type\" content=\"image\/jpeg\" \/>\n<meta name=\"author\" content=\"Arnaldo Botto\" \/>\n<meta name=\"twitter:card\" content=\"summary_large_image\" \/>\n<script type=\"application\/ld+json\" class=\"yoast-schema-graph\">{\"@context\":\"https:\/\/schema.org\",\"@graph\":[{\"@type\":\"WebPage\",\"@id\":\"https:\/\/www.noticiasradioreflejos.com.ar\/2021\/tornquist-recibira-la-distincion-de-bases-para-la-gestion-integral-de-municipios-turisticos-sostenibles\/\",\"url\":\"https:\/\/www.noticiasradioreflejos.com.ar\/2021\/tornquist-recibira-la-distincion-de-bases-para-la-gestion-integral-de-municipios-turisticos-sostenibles\/\",\"name\":\"Tornquist recibir\u00e1 la distinci\u00f3n de Bases para la Gesti\u00f3n Integral de Municipios Tur\u00edsticos Sostenibles - Noticias Radio Reflejos\",\"isPartOf\":{\"@id\":\"https:\/\/www.noticiasradioreflejos.com.ar\/2021\/#website\"},\"primaryImageOfPage\":{\"@id\":\"https:\/\/www.noticiasradioreflejos.com.ar\/2021\/tornquist-recibira-la-distincion-de-bases-para-la-gestion-integral-de-municipios-turisticos-sostenibles\/#primaryimage\"},\"image\":{\"@id\":\"https:\/\/www.noticiasradioreflejos.com.ar\/2021\/tornquist-recibira-la-distincion-de-bases-para-la-gestion-integral-de-municipios-turisticos-sostenibles\/#primaryimage\"},\"thumbnailUrl\":\"https:\/\/www.noticiasradioreflejos.com.ar\/2021\/wp-content\/uploads\/2023\/03\/Logo-TM-2022.jpeg\",\"datePublished\":\"2023-08-07T17:14:28+00:00\",\"author\":{\"@id\":\"https:\/\/www.noticiasradioreflejos.com.ar\/2021\/#\/schema\/person\/ad82545263dcc5ec0996818884fd5fb1\"},\"breadcrumb\":{\"@id\":\"https:\/\/www.noticiasradioreflejos.com.ar\/2021\/tornquist-recibira-la-distincion-de-bases-para-la-gestion-integral-de-municipios-turisticos-sostenibles\/#breadcrumb\"},\"inLanguage\":\"es\",\"potentialAction\":[{\"@type\":\"ReadAction\",\"target\":[\"https:\/\/www.noticiasradioreflejos.com.ar\/2021\/tornquist-recibira-la-distincion-de-bases-para-la-gestion-integral-de-municipios-turisticos-sostenibles\/\"]}]},{\"@type\":\"ImageObject\",\"inLanguage\":\"es\",\"@id\":\"https:\/\/www.noticiasradioreflejos.com.ar\/2021\/tornquist-recibira-la-distincion-de-bases-para-la-gestion-integral-de-municipios-turisticos-sostenibles\/#primaryimage\",\"url\":\"https:\/\/www.noticiasradioreflejos.com.ar\/2021\/wp-content\/uploads\/2023\/03\/Logo-TM-2022.jpeg\",\"contentUrl\":\"https:\/\/www.noticiasradioreflejos.com.ar\/2021\/wp-content\/uploads\/2023\/03\/Logo-TM-2022.jpeg\",\"width\":1024,\"height\":768},{\"@type\":\"BreadcrumbList\",\"@id\":\"https:\/\/www.noticiasradioreflejos.com.ar\/2021\/tornquist-recibira-la-distincion-de-bases-para-la-gestion-integral-de-municipios-turisticos-sostenibles\/#breadcrumb\",\"itemListElement\":[{\"@type\":\"ListItem\",\"position\":1,\"name\":\"Portada\",\"item\":\"https:\/\/www.noticiasradioreflejos.com.ar\/2021\/\"},{\"@type\":\"ListItem\",\"position\":2,\"name\":\"Tornquist recibir\u00e1 la distinci\u00f3n de Bases para la Gesti\u00f3n Integral de Municipios Tur\u00edsticos Sostenibles\"}]},{\"@type\":\"WebSite\",\"@id\":\"https:\/\/www.noticiasradioreflejos.com.ar\/2021\/#website\",\"url\":\"https:\/\/www.noticiasradioreflejos.com.ar\/2021\/\",\"name\":\"Noticias Radio Reflejos\",\"description\":\"Las noticias de mi comarca\",\"potentialAction\":[{\"@type\":\"SearchAction\",\"target\":{\"@type\":\"EntryPoint\",\"urlTemplate\":\"https:\/\/www.noticiasradioreflejos.com.ar\/2021\/?s={search_term_string}\"},\"query-input\":{\"@type\":\"PropertyValueSpecification\",\"valueRequired\":true,\"valueName\":\"search_term_string\"}}],\"inLanguage\":\"es\"},{\"@type\":\"Person\",\"@id\":\"https:\/\/www.noticiasradioreflejos.com.ar\/2021\/#\/schema\/person\/ad82545263dcc5ec0996818884fd5fb1\",\"name\":\"Arnaldo Botto\",\"image\":{\"@type\":\"ImageObject\",\"inLanguage\":\"es\",\"@id\":\"https:\/\/www.noticiasradioreflejos.com.ar\/2021\/#\/schema\/person\/image\/\",\"url\":\"https:\/\/secure.gravatar.com\/avatar\/55cb5e37c1efa326397366e6974cb338056df65cb50e7d64d1cf314e87504837?s=96&d=mm&r=g\",\"contentUrl\":\"https:\/\/secure.gravatar.com\/avatar\/55cb5e37c1efa326397366e6974cb338056df65cb50e7d64d1cf314e87504837?s=96&d=mm&r=g\",\"caption\":\"Arnaldo Botto\"},\"url\":\"https:\/\/www.noticiasradioreflejos.com.ar\/2021\/author\/arnaldo\/\"}]}<\/script>\n<!-- \/ Yoast SEO plugin. -->","yoast_head_json":{"title":"Tornquist recibir\u00e1 la distinci\u00f3n de Bases para la Gesti\u00f3n Integral de Municipios Tur\u00edsticos Sostenibles - Noticias Radio Reflejos","robots":{"index":"index","follow":"follow","max-snippet":"max-snippet:-1","max-image-preview":"max-image-preview:large","max-video-preview":"max-video-preview:-1"},"canonical":"https:\/\/www.noticiasradioreflejos.com.ar\/2021\/tornquist-recibira-la-distincion-de-bases-para-la-gestion-integral-de-municipios-turisticos-sostenibles\/","og_locale":"es_ES","og_type":"article","og_title":"Tornquist recibir\u00e1 la distinci\u00f3n de Bases para la Gesti\u00f3n Integral de Municipios Tur\u00edsticos Sostenibles - Noticias Radio Reflejos","og_description":"Luego de cinco meses de trabajo y de su evaluaci\u00f3n pertinente, la Secretar\u00eda de Turismo de Tornquist Municipio, recibir\u00e1 una distinci\u00f3n por haber completado satisfactoriamente la implementaci\u00f3n del programa Bases para la Gesti\u00f3n Integral de Municipios Tur\u00edsticos Sostenibles, perteneciente al Sistema Argentino de Calidad Tur\u00edstica (SACT) del Ministerio de Turismo y Deporte de la Naci\u00f3n.","og_url":"https:\/\/www.noticiasradioreflejos.com.ar\/2021\/tornquist-recibira-la-distincion-de-bases-para-la-gestion-integral-de-municipios-turisticos-sostenibles\/","og_site_name":"Noticias Radio Reflejos","article_published_time":"2023-08-07T17:14:28+00:00","og_image":[{"width":1024,"height":768,"url":"https:\/\/www.noticiasradioreflejos.com.ar\/2021\/wp-content\/uploads\/2023\/03\/Logo-TM-2022.jpeg","type":"image\/jpeg"}],"author":"Arnaldo Botto","twitter_card":"summary_large_image","schema":{"@context":"https:\/\/schema.org","@graph":[{"@type":"WebPage","@id":"https:\/\/www.noticiasradioreflejos.com.ar\/2021\/tornquist-recibira-la-distincion-de-bases-para-la-gestion-integral-de-municipios-turisticos-sostenibles\/","url":"https:\/\/www.noticiasradioreflejos.com.ar\/2021\/tornquist-recibira-la-distincion-de-bases-para-la-gestion-integral-de-municipios-turisticos-sostenibles\/","name":"Tornquist recibir\u00e1 la distinci\u00f3n de Bases para la Gesti\u00f3n Integral de Municipios Tur\u00edsticos Sostenibles - Noticias Radio Reflejos","isPartOf":{"@id":"https:\/\/www.noticiasradioreflejos.com.ar\/2021\/#website"},"primaryImageOfPage":{"@id":"https:\/\/www.noticiasradioreflejos.com.ar\/2021\/tornquist-recibira-la-distincion-de-bases-para-la-gestion-integral-de-municipios-turisticos-sostenibles\/#primaryimage"},"image":{"@id":"https:\/\/www.noticiasradioreflejos.com.ar\/2021\/tornquist-recibira-la-distincion-de-bases-para-la-gestion-integral-de-municipios-turisticos-sostenibles\/#primaryimage"},"thumbnailUrl":"https:\/\/www.noticiasradioreflejos.com.ar\/2021\/wp-content\/uploads\/2023\/03\/Logo-TM-2022.jpeg","datePublished":"2023-08-07T17:14:28+00:00","author":{"@id":"https:\/\/www.noticiasradioreflejos.com.ar\/2021\/#\/schema\/person\/ad82545263dcc5ec0996818884fd5fb1"},"breadcrumb":{"@id":"https:\/\/www.noticiasradioreflejos.com.ar\/2021\/tornquist-recibira-la-distincion-de-bases-para-la-gestion-integral-de-municipios-turisticos-sostenibles\/#breadcrumb"},"inLanguage":"es","potentialAction":[{"@type":"ReadAction","target":["https:\/\/www.noticiasradioreflejos.com.ar\/2021\/tornquist-recibira-la-distincion-de-bases-para-la-gestion-integral-de-municipios-turisticos-sostenibles\/"]}]},{"@type":"ImageObject","inLanguage":"es","@id":"https:\/\/www.noticiasradioreflejos.com.ar\/2021\/tornquist-recibira-la-distincion-de-bases-para-la-gestion-integral-de-municipios-turisticos-sostenibles\/#primaryimage","url":"https:\/\/www.noticiasradioreflejos.com.ar\/2021\/wp-content\/uploads\/2023\/03\/Logo-TM-2022.jpeg","contentUrl":"https:\/\/www.noticiasradioreflejos.com.ar\/2021\/wp-content\/uploads\/2023\/03\/Logo-TM-2022.jpeg","width":1024,"height":768},{"@type":"BreadcrumbList","@id":"https:\/\/www.noticiasradioreflejos.com.ar\/2021\/tornquist-recibira-la-distincion-de-bases-para-la-gestion-integral-de-municipios-turisticos-sostenibles\/#breadcrumb","itemListElement":[{"@type":"ListItem","position":1,"name":"Portada","item":"https:\/\/www.noticiasradioreflejos.com.ar\/2021\/"},{"@type":"ListItem","position":2,"name":"Tornquist recibir\u00e1 la distinci\u00f3n de Bases para la Gesti\u00f3n Integral de Municipios Tur\u00edsticos Sostenibles"}]},{"@type":"WebSite","@id":"https:\/\/www.noticiasradioreflejos.com.ar\/2021\/#website","url":"https:\/\/www.noticiasradioreflejos.com.ar\/2021\/","name":"Noticias Radio Reflejos","description":"Las noticias de mi comarca","potentialAction":[{"@type":"SearchAction","target":{"@type":"EntryPoint","urlTemplate":"https:\/\/www.noticiasradioreflejos.com.ar\/2021\/?s={search_term_string}"},"query-input":{"@type":"PropertyValueSpecification","valueRequired":true,"valueName":"search_term_string"}}],"inLanguage":"es"},{"@type":"Person","@id":"https:\/\/www.noticiasradioreflejos.com.ar\/2021\/#\/schema\/person\/ad82545263dcc5ec0996818884fd5fb1","name":"Arnaldo Botto","image":{"@type":"ImageObject","inLanguage":"es","@id":"https:\/\/www.noticiasradioreflejos.com.ar\/2021\/#\/schema\/person\/image\/","url":"https:\/\/secure.gravatar.com\/avatar\/55cb5e37c1efa326397366e6974cb338056df65cb50e7d64d1cf314e87504837?s=96&d=mm&r=g","contentUrl":"https:\/\/secure.gravatar.com\/avatar\/55cb5e37c1efa326397366e6974cb338056df65cb50e7d64d1cf314e87504837?s=96&d=mm&r=g","caption":"Arnaldo Botto"},"url":"https:\/\/www.noticiasradioreflejos.com.ar\/2021\/author\/arnaldo\/"}]}},"_links":{"self":[{"href":"https:\/\/www.noticiasradioreflejos.com.ar\/2021\/wp-json\/wp\/v2\/posts\/91325","targetHints":{"allow":["GET"]}}],"collection":[{"href":"https:\/\/www.noticiasradioreflejos.com.ar\/2021\/wp-json\/wp\/v2\/posts"}],"about":[{"href":"https:\/\/www.noticiasradioreflejos.com.ar\/2021\/wp-json\/wp\/v2\/types\/post"}],"author":[{"embeddable":true,"href":"https:\/\/www.noticiasradioreflejos.com.ar\/2021\/wp-json\/wp\/v2\/users\/3"}],"replies":[{"embeddable":true,"href":"https:\/\/www.noticiasradioreflejos.com.ar\/2021\/wp-json\/wp\/v2\/comments?post=91325"}],"version-history":[{"count":1,"href":"https:\/\/www.noticiasradioreflejos.com.ar\/2021\/wp-json\/wp\/v2\/posts\/91325\/revisions"}],"predecessor-version":[{"id":91326,"href":"https:\/\/www.noticiasradioreflejos.com.ar\/2021\/wp-json\/wp\/v2\/posts\/91325\/revisions\/91326"}],"wp:featuredmedia":[{"embeddable":true,"href":"https:\/\/www.noticiasradioreflejos.com.ar\/2021\/wp-json\/wp\/v2\/media\/86100"}],"wp:attachment":[{"href":"https:\/\/www.noticiasradioreflejos.com.ar\/2021\/wp-json\/wp\/v2\/media?parent=91325"}],"wp:term":[{"taxonomy":"category","embeddable":true,"href":"https:\/\/www.noticiasradioreflejos.com.ar\/2021\/wp-json\/wp\/v2\/categories?post=91325"},{"taxonomy":"post_tag","embeddable":true,"href":"https:\/\/www.noticiasradioreflejos.com.ar\/2021\/wp-json\/wp\/v2\/tags?post=91325"}],"curies":[{"name":"wp","href":"https:\/\/api.w.org\/{rel}","templated":true}]}}