{"id":91291,"date":"2023-08-06T14:26:08","date_gmt":"2023-08-06T14:26:08","guid":{"rendered":"https:\/\/www.noticiasradioreflejos.com.ar\/2021\/?p=91291"},"modified":"2023-08-06T14:26:08","modified_gmt":"2023-08-06T14:26:08","slug":"tras-entrada-en-servicio-en-proximos-meses-gasoducto-nestor-kirchner-duplicara-capacidad-transporte","status":"publish","type":"post","link":"https:\/\/www.noticiasradioreflejos.com.ar\/2021\/tras-entrada-en-servicio-en-proximos-meses-gasoducto-nestor-kirchner-duplicara-capacidad-transporte\/","title":{"rendered":"Tras entrada en servicio, en pr\u00f3ximos meses Gasoducto N\u00e9stor Kirchner duplicar\u00e1 capacidad transporte"},"content":{"rendered":"<p>La construcci\u00f3n de la etapa I del Gasoducto Presidente N\u00e9stor Kirchner (GPNK), tras comenzar en los \u00faltimos d\u00edas a ingresar gas natural al sistema de transporte, encara el proceso de instalaci\u00f3n de dos equipos turbocompresores en las plantas cabeceras, lo que permitir\u00e1 casi duplicar su capacidad de evacuaci\u00f3n del gas de Vaca Muerta.<!--more--><\/p>\n<p>Fuentes de la empresa Energ\u00eda Argentina se\u00f1alaron que las obras a desarrollarse en las plantas Tratay\u00e9n, en la provincia de Neuqu\u00e9n, y Saturno, en el partido bonaerense de Salliquel\u00f3, estar\u00e1n listas durante el pr\u00f3ximo trimestre, de acuerdo al avance de obra registrado por las contratistas.<\/p>\n<p>Seg\u00fan el detalle de la licitaci\u00f3n adjudicada en diciembre pasado, la planta Compresora Tratay\u00e9n estar\u00e1 a cargo de la firma Sacde de Construcci\u00f3n y Desarrollo Estrat\u00e9gico, que tuvo la responsabilidad junto con Techint de dos de los tres tramos del ducto principal de 573 kil\u00f3metros del GPNK.<\/p>\n<p>En tanto que la planta Compresora Salliquel\u00f3 ser\u00e1 ejecutada por la UTE Contreras Hermanos-Esuco.<\/p>\n<p>Los dos equipos turbocompresores ya se encuentran en el pa\u00eds desde abril y mayo pasado, y fueron trasladados a las respectivas plantas donde se realizan actualmente las obras de instalaci\u00f3n e integraci\u00f3n al sistema.<\/p>\n<p>La funci\u00f3n de los dos equipos ser\u00e1 la de incrementar la capacidad de transporte del gasoducto de los actuales 11 a 21 millones de metros c\u00fabicos\/d\u00eda (MMm3\/d\u00eda), caudal que se asegura estar\u00e1 habilitado para circular antes de que finalice 2023.<\/p>\n<p>La construcci\u00f3n de estas plantas compresoras, proyectadas para completar la etapa I junto a las obras complementarias del GPNK, estaba prevista para 2024, pero fueron adelantadas casi un a\u00f1o.<\/p>\n<p>Para esta licitaci\u00f3n hab\u00edan presentado propuestas cuatro oferentes: BTU, Esuco-Contreras, Sacde y Techint, las que propusieron los detalles t\u00e9cnicos y econ\u00f3micos de las tareas de Ingenier\u00eda, provisi\u00f3n de equipos y materiales, y construcci\u00f3n de la planta compresora de gas.<\/p>\n<p>Tras la evaluaci\u00f3n de las ofertas t\u00e9cnicas y econ\u00f3micas, la empresa decidi\u00f3 adjudicar el rengl\u00f3n 1 al oferente Sacde por un monto total de $ 19.925.776.438 y el rengl\u00f3n 2 al oferente Contreras Hermanos-Esuco S.A. por un monto total de $ 16.706.271.512.<\/p>\n<p>Todas las obras son parte del proceso de licitaci\u00f3n que lleva adelante la empresa estatal Energ\u00eda Argentina, que permiti\u00f3 finalizar la construcci\u00f3n del gasoducto el 9 de julio, para luego comenzar el proceso de llenado con un caudal de 25 MMm3 de gas de Vaca Muerta.<\/p>\n<p>El jueves \u00faltimo, el gasoducto comenz\u00f3 a inyectar los primeros metros c\u00fabicos de gas natural proveniente de Vaca Muerta a la red troncal de transporte que abastece al \u00c1rea Metropolitana Buenos Aires (AMBA), con lo que se busca asegurar el abastecimiento del mercado interno y la sustituci\u00f3n de importaciones.<\/p>\n<p>De esta manera, en los pr\u00f3ximos d\u00edas a trav\u00e9s del nuevo ducto se estar\u00e1 incorporando al sistema los 11 millones de metros c\u00fabicos (MMm3) diarios de gas, el tope de su capacidad inicial.<\/p>\n<p>De esta manera, la Argentina evitar\u00e1 a partir del a\u00f1o pr\u00f3ximo tener que importar Gas Natural Licuado (GNL) a trav\u00e9s de la terminal flotante del puerto de Bah\u00eda Blanca, lo que significar\u00e1 una sustituci\u00f3n de importaciones que se abastecer\u00e1 con el incremental productivo de la formaci\u00f3n no convencional de Vaca Muerta.<\/p>\n<p>Tan s\u00f3lo en concepto de disminuci\u00f3n de importaciones se prev\u00e9 un ahorro para este a\u00f1o de alrededor de US$ 1.700 millones, que se incrementar\u00e1 a unos US$ 4.000 millones en 2024, por la disponibilidad del nuevo gas en reemplazo del GNL y los combustibles l\u00edquidos importados.<\/p>\n<p>Hace unos diez d\u00edas, se concret\u00f3 la habilitaci\u00f3n del loop (ampliaci\u00f3n) que daba unos 5 MMm3 adicionales de capacidad a ese ducto troncal que nace en la cuenca neuquina, se dirige hasta la ciudad de Bah\u00eda Blanca y desde ese nodo, por distintas trazas, hasta el AMBA.<\/p>\n<p>Esa zona, considerada la de mayor demanda de gas, ya era abastecida por el gas de Vaca Muerta tanto por el sistema del Neuba, y a la zona norte bonaerense y sur de C\u00f3rdoba y Santa Fe por el gasoducto Centro Oeste.<\/p>\n<p>El GPNK atraviesa las provincias de Neuqu\u00e9n, R\u00edo Negro, La Pampa y Buenos Aires, y para su construcci\u00f3n de utilizaron m\u00e1s de 47.700 ca\u00f1os de 12 metros de largo y de 36 pulgadas de di\u00e1metro, una obra que se realiz\u00f3 en un tiempo r\u00e9cord de 10 meses, cuando lo usual para este tipo de emprendimientos es que demanden 24 meses.<\/p>\n<p>Ahora el Gobierno nacional encara como prioritarios el llamado a licitaci\u00f3n del reversal del Gasoducto Norte, que permitir\u00e1 que el gas de la cuenca neuquina sustituya en las provincias de aquella regi\u00f3n del pa\u00eds las importaciones provenientes de Bolivia, que se encuentran en declino productivo, y luego con la generaci\u00f3n de excedentes, comenzar a exportar a Chile y a Brasil.<\/p>\n<p>De la misma manera, el Ministerio de Econom\u00eda a trav\u00e9s de la Secretar\u00eda de Energ\u00eda prev\u00e9 para septiembre el llamado a licitaci\u00f3n correspondiente para la construcci\u00f3n de la Etapa II del N\u00e9stor Kirchner.<\/p>\n<p>Este nuevo tramo extender\u00e1 la traza otros 467 kil\u00f3metros, desde Salliquel\u00f3 hasta San Jer\u00f3nimo en el sur de Santa Fe, con lo que se completar\u00e1n 40 MMm3 y ampliando en un 30% los gasoductos troncales.<\/p>\n<p>As\u00ed, al tiempo que se asegura el abastecimiento de las distintas regiones, las obras de transporte permitir\u00e1n reducir el costo de abastecimiento de la demanda nacional con un efecto de sustituci\u00f3n de importaciones que repercute tanto en la balanza comercial como en los subsidios energ\u00e9ticos.<\/p>\n<p><strong>(Por Ignacio Ortiz) T\u00e9lam<\/strong><em><\/p>\n","protected":false},"excerpt":{"rendered":"<p>La construcci\u00f3n de la etapa I del Gasoducto Presidente N\u00e9stor Kirchner (GPNK), tras comenzar en los \u00faltimos d\u00edas a ingresar gas natural al sistema de transporte, encara el proceso de instalaci\u00f3n de dos equipos turbocompresores en las plantas cabeceras, lo que permitir\u00e1 casi duplicar su capacidad de evacuaci\u00f3n del gas de Vaca Muerta.<\/p>\n","protected":false},"author":3,"featured_media":91292,"comment_status":"closed","ping_status":"closed","sticky":false,"template":"","format":"standard","meta":{"footnotes":""},"categories":[24,26],"tags":[],"class_list":["post-91291","post","type-post","status-publish","format-standard","has-post-thumbnail","hentry","category-politica","category-sociedad"],"yoast_head":"<!-- This site is optimized with the Yoast SEO plugin v25.9 - https:\/\/yoast.com\/wordpress\/plugins\/seo\/ -->\n<title>Tras entrada en servicio, en pr\u00f3ximos meses Gasoducto N\u00e9stor Kirchner duplicar\u00e1 capacidad transporte - Noticias Radio Reflejos<\/title>\n<meta name=\"robots\" content=\"index, follow, max-snippet:-1, max-image-preview:large, max-video-preview:-1\" \/>\n<link rel=\"canonical\" href=\"https:\/\/www.noticiasradioreflejos.com.ar\/2021\/tras-entrada-en-servicio-en-proximos-meses-gasoducto-nestor-kirchner-duplicara-capacidad-transporte\/\" \/>\n<meta property=\"og:locale\" content=\"es_ES\" \/>\n<meta property=\"og:type\" content=\"article\" \/>\n<meta property=\"og:title\" content=\"Tras entrada en servicio, en pr\u00f3ximos meses Gasoducto N\u00e9stor Kirchner duplicar\u00e1 capacidad transporte - Noticias Radio Reflejos\" \/>\n<meta property=\"og:description\" content=\"La construcci\u00f3n de la etapa I del Gasoducto Presidente N\u00e9stor Kirchner (GPNK), tras comenzar en los \u00faltimos d\u00edas a ingresar gas natural al sistema de transporte, encara el proceso de instalaci\u00f3n de dos equipos turbocompresores en las plantas cabeceras, lo que permitir\u00e1 casi duplicar su capacidad de evacuaci\u00f3n del gas de Vaca Muerta.\" \/>\n<meta property=\"og:url\" content=\"https:\/\/www.noticiasradioreflejos.com.ar\/2021\/tras-entrada-en-servicio-en-proximos-meses-gasoducto-nestor-kirchner-duplicara-capacidad-transporte\/\" \/>\n<meta property=\"og:site_name\" content=\"Noticias Radio Reflejos\" \/>\n<meta property=\"article:published_time\" content=\"2023-08-06T14:26:08+00:00\" \/>\n<meta property=\"og:image\" content=\"https:\/\/www.noticiasradioreflejos.com.ar\/2021\/wp-content\/uploads\/2023\/08\/GNK.jpg\" \/>\n\t<meta property=\"og:image:width\" content=\"992\" \/>\n\t<meta property=\"og:image:height\" content=\"557\" \/>\n\t<meta property=\"og:image:type\" content=\"image\/jpeg\" \/>\n<meta name=\"author\" content=\"Arnaldo Botto\" \/>\n<meta name=\"twitter:card\" content=\"summary_large_image\" \/>\n<script type=\"application\/ld+json\" class=\"yoast-schema-graph\">{\"@context\":\"https:\/\/schema.org\",\"@graph\":[{\"@type\":\"WebPage\",\"@id\":\"https:\/\/www.noticiasradioreflejos.com.ar\/2021\/tras-entrada-en-servicio-en-proximos-meses-gasoducto-nestor-kirchner-duplicara-capacidad-transporte\/\",\"url\":\"https:\/\/www.noticiasradioreflejos.com.ar\/2021\/tras-entrada-en-servicio-en-proximos-meses-gasoducto-nestor-kirchner-duplicara-capacidad-transporte\/\",\"name\":\"Tras entrada en servicio, en pr\u00f3ximos meses Gasoducto N\u00e9stor Kirchner duplicar\u00e1 capacidad transporte - Noticias Radio Reflejos\",\"isPartOf\":{\"@id\":\"https:\/\/www.noticiasradioreflejos.com.ar\/2021\/#website\"},\"primaryImageOfPage\":{\"@id\":\"https:\/\/www.noticiasradioreflejos.com.ar\/2021\/tras-entrada-en-servicio-en-proximos-meses-gasoducto-nestor-kirchner-duplicara-capacidad-transporte\/#primaryimage\"},\"image\":{\"@id\":\"https:\/\/www.noticiasradioreflejos.com.ar\/2021\/tras-entrada-en-servicio-en-proximos-meses-gasoducto-nestor-kirchner-duplicara-capacidad-transporte\/#primaryimage\"},\"thumbnailUrl\":\"https:\/\/www.noticiasradioreflejos.com.ar\/2021\/wp-content\/uploads\/2023\/08\/GNK.jpg\",\"datePublished\":\"2023-08-06T14:26:08+00:00\",\"author\":{\"@id\":\"https:\/\/www.noticiasradioreflejos.com.ar\/2021\/#\/schema\/person\/ad82545263dcc5ec0996818884fd5fb1\"},\"breadcrumb\":{\"@id\":\"https:\/\/www.noticiasradioreflejos.com.ar\/2021\/tras-entrada-en-servicio-en-proximos-meses-gasoducto-nestor-kirchner-duplicara-capacidad-transporte\/#breadcrumb\"},\"inLanguage\":\"es\",\"potentialAction\":[{\"@type\":\"ReadAction\",\"target\":[\"https:\/\/www.noticiasradioreflejos.com.ar\/2021\/tras-entrada-en-servicio-en-proximos-meses-gasoducto-nestor-kirchner-duplicara-capacidad-transporte\/\"]}]},{\"@type\":\"ImageObject\",\"inLanguage\":\"es\",\"@id\":\"https:\/\/www.noticiasradioreflejos.com.ar\/2021\/tras-entrada-en-servicio-en-proximos-meses-gasoducto-nestor-kirchner-duplicara-capacidad-transporte\/#primaryimage\",\"url\":\"https:\/\/www.noticiasradioreflejos.com.ar\/2021\/wp-content\/uploads\/2023\/08\/GNK.jpg\",\"contentUrl\":\"https:\/\/www.noticiasradioreflejos.com.ar\/2021\/wp-content\/uploads\/2023\/08\/GNK.jpg\",\"width\":992,\"height\":557},{\"@type\":\"BreadcrumbList\",\"@id\":\"https:\/\/www.noticiasradioreflejos.com.ar\/2021\/tras-entrada-en-servicio-en-proximos-meses-gasoducto-nestor-kirchner-duplicara-capacidad-transporte\/#breadcrumb\",\"itemListElement\":[{\"@type\":\"ListItem\",\"position\":1,\"name\":\"Portada\",\"item\":\"https:\/\/www.noticiasradioreflejos.com.ar\/2021\/\"},{\"@type\":\"ListItem\",\"position\":2,\"name\":\"Tras entrada en servicio, en pr\u00f3ximos meses Gasoducto N\u00e9stor Kirchner duplicar\u00e1 capacidad transporte\"}]},{\"@type\":\"WebSite\",\"@id\":\"https:\/\/www.noticiasradioreflejos.com.ar\/2021\/#website\",\"url\":\"https:\/\/www.noticiasradioreflejos.com.ar\/2021\/\",\"name\":\"Noticias Radio Reflejos\",\"description\":\"Las noticias de mi comarca\",\"potentialAction\":[{\"@type\":\"SearchAction\",\"target\":{\"@type\":\"EntryPoint\",\"urlTemplate\":\"https:\/\/www.noticiasradioreflejos.com.ar\/2021\/?s={search_term_string}\"},\"query-input\":{\"@type\":\"PropertyValueSpecification\",\"valueRequired\":true,\"valueName\":\"search_term_string\"}}],\"inLanguage\":\"es\"},{\"@type\":\"Person\",\"@id\":\"https:\/\/www.noticiasradioreflejos.com.ar\/2021\/#\/schema\/person\/ad82545263dcc5ec0996818884fd5fb1\",\"name\":\"Arnaldo Botto\",\"image\":{\"@type\":\"ImageObject\",\"inLanguage\":\"es\",\"@id\":\"https:\/\/www.noticiasradioreflejos.com.ar\/2021\/#\/schema\/person\/image\/\",\"url\":\"https:\/\/secure.gravatar.com\/avatar\/55cb5e37c1efa326397366e6974cb338056df65cb50e7d64d1cf314e87504837?s=96&d=mm&r=g\",\"contentUrl\":\"https:\/\/secure.gravatar.com\/avatar\/55cb5e37c1efa326397366e6974cb338056df65cb50e7d64d1cf314e87504837?s=96&d=mm&r=g\",\"caption\":\"Arnaldo Botto\"},\"url\":\"https:\/\/www.noticiasradioreflejos.com.ar\/2021\/author\/arnaldo\/\"}]}<\/script>\n<!-- \/ Yoast SEO plugin. -->","yoast_head_json":{"title":"Tras entrada en servicio, en pr\u00f3ximos meses Gasoducto N\u00e9stor Kirchner duplicar\u00e1 capacidad transporte - Noticias Radio Reflejos","robots":{"index":"index","follow":"follow","max-snippet":"max-snippet:-1","max-image-preview":"max-image-preview:large","max-video-preview":"max-video-preview:-1"},"canonical":"https:\/\/www.noticiasradioreflejos.com.ar\/2021\/tras-entrada-en-servicio-en-proximos-meses-gasoducto-nestor-kirchner-duplicara-capacidad-transporte\/","og_locale":"es_ES","og_type":"article","og_title":"Tras entrada en servicio, en pr\u00f3ximos meses Gasoducto N\u00e9stor Kirchner duplicar\u00e1 capacidad transporte - Noticias Radio Reflejos","og_description":"La construcci\u00f3n de la etapa I del Gasoducto Presidente N\u00e9stor Kirchner (GPNK), tras comenzar en los \u00faltimos d\u00edas a ingresar gas natural al sistema de transporte, encara el proceso de instalaci\u00f3n de dos equipos turbocompresores en las plantas cabeceras, lo que permitir\u00e1 casi duplicar su capacidad de evacuaci\u00f3n del gas de Vaca Muerta.","og_url":"https:\/\/www.noticiasradioreflejos.com.ar\/2021\/tras-entrada-en-servicio-en-proximos-meses-gasoducto-nestor-kirchner-duplicara-capacidad-transporte\/","og_site_name":"Noticias Radio Reflejos","article_published_time":"2023-08-06T14:26:08+00:00","og_image":[{"width":992,"height":557,"url":"https:\/\/www.noticiasradioreflejos.com.ar\/2021\/wp-content\/uploads\/2023\/08\/GNK.jpg","type":"image\/jpeg"}],"author":"Arnaldo Botto","twitter_card":"summary_large_image","schema":{"@context":"https:\/\/schema.org","@graph":[{"@type":"WebPage","@id":"https:\/\/www.noticiasradioreflejos.com.ar\/2021\/tras-entrada-en-servicio-en-proximos-meses-gasoducto-nestor-kirchner-duplicara-capacidad-transporte\/","url":"https:\/\/www.noticiasradioreflejos.com.ar\/2021\/tras-entrada-en-servicio-en-proximos-meses-gasoducto-nestor-kirchner-duplicara-capacidad-transporte\/","name":"Tras entrada en servicio, en pr\u00f3ximos meses Gasoducto N\u00e9stor Kirchner duplicar\u00e1 capacidad transporte - Noticias Radio Reflejos","isPartOf":{"@id":"https:\/\/www.noticiasradioreflejos.com.ar\/2021\/#website"},"primaryImageOfPage":{"@id":"https:\/\/www.noticiasradioreflejos.com.ar\/2021\/tras-entrada-en-servicio-en-proximos-meses-gasoducto-nestor-kirchner-duplicara-capacidad-transporte\/#primaryimage"},"image":{"@id":"https:\/\/www.noticiasradioreflejos.com.ar\/2021\/tras-entrada-en-servicio-en-proximos-meses-gasoducto-nestor-kirchner-duplicara-capacidad-transporte\/#primaryimage"},"thumbnailUrl":"https:\/\/www.noticiasradioreflejos.com.ar\/2021\/wp-content\/uploads\/2023\/08\/GNK.jpg","datePublished":"2023-08-06T14:26:08+00:00","author":{"@id":"https:\/\/www.noticiasradioreflejos.com.ar\/2021\/#\/schema\/person\/ad82545263dcc5ec0996818884fd5fb1"},"breadcrumb":{"@id":"https:\/\/www.noticiasradioreflejos.com.ar\/2021\/tras-entrada-en-servicio-en-proximos-meses-gasoducto-nestor-kirchner-duplicara-capacidad-transporte\/#breadcrumb"},"inLanguage":"es","potentialAction":[{"@type":"ReadAction","target":["https:\/\/www.noticiasradioreflejos.com.ar\/2021\/tras-entrada-en-servicio-en-proximos-meses-gasoducto-nestor-kirchner-duplicara-capacidad-transporte\/"]}]},{"@type":"ImageObject","inLanguage":"es","@id":"https:\/\/www.noticiasradioreflejos.com.ar\/2021\/tras-entrada-en-servicio-en-proximos-meses-gasoducto-nestor-kirchner-duplicara-capacidad-transporte\/#primaryimage","url":"https:\/\/www.noticiasradioreflejos.com.ar\/2021\/wp-content\/uploads\/2023\/08\/GNK.jpg","contentUrl":"https:\/\/www.noticiasradioreflejos.com.ar\/2021\/wp-content\/uploads\/2023\/08\/GNK.jpg","width":992,"height":557},{"@type":"BreadcrumbList","@id":"https:\/\/www.noticiasradioreflejos.com.ar\/2021\/tras-entrada-en-servicio-en-proximos-meses-gasoducto-nestor-kirchner-duplicara-capacidad-transporte\/#breadcrumb","itemListElement":[{"@type":"ListItem","position":1,"name":"Portada","item":"https:\/\/www.noticiasradioreflejos.com.ar\/2021\/"},{"@type":"ListItem","position":2,"name":"Tras entrada en servicio, en pr\u00f3ximos meses Gasoducto N\u00e9stor Kirchner duplicar\u00e1 capacidad transporte"}]},{"@type":"WebSite","@id":"https:\/\/www.noticiasradioreflejos.com.ar\/2021\/#website","url":"https:\/\/www.noticiasradioreflejos.com.ar\/2021\/","name":"Noticias Radio Reflejos","description":"Las noticias de mi comarca","potentialAction":[{"@type":"SearchAction","target":{"@type":"EntryPoint","urlTemplate":"https:\/\/www.noticiasradioreflejos.com.ar\/2021\/?s={search_term_string}"},"query-input":{"@type":"PropertyValueSpecification","valueRequired":true,"valueName":"search_term_string"}}],"inLanguage":"es"},{"@type":"Person","@id":"https:\/\/www.noticiasradioreflejos.com.ar\/2021\/#\/schema\/person\/ad82545263dcc5ec0996818884fd5fb1","name":"Arnaldo Botto","image":{"@type":"ImageObject","inLanguage":"es","@id":"https:\/\/www.noticiasradioreflejos.com.ar\/2021\/#\/schema\/person\/image\/","url":"https:\/\/secure.gravatar.com\/avatar\/55cb5e37c1efa326397366e6974cb338056df65cb50e7d64d1cf314e87504837?s=96&d=mm&r=g","contentUrl":"https:\/\/secure.gravatar.com\/avatar\/55cb5e37c1efa326397366e6974cb338056df65cb50e7d64d1cf314e87504837?s=96&d=mm&r=g","caption":"Arnaldo Botto"},"url":"https:\/\/www.noticiasradioreflejos.com.ar\/2021\/author\/arnaldo\/"}]}},"_links":{"self":[{"href":"https:\/\/www.noticiasradioreflejos.com.ar\/2021\/wp-json\/wp\/v2\/posts\/91291","targetHints":{"allow":["GET"]}}],"collection":[{"href":"https:\/\/www.noticiasradioreflejos.com.ar\/2021\/wp-json\/wp\/v2\/posts"}],"about":[{"href":"https:\/\/www.noticiasradioreflejos.com.ar\/2021\/wp-json\/wp\/v2\/types\/post"}],"author":[{"embeddable":true,"href":"https:\/\/www.noticiasradioreflejos.com.ar\/2021\/wp-json\/wp\/v2\/users\/3"}],"replies":[{"embeddable":true,"href":"https:\/\/www.noticiasradioreflejos.com.ar\/2021\/wp-json\/wp\/v2\/comments?post=91291"}],"version-history":[{"count":1,"href":"https:\/\/www.noticiasradioreflejos.com.ar\/2021\/wp-json\/wp\/v2\/posts\/91291\/revisions"}],"predecessor-version":[{"id":91293,"href":"https:\/\/www.noticiasradioreflejos.com.ar\/2021\/wp-json\/wp\/v2\/posts\/91291\/revisions\/91293"}],"wp:featuredmedia":[{"embeddable":true,"href":"https:\/\/www.noticiasradioreflejos.com.ar\/2021\/wp-json\/wp\/v2\/media\/91292"}],"wp:attachment":[{"href":"https:\/\/www.noticiasradioreflejos.com.ar\/2021\/wp-json\/wp\/v2\/media?parent=91291"}],"wp:term":[{"taxonomy":"category","embeddable":true,"href":"https:\/\/www.noticiasradioreflejos.com.ar\/2021\/wp-json\/wp\/v2\/categories?post=91291"},{"taxonomy":"post_tag","embeddable":true,"href":"https:\/\/www.noticiasradioreflejos.com.ar\/2021\/wp-json\/wp\/v2\/tags?post=91291"}],"curies":[{"name":"wp","href":"https:\/\/api.w.org\/{rel}","templated":true}]}}