{"id":91288,"date":"2023-08-06T14:24:11","date_gmt":"2023-08-06T14:24:11","guid":{"rendered":"https:\/\/www.noticiasradioreflejos.com.ar\/2021\/?p=91288"},"modified":"2023-08-06T14:24:11","modified_gmt":"2023-08-06T14:24:11","slug":"carrio-ratifico-su-apoyo-a-rodriguez-larreta-para-las-paso-de-juntos-por-el-cambio","status":"publish","type":"post","link":"https:\/\/www.noticiasradioreflejos.com.ar\/2021\/carrio-ratifico-su-apoyo-a-rodriguez-larreta-para-las-paso-de-juntos-por-el-cambio\/","title":{"rendered":"Carri\u00f3 ratific\u00f3 su apoyo a Rodr\u00edguez Larreta para las PASO de Juntos por el Cambio"},"content":{"rendered":"<p>La referente de la Coalici\u00f3n C\u00edvica-ARI, Elisa Carri\u00f3, reafirm\u00f3 hoy su respaldo p\u00fablico a la precandidatura presidencial del jefe de Gobierno porte\u00f1o, Horacio Rodr\u00edguez Larreta, para las PASO de Juntos por el Cambio (JxC) del pr\u00f3ximo domingo.<!--more--><\/p>\n<p>\u00abCreo en la fortaleza, la constancia y en el paso a paso. Por eso, creo en Larreta. Una persona que trabaja d\u00eda a d\u00eda, incansablemente, para cambiar la Argentina. Es momento de sanar para salir adelante. El domingo 13 de agosto, acompa\u00f1anos con tu voto\u00bb, public\u00f3 Carri\u00f3 en su cuenta de la red social Twitter.<\/p>\n<p>Este aval pol\u00edtico de Carri\u00f3 se conoci\u00f3 tres d\u00edas despu\u00e9s de que otra referente de JxC, la diputada nacional y exgobernadora bonaerense Mar\u00eda Eugenia Vidal, tambi\u00e9n hiciera p\u00fablico su respaldo a Larreta ante la disputa interna con Patricia Bullrich.<\/p>\n<p>A fines de junio pasado, Carri\u00f3 hab\u00eda declinado su precandidatura a presidenta tras aceptar el ofrecimiento hecho por Rodr\u00edguez Larreta para encabezar la lista de postulantes al Parlasur.<\/p>\n<p>La dirigente de la Coalici\u00f3n C\u00edvica-ARI padeci\u00f3 en las \u00faltimas semanas un accidente isqu\u00e9mico transitorio que oblig\u00f3 a su internaci\u00f3n en un sanatorio de la localidad santafesina de Esperanza, donde hab\u00eda llegado para apoyar a los candidatos de su fuerza que participaron de las PASO provinciales.<\/p>\n<p>Tras casi un d\u00eda de internaci\u00f3n, recibi\u00f3 el alta m\u00e9dica y retorn\u00f3 a Buenos Aires para continuar su recuperaci\u00f3n.<\/p>\n<p>Carri\u00f3 es una de las dirigentes que particip\u00f3, junto al expresidente Mauricio Macri, de la conformaci\u00f3n de la alianza Cambiemos, rebautizada luego JxC, aunque en el \u00faltimo tiempo critic\u00f3 al exmandatario por querer impulsar \u00abun ajuste tan brutal\u00bb que, dijo, no estaba dispuesta a respaldar.<\/p>\n","protected":false},"excerpt":{"rendered":"<p>La referente de la Coalici\u00f3n C\u00edvica-ARI, Elisa Carri\u00f3, reafirm\u00f3 hoy su respaldo p\u00fablico a la precandidatura presidencial del jefe de Gobierno porte\u00f1o, Horacio Rodr\u00edguez Larreta, para las PASO de Juntos por el Cambio (JxC) del pr\u00f3ximo domingo.<\/p>\n","protected":false},"author":3,"featured_media":0,"comment_status":"closed","ping_status":"closed","sticky":false,"template":"","format":"standard","meta":{"footnotes":""},"categories":[24],"tags":[],"class_list":["post-91288","post","type-post","status-publish","format-standard","hentry","category-politica"],"yoast_head":"<!-- This site is optimized with the Yoast SEO plugin v25.9 - https:\/\/yoast.com\/wordpress\/plugins\/seo\/ -->\n<title>Carri\u00f3 ratific\u00f3 su apoyo a Rodr\u00edguez Larreta para las PASO de Juntos por el Cambio - Noticias Radio Reflejos<\/title>\n<meta name=\"robots\" content=\"index, follow, max-snippet:-1, max-image-preview:large, max-video-preview:-1\" \/>\n<link rel=\"canonical\" href=\"https:\/\/www.noticiasradioreflejos.com.ar\/2021\/carrio-ratifico-su-apoyo-a-rodriguez-larreta-para-las-paso-de-juntos-por-el-cambio\/\" \/>\n<meta property=\"og:locale\" content=\"es_ES\" \/>\n<meta property=\"og:type\" content=\"article\" \/>\n<meta property=\"og:title\" content=\"Carri\u00f3 ratific\u00f3 su apoyo a Rodr\u00edguez Larreta para las PASO de Juntos por el Cambio - Noticias Radio Reflejos\" \/>\n<meta property=\"og:description\" content=\"La referente de la Coalici\u00f3n C\u00edvica-ARI, Elisa Carri\u00f3, reafirm\u00f3 hoy su respaldo p\u00fablico a la precandidatura presidencial del jefe de Gobierno porte\u00f1o, Horacio Rodr\u00edguez Larreta, para las PASO de Juntos por el Cambio (JxC) del pr\u00f3ximo domingo.\" \/>\n<meta property=\"og:url\" content=\"https:\/\/www.noticiasradioreflejos.com.ar\/2021\/carrio-ratifico-su-apoyo-a-rodriguez-larreta-para-las-paso-de-juntos-por-el-cambio\/\" \/>\n<meta property=\"og:site_name\" content=\"Noticias Radio Reflejos\" \/>\n<meta property=\"article:published_time\" content=\"2023-08-06T14:24:11+00:00\" \/>\n<meta property=\"og:image\" content=\"https:\/\/www.noticiasradioreflejos.com.ar\/2021\/wp-content\/uploads\/2021\/07\/logosol300x200.png\" \/>\n\t<meta property=\"og:image:width\" content=\"300\" \/>\n\t<meta property=\"og:image:height\" content=\"200\" \/>\n\t<meta property=\"og:image:type\" content=\"image\/png\" \/>\n<meta name=\"author\" content=\"Arnaldo Botto\" \/>\n<meta name=\"twitter:card\" content=\"summary_large_image\" \/>\n<script type=\"application\/ld+json\" class=\"yoast-schema-graph\">{\"@context\":\"https:\/\/schema.org\",\"@graph\":[{\"@type\":\"WebPage\",\"@id\":\"https:\/\/www.noticiasradioreflejos.com.ar\/2021\/carrio-ratifico-su-apoyo-a-rodriguez-larreta-para-las-paso-de-juntos-por-el-cambio\/\",\"url\":\"https:\/\/www.noticiasradioreflejos.com.ar\/2021\/carrio-ratifico-su-apoyo-a-rodriguez-larreta-para-las-paso-de-juntos-por-el-cambio\/\",\"name\":\"Carri\u00f3 ratific\u00f3 su apoyo a Rodr\u00edguez Larreta para las PASO de Juntos por el Cambio - Noticias Radio Reflejos\",\"isPartOf\":{\"@id\":\"https:\/\/www.noticiasradioreflejos.com.ar\/2021\/#website\"},\"datePublished\":\"2023-08-06T14:24:11+00:00\",\"author\":{\"@id\":\"https:\/\/www.noticiasradioreflejos.com.ar\/2021\/#\/schema\/person\/ad82545263dcc5ec0996818884fd5fb1\"},\"breadcrumb\":{\"@id\":\"https:\/\/www.noticiasradioreflejos.com.ar\/2021\/carrio-ratifico-su-apoyo-a-rodriguez-larreta-para-las-paso-de-juntos-por-el-cambio\/#breadcrumb\"},\"inLanguage\":\"es\",\"potentialAction\":[{\"@type\":\"ReadAction\",\"target\":[\"https:\/\/www.noticiasradioreflejos.com.ar\/2021\/carrio-ratifico-su-apoyo-a-rodriguez-larreta-para-las-paso-de-juntos-por-el-cambio\/\"]}]},{\"@type\":\"BreadcrumbList\",\"@id\":\"https:\/\/www.noticiasradioreflejos.com.ar\/2021\/carrio-ratifico-su-apoyo-a-rodriguez-larreta-para-las-paso-de-juntos-por-el-cambio\/#breadcrumb\",\"itemListElement\":[{\"@type\":\"ListItem\",\"position\":1,\"name\":\"Portada\",\"item\":\"https:\/\/www.noticiasradioreflejos.com.ar\/2021\/\"},{\"@type\":\"ListItem\",\"position\":2,\"name\":\"Carri\u00f3 ratific\u00f3 su apoyo a Rodr\u00edguez Larreta para las PASO de Juntos por el Cambio\"}]},{\"@type\":\"WebSite\",\"@id\":\"https:\/\/www.noticiasradioreflejos.com.ar\/2021\/#website\",\"url\":\"https:\/\/www.noticiasradioreflejos.com.ar\/2021\/\",\"name\":\"Noticias Radio Reflejos\",\"description\":\"Las noticias de mi comarca\",\"potentialAction\":[{\"@type\":\"SearchAction\",\"target\":{\"@type\":\"EntryPoint\",\"urlTemplate\":\"https:\/\/www.noticiasradioreflejos.com.ar\/2021\/?s={search_term_string}\"},\"query-input\":{\"@type\":\"PropertyValueSpecification\",\"valueRequired\":true,\"valueName\":\"search_term_string\"}}],\"inLanguage\":\"es\"},{\"@type\":\"Person\",\"@id\":\"https:\/\/www.noticiasradioreflejos.com.ar\/2021\/#\/schema\/person\/ad82545263dcc5ec0996818884fd5fb1\",\"name\":\"Arnaldo Botto\",\"image\":{\"@type\":\"ImageObject\",\"inLanguage\":\"es\",\"@id\":\"https:\/\/www.noticiasradioreflejos.com.ar\/2021\/#\/schema\/person\/image\/\",\"url\":\"https:\/\/secure.gravatar.com\/avatar\/55cb5e37c1efa326397366e6974cb338056df65cb50e7d64d1cf314e87504837?s=96&d=mm&r=g\",\"contentUrl\":\"https:\/\/secure.gravatar.com\/avatar\/55cb5e37c1efa326397366e6974cb338056df65cb50e7d64d1cf314e87504837?s=96&d=mm&r=g\",\"caption\":\"Arnaldo Botto\"},\"url\":\"https:\/\/www.noticiasradioreflejos.com.ar\/2021\/author\/arnaldo\/\"}]}<\/script>\n<!-- \/ Yoast SEO plugin. -->","yoast_head_json":{"title":"Carri\u00f3 ratific\u00f3 su apoyo a Rodr\u00edguez Larreta para las PASO de Juntos por el Cambio - Noticias Radio Reflejos","robots":{"index":"index","follow":"follow","max-snippet":"max-snippet:-1","max-image-preview":"max-image-preview:large","max-video-preview":"max-video-preview:-1"},"canonical":"https:\/\/www.noticiasradioreflejos.com.ar\/2021\/carrio-ratifico-su-apoyo-a-rodriguez-larreta-para-las-paso-de-juntos-por-el-cambio\/","og_locale":"es_ES","og_type":"article","og_title":"Carri\u00f3 ratific\u00f3 su apoyo a Rodr\u00edguez Larreta para las PASO de Juntos por el Cambio - Noticias Radio Reflejos","og_description":"La referente de la Coalici\u00f3n C\u00edvica-ARI, Elisa Carri\u00f3, reafirm\u00f3 hoy su respaldo p\u00fablico a la precandidatura presidencial del jefe de Gobierno porte\u00f1o, Horacio Rodr\u00edguez Larreta, para las PASO de Juntos por el Cambio (JxC) del pr\u00f3ximo domingo.","og_url":"https:\/\/www.noticiasradioreflejos.com.ar\/2021\/carrio-ratifico-su-apoyo-a-rodriguez-larreta-para-las-paso-de-juntos-por-el-cambio\/","og_site_name":"Noticias Radio Reflejos","article_published_time":"2023-08-06T14:24:11+00:00","og_image":[{"width":300,"height":200,"url":"https:\/\/www.noticiasradioreflejos.com.ar\/2021\/wp-content\/uploads\/2021\/07\/logosol300x200.png","type":"image\/png"}],"author":"Arnaldo Botto","twitter_card":"summary_large_image","schema":{"@context":"https:\/\/schema.org","@graph":[{"@type":"WebPage","@id":"https:\/\/www.noticiasradioreflejos.com.ar\/2021\/carrio-ratifico-su-apoyo-a-rodriguez-larreta-para-las-paso-de-juntos-por-el-cambio\/","url":"https:\/\/www.noticiasradioreflejos.com.ar\/2021\/carrio-ratifico-su-apoyo-a-rodriguez-larreta-para-las-paso-de-juntos-por-el-cambio\/","name":"Carri\u00f3 ratific\u00f3 su apoyo a Rodr\u00edguez Larreta para las PASO de Juntos por el Cambio - Noticias Radio Reflejos","isPartOf":{"@id":"https:\/\/www.noticiasradioreflejos.com.ar\/2021\/#website"},"datePublished":"2023-08-06T14:24:11+00:00","author":{"@id":"https:\/\/www.noticiasradioreflejos.com.ar\/2021\/#\/schema\/person\/ad82545263dcc5ec0996818884fd5fb1"},"breadcrumb":{"@id":"https:\/\/www.noticiasradioreflejos.com.ar\/2021\/carrio-ratifico-su-apoyo-a-rodriguez-larreta-para-las-paso-de-juntos-por-el-cambio\/#breadcrumb"},"inLanguage":"es","potentialAction":[{"@type":"ReadAction","target":["https:\/\/www.noticiasradioreflejos.com.ar\/2021\/carrio-ratifico-su-apoyo-a-rodriguez-larreta-para-las-paso-de-juntos-por-el-cambio\/"]}]},{"@type":"BreadcrumbList","@id":"https:\/\/www.noticiasradioreflejos.com.ar\/2021\/carrio-ratifico-su-apoyo-a-rodriguez-larreta-para-las-paso-de-juntos-por-el-cambio\/#breadcrumb","itemListElement":[{"@type":"ListItem","position":1,"name":"Portada","item":"https:\/\/www.noticiasradioreflejos.com.ar\/2021\/"},{"@type":"ListItem","position":2,"name":"Carri\u00f3 ratific\u00f3 su apoyo a Rodr\u00edguez Larreta para las PASO de Juntos por el Cambio"}]},{"@type":"WebSite","@id":"https:\/\/www.noticiasradioreflejos.com.ar\/2021\/#website","url":"https:\/\/www.noticiasradioreflejos.com.ar\/2021\/","name":"Noticias Radio Reflejos","description":"Las noticias de mi comarca","potentialAction":[{"@type":"SearchAction","target":{"@type":"EntryPoint","urlTemplate":"https:\/\/www.noticiasradioreflejos.com.ar\/2021\/?s={search_term_string}"},"query-input":{"@type":"PropertyValueSpecification","valueRequired":true,"valueName":"search_term_string"}}],"inLanguage":"es"},{"@type":"Person","@id":"https:\/\/www.noticiasradioreflejos.com.ar\/2021\/#\/schema\/person\/ad82545263dcc5ec0996818884fd5fb1","name":"Arnaldo Botto","image":{"@type":"ImageObject","inLanguage":"es","@id":"https:\/\/www.noticiasradioreflejos.com.ar\/2021\/#\/schema\/person\/image\/","url":"https:\/\/secure.gravatar.com\/avatar\/55cb5e37c1efa326397366e6974cb338056df65cb50e7d64d1cf314e87504837?s=96&d=mm&r=g","contentUrl":"https:\/\/secure.gravatar.com\/avatar\/55cb5e37c1efa326397366e6974cb338056df65cb50e7d64d1cf314e87504837?s=96&d=mm&r=g","caption":"Arnaldo Botto"},"url":"https:\/\/www.noticiasradioreflejos.com.ar\/2021\/author\/arnaldo\/"}]}},"_links":{"self":[{"href":"https:\/\/www.noticiasradioreflejos.com.ar\/2021\/wp-json\/wp\/v2\/posts\/91288","targetHints":{"allow":["GET"]}}],"collection":[{"href":"https:\/\/www.noticiasradioreflejos.com.ar\/2021\/wp-json\/wp\/v2\/posts"}],"about":[{"href":"https:\/\/www.noticiasradioreflejos.com.ar\/2021\/wp-json\/wp\/v2\/types\/post"}],"author":[{"embeddable":true,"href":"https:\/\/www.noticiasradioreflejos.com.ar\/2021\/wp-json\/wp\/v2\/users\/3"}],"replies":[{"embeddable":true,"href":"https:\/\/www.noticiasradioreflejos.com.ar\/2021\/wp-json\/wp\/v2\/comments?post=91288"}],"version-history":[{"count":1,"href":"https:\/\/www.noticiasradioreflejos.com.ar\/2021\/wp-json\/wp\/v2\/posts\/91288\/revisions"}],"predecessor-version":[{"id":91290,"href":"https:\/\/www.noticiasradioreflejos.com.ar\/2021\/wp-json\/wp\/v2\/posts\/91288\/revisions\/91290"}],"wp:attachment":[{"href":"https:\/\/www.noticiasradioreflejos.com.ar\/2021\/wp-json\/wp\/v2\/media?parent=91288"}],"wp:term":[{"taxonomy":"category","embeddable":true,"href":"https:\/\/www.noticiasradioreflejos.com.ar\/2021\/wp-json\/wp\/v2\/categories?post=91288"},{"taxonomy":"post_tag","embeddable":true,"href":"https:\/\/www.noticiasradioreflejos.com.ar\/2021\/wp-json\/wp\/v2\/tags?post=91288"}],"curies":[{"name":"wp","href":"https:\/\/api.w.org\/{rel}","templated":true}]}}