{"id":91285,"date":"2023-08-06T12:56:56","date_gmt":"2023-08-06T12:56:56","guid":{"rendered":"https:\/\/www.noticiasradioreflejos.com.ar\/2021\/?p=91285"},"modified":"2023-08-06T12:56:56","modified_gmt":"2023-08-06T12:56:56","slug":"mas-de-130-evacuados-y-435-hectareas-afectadas-por-incendio-en-frontera-entre-espana-y-francia","status":"publish","type":"post","link":"https:\/\/www.noticiasradioreflejos.com.ar\/2021\/mas-de-130-evacuados-y-435-hectareas-afectadas-por-incendio-en-frontera-entre-espana-y-francia\/","title":{"rendered":"M\u00e1s de 130 evacuados y 435 hect\u00e1reas afectadas por incendio en frontera entre Espa\u00f1a y Francia"},"content":{"rendered":"<p>Bomberos espa\u00f1oles y franceses controlaron hoy en buena parte un incendio en la costa mediterr\u00e1nea, cerca de la frontera entre ambos pa\u00edses, que devast\u00f3 435 hect\u00e1reas y provoc\u00f3 la evacuaci\u00f3n de m\u00e1s de 130 personas, debido a que aminoraron las r\u00e1fagas de fuerte viento, seg\u00fan la informaci\u00f3n oficial.<!--more--><\/p>\n<p>El incendio comenz\u00f3 en la tarde del viernes en el sur del municipio de Portbou, en Girona (noreste de Espa\u00f1a), una zona muy tur\u00edstica que dispone de una estaci\u00f3n de trenes para conexiones entre los dos pa\u00edses, generando el confinamiento de varios pueblos de la zona.<\/p>\n<p>Durante la jornada, los bomberos espa\u00f1oles y franceses lograron contener un incendio en la costa mediterr\u00e1nea, debido a que las rachas de vientos aminoraron y facilitaron la intervenci\u00f3n de aviones bombarderos de agua.<\/p>\n<p>Un responsable del gobierno catal\u00e1n, Joan Ignasi Elena, confirm\u00f3 que el incendio no hab\u00eda avanzado y anunci\u00f3 el fin del confinamiento de las localidades aleda\u00f1as. Las autoridades, no obstante, instaron a los residentes a quedarse en casa y establecieron restricciones en los desplazamientos.<\/p>\n<p>Esto fue posible gracias a una tregua del viento de tramontana, que previamente hab\u00eda impedido la intervenci\u00f3n de helic\u00f3pteros e hidroaviones, con r\u00e1fagas que alcanzaron casi 100 km\/h en la madrugada del viernes, consign\u00f3 la agencia de noticias AFP.<\/p>\n<p>Sin embargo, los bomberos informaron que unos 150 hombres continuaban batallando con las llamas en la sure\u00f1a regi\u00f3n de Andaluc\u00eda, donde unas 70 personas tuvieron que evacuar. Mientras voluntarios de la Cruz Roja participan en las operaciones de apoyo a la poblaci\u00f3n.<\/p>\n<p>Seg\u00fan Protecci\u00f3n Civil catalana, la electricidad se hab\u00eda restablecido en los casi 4.000 hogares afectados por cortes, en cambio, el tr\u00e1fico ferroviario permanece suspendido entre Portbou y la ciudad de Figueras, a una treintena de kil\u00f3metros m\u00e1s al sur, y circulaba con restricciones en la localidad francesa de Cervera<\/p>\n<p>Las llamas ya hab\u00edan devastado 435 hect\u00e1reas, seg\u00fan los datos provisorios de los guardabosques catalanes publicados en Twitter.<\/p>\n<p>En tanto, los bomberos estimaron que hay m\u00e1s de 2.500 hect\u00e1reas bajo riesgo de ser afectadas por el fuego y la prioridad es contener su avance hacia el sur para impedir que alcance el municipio de Llan\u00e7\u00e0.<\/p>\n<p>El incendio progres\u00f3 r\u00e1pidamente el viernes por la noche debido a los fuertes vientos que impidieron a los aviones bombarderos de agua participar en las operaciones.<\/p>\n<p>Unas 135 personas fueron evacuadas durante la noche, mientras que varios cientos m\u00e1s fueron confinadas en aldeas o campamentos para turistas.<\/p>\n<p>Unas 80 unidades de bomberos espa\u00f1oles y una decena de camiones de bomberos franceses procedentes del departamento de los Pirineos Orientales, fronterizo con la zona del incendio, se movilizaron para la emergencia.<\/p>\n","protected":false},"excerpt":{"rendered":"<p>Bomberos espa\u00f1oles y franceses controlaron hoy en buena parte un incendio en la costa mediterr\u00e1nea, cerca de la frontera entre ambos pa\u00edses, que devast\u00f3 435 hect\u00e1reas y provoc\u00f3 la evacuaci\u00f3n de m\u00e1s de 130 personas, debido a que aminoraron las r\u00e1fagas de fuerte viento, seg\u00fan la informaci\u00f3n oficial.<\/p>\n","protected":false},"author":3,"featured_media":0,"comment_status":"closed","ping_status":"closed","sticky":false,"template":"","format":"standard","meta":{"footnotes":""},"categories":[26],"tags":[],"class_list":["post-91285","post","type-post","status-publish","format-standard","hentry","category-sociedad"],"yoast_head":"<!-- This site is optimized with the Yoast SEO plugin v25.9 - https:\/\/yoast.com\/wordpress\/plugins\/seo\/ -->\n<title>M\u00e1s de 130 evacuados y 435 hect\u00e1reas afectadas por incendio en frontera entre Espa\u00f1a y Francia - Noticias Radio Reflejos<\/title>\n<meta name=\"robots\" content=\"index, follow, max-snippet:-1, max-image-preview:large, max-video-preview:-1\" \/>\n<link rel=\"canonical\" href=\"https:\/\/www.noticiasradioreflejos.com.ar\/2021\/mas-de-130-evacuados-y-435-hectareas-afectadas-por-incendio-en-frontera-entre-espana-y-francia\/\" \/>\n<meta property=\"og:locale\" content=\"es_ES\" \/>\n<meta property=\"og:type\" content=\"article\" \/>\n<meta property=\"og:title\" content=\"M\u00e1s de 130 evacuados y 435 hect\u00e1reas afectadas por incendio en frontera entre Espa\u00f1a y Francia - Noticias Radio Reflejos\" \/>\n<meta property=\"og:description\" content=\"Bomberos espa\u00f1oles y franceses controlaron hoy en buena parte un incendio en la costa mediterr\u00e1nea, cerca de la frontera entre ambos pa\u00edses, que devast\u00f3 435 hect\u00e1reas y provoc\u00f3 la evacuaci\u00f3n de m\u00e1s de 130 personas, debido a que aminoraron las r\u00e1fagas de fuerte viento, seg\u00fan la informaci\u00f3n oficial.\" \/>\n<meta property=\"og:url\" content=\"https:\/\/www.noticiasradioreflejos.com.ar\/2021\/mas-de-130-evacuados-y-435-hectareas-afectadas-por-incendio-en-frontera-entre-espana-y-francia\/\" \/>\n<meta property=\"og:site_name\" content=\"Noticias Radio Reflejos\" \/>\n<meta property=\"article:published_time\" content=\"2023-08-06T12:56:56+00:00\" \/>\n<meta property=\"og:image\" content=\"https:\/\/www.noticiasradioreflejos.com.ar\/2021\/wp-content\/uploads\/2021\/07\/logosol300x200.png\" \/>\n\t<meta property=\"og:image:width\" content=\"300\" \/>\n\t<meta property=\"og:image:height\" content=\"200\" \/>\n\t<meta property=\"og:image:type\" content=\"image\/png\" \/>\n<meta name=\"author\" content=\"Arnaldo Botto\" \/>\n<meta name=\"twitter:card\" content=\"summary_large_image\" \/>\n<script type=\"application\/ld+json\" class=\"yoast-schema-graph\">{\"@context\":\"https:\/\/schema.org\",\"@graph\":[{\"@type\":\"WebPage\",\"@id\":\"https:\/\/www.noticiasradioreflejos.com.ar\/2021\/mas-de-130-evacuados-y-435-hectareas-afectadas-por-incendio-en-frontera-entre-espana-y-francia\/\",\"url\":\"https:\/\/www.noticiasradioreflejos.com.ar\/2021\/mas-de-130-evacuados-y-435-hectareas-afectadas-por-incendio-en-frontera-entre-espana-y-francia\/\",\"name\":\"M\u00e1s de 130 evacuados y 435 hect\u00e1reas afectadas por incendio en frontera entre Espa\u00f1a y Francia - Noticias Radio Reflejos\",\"isPartOf\":{\"@id\":\"https:\/\/www.noticiasradioreflejos.com.ar\/2021\/#website\"},\"datePublished\":\"2023-08-06T12:56:56+00:00\",\"author\":{\"@id\":\"https:\/\/www.noticiasradioreflejos.com.ar\/2021\/#\/schema\/person\/ad82545263dcc5ec0996818884fd5fb1\"},\"breadcrumb\":{\"@id\":\"https:\/\/www.noticiasradioreflejos.com.ar\/2021\/mas-de-130-evacuados-y-435-hectareas-afectadas-por-incendio-en-frontera-entre-espana-y-francia\/#breadcrumb\"},\"inLanguage\":\"es\",\"potentialAction\":[{\"@type\":\"ReadAction\",\"target\":[\"https:\/\/www.noticiasradioreflejos.com.ar\/2021\/mas-de-130-evacuados-y-435-hectareas-afectadas-por-incendio-en-frontera-entre-espana-y-francia\/\"]}]},{\"@type\":\"BreadcrumbList\",\"@id\":\"https:\/\/www.noticiasradioreflejos.com.ar\/2021\/mas-de-130-evacuados-y-435-hectareas-afectadas-por-incendio-en-frontera-entre-espana-y-francia\/#breadcrumb\",\"itemListElement\":[{\"@type\":\"ListItem\",\"position\":1,\"name\":\"Portada\",\"item\":\"https:\/\/www.noticiasradioreflejos.com.ar\/2021\/\"},{\"@type\":\"ListItem\",\"position\":2,\"name\":\"M\u00e1s de 130 evacuados y 435 hect\u00e1reas afectadas por incendio en frontera entre Espa\u00f1a y Francia\"}]},{\"@type\":\"WebSite\",\"@id\":\"https:\/\/www.noticiasradioreflejos.com.ar\/2021\/#website\",\"url\":\"https:\/\/www.noticiasradioreflejos.com.ar\/2021\/\",\"name\":\"Noticias Radio Reflejos\",\"description\":\"Las noticias de mi comarca\",\"potentialAction\":[{\"@type\":\"SearchAction\",\"target\":{\"@type\":\"EntryPoint\",\"urlTemplate\":\"https:\/\/www.noticiasradioreflejos.com.ar\/2021\/?s={search_term_string}\"},\"query-input\":{\"@type\":\"PropertyValueSpecification\",\"valueRequired\":true,\"valueName\":\"search_term_string\"}}],\"inLanguage\":\"es\"},{\"@type\":\"Person\",\"@id\":\"https:\/\/www.noticiasradioreflejos.com.ar\/2021\/#\/schema\/person\/ad82545263dcc5ec0996818884fd5fb1\",\"name\":\"Arnaldo Botto\",\"image\":{\"@type\":\"ImageObject\",\"inLanguage\":\"es\",\"@id\":\"https:\/\/www.noticiasradioreflejos.com.ar\/2021\/#\/schema\/person\/image\/\",\"url\":\"https:\/\/secure.gravatar.com\/avatar\/55cb5e37c1efa326397366e6974cb338056df65cb50e7d64d1cf314e87504837?s=96&d=mm&r=g\",\"contentUrl\":\"https:\/\/secure.gravatar.com\/avatar\/55cb5e37c1efa326397366e6974cb338056df65cb50e7d64d1cf314e87504837?s=96&d=mm&r=g\",\"caption\":\"Arnaldo Botto\"},\"url\":\"https:\/\/www.noticiasradioreflejos.com.ar\/2021\/author\/arnaldo\/\"}]}<\/script>\n<!-- \/ Yoast SEO plugin. -->","yoast_head_json":{"title":"M\u00e1s de 130 evacuados y 435 hect\u00e1reas afectadas por incendio en frontera entre Espa\u00f1a y Francia - Noticias Radio Reflejos","robots":{"index":"index","follow":"follow","max-snippet":"max-snippet:-1","max-image-preview":"max-image-preview:large","max-video-preview":"max-video-preview:-1"},"canonical":"https:\/\/www.noticiasradioreflejos.com.ar\/2021\/mas-de-130-evacuados-y-435-hectareas-afectadas-por-incendio-en-frontera-entre-espana-y-francia\/","og_locale":"es_ES","og_type":"article","og_title":"M\u00e1s de 130 evacuados y 435 hect\u00e1reas afectadas por incendio en frontera entre Espa\u00f1a y Francia - Noticias Radio Reflejos","og_description":"Bomberos espa\u00f1oles y franceses controlaron hoy en buena parte un incendio en la costa mediterr\u00e1nea, cerca de la frontera entre ambos pa\u00edses, que devast\u00f3 435 hect\u00e1reas y provoc\u00f3 la evacuaci\u00f3n de m\u00e1s de 130 personas, debido a que aminoraron las r\u00e1fagas de fuerte viento, seg\u00fan la informaci\u00f3n oficial.","og_url":"https:\/\/www.noticiasradioreflejos.com.ar\/2021\/mas-de-130-evacuados-y-435-hectareas-afectadas-por-incendio-en-frontera-entre-espana-y-francia\/","og_site_name":"Noticias Radio Reflejos","article_published_time":"2023-08-06T12:56:56+00:00","og_image":[{"width":300,"height":200,"url":"https:\/\/www.noticiasradioreflejos.com.ar\/2021\/wp-content\/uploads\/2021\/07\/logosol300x200.png","type":"image\/png"}],"author":"Arnaldo Botto","twitter_card":"summary_large_image","schema":{"@context":"https:\/\/schema.org","@graph":[{"@type":"WebPage","@id":"https:\/\/www.noticiasradioreflejos.com.ar\/2021\/mas-de-130-evacuados-y-435-hectareas-afectadas-por-incendio-en-frontera-entre-espana-y-francia\/","url":"https:\/\/www.noticiasradioreflejos.com.ar\/2021\/mas-de-130-evacuados-y-435-hectareas-afectadas-por-incendio-en-frontera-entre-espana-y-francia\/","name":"M\u00e1s de 130 evacuados y 435 hect\u00e1reas afectadas por incendio en frontera entre Espa\u00f1a y Francia - Noticias Radio Reflejos","isPartOf":{"@id":"https:\/\/www.noticiasradioreflejos.com.ar\/2021\/#website"},"datePublished":"2023-08-06T12:56:56+00:00","author":{"@id":"https:\/\/www.noticiasradioreflejos.com.ar\/2021\/#\/schema\/person\/ad82545263dcc5ec0996818884fd5fb1"},"breadcrumb":{"@id":"https:\/\/www.noticiasradioreflejos.com.ar\/2021\/mas-de-130-evacuados-y-435-hectareas-afectadas-por-incendio-en-frontera-entre-espana-y-francia\/#breadcrumb"},"inLanguage":"es","potentialAction":[{"@type":"ReadAction","target":["https:\/\/www.noticiasradioreflejos.com.ar\/2021\/mas-de-130-evacuados-y-435-hectareas-afectadas-por-incendio-en-frontera-entre-espana-y-francia\/"]}]},{"@type":"BreadcrumbList","@id":"https:\/\/www.noticiasradioreflejos.com.ar\/2021\/mas-de-130-evacuados-y-435-hectareas-afectadas-por-incendio-en-frontera-entre-espana-y-francia\/#breadcrumb","itemListElement":[{"@type":"ListItem","position":1,"name":"Portada","item":"https:\/\/www.noticiasradioreflejos.com.ar\/2021\/"},{"@type":"ListItem","position":2,"name":"M\u00e1s de 130 evacuados y 435 hect\u00e1reas afectadas por incendio en frontera entre Espa\u00f1a y Francia"}]},{"@type":"WebSite","@id":"https:\/\/www.noticiasradioreflejos.com.ar\/2021\/#website","url":"https:\/\/www.noticiasradioreflejos.com.ar\/2021\/","name":"Noticias Radio Reflejos","description":"Las noticias de mi comarca","potentialAction":[{"@type":"SearchAction","target":{"@type":"EntryPoint","urlTemplate":"https:\/\/www.noticiasradioreflejos.com.ar\/2021\/?s={search_term_string}"},"query-input":{"@type":"PropertyValueSpecification","valueRequired":true,"valueName":"search_term_string"}}],"inLanguage":"es"},{"@type":"Person","@id":"https:\/\/www.noticiasradioreflejos.com.ar\/2021\/#\/schema\/person\/ad82545263dcc5ec0996818884fd5fb1","name":"Arnaldo Botto","image":{"@type":"ImageObject","inLanguage":"es","@id":"https:\/\/www.noticiasradioreflejos.com.ar\/2021\/#\/schema\/person\/image\/","url":"https:\/\/secure.gravatar.com\/avatar\/55cb5e37c1efa326397366e6974cb338056df65cb50e7d64d1cf314e87504837?s=96&d=mm&r=g","contentUrl":"https:\/\/secure.gravatar.com\/avatar\/55cb5e37c1efa326397366e6974cb338056df65cb50e7d64d1cf314e87504837?s=96&d=mm&r=g","caption":"Arnaldo Botto"},"url":"https:\/\/www.noticiasradioreflejos.com.ar\/2021\/author\/arnaldo\/"}]}},"_links":{"self":[{"href":"https:\/\/www.noticiasradioreflejos.com.ar\/2021\/wp-json\/wp\/v2\/posts\/91285","targetHints":{"allow":["GET"]}}],"collection":[{"href":"https:\/\/www.noticiasradioreflejos.com.ar\/2021\/wp-json\/wp\/v2\/posts"}],"about":[{"href":"https:\/\/www.noticiasradioreflejos.com.ar\/2021\/wp-json\/wp\/v2\/types\/post"}],"author":[{"embeddable":true,"href":"https:\/\/www.noticiasradioreflejos.com.ar\/2021\/wp-json\/wp\/v2\/users\/3"}],"replies":[{"embeddable":true,"href":"https:\/\/www.noticiasradioreflejos.com.ar\/2021\/wp-json\/wp\/v2\/comments?post=91285"}],"version-history":[{"count":1,"href":"https:\/\/www.noticiasradioreflejos.com.ar\/2021\/wp-json\/wp\/v2\/posts\/91285\/revisions"}],"predecessor-version":[{"id":91287,"href":"https:\/\/www.noticiasradioreflejos.com.ar\/2021\/wp-json\/wp\/v2\/posts\/91285\/revisions\/91287"}],"wp:attachment":[{"href":"https:\/\/www.noticiasradioreflejos.com.ar\/2021\/wp-json\/wp\/v2\/media?parent=91285"}],"wp:term":[{"taxonomy":"category","embeddable":true,"href":"https:\/\/www.noticiasradioreflejos.com.ar\/2021\/wp-json\/wp\/v2\/categories?post=91285"},{"taxonomy":"post_tag","embeddable":true,"href":"https:\/\/www.noticiasradioreflejos.com.ar\/2021\/wp-json\/wp\/v2\/tags?post=91285"}],"curies":[{"name":"wp","href":"https:\/\/api.w.org\/{rel}","templated":true}]}}