{"id":91217,"date":"2023-08-03T20:07:23","date_gmt":"2023-08-03T20:07:23","guid":{"rendered":"https:\/\/www.noticiasradioreflejos.com.ar\/2021\/?p=91217"},"modified":"2023-08-03T20:07:23","modified_gmt":"2023-08-03T20:07:23","slug":"una-de-las-10-mejores-escuelas-del-mundo-esta-en-campana-el-gran-desafio-fue-trabajar-con-los-docentes","status":"publish","type":"post","link":"https:\/\/www.noticiasradioreflejos.com.ar\/2021\/una-de-las-10-mejores-escuelas-del-mundo-esta-en-campana-el-gran-desafio-fue-trabajar-con-los-docentes\/","title":{"rendered":"Una de las 10 mejores escuelas del mundo est\u00e1 en Campana: \u201cEl gran desaf\u00edo fue trabajar con los docentes\u201d"},"content":{"rendered":"<p><strong>Ludovico Grillo<\/strong>, director de la <strong>Escuela de Educaci\u00f3n T\u00e9cnica Roberto Rocca<\/strong>, explic\u00f3 cu\u00e1les son las claves por las que su establecimiento educativo est\u00e1 siendo reconocido a nivel global.<br \/>\n<!--more--><br \/>\nEn otra emisi\u00f3n de tiempo educativo, la magia de la radio permiti\u00f3 escuchar al director de la Escuela T\u00e9cnica Roberto Rocca de Campana, Ludovico Grillo.<\/p>\n<p><a title=\"Ludovico Grillo (1)\" href=\"https:\/\/www.flickr.com\/photos\/182279889@N02\/53092161638\/in\/dateposted-public\/\" data-flickr-embed=\"true\" data-footer=\"true\"><img loading=\"lazy\" decoding=\"async\" class=\"aligncenter\" src=\"https:\/\/live.staticflickr.com\/65535\/53092161638_c957830a99_o.jpg\" alt=\"Ludovico Grillo (1)\" width=\"676\" height=\"407\" \/><\/a><\/p>\n<p>Dicho establecimiento est\u00e1 ubicado dentro de los diez mejores modelos de ense\u00f1anza a nivel global, y el propio Grillo se encarg\u00f3 de explicar c\u00f3mo fue este m\u00e9todo de selecci\u00f3n y cu\u00e1les son los pilares en los cuales se apoya su esquema de trabajo.<\/p>\n<p>Al respecto comenz\u00f3 diciendo que \u201chay cinco categor\u00edas. Nosotros estamos en innovaci\u00f3n. La otra escuela argentina est\u00e1 en medio ambiente. En septiembre de las 10, quedar\u00e1n solo tres. Nosotros desde hace algunos a\u00f1os comenzamos un proceso, que se aceler\u00f3 much\u00edsimo el a\u00f1o pasado, donde cambiamos algunas cosas de la organizaci\u00f3n escolar\u201d.<\/p>\n<p>De all\u00ed fue \u201ctrabajamos en aprendizaje a trav\u00e9s de proyectos. Esto nos llev\u00f3 a cuestionarnos los espacios arquitect\u00f3nicos de la escuela. Por eso se cambiaron los espacios por unos m\u00e1s abiertos. Con esto se gener\u00f3 una l\u00ednea de trabajo aut\u00f3nomo, donde los estudiantes buscan su lugar en la escuela para trabajar\u201d.<\/p>\n<p>Profundizando en ese aspecto cont\u00f3 que \u201cen esos momentos no tienen docentes a cargo. Ah\u00ed ellos trabajan en sus proyectos. Y al mismo tiempo hay espacios donde varias materias trabajan juntas, borr\u00e1ndose un poco esa tasa curricular. Esto se hace gradualmente desde primer a\u00f1o\u201d.<\/p>\n<p>Por \u00faltimo asegur\u00f3 que \u201cel gran desaf\u00edo fue trabajar con los docentes. Nos empezamos a plantear cu\u00e1l ser\u00eda la escuela ideal, a qu\u00e9 nos animar\u00edamos, y realmente tuvimos mucho apoyo por parte de los docentes. Ellos han cedido su espacio central y pusieron all\u00ed a los alumnos. Eso nos permiti\u00f3 poder disfrutar m\u00e1s nuestra vocaci\u00f3n\u201d.<\/p>\n<p><iframe loading=\"lazy\" src=\"https:\/\/w.soundcloud.com\/player\/?url=https%3A\/\/api.soundcloud.com\/tracks\/1581942431&amp;color=%23ff5500&amp;auto_play=false&amp;hide_related=false&amp;show_comments=true&amp;show_user=true&amp;show_reposts=false&amp;show_teaser=true\" width=\"100%\" height=\"166\" frameborder=\"no\" scrolling=\"no\"><\/iframe><\/p>\n<div style=\"font-size: 10px; color: #cccccc; line-break: anywhere; word-break: normal; overflow: hidden; white-space: nowrap; text-overflow: ellipsis; font-family: Interstate,Lucida Grande,Lucida Sans Unicode,Lucida Sans,Garuda,Verdana,Tahoma,sans-serif; font-weight: 100;\"><a style=\"color: #cccccc; text-decoration: none;\" title=\"fmreflejos 103.7\" href=\"https:\/\/soundcloud.com\/fmreflejos-103-7\" target=\"_blank\" rel=\"noopener\">fmreflejos 103.7<\/a> \u00b7 <a style=\"color: #cccccc; text-decoration: none;\" title=\"Ludovico Grillo\" href=\"https:\/\/soundcloud.com\/fmreflejos-103-7\/ludovico-grillo\" target=\"_blank\" rel=\"noopener\">Ludovico Grillo<\/a><\/div>\n","protected":false},"excerpt":{"rendered":"<p>Ludovico Grillo, director de la Escuela de Educaci\u00f3n T\u00e9cnica Roberto Rocca, explic\u00f3 cu\u00e1les son las claves por las que su establecimiento educativo est\u00e1 siendo reconocido a nivel global.<\/p>\n","protected":false},"author":3,"featured_media":0,"comment_status":"closed","ping_status":"closed","sticky":false,"template":"","format":"standard","meta":{"footnotes":""},"categories":[34],"tags":[48],"class_list":["post-91217","post","type-post","status-publish","format-standard","hentry","category-educacion","tag-destacada"],"yoast_head":"<!-- This site is optimized with the Yoast SEO plugin v25.9 - https:\/\/yoast.com\/wordpress\/plugins\/seo\/ -->\n<title>Una de las 10 mejores escuelas del mundo est\u00e1 en Campana: \u201cEl gran desaf\u00edo fue trabajar con los docentes\u201d - Noticias Radio Reflejos<\/title>\n<meta name=\"robots\" content=\"index, follow, max-snippet:-1, max-image-preview:large, max-video-preview:-1\" \/>\n<link rel=\"canonical\" href=\"https:\/\/www.noticiasradioreflejos.com.ar\/2021\/una-de-las-10-mejores-escuelas-del-mundo-esta-en-campana-el-gran-desafio-fue-trabajar-con-los-docentes\/\" \/>\n<meta property=\"og:locale\" content=\"es_ES\" \/>\n<meta property=\"og:type\" content=\"article\" \/>\n<meta property=\"og:title\" content=\"Una de las 10 mejores escuelas del mundo est\u00e1 en Campana: \u201cEl gran desaf\u00edo fue trabajar con los docentes\u201d - Noticias Radio Reflejos\" \/>\n<meta property=\"og:description\" content=\"Ludovico Grillo, director de la Escuela de Educaci\u00f3n T\u00e9cnica Roberto Rocca, explic\u00f3 cu\u00e1les son las claves por las que su establecimiento educativo est\u00e1 siendo reconocido a nivel global.\" \/>\n<meta property=\"og:url\" content=\"https:\/\/www.noticiasradioreflejos.com.ar\/2021\/una-de-las-10-mejores-escuelas-del-mundo-esta-en-campana-el-gran-desafio-fue-trabajar-con-los-docentes\/\" \/>\n<meta property=\"og:site_name\" content=\"Noticias Radio Reflejos\" \/>\n<meta property=\"article:published_time\" content=\"2023-08-03T20:07:23+00:00\" \/>\n<meta property=\"og:image\" content=\"https:\/\/live.staticflickr.com\/65535\/53092161638_c957830a99_o.jpg\" \/>\n<meta name=\"author\" content=\"Arnaldo Botto\" \/>\n<meta name=\"twitter:card\" content=\"summary_large_image\" \/>\n<script type=\"application\/ld+json\" class=\"yoast-schema-graph\">{\"@context\":\"https:\/\/schema.org\",\"@graph\":[{\"@type\":\"WebPage\",\"@id\":\"https:\/\/www.noticiasradioreflejos.com.ar\/2021\/una-de-las-10-mejores-escuelas-del-mundo-esta-en-campana-el-gran-desafio-fue-trabajar-con-los-docentes\/\",\"url\":\"https:\/\/www.noticiasradioreflejos.com.ar\/2021\/una-de-las-10-mejores-escuelas-del-mundo-esta-en-campana-el-gran-desafio-fue-trabajar-con-los-docentes\/\",\"name\":\"Una de las 10 mejores escuelas del mundo est\u00e1 en Campana: \u201cEl gran desaf\u00edo fue trabajar con los docentes\u201d - Noticias Radio Reflejos\",\"isPartOf\":{\"@id\":\"https:\/\/www.noticiasradioreflejos.com.ar\/2021\/#website\"},\"primaryImageOfPage\":{\"@id\":\"https:\/\/www.noticiasradioreflejos.com.ar\/2021\/una-de-las-10-mejores-escuelas-del-mundo-esta-en-campana-el-gran-desafio-fue-trabajar-con-los-docentes\/#primaryimage\"},\"image\":{\"@id\":\"https:\/\/www.noticiasradioreflejos.com.ar\/2021\/una-de-las-10-mejores-escuelas-del-mundo-esta-en-campana-el-gran-desafio-fue-trabajar-con-los-docentes\/#primaryimage\"},\"thumbnailUrl\":\"https:\/\/live.staticflickr.com\/65535\/53092161638_c957830a99_o.jpg\",\"datePublished\":\"2023-08-03T20:07:23+00:00\",\"author\":{\"@id\":\"https:\/\/www.noticiasradioreflejos.com.ar\/2021\/#\/schema\/person\/ad82545263dcc5ec0996818884fd5fb1\"},\"breadcrumb\":{\"@id\":\"https:\/\/www.noticiasradioreflejos.com.ar\/2021\/una-de-las-10-mejores-escuelas-del-mundo-esta-en-campana-el-gran-desafio-fue-trabajar-con-los-docentes\/#breadcrumb\"},\"inLanguage\":\"es\",\"potentialAction\":[{\"@type\":\"ReadAction\",\"target\":[\"https:\/\/www.noticiasradioreflejos.com.ar\/2021\/una-de-las-10-mejores-escuelas-del-mundo-esta-en-campana-el-gran-desafio-fue-trabajar-con-los-docentes\/\"]}]},{\"@type\":\"ImageObject\",\"inLanguage\":\"es\",\"@id\":\"https:\/\/www.noticiasradioreflejos.com.ar\/2021\/una-de-las-10-mejores-escuelas-del-mundo-esta-en-campana-el-gran-desafio-fue-trabajar-con-los-docentes\/#primaryimage\",\"url\":\"https:\/\/live.staticflickr.com\/65535\/53092161638_c957830a99_o.jpg\",\"contentUrl\":\"https:\/\/live.staticflickr.com\/65535\/53092161638_c957830a99_o.jpg\"},{\"@type\":\"BreadcrumbList\",\"@id\":\"https:\/\/www.noticiasradioreflejos.com.ar\/2021\/una-de-las-10-mejores-escuelas-del-mundo-esta-en-campana-el-gran-desafio-fue-trabajar-con-los-docentes\/#breadcrumb\",\"itemListElement\":[{\"@type\":\"ListItem\",\"position\":1,\"name\":\"Portada\",\"item\":\"https:\/\/www.noticiasradioreflejos.com.ar\/2021\/\"},{\"@type\":\"ListItem\",\"position\":2,\"name\":\"Una de las 10 mejores escuelas del mundo est\u00e1 en Campana: \u201cEl gran desaf\u00edo fue trabajar con los docentes\u201d\"}]},{\"@type\":\"WebSite\",\"@id\":\"https:\/\/www.noticiasradioreflejos.com.ar\/2021\/#website\",\"url\":\"https:\/\/www.noticiasradioreflejos.com.ar\/2021\/\",\"name\":\"Noticias Radio Reflejos\",\"description\":\"Las noticias de mi comarca\",\"potentialAction\":[{\"@type\":\"SearchAction\",\"target\":{\"@type\":\"EntryPoint\",\"urlTemplate\":\"https:\/\/www.noticiasradioreflejos.com.ar\/2021\/?s={search_term_string}\"},\"query-input\":{\"@type\":\"PropertyValueSpecification\",\"valueRequired\":true,\"valueName\":\"search_term_string\"}}],\"inLanguage\":\"es\"},{\"@type\":\"Person\",\"@id\":\"https:\/\/www.noticiasradioreflejos.com.ar\/2021\/#\/schema\/person\/ad82545263dcc5ec0996818884fd5fb1\",\"name\":\"Arnaldo Botto\",\"image\":{\"@type\":\"ImageObject\",\"inLanguage\":\"es\",\"@id\":\"https:\/\/www.noticiasradioreflejos.com.ar\/2021\/#\/schema\/person\/image\/\",\"url\":\"https:\/\/secure.gravatar.com\/avatar\/55cb5e37c1efa326397366e6974cb338056df65cb50e7d64d1cf314e87504837?s=96&d=mm&r=g\",\"contentUrl\":\"https:\/\/secure.gravatar.com\/avatar\/55cb5e37c1efa326397366e6974cb338056df65cb50e7d64d1cf314e87504837?s=96&d=mm&r=g\",\"caption\":\"Arnaldo Botto\"},\"url\":\"https:\/\/www.noticiasradioreflejos.com.ar\/2021\/author\/arnaldo\/\"}]}<\/script>\n<!-- \/ Yoast SEO plugin. -->","yoast_head_json":{"title":"Una de las 10 mejores escuelas del mundo est\u00e1 en Campana: \u201cEl gran desaf\u00edo fue trabajar con los docentes\u201d - Noticias Radio Reflejos","robots":{"index":"index","follow":"follow","max-snippet":"max-snippet:-1","max-image-preview":"max-image-preview:large","max-video-preview":"max-video-preview:-1"},"canonical":"https:\/\/www.noticiasradioreflejos.com.ar\/2021\/una-de-las-10-mejores-escuelas-del-mundo-esta-en-campana-el-gran-desafio-fue-trabajar-con-los-docentes\/","og_locale":"es_ES","og_type":"article","og_title":"Una de las 10 mejores escuelas del mundo est\u00e1 en Campana: \u201cEl gran desaf\u00edo fue trabajar con los docentes\u201d - Noticias Radio Reflejos","og_description":"Ludovico Grillo, director de la Escuela de Educaci\u00f3n T\u00e9cnica Roberto Rocca, explic\u00f3 cu\u00e1les son las claves por las que su establecimiento educativo est\u00e1 siendo reconocido a nivel global.","og_url":"https:\/\/www.noticiasradioreflejos.com.ar\/2021\/una-de-las-10-mejores-escuelas-del-mundo-esta-en-campana-el-gran-desafio-fue-trabajar-con-los-docentes\/","og_site_name":"Noticias Radio Reflejos","article_published_time":"2023-08-03T20:07:23+00:00","og_image":[{"url":"https:\/\/live.staticflickr.com\/65535\/53092161638_c957830a99_o.jpg","type":"","width":"","height":""}],"author":"Arnaldo Botto","twitter_card":"summary_large_image","schema":{"@context":"https:\/\/schema.org","@graph":[{"@type":"WebPage","@id":"https:\/\/www.noticiasradioreflejos.com.ar\/2021\/una-de-las-10-mejores-escuelas-del-mundo-esta-en-campana-el-gran-desafio-fue-trabajar-con-los-docentes\/","url":"https:\/\/www.noticiasradioreflejos.com.ar\/2021\/una-de-las-10-mejores-escuelas-del-mundo-esta-en-campana-el-gran-desafio-fue-trabajar-con-los-docentes\/","name":"Una de las 10 mejores escuelas del mundo est\u00e1 en Campana: \u201cEl gran desaf\u00edo fue trabajar con los docentes\u201d - Noticias Radio Reflejos","isPartOf":{"@id":"https:\/\/www.noticiasradioreflejos.com.ar\/2021\/#website"},"primaryImageOfPage":{"@id":"https:\/\/www.noticiasradioreflejos.com.ar\/2021\/una-de-las-10-mejores-escuelas-del-mundo-esta-en-campana-el-gran-desafio-fue-trabajar-con-los-docentes\/#primaryimage"},"image":{"@id":"https:\/\/www.noticiasradioreflejos.com.ar\/2021\/una-de-las-10-mejores-escuelas-del-mundo-esta-en-campana-el-gran-desafio-fue-trabajar-con-los-docentes\/#primaryimage"},"thumbnailUrl":"https:\/\/live.staticflickr.com\/65535\/53092161638_c957830a99_o.jpg","datePublished":"2023-08-03T20:07:23+00:00","author":{"@id":"https:\/\/www.noticiasradioreflejos.com.ar\/2021\/#\/schema\/person\/ad82545263dcc5ec0996818884fd5fb1"},"breadcrumb":{"@id":"https:\/\/www.noticiasradioreflejos.com.ar\/2021\/una-de-las-10-mejores-escuelas-del-mundo-esta-en-campana-el-gran-desafio-fue-trabajar-con-los-docentes\/#breadcrumb"},"inLanguage":"es","potentialAction":[{"@type":"ReadAction","target":["https:\/\/www.noticiasradioreflejos.com.ar\/2021\/una-de-las-10-mejores-escuelas-del-mundo-esta-en-campana-el-gran-desafio-fue-trabajar-con-los-docentes\/"]}]},{"@type":"ImageObject","inLanguage":"es","@id":"https:\/\/www.noticiasradioreflejos.com.ar\/2021\/una-de-las-10-mejores-escuelas-del-mundo-esta-en-campana-el-gran-desafio-fue-trabajar-con-los-docentes\/#primaryimage","url":"https:\/\/live.staticflickr.com\/65535\/53092161638_c957830a99_o.jpg","contentUrl":"https:\/\/live.staticflickr.com\/65535\/53092161638_c957830a99_o.jpg"},{"@type":"BreadcrumbList","@id":"https:\/\/www.noticiasradioreflejos.com.ar\/2021\/una-de-las-10-mejores-escuelas-del-mundo-esta-en-campana-el-gran-desafio-fue-trabajar-con-los-docentes\/#breadcrumb","itemListElement":[{"@type":"ListItem","position":1,"name":"Portada","item":"https:\/\/www.noticiasradioreflejos.com.ar\/2021\/"},{"@type":"ListItem","position":2,"name":"Una de las 10 mejores escuelas del mundo est\u00e1 en Campana: \u201cEl gran desaf\u00edo fue trabajar con los docentes\u201d"}]},{"@type":"WebSite","@id":"https:\/\/www.noticiasradioreflejos.com.ar\/2021\/#website","url":"https:\/\/www.noticiasradioreflejos.com.ar\/2021\/","name":"Noticias Radio Reflejos","description":"Las noticias de mi comarca","potentialAction":[{"@type":"SearchAction","target":{"@type":"EntryPoint","urlTemplate":"https:\/\/www.noticiasradioreflejos.com.ar\/2021\/?s={search_term_string}"},"query-input":{"@type":"PropertyValueSpecification","valueRequired":true,"valueName":"search_term_string"}}],"inLanguage":"es"},{"@type":"Person","@id":"https:\/\/www.noticiasradioreflejos.com.ar\/2021\/#\/schema\/person\/ad82545263dcc5ec0996818884fd5fb1","name":"Arnaldo Botto","image":{"@type":"ImageObject","inLanguage":"es","@id":"https:\/\/www.noticiasradioreflejos.com.ar\/2021\/#\/schema\/person\/image\/","url":"https:\/\/secure.gravatar.com\/avatar\/55cb5e37c1efa326397366e6974cb338056df65cb50e7d64d1cf314e87504837?s=96&d=mm&r=g","contentUrl":"https:\/\/secure.gravatar.com\/avatar\/55cb5e37c1efa326397366e6974cb338056df65cb50e7d64d1cf314e87504837?s=96&d=mm&r=g","caption":"Arnaldo Botto"},"url":"https:\/\/www.noticiasradioreflejos.com.ar\/2021\/author\/arnaldo\/"}]}},"_links":{"self":[{"href":"https:\/\/www.noticiasradioreflejos.com.ar\/2021\/wp-json\/wp\/v2\/posts\/91217","targetHints":{"allow":["GET"]}}],"collection":[{"href":"https:\/\/www.noticiasradioreflejos.com.ar\/2021\/wp-json\/wp\/v2\/posts"}],"about":[{"href":"https:\/\/www.noticiasradioreflejos.com.ar\/2021\/wp-json\/wp\/v2\/types\/post"}],"author":[{"embeddable":true,"href":"https:\/\/www.noticiasradioreflejos.com.ar\/2021\/wp-json\/wp\/v2\/users\/3"}],"replies":[{"embeddable":true,"href":"https:\/\/www.noticiasradioreflejos.com.ar\/2021\/wp-json\/wp\/v2\/comments?post=91217"}],"version-history":[{"count":2,"href":"https:\/\/www.noticiasradioreflejos.com.ar\/2021\/wp-json\/wp\/v2\/posts\/91217\/revisions"}],"predecessor-version":[{"id":91234,"href":"https:\/\/www.noticiasradioreflejos.com.ar\/2021\/wp-json\/wp\/v2\/posts\/91217\/revisions\/91234"}],"wp:attachment":[{"href":"https:\/\/www.noticiasradioreflejos.com.ar\/2021\/wp-json\/wp\/v2\/media?parent=91217"}],"wp:term":[{"taxonomy":"category","embeddable":true,"href":"https:\/\/www.noticiasradioreflejos.com.ar\/2021\/wp-json\/wp\/v2\/categories?post=91217"},{"taxonomy":"post_tag","embeddable":true,"href":"https:\/\/www.noticiasradioreflejos.com.ar\/2021\/wp-json\/wp\/v2\/tags?post=91217"}],"curies":[{"name":"wp","href":"https:\/\/api.w.org\/{rel}","templated":true}]}}