{"id":91143,"date":"2023-08-02T12:15:22","date_gmt":"2023-08-02T12:15:22","guid":{"rendered":"https:\/\/www.noticiasradioreflejos.com.ar\/2021\/?p=91143"},"modified":"2023-08-02T12:15:22","modified_gmt":"2023-08-02T12:15:22","slug":"la-luna-llena-luminosa-e-impactante-por-el-fenomeno-del-esturion-que-se-vio-ayer","status":"publish","type":"post","link":"https:\/\/www.noticiasradioreflejos.com.ar\/2021\/la-luna-llena-luminosa-e-impactante-por-el-fenomeno-del-esturion-que-se-vio-ayer\/","title":{"rendered":"La Luna llena, luminosa e impactante por el fen\u00f3meno del Esturi\u00f3n que se vio ayer."},"content":{"rendered":"<p>La noche del martes 1 de agosto se pudo observar un espect\u00e1culo astron\u00f3mico \u00fanico: la Luna llena m\u00e1s grande y brillante del a\u00f1o, conocida como la Luna del Esturi\u00f3n. Este fen\u00f3meno se produce cuando la Luna alcanza su punto m\u00e1s cercano a la Tierra en su \u00f3rbita el\u00edptica, lo que hace que se vea un 14% m\u00e1s grande y un 30% m\u00e1s luminosa que una Luna llena normal.<!--more--><\/p>\n<p>La Luna del Esturi\u00f3n recibe su nombre de los pueblos nativos de Am\u00e9rica del Norte, que asociaban esta Luna con la \u00e9poca de pesca del esturi\u00f3n, un pez de gran tama\u00f1o que habita en los lagos y r\u00edos de la regi\u00f3n. Otras culturas tambi\u00e9n le han dado diferentes nombres a esta Luna, como la Luna de Grano, la Luna Roja o la Luna Verde.<\/p>\n<p>El fen\u00f3meno del Esturi\u00f3n se puede apreciar a simple vista desde cualquier lugar del mundo donde haya cielo despejado, aunque se recomienda usar binoculares o telescopios para disfrutar mejor de los detalles de la superficie lunar. La mejor hora para verla es cuando sale por el horizonte, ya que se crea un efecto \u00f3ptico que la hace parecer a\u00fan m\u00e1s grande.<\/p>\n<p>La pr\u00f3xima vez que podremos ver una Luna del Esturi\u00f3n ser\u00e1 el 31 de agosto de 2024, as\u00ed que no pierdas la oportunidad de admirar este maravilloso espect\u00e1culo de la naturaleza.\ud83c\udf15<\/p>\n<p><em>Foto de T\u00e9lam<\/em><strong><\/p>\n","protected":false},"excerpt":{"rendered":"<p>La noche del martes 1 de agosto se pudo observar un espect\u00e1culo astron\u00f3mico \u00fanico: la Luna llena m\u00e1s grande y brillante del a\u00f1o, conocida como la Luna del Esturi\u00f3n. Este fen\u00f3meno se produce cuando la Luna alcanza su punto m\u00e1s cercano a la Tierra en su \u00f3rbita el\u00edptica, lo que hace que se vea un [&hellip;]<\/p>\n","protected":false},"author":3,"featured_media":91144,"comment_status":"closed","ping_status":"closed","sticky":false,"template":"","format":"standard","meta":{"footnotes":""},"categories":[46],"tags":[48],"class_list":["post-91143","post","type-post","status-publish","format-standard","has-post-thumbnail","hentry","category-ciencia-y-tecnologia","tag-destacada"],"yoast_head":"<!-- This site is optimized with the Yoast SEO plugin v25.9 - https:\/\/yoast.com\/wordpress\/plugins\/seo\/ -->\n<title>La Luna llena, luminosa e impactante por el fen\u00f3meno del Esturi\u00f3n que se vio ayer. - Noticias Radio Reflejos<\/title>\n<meta name=\"robots\" content=\"index, follow, max-snippet:-1, max-image-preview:large, max-video-preview:-1\" \/>\n<link rel=\"canonical\" href=\"https:\/\/www.noticiasradioreflejos.com.ar\/2021\/la-luna-llena-luminosa-e-impactante-por-el-fenomeno-del-esturion-que-se-vio-ayer\/\" \/>\n<meta property=\"og:locale\" content=\"es_ES\" \/>\n<meta property=\"og:type\" content=\"article\" \/>\n<meta property=\"og:title\" content=\"La Luna llena, luminosa e impactante por el fen\u00f3meno del Esturi\u00f3n que se vio ayer. - Noticias Radio Reflejos\" \/>\n<meta property=\"og:description\" content=\"La noche del martes 1 de agosto se pudo observar un espect\u00e1culo astron\u00f3mico \u00fanico: la Luna llena m\u00e1s grande y brillante del a\u00f1o, conocida como la Luna del Esturi\u00f3n. Este fen\u00f3meno se produce cuando la Luna alcanza su punto m\u00e1s cercano a la Tierra en su \u00f3rbita el\u00edptica, lo que hace que se vea un [&hellip;]\" \/>\n<meta property=\"og:url\" content=\"https:\/\/www.noticiasradioreflejos.com.ar\/2021\/la-luna-llena-luminosa-e-impactante-por-el-fenomeno-del-esturion-que-se-vio-ayer\/\" \/>\n<meta property=\"og:site_name\" content=\"Noticias Radio Reflejos\" \/>\n<meta property=\"article:published_time\" content=\"2023-08-02T12:15:22+00:00\" \/>\n<meta property=\"og:image\" content=\"https:\/\/www.noticiasradioreflejos.com.ar\/2021\/wp-content\/uploads\/2023\/08\/Luna-de-agosto.jpg\" \/>\n\t<meta property=\"og:image:width\" content=\"1681\" \/>\n\t<meta property=\"og:image:height\" content=\"1121\" \/>\n\t<meta property=\"og:image:type\" content=\"image\/jpeg\" \/>\n<meta name=\"author\" content=\"Arnaldo Botto\" \/>\n<meta name=\"twitter:card\" content=\"summary_large_image\" \/>\n<script type=\"application\/ld+json\" class=\"yoast-schema-graph\">{\"@context\":\"https:\/\/schema.org\",\"@graph\":[{\"@type\":\"WebPage\",\"@id\":\"https:\/\/www.noticiasradioreflejos.com.ar\/2021\/la-luna-llena-luminosa-e-impactante-por-el-fenomeno-del-esturion-que-se-vio-ayer\/\",\"url\":\"https:\/\/www.noticiasradioreflejos.com.ar\/2021\/la-luna-llena-luminosa-e-impactante-por-el-fenomeno-del-esturion-que-se-vio-ayer\/\",\"name\":\"La Luna llena, luminosa e impactante por el fen\u00f3meno del Esturi\u00f3n que se vio ayer. - Noticias Radio Reflejos\",\"isPartOf\":{\"@id\":\"https:\/\/www.noticiasradioreflejos.com.ar\/2021\/#website\"},\"primaryImageOfPage\":{\"@id\":\"https:\/\/www.noticiasradioreflejos.com.ar\/2021\/la-luna-llena-luminosa-e-impactante-por-el-fenomeno-del-esturion-que-se-vio-ayer\/#primaryimage\"},\"image\":{\"@id\":\"https:\/\/www.noticiasradioreflejos.com.ar\/2021\/la-luna-llena-luminosa-e-impactante-por-el-fenomeno-del-esturion-que-se-vio-ayer\/#primaryimage\"},\"thumbnailUrl\":\"https:\/\/www.noticiasradioreflejos.com.ar\/2021\/wp-content\/uploads\/2023\/08\/Luna-de-agosto.jpg\",\"datePublished\":\"2023-08-02T12:15:22+00:00\",\"author\":{\"@id\":\"https:\/\/www.noticiasradioreflejos.com.ar\/2021\/#\/schema\/person\/ad82545263dcc5ec0996818884fd5fb1\"},\"breadcrumb\":{\"@id\":\"https:\/\/www.noticiasradioreflejos.com.ar\/2021\/la-luna-llena-luminosa-e-impactante-por-el-fenomeno-del-esturion-que-se-vio-ayer\/#breadcrumb\"},\"inLanguage\":\"es\",\"potentialAction\":[{\"@type\":\"ReadAction\",\"target\":[\"https:\/\/www.noticiasradioreflejos.com.ar\/2021\/la-luna-llena-luminosa-e-impactante-por-el-fenomeno-del-esturion-que-se-vio-ayer\/\"]}]},{\"@type\":\"ImageObject\",\"inLanguage\":\"es\",\"@id\":\"https:\/\/www.noticiasradioreflejos.com.ar\/2021\/la-luna-llena-luminosa-e-impactante-por-el-fenomeno-del-esturion-que-se-vio-ayer\/#primaryimage\",\"url\":\"https:\/\/www.noticiasradioreflejos.com.ar\/2021\/wp-content\/uploads\/2023\/08\/Luna-de-agosto.jpg\",\"contentUrl\":\"https:\/\/www.noticiasradioreflejos.com.ar\/2021\/wp-content\/uploads\/2023\/08\/Luna-de-agosto.jpg\",\"width\":1681,\"height\":1121},{\"@type\":\"BreadcrumbList\",\"@id\":\"https:\/\/www.noticiasradioreflejos.com.ar\/2021\/la-luna-llena-luminosa-e-impactante-por-el-fenomeno-del-esturion-que-se-vio-ayer\/#breadcrumb\",\"itemListElement\":[{\"@type\":\"ListItem\",\"position\":1,\"name\":\"Portada\",\"item\":\"https:\/\/www.noticiasradioreflejos.com.ar\/2021\/\"},{\"@type\":\"ListItem\",\"position\":2,\"name\":\"La Luna llena, luminosa e impactante por el fen\u00f3meno del Esturi\u00f3n que se vio ayer.\"}]},{\"@type\":\"WebSite\",\"@id\":\"https:\/\/www.noticiasradioreflejos.com.ar\/2021\/#website\",\"url\":\"https:\/\/www.noticiasradioreflejos.com.ar\/2021\/\",\"name\":\"Noticias Radio Reflejos\",\"description\":\"Las noticias de mi comarca\",\"potentialAction\":[{\"@type\":\"SearchAction\",\"target\":{\"@type\":\"EntryPoint\",\"urlTemplate\":\"https:\/\/www.noticiasradioreflejos.com.ar\/2021\/?s={search_term_string}\"},\"query-input\":{\"@type\":\"PropertyValueSpecification\",\"valueRequired\":true,\"valueName\":\"search_term_string\"}}],\"inLanguage\":\"es\"},{\"@type\":\"Person\",\"@id\":\"https:\/\/www.noticiasradioreflejos.com.ar\/2021\/#\/schema\/person\/ad82545263dcc5ec0996818884fd5fb1\",\"name\":\"Arnaldo Botto\",\"image\":{\"@type\":\"ImageObject\",\"inLanguage\":\"es\",\"@id\":\"https:\/\/www.noticiasradioreflejos.com.ar\/2021\/#\/schema\/person\/image\/\",\"url\":\"https:\/\/secure.gravatar.com\/avatar\/55cb5e37c1efa326397366e6974cb338056df65cb50e7d64d1cf314e87504837?s=96&d=mm&r=g\",\"contentUrl\":\"https:\/\/secure.gravatar.com\/avatar\/55cb5e37c1efa326397366e6974cb338056df65cb50e7d64d1cf314e87504837?s=96&d=mm&r=g\",\"caption\":\"Arnaldo Botto\"},\"url\":\"https:\/\/www.noticiasradioreflejos.com.ar\/2021\/author\/arnaldo\/\"}]}<\/script>\n<!-- \/ Yoast SEO plugin. -->","yoast_head_json":{"title":"La Luna llena, luminosa e impactante por el fen\u00f3meno del Esturi\u00f3n que se vio ayer. - Noticias Radio Reflejos","robots":{"index":"index","follow":"follow","max-snippet":"max-snippet:-1","max-image-preview":"max-image-preview:large","max-video-preview":"max-video-preview:-1"},"canonical":"https:\/\/www.noticiasradioreflejos.com.ar\/2021\/la-luna-llena-luminosa-e-impactante-por-el-fenomeno-del-esturion-que-se-vio-ayer\/","og_locale":"es_ES","og_type":"article","og_title":"La Luna llena, luminosa e impactante por el fen\u00f3meno del Esturi\u00f3n que se vio ayer. - Noticias Radio Reflejos","og_description":"La noche del martes 1 de agosto se pudo observar un espect\u00e1culo astron\u00f3mico \u00fanico: la Luna llena m\u00e1s grande y brillante del a\u00f1o, conocida como la Luna del Esturi\u00f3n. Este fen\u00f3meno se produce cuando la Luna alcanza su punto m\u00e1s cercano a la Tierra en su \u00f3rbita el\u00edptica, lo que hace que se vea un [&hellip;]","og_url":"https:\/\/www.noticiasradioreflejos.com.ar\/2021\/la-luna-llena-luminosa-e-impactante-por-el-fenomeno-del-esturion-que-se-vio-ayer\/","og_site_name":"Noticias Radio Reflejos","article_published_time":"2023-08-02T12:15:22+00:00","og_image":[{"width":1681,"height":1121,"url":"https:\/\/www.noticiasradioreflejos.com.ar\/2021\/wp-content\/uploads\/2023\/08\/Luna-de-agosto.jpg","type":"image\/jpeg"}],"author":"Arnaldo Botto","twitter_card":"summary_large_image","schema":{"@context":"https:\/\/schema.org","@graph":[{"@type":"WebPage","@id":"https:\/\/www.noticiasradioreflejos.com.ar\/2021\/la-luna-llena-luminosa-e-impactante-por-el-fenomeno-del-esturion-que-se-vio-ayer\/","url":"https:\/\/www.noticiasradioreflejos.com.ar\/2021\/la-luna-llena-luminosa-e-impactante-por-el-fenomeno-del-esturion-que-se-vio-ayer\/","name":"La Luna llena, luminosa e impactante por el fen\u00f3meno del Esturi\u00f3n que se vio ayer. - Noticias Radio Reflejos","isPartOf":{"@id":"https:\/\/www.noticiasradioreflejos.com.ar\/2021\/#website"},"primaryImageOfPage":{"@id":"https:\/\/www.noticiasradioreflejos.com.ar\/2021\/la-luna-llena-luminosa-e-impactante-por-el-fenomeno-del-esturion-que-se-vio-ayer\/#primaryimage"},"image":{"@id":"https:\/\/www.noticiasradioreflejos.com.ar\/2021\/la-luna-llena-luminosa-e-impactante-por-el-fenomeno-del-esturion-que-se-vio-ayer\/#primaryimage"},"thumbnailUrl":"https:\/\/www.noticiasradioreflejos.com.ar\/2021\/wp-content\/uploads\/2023\/08\/Luna-de-agosto.jpg","datePublished":"2023-08-02T12:15:22+00:00","author":{"@id":"https:\/\/www.noticiasradioreflejos.com.ar\/2021\/#\/schema\/person\/ad82545263dcc5ec0996818884fd5fb1"},"breadcrumb":{"@id":"https:\/\/www.noticiasradioreflejos.com.ar\/2021\/la-luna-llena-luminosa-e-impactante-por-el-fenomeno-del-esturion-que-se-vio-ayer\/#breadcrumb"},"inLanguage":"es","potentialAction":[{"@type":"ReadAction","target":["https:\/\/www.noticiasradioreflejos.com.ar\/2021\/la-luna-llena-luminosa-e-impactante-por-el-fenomeno-del-esturion-que-se-vio-ayer\/"]}]},{"@type":"ImageObject","inLanguage":"es","@id":"https:\/\/www.noticiasradioreflejos.com.ar\/2021\/la-luna-llena-luminosa-e-impactante-por-el-fenomeno-del-esturion-que-se-vio-ayer\/#primaryimage","url":"https:\/\/www.noticiasradioreflejos.com.ar\/2021\/wp-content\/uploads\/2023\/08\/Luna-de-agosto.jpg","contentUrl":"https:\/\/www.noticiasradioreflejos.com.ar\/2021\/wp-content\/uploads\/2023\/08\/Luna-de-agosto.jpg","width":1681,"height":1121},{"@type":"BreadcrumbList","@id":"https:\/\/www.noticiasradioreflejos.com.ar\/2021\/la-luna-llena-luminosa-e-impactante-por-el-fenomeno-del-esturion-que-se-vio-ayer\/#breadcrumb","itemListElement":[{"@type":"ListItem","position":1,"name":"Portada","item":"https:\/\/www.noticiasradioreflejos.com.ar\/2021\/"},{"@type":"ListItem","position":2,"name":"La Luna llena, luminosa e impactante por el fen\u00f3meno del Esturi\u00f3n que se vio ayer."}]},{"@type":"WebSite","@id":"https:\/\/www.noticiasradioreflejos.com.ar\/2021\/#website","url":"https:\/\/www.noticiasradioreflejos.com.ar\/2021\/","name":"Noticias Radio Reflejos","description":"Las noticias de mi comarca","potentialAction":[{"@type":"SearchAction","target":{"@type":"EntryPoint","urlTemplate":"https:\/\/www.noticiasradioreflejos.com.ar\/2021\/?s={search_term_string}"},"query-input":{"@type":"PropertyValueSpecification","valueRequired":true,"valueName":"search_term_string"}}],"inLanguage":"es"},{"@type":"Person","@id":"https:\/\/www.noticiasradioreflejos.com.ar\/2021\/#\/schema\/person\/ad82545263dcc5ec0996818884fd5fb1","name":"Arnaldo Botto","image":{"@type":"ImageObject","inLanguage":"es","@id":"https:\/\/www.noticiasradioreflejos.com.ar\/2021\/#\/schema\/person\/image\/","url":"https:\/\/secure.gravatar.com\/avatar\/55cb5e37c1efa326397366e6974cb338056df65cb50e7d64d1cf314e87504837?s=96&d=mm&r=g","contentUrl":"https:\/\/secure.gravatar.com\/avatar\/55cb5e37c1efa326397366e6974cb338056df65cb50e7d64d1cf314e87504837?s=96&d=mm&r=g","caption":"Arnaldo Botto"},"url":"https:\/\/www.noticiasradioreflejos.com.ar\/2021\/author\/arnaldo\/"}]}},"_links":{"self":[{"href":"https:\/\/www.noticiasradioreflejos.com.ar\/2021\/wp-json\/wp\/v2\/posts\/91143","targetHints":{"allow":["GET"]}}],"collection":[{"href":"https:\/\/www.noticiasradioreflejos.com.ar\/2021\/wp-json\/wp\/v2\/posts"}],"about":[{"href":"https:\/\/www.noticiasradioreflejos.com.ar\/2021\/wp-json\/wp\/v2\/types\/post"}],"author":[{"embeddable":true,"href":"https:\/\/www.noticiasradioreflejos.com.ar\/2021\/wp-json\/wp\/v2\/users\/3"}],"replies":[{"embeddable":true,"href":"https:\/\/www.noticiasradioreflejos.com.ar\/2021\/wp-json\/wp\/v2\/comments?post=91143"}],"version-history":[{"count":1,"href":"https:\/\/www.noticiasradioreflejos.com.ar\/2021\/wp-json\/wp\/v2\/posts\/91143\/revisions"}],"predecessor-version":[{"id":91145,"href":"https:\/\/www.noticiasradioreflejos.com.ar\/2021\/wp-json\/wp\/v2\/posts\/91143\/revisions\/91145"}],"wp:featuredmedia":[{"embeddable":true,"href":"https:\/\/www.noticiasradioreflejos.com.ar\/2021\/wp-json\/wp\/v2\/media\/91144"}],"wp:attachment":[{"href":"https:\/\/www.noticiasradioreflejos.com.ar\/2021\/wp-json\/wp\/v2\/media?parent=91143"}],"wp:term":[{"taxonomy":"category","embeddable":true,"href":"https:\/\/www.noticiasradioreflejos.com.ar\/2021\/wp-json\/wp\/v2\/categories?post=91143"},{"taxonomy":"post_tag","embeddable":true,"href":"https:\/\/www.noticiasradioreflejos.com.ar\/2021\/wp-json\/wp\/v2\/tags?post=91143"}],"curies":[{"name":"wp","href":"https:\/\/api.w.org\/{rel}","templated":true}]}}