{"id":91139,"date":"2023-08-02T11:43:15","date_gmt":"2023-08-02T11:43:15","guid":{"rendered":"https:\/\/www.noticiasradioreflejos.com.ar\/2021\/?p=91139"},"modified":"2023-08-02T11:54:56","modified_gmt":"2023-08-02T11:54:56","slug":"en-bahia-blanca-5-intoxicados-con-monoxido-de-carbono-durante-esta-manana","status":"publish","type":"post","link":"https:\/\/www.noticiasradioreflejos.com.ar\/2021\/en-bahia-blanca-5-intoxicados-con-monoxido-de-carbono-durante-esta-manana\/","title":{"rendered":"En Bah\u00eda Blanca; 5 intoxicados con mon\u00f3xido de carbono durante esta ma\u00f1ana."},"content":{"rendered":"<p>Un joven de 21 a\u00f1os fue trasladado al hospital y 4 integrantes de una familia con s\u00edntomas de intoxicaci\u00f3n. <!--more--><\/p>\n<p>En la madrugada de hoy, Defensa Civil recibi\u00f3 un llamado sobre un hombre que no respond\u00eda en su casa en la <strong>calle Pedro Pico 1600.<\/strong> Al llegar al lugar, junto con la Polic\u00eda y los Bomberos, forzaron la puerta de entrada y encontraron a un joven de 21 a\u00f1os en su habitaci\u00f3n. Despu\u00e9s de unos minutos, el joven reaccion\u00f3 y se le suministr\u00f3 ox\u00edgeno hasta la llegada de una ambulancia del servicio Siempre, que lo traslad\u00f3 por posible intoxicaci\u00f3n con mon\u00f3xido de carbono. Se dio aviso a Camuzzi ya que el joven se estaba calefaccionando con un calefactor.<\/p>\n<p><strong>El segundo incidente ocurri\u00f3 a las 07:10 aproximadamente,<\/strong> cuando se recibi\u00f3 un llamado por posible intoxicaci\u00f3n con mon\u00f3xido de carbono en una casa en la calle Luis Agote al 2000. Una ambulancia del servicio Siempre atendi\u00f3 a los cuatro ocupantes de la vivienda, quienes presentaban s\u00edntomas compatibles con intoxicaci\u00f3n por mon\u00f3xido de carbono. Todos estaban conscientes y fueron trasladados por sus propios medios a un hospital. La Guardia de Defensa Civil trabaj\u00f3 en el lugar y se dio aviso a Camuzzi.<\/p>\n<p>Es importante tener precauci\u00f3n y tomar medidas para prevenir la intoxicaci\u00f3n por mon\u00f3xido de carbono, especialmente durante los meses m\u00e1s fr\u00edos del a\u00f1o.<\/p>\n","protected":false},"excerpt":{"rendered":"<p>Un joven de 21 a\u00f1os fue trasladado al hospital y 4 integrantes de una familia con s\u00edntomas de intoxicaci\u00f3n.<\/p>\n","protected":false},"author":3,"featured_media":0,"comment_status":"closed","ping_status":"closed","sticky":false,"template":"","format":"standard","meta":{"footnotes":""},"categories":[29,30],"tags":[48],"class_list":["post-91139","post","type-post","status-publish","format-standard","hentry","category-policiales","category-salud","tag-destacada"],"yoast_head":"<!-- This site is optimized with the Yoast SEO plugin v25.9 - https:\/\/yoast.com\/wordpress\/plugins\/seo\/ -->\n<title>En Bah\u00eda Blanca; 5 intoxicados con mon\u00f3xido de carbono durante esta ma\u00f1ana. - Noticias Radio Reflejos<\/title>\n<meta name=\"robots\" content=\"index, follow, max-snippet:-1, max-image-preview:large, max-video-preview:-1\" \/>\n<link rel=\"canonical\" href=\"https:\/\/www.noticiasradioreflejos.com.ar\/2021\/en-bahia-blanca-5-intoxicados-con-monoxido-de-carbono-durante-esta-manana\/\" \/>\n<meta property=\"og:locale\" content=\"es_ES\" \/>\n<meta property=\"og:type\" content=\"article\" \/>\n<meta property=\"og:title\" content=\"En Bah\u00eda Blanca; 5 intoxicados con mon\u00f3xido de carbono durante esta ma\u00f1ana. - Noticias Radio Reflejos\" \/>\n<meta property=\"og:description\" content=\"Un joven de 21 a\u00f1os fue trasladado al hospital y 4 integrantes de una familia con s\u00edntomas de intoxicaci\u00f3n.\" \/>\n<meta property=\"og:url\" content=\"https:\/\/www.noticiasradioreflejos.com.ar\/2021\/en-bahia-blanca-5-intoxicados-con-monoxido-de-carbono-durante-esta-manana\/\" \/>\n<meta property=\"og:site_name\" content=\"Noticias Radio Reflejos\" \/>\n<meta property=\"article:published_time\" content=\"2023-08-02T11:43:15+00:00\" \/>\n<meta property=\"article:modified_time\" content=\"2023-08-02T11:54:56+00:00\" \/>\n<meta property=\"og:image\" content=\"https:\/\/www.noticiasradioreflejos.com.ar\/2021\/wp-content\/uploads\/2021\/07\/logosol300x200.png\" \/>\n\t<meta property=\"og:image:width\" content=\"300\" \/>\n\t<meta property=\"og:image:height\" content=\"200\" \/>\n\t<meta property=\"og:image:type\" content=\"image\/png\" \/>\n<meta name=\"author\" content=\"Arnaldo Botto\" \/>\n<meta name=\"twitter:card\" content=\"summary_large_image\" \/>\n<script type=\"application\/ld+json\" class=\"yoast-schema-graph\">{\"@context\":\"https:\/\/schema.org\",\"@graph\":[{\"@type\":\"WebPage\",\"@id\":\"https:\/\/www.noticiasradioreflejos.com.ar\/2021\/en-bahia-blanca-5-intoxicados-con-monoxido-de-carbono-durante-esta-manana\/\",\"url\":\"https:\/\/www.noticiasradioreflejos.com.ar\/2021\/en-bahia-blanca-5-intoxicados-con-monoxido-de-carbono-durante-esta-manana\/\",\"name\":\"En Bah\u00eda Blanca; 5 intoxicados con mon\u00f3xido de carbono durante esta ma\u00f1ana. - Noticias Radio Reflejos\",\"isPartOf\":{\"@id\":\"https:\/\/www.noticiasradioreflejos.com.ar\/2021\/#website\"},\"datePublished\":\"2023-08-02T11:43:15+00:00\",\"dateModified\":\"2023-08-02T11:54:56+00:00\",\"author\":{\"@id\":\"https:\/\/www.noticiasradioreflejos.com.ar\/2021\/#\/schema\/person\/ad82545263dcc5ec0996818884fd5fb1\"},\"breadcrumb\":{\"@id\":\"https:\/\/www.noticiasradioreflejos.com.ar\/2021\/en-bahia-blanca-5-intoxicados-con-monoxido-de-carbono-durante-esta-manana\/#breadcrumb\"},\"inLanguage\":\"es\",\"potentialAction\":[{\"@type\":\"ReadAction\",\"target\":[\"https:\/\/www.noticiasradioreflejos.com.ar\/2021\/en-bahia-blanca-5-intoxicados-con-monoxido-de-carbono-durante-esta-manana\/\"]}]},{\"@type\":\"BreadcrumbList\",\"@id\":\"https:\/\/www.noticiasradioreflejos.com.ar\/2021\/en-bahia-blanca-5-intoxicados-con-monoxido-de-carbono-durante-esta-manana\/#breadcrumb\",\"itemListElement\":[{\"@type\":\"ListItem\",\"position\":1,\"name\":\"Portada\",\"item\":\"https:\/\/www.noticiasradioreflejos.com.ar\/2021\/\"},{\"@type\":\"ListItem\",\"position\":2,\"name\":\"En Bah\u00eda Blanca; 5 intoxicados con mon\u00f3xido de carbono durante esta ma\u00f1ana.\"}]},{\"@type\":\"WebSite\",\"@id\":\"https:\/\/www.noticiasradioreflejos.com.ar\/2021\/#website\",\"url\":\"https:\/\/www.noticiasradioreflejos.com.ar\/2021\/\",\"name\":\"Noticias Radio Reflejos\",\"description\":\"Las noticias de mi comarca\",\"potentialAction\":[{\"@type\":\"SearchAction\",\"target\":{\"@type\":\"EntryPoint\",\"urlTemplate\":\"https:\/\/www.noticiasradioreflejos.com.ar\/2021\/?s={search_term_string}\"},\"query-input\":{\"@type\":\"PropertyValueSpecification\",\"valueRequired\":true,\"valueName\":\"search_term_string\"}}],\"inLanguage\":\"es\"},{\"@type\":\"Person\",\"@id\":\"https:\/\/www.noticiasradioreflejos.com.ar\/2021\/#\/schema\/person\/ad82545263dcc5ec0996818884fd5fb1\",\"name\":\"Arnaldo Botto\",\"image\":{\"@type\":\"ImageObject\",\"inLanguage\":\"es\",\"@id\":\"https:\/\/www.noticiasradioreflejos.com.ar\/2021\/#\/schema\/person\/image\/\",\"url\":\"https:\/\/secure.gravatar.com\/avatar\/55cb5e37c1efa326397366e6974cb338056df65cb50e7d64d1cf314e87504837?s=96&d=mm&r=g\",\"contentUrl\":\"https:\/\/secure.gravatar.com\/avatar\/55cb5e37c1efa326397366e6974cb338056df65cb50e7d64d1cf314e87504837?s=96&d=mm&r=g\",\"caption\":\"Arnaldo Botto\"},\"url\":\"https:\/\/www.noticiasradioreflejos.com.ar\/2021\/author\/arnaldo\/\"}]}<\/script>\n<!-- \/ Yoast SEO plugin. -->","yoast_head_json":{"title":"En Bah\u00eda Blanca; 5 intoxicados con mon\u00f3xido de carbono durante esta ma\u00f1ana. - Noticias Radio Reflejos","robots":{"index":"index","follow":"follow","max-snippet":"max-snippet:-1","max-image-preview":"max-image-preview:large","max-video-preview":"max-video-preview:-1"},"canonical":"https:\/\/www.noticiasradioreflejos.com.ar\/2021\/en-bahia-blanca-5-intoxicados-con-monoxido-de-carbono-durante-esta-manana\/","og_locale":"es_ES","og_type":"article","og_title":"En Bah\u00eda Blanca; 5 intoxicados con mon\u00f3xido de carbono durante esta ma\u00f1ana. - Noticias Radio Reflejos","og_description":"Un joven de 21 a\u00f1os fue trasladado al hospital y 4 integrantes de una familia con s\u00edntomas de intoxicaci\u00f3n.","og_url":"https:\/\/www.noticiasradioreflejos.com.ar\/2021\/en-bahia-blanca-5-intoxicados-con-monoxido-de-carbono-durante-esta-manana\/","og_site_name":"Noticias Radio Reflejos","article_published_time":"2023-08-02T11:43:15+00:00","article_modified_time":"2023-08-02T11:54:56+00:00","og_image":[{"width":300,"height":200,"url":"https:\/\/www.noticiasradioreflejos.com.ar\/2021\/wp-content\/uploads\/2021\/07\/logosol300x200.png","type":"image\/png"}],"author":"Arnaldo Botto","twitter_card":"summary_large_image","schema":{"@context":"https:\/\/schema.org","@graph":[{"@type":"WebPage","@id":"https:\/\/www.noticiasradioreflejos.com.ar\/2021\/en-bahia-blanca-5-intoxicados-con-monoxido-de-carbono-durante-esta-manana\/","url":"https:\/\/www.noticiasradioreflejos.com.ar\/2021\/en-bahia-blanca-5-intoxicados-con-monoxido-de-carbono-durante-esta-manana\/","name":"En Bah\u00eda Blanca; 5 intoxicados con mon\u00f3xido de carbono durante esta ma\u00f1ana. - Noticias Radio Reflejos","isPartOf":{"@id":"https:\/\/www.noticiasradioreflejos.com.ar\/2021\/#website"},"datePublished":"2023-08-02T11:43:15+00:00","dateModified":"2023-08-02T11:54:56+00:00","author":{"@id":"https:\/\/www.noticiasradioreflejos.com.ar\/2021\/#\/schema\/person\/ad82545263dcc5ec0996818884fd5fb1"},"breadcrumb":{"@id":"https:\/\/www.noticiasradioreflejos.com.ar\/2021\/en-bahia-blanca-5-intoxicados-con-monoxido-de-carbono-durante-esta-manana\/#breadcrumb"},"inLanguage":"es","potentialAction":[{"@type":"ReadAction","target":["https:\/\/www.noticiasradioreflejos.com.ar\/2021\/en-bahia-blanca-5-intoxicados-con-monoxido-de-carbono-durante-esta-manana\/"]}]},{"@type":"BreadcrumbList","@id":"https:\/\/www.noticiasradioreflejos.com.ar\/2021\/en-bahia-blanca-5-intoxicados-con-monoxido-de-carbono-durante-esta-manana\/#breadcrumb","itemListElement":[{"@type":"ListItem","position":1,"name":"Portada","item":"https:\/\/www.noticiasradioreflejos.com.ar\/2021\/"},{"@type":"ListItem","position":2,"name":"En Bah\u00eda Blanca; 5 intoxicados con mon\u00f3xido de carbono durante esta ma\u00f1ana."}]},{"@type":"WebSite","@id":"https:\/\/www.noticiasradioreflejos.com.ar\/2021\/#website","url":"https:\/\/www.noticiasradioreflejos.com.ar\/2021\/","name":"Noticias Radio Reflejos","description":"Las noticias de mi comarca","potentialAction":[{"@type":"SearchAction","target":{"@type":"EntryPoint","urlTemplate":"https:\/\/www.noticiasradioreflejos.com.ar\/2021\/?s={search_term_string}"},"query-input":{"@type":"PropertyValueSpecification","valueRequired":true,"valueName":"search_term_string"}}],"inLanguage":"es"},{"@type":"Person","@id":"https:\/\/www.noticiasradioreflejos.com.ar\/2021\/#\/schema\/person\/ad82545263dcc5ec0996818884fd5fb1","name":"Arnaldo Botto","image":{"@type":"ImageObject","inLanguage":"es","@id":"https:\/\/www.noticiasradioreflejos.com.ar\/2021\/#\/schema\/person\/image\/","url":"https:\/\/secure.gravatar.com\/avatar\/55cb5e37c1efa326397366e6974cb338056df65cb50e7d64d1cf314e87504837?s=96&d=mm&r=g","contentUrl":"https:\/\/secure.gravatar.com\/avatar\/55cb5e37c1efa326397366e6974cb338056df65cb50e7d64d1cf314e87504837?s=96&d=mm&r=g","caption":"Arnaldo Botto"},"url":"https:\/\/www.noticiasradioreflejos.com.ar\/2021\/author\/arnaldo\/"}]}},"_links":{"self":[{"href":"https:\/\/www.noticiasradioreflejos.com.ar\/2021\/wp-json\/wp\/v2\/posts\/91139","targetHints":{"allow":["GET"]}}],"collection":[{"href":"https:\/\/www.noticiasradioreflejos.com.ar\/2021\/wp-json\/wp\/v2\/posts"}],"about":[{"href":"https:\/\/www.noticiasradioreflejos.com.ar\/2021\/wp-json\/wp\/v2\/types\/post"}],"author":[{"embeddable":true,"href":"https:\/\/www.noticiasradioreflejos.com.ar\/2021\/wp-json\/wp\/v2\/users\/3"}],"replies":[{"embeddable":true,"href":"https:\/\/www.noticiasradioreflejos.com.ar\/2021\/wp-json\/wp\/v2\/comments?post=91139"}],"version-history":[{"count":2,"href":"https:\/\/www.noticiasradioreflejos.com.ar\/2021\/wp-json\/wp\/v2\/posts\/91139\/revisions"}],"predecessor-version":[{"id":91142,"href":"https:\/\/www.noticiasradioreflejos.com.ar\/2021\/wp-json\/wp\/v2\/posts\/91139\/revisions\/91142"}],"wp:attachment":[{"href":"https:\/\/www.noticiasradioreflejos.com.ar\/2021\/wp-json\/wp\/v2\/media?parent=91139"}],"wp:term":[{"taxonomy":"category","embeddable":true,"href":"https:\/\/www.noticiasradioreflejos.com.ar\/2021\/wp-json\/wp\/v2\/categories?post=91139"},{"taxonomy":"post_tag","embeddable":true,"href":"https:\/\/www.noticiasradioreflejos.com.ar\/2021\/wp-json\/wp\/v2\/tags?post=91139"}],"curies":[{"name":"wp","href":"https:\/\/api.w.org\/{rel}","templated":true}]}}