{"id":91136,"date":"2023-08-02T10:58:41","date_gmt":"2023-08-02T10:58:41","guid":{"rendered":"https:\/\/www.noticiasradioreflejos.com.ar\/2021\/?p=91136"},"modified":"2023-08-02T10:58:41","modified_gmt":"2023-08-02T10:58:41","slug":"informe-sobre-situaciones-de-violencia-por-razones-de-genero-registradas-en-el-distrito-hasta-julio-2023","status":"publish","type":"post","link":"https:\/\/www.noticiasradioreflejos.com.ar\/2021\/informe-sobre-situaciones-de-violencia-por-razones-de-genero-registradas-en-el-distrito-hasta-julio-2023\/","title":{"rendered":"Informe sobre Situaciones de Violencia por Razones de G\u00e9nero registradas en el distrito hasta julio 2023"},"content":{"rendered":"<p>El \u00e1rea municipal de Violencia por Razones de G\u00e9nero (VPRG), da a conocer los datos estad\u00edsticos de enero 2022 hasta julio 2023 del distrito de Tornquist. En el periodo mencionado, han ingresado 150 nuevas situaciones de violencia por razones de g\u00e9nero que fueron registradas en las oficinas de Tornquist y Sierra de la Ventana.<!--more--><\/p>\n<p><a data-flickr-embed=\"true\" data-footer=\"true\" href=\"https:\/\/www.flickr.com\/photos\/182279889@N02\/53088410646\/in\/dateposted-public\/\" title=\"Estad\u00edsticas julio23 - Estad\u00edsticas mayo7\"><img loading=\"lazy\" decoding=\"async\" src=\"https:\/\/live.staticflickr.com\/65535\/53088410646_5beb359533_c.jpg\" width=\"800\" height=\"800\" alt=\"Estad\u00edsticas julio23 - Estad\u00edsticas mayo7\"\/><\/a><script async src=\"\/\/embedr.flickr.com\/assets\/client-code.js\" charset=\"utf-8\"><\/script><\/p>\n<p>Si bien la cantidad de casos que van ingresando est\u00e1 atada a la densidad poblacional de cada localidad del distrito, la \u00fanica ciudad que registr\u00f3 ingresos durante el mes de julio fue Tornquist.<br \/>\nSe registraron, principalmente, situaciones de violencia psicol\u00f3gica, violencia f\u00edsica y simb\u00f3lica.<br \/>\nLas violencias registradas tomaron lugar, mayormente, en el \u00e1mbito dom\u00e9stico. Tambi\u00e9n, se registraron situaciones de VPRG en el \u00e1mbito laboral, en los medios de comunicaci\u00f3n y en los espacios p\u00fablicos.<br \/>\nEl mayor porcentaje de Personas que Ejercen Agresi\u00f3n (PeA) est\u00e1 ocupado por la ex pareja y la pareja actual. Sin embargo, puede considerarse PeA cualquier persona que, en una relaci\u00f3n desigual de poder, ejerce violencia hacia una mujer o una persona LGBTIQ+ por motivos de g\u00e9nero en cualquier \u00e1mbito.<\/p>\n<p><a data-flickr-embed=\"true\" data-footer=\"true\" href=\"https:\/\/www.flickr.com\/photos\/182279889@N02\/53087842812\/in\/dateposted-public\/\" title=\"Estad\u00edsticas julio23 - Estad\u00edsticas mayo6\"><img loading=\"lazy\" decoding=\"async\" src=\"https:\/\/live.staticflickr.com\/65535\/53087842812_6e11c3d06d_c.jpg\" width=\"800\" height=\"800\" alt=\"Estad\u00edsticas julio23 - Estad\u00edsticas mayo6\"\/><\/a><script async src=\"\/\/embedr.flickr.com\/assets\/client-code.js\" charset=\"utf-8\"><\/script><\/p>\n<p>De las personas agresoras registradas, el 34 % son reincidentes. Esto significa que tienen antecedentes de violencia de g\u00e9nero con otras mujeres o con la misma mujer.<br \/>\nEl 84 % de las situaciones ingresadas en las oficinas cuenta con denuncia formal radicada en Comisar\u00eda de la Mujer y Familia de Tornquist. Cabe destacar que las situaciones deviolencia no denunciadas son abordadas de igual manera que las que s\u00ed.<br \/>\nEs necesario aclarar que existen muchas otras situaciones que est\u00e1n siendo abordadas por ambos equipos interdisciplinarios, pero las mismas han ingresado en a\u00f1os anteriores y no est\u00e1n comprendidas dentro de estas estad\u00edsticas. Hay m\u00e1s de 230 mujeres que est\u00e1n siendo acompa\u00f1adas por los equipos desde que se inauguraron las oficinas.<br \/>\nQue estos n\u00fameros crezcan, no significa que haya \u201cm\u00e1s violencia\u201d, sino que hay muchas m\u00e1s situaciones de violencia que se han podido registrar y, por lo tanto, intervenir.<br \/>\nSi sufr\u00eds violencia por razones de g\u00e9nero o conoces a alguna persona que est\u00e9 en esta situaci\u00f3n, podes comunicarte con nuestro equipo para que te asesoremos sobre qu\u00e9 pod\u00e9s hacer.<br \/>\nTornquist y todo el distrito:<br \/>\nVentura Picado 111, Tornquist<br \/>\nHorario de atenci\u00f3n: 7 a 12hs<br \/>\nTel. 2915759320<br \/>\nSierra de la Ventana y Saldungaray:<br \/>\nRoca 145, Sierra de la Ventana<br \/>\nHorario de atenci\u00f3n: 13 a 18hs<br \/>\nTel. 2915759315<\/p>\n<p><a data-flickr-embed=\"true\" data-footer=\"true\" href=\"https:\/\/www.flickr.com\/photos\/182279889@N02\/53088900033\/in\/dateposted-public\/\" title=\"Estad\u00edsticas julio23 - Estad\u00edsticas mayo5\"><img loading=\"lazy\" decoding=\"async\" src=\"https:\/\/live.staticflickr.com\/65535\/53088900033_7c8b0a7d18_c.jpg\" width=\"800\" height=\"800\" alt=\"Estad\u00edsticas julio23 - Estad\u00edsticas mayo5\"\/><\/a><script async src=\"\/\/embedr.flickr.com\/assets\/client-code.js\" charset=\"utf-8\"><\/script><\/p>\n<p><a data-flickr-embed=\"true\" data-footer=\"true\" href=\"https:\/\/www.flickr.com\/photos\/182279889@N02\/53088810095\/in\/dateposted-public\/\" title=\"Estad\u00edsticas julio23 - Estad\u00edsticas mayo4\"><img loading=\"lazy\" decoding=\"async\" src=\"https:\/\/live.staticflickr.com\/65535\/53088810095_1cd9dcff30_c.jpg\" width=\"800\" height=\"800\" alt=\"Estad\u00edsticas julio23 - Estad\u00edsticas mayo4\"\/><\/a><script async src=\"\/\/embedr.flickr.com\/assets\/client-code.js\" charset=\"utf-8\"><\/script><\/p>\n<p><a data-flickr-embed=\"true\" data-footer=\"true\" href=\"https:\/\/www.flickr.com\/photos\/182279889@N02\/53088410671\/in\/dateposted-public\/\" title=\"Estad\u00edsticas julio23 - Estad\u00edsticas mayo3\"><img loading=\"lazy\" decoding=\"async\" src=\"https:\/\/live.staticflickr.com\/65535\/53088410671_0f80bdc14e_c.jpg\" width=\"800\" height=\"800\" alt=\"Estad\u00edsticas julio23 - Estad\u00edsticas mayo3\"\/><\/a><script async src=\"\/\/embedr.flickr.com\/assets\/client-code.js\" charset=\"utf-8\"><\/script><\/p>\n<p><a data-flickr-embed=\"true\" data-footer=\"true\" href=\"https:\/\/www.flickr.com\/photos\/182279889@N02\/53088900063\/in\/dateposted-public\/\" title=\"Estad\u00edsticas julio23 - Estad\u00edsticas mayo2\"><img loading=\"lazy\" decoding=\"async\" src=\"https:\/\/live.staticflickr.com\/65535\/53088900063_dbb80b4c0e_c.jpg\" width=\"800\" height=\"800\" alt=\"Estad\u00edsticas julio23 - Estad\u00edsticas mayo2\"\/><\/a><script async src=\"\/\/embedr.flickr.com\/assets\/client-code.js\" charset=\"utf-8\"><\/script><\/p>\n","protected":false},"excerpt":{"rendered":"<p>El \u00e1rea municipal de Violencia por Razones de G\u00e9nero (VPRG), da a conocer los datos estad\u00edsticos de enero 2022 hasta julio 2023 del distrito de Tornquist. En el periodo mencionado, han ingresado 150 nuevas situaciones de violencia por razones de g\u00e9nero que fueron registradas en las oficinas de Tornquist y Sierra de la Ventana.<\/p>\n","protected":false},"author":3,"featured_media":0,"comment_status":"closed","ping_status":"closed","sticky":false,"template":"","format":"standard","meta":{"footnotes":""},"categories":[1],"tags":[],"class_list":["post-91136","post","type-post","status-publish","format-standard","hentry","category-sin-categoria"],"yoast_head":"<!-- This site is optimized with the Yoast SEO plugin v25.9 - https:\/\/yoast.com\/wordpress\/plugins\/seo\/ -->\n<title>Informe sobre Situaciones de Violencia por Razones de G\u00e9nero registradas en el distrito hasta julio 2023 - Noticias Radio Reflejos<\/title>\n<meta name=\"robots\" content=\"index, follow, max-snippet:-1, max-image-preview:large, max-video-preview:-1\" \/>\n<link rel=\"canonical\" href=\"https:\/\/www.noticiasradioreflejos.com.ar\/2021\/informe-sobre-situaciones-de-violencia-por-razones-de-genero-registradas-en-el-distrito-hasta-julio-2023\/\" \/>\n<meta property=\"og:locale\" content=\"es_ES\" \/>\n<meta property=\"og:type\" content=\"article\" \/>\n<meta property=\"og:title\" content=\"Informe sobre Situaciones de Violencia por Razones de G\u00e9nero registradas en el distrito hasta julio 2023 - Noticias Radio Reflejos\" \/>\n<meta property=\"og:description\" content=\"El \u00e1rea municipal de Violencia por Razones de G\u00e9nero (VPRG), da a conocer los datos estad\u00edsticos de enero 2022 hasta julio 2023 del distrito de Tornquist. En el periodo mencionado, han ingresado 150 nuevas situaciones de violencia por razones de g\u00e9nero que fueron registradas en las oficinas de Tornquist y Sierra de la Ventana.\" \/>\n<meta property=\"og:url\" content=\"https:\/\/www.noticiasradioreflejos.com.ar\/2021\/informe-sobre-situaciones-de-violencia-por-razones-de-genero-registradas-en-el-distrito-hasta-julio-2023\/\" \/>\n<meta property=\"og:site_name\" content=\"Noticias Radio Reflejos\" \/>\n<meta property=\"article:published_time\" content=\"2023-08-02T10:58:41+00:00\" \/>\n<meta property=\"og:image\" content=\"https:\/\/live.staticflickr.com\/65535\/53088410646_5beb359533_c.jpg\" \/>\n<meta name=\"author\" content=\"Arnaldo Botto\" \/>\n<meta name=\"twitter:card\" content=\"summary_large_image\" \/>\n<script type=\"application\/ld+json\" class=\"yoast-schema-graph\">{\"@context\":\"https:\/\/schema.org\",\"@graph\":[{\"@type\":\"WebPage\",\"@id\":\"https:\/\/www.noticiasradioreflejos.com.ar\/2021\/informe-sobre-situaciones-de-violencia-por-razones-de-genero-registradas-en-el-distrito-hasta-julio-2023\/\",\"url\":\"https:\/\/www.noticiasradioreflejos.com.ar\/2021\/informe-sobre-situaciones-de-violencia-por-razones-de-genero-registradas-en-el-distrito-hasta-julio-2023\/\",\"name\":\"Informe sobre Situaciones de Violencia por Razones de G\u00e9nero registradas en el distrito hasta julio 2023 - Noticias Radio Reflejos\",\"isPartOf\":{\"@id\":\"https:\/\/www.noticiasradioreflejos.com.ar\/2021\/#website\"},\"primaryImageOfPage\":{\"@id\":\"https:\/\/www.noticiasradioreflejos.com.ar\/2021\/informe-sobre-situaciones-de-violencia-por-razones-de-genero-registradas-en-el-distrito-hasta-julio-2023\/#primaryimage\"},\"image\":{\"@id\":\"https:\/\/www.noticiasradioreflejos.com.ar\/2021\/informe-sobre-situaciones-de-violencia-por-razones-de-genero-registradas-en-el-distrito-hasta-julio-2023\/#primaryimage\"},\"thumbnailUrl\":\"https:\/\/live.staticflickr.com\/65535\/53088410646_5beb359533_c.jpg\",\"datePublished\":\"2023-08-02T10:58:41+00:00\",\"author\":{\"@id\":\"https:\/\/www.noticiasradioreflejos.com.ar\/2021\/#\/schema\/person\/ad82545263dcc5ec0996818884fd5fb1\"},\"breadcrumb\":{\"@id\":\"https:\/\/www.noticiasradioreflejos.com.ar\/2021\/informe-sobre-situaciones-de-violencia-por-razones-de-genero-registradas-en-el-distrito-hasta-julio-2023\/#breadcrumb\"},\"inLanguage\":\"es\",\"potentialAction\":[{\"@type\":\"ReadAction\",\"target\":[\"https:\/\/www.noticiasradioreflejos.com.ar\/2021\/informe-sobre-situaciones-de-violencia-por-razones-de-genero-registradas-en-el-distrito-hasta-julio-2023\/\"]}]},{\"@type\":\"ImageObject\",\"inLanguage\":\"es\",\"@id\":\"https:\/\/www.noticiasradioreflejos.com.ar\/2021\/informe-sobre-situaciones-de-violencia-por-razones-de-genero-registradas-en-el-distrito-hasta-julio-2023\/#primaryimage\",\"url\":\"https:\/\/live.staticflickr.com\/65535\/53088410646_5beb359533_c.jpg\",\"contentUrl\":\"https:\/\/live.staticflickr.com\/65535\/53088410646_5beb359533_c.jpg\"},{\"@type\":\"BreadcrumbList\",\"@id\":\"https:\/\/www.noticiasradioreflejos.com.ar\/2021\/informe-sobre-situaciones-de-violencia-por-razones-de-genero-registradas-en-el-distrito-hasta-julio-2023\/#breadcrumb\",\"itemListElement\":[{\"@type\":\"ListItem\",\"position\":1,\"name\":\"Portada\",\"item\":\"https:\/\/www.noticiasradioreflejos.com.ar\/2021\/\"},{\"@type\":\"ListItem\",\"position\":2,\"name\":\"Informe sobre Situaciones de Violencia por Razones de G\u00e9nero registradas en el distrito hasta julio 2023\"}]},{\"@type\":\"WebSite\",\"@id\":\"https:\/\/www.noticiasradioreflejos.com.ar\/2021\/#website\",\"url\":\"https:\/\/www.noticiasradioreflejos.com.ar\/2021\/\",\"name\":\"Noticias Radio Reflejos\",\"description\":\"Las noticias de mi comarca\",\"potentialAction\":[{\"@type\":\"SearchAction\",\"target\":{\"@type\":\"EntryPoint\",\"urlTemplate\":\"https:\/\/www.noticiasradioreflejos.com.ar\/2021\/?s={search_term_string}\"},\"query-input\":{\"@type\":\"PropertyValueSpecification\",\"valueRequired\":true,\"valueName\":\"search_term_string\"}}],\"inLanguage\":\"es\"},{\"@type\":\"Person\",\"@id\":\"https:\/\/www.noticiasradioreflejos.com.ar\/2021\/#\/schema\/person\/ad82545263dcc5ec0996818884fd5fb1\",\"name\":\"Arnaldo Botto\",\"image\":{\"@type\":\"ImageObject\",\"inLanguage\":\"es\",\"@id\":\"https:\/\/www.noticiasradioreflejos.com.ar\/2021\/#\/schema\/person\/image\/\",\"url\":\"https:\/\/secure.gravatar.com\/avatar\/55cb5e37c1efa326397366e6974cb338056df65cb50e7d64d1cf314e87504837?s=96&d=mm&r=g\",\"contentUrl\":\"https:\/\/secure.gravatar.com\/avatar\/55cb5e37c1efa326397366e6974cb338056df65cb50e7d64d1cf314e87504837?s=96&d=mm&r=g\",\"caption\":\"Arnaldo Botto\"},\"url\":\"https:\/\/www.noticiasradioreflejos.com.ar\/2021\/author\/arnaldo\/\"}]}<\/script>\n<!-- \/ Yoast SEO plugin. -->","yoast_head_json":{"title":"Informe sobre Situaciones de Violencia por Razones de G\u00e9nero registradas en el distrito hasta julio 2023 - Noticias Radio Reflejos","robots":{"index":"index","follow":"follow","max-snippet":"max-snippet:-1","max-image-preview":"max-image-preview:large","max-video-preview":"max-video-preview:-1"},"canonical":"https:\/\/www.noticiasradioreflejos.com.ar\/2021\/informe-sobre-situaciones-de-violencia-por-razones-de-genero-registradas-en-el-distrito-hasta-julio-2023\/","og_locale":"es_ES","og_type":"article","og_title":"Informe sobre Situaciones de Violencia por Razones de G\u00e9nero registradas en el distrito hasta julio 2023 - Noticias Radio Reflejos","og_description":"El \u00e1rea municipal de Violencia por Razones de G\u00e9nero (VPRG), da a conocer los datos estad\u00edsticos de enero 2022 hasta julio 2023 del distrito de Tornquist. En el periodo mencionado, han ingresado 150 nuevas situaciones de violencia por razones de g\u00e9nero que fueron registradas en las oficinas de Tornquist y Sierra de la Ventana.","og_url":"https:\/\/www.noticiasradioreflejos.com.ar\/2021\/informe-sobre-situaciones-de-violencia-por-razones-de-genero-registradas-en-el-distrito-hasta-julio-2023\/","og_site_name":"Noticias Radio Reflejos","article_published_time":"2023-08-02T10:58:41+00:00","og_image":[{"url":"https:\/\/live.staticflickr.com\/65535\/53088410646_5beb359533_c.jpg","type":"","width":"","height":""}],"author":"Arnaldo Botto","twitter_card":"summary_large_image","schema":{"@context":"https:\/\/schema.org","@graph":[{"@type":"WebPage","@id":"https:\/\/www.noticiasradioreflejos.com.ar\/2021\/informe-sobre-situaciones-de-violencia-por-razones-de-genero-registradas-en-el-distrito-hasta-julio-2023\/","url":"https:\/\/www.noticiasradioreflejos.com.ar\/2021\/informe-sobre-situaciones-de-violencia-por-razones-de-genero-registradas-en-el-distrito-hasta-julio-2023\/","name":"Informe sobre Situaciones de Violencia por Razones de G\u00e9nero registradas en el distrito hasta julio 2023 - Noticias Radio Reflejos","isPartOf":{"@id":"https:\/\/www.noticiasradioreflejos.com.ar\/2021\/#website"},"primaryImageOfPage":{"@id":"https:\/\/www.noticiasradioreflejos.com.ar\/2021\/informe-sobre-situaciones-de-violencia-por-razones-de-genero-registradas-en-el-distrito-hasta-julio-2023\/#primaryimage"},"image":{"@id":"https:\/\/www.noticiasradioreflejos.com.ar\/2021\/informe-sobre-situaciones-de-violencia-por-razones-de-genero-registradas-en-el-distrito-hasta-julio-2023\/#primaryimage"},"thumbnailUrl":"https:\/\/live.staticflickr.com\/65535\/53088410646_5beb359533_c.jpg","datePublished":"2023-08-02T10:58:41+00:00","author":{"@id":"https:\/\/www.noticiasradioreflejos.com.ar\/2021\/#\/schema\/person\/ad82545263dcc5ec0996818884fd5fb1"},"breadcrumb":{"@id":"https:\/\/www.noticiasradioreflejos.com.ar\/2021\/informe-sobre-situaciones-de-violencia-por-razones-de-genero-registradas-en-el-distrito-hasta-julio-2023\/#breadcrumb"},"inLanguage":"es","potentialAction":[{"@type":"ReadAction","target":["https:\/\/www.noticiasradioreflejos.com.ar\/2021\/informe-sobre-situaciones-de-violencia-por-razones-de-genero-registradas-en-el-distrito-hasta-julio-2023\/"]}]},{"@type":"ImageObject","inLanguage":"es","@id":"https:\/\/www.noticiasradioreflejos.com.ar\/2021\/informe-sobre-situaciones-de-violencia-por-razones-de-genero-registradas-en-el-distrito-hasta-julio-2023\/#primaryimage","url":"https:\/\/live.staticflickr.com\/65535\/53088410646_5beb359533_c.jpg","contentUrl":"https:\/\/live.staticflickr.com\/65535\/53088410646_5beb359533_c.jpg"},{"@type":"BreadcrumbList","@id":"https:\/\/www.noticiasradioreflejos.com.ar\/2021\/informe-sobre-situaciones-de-violencia-por-razones-de-genero-registradas-en-el-distrito-hasta-julio-2023\/#breadcrumb","itemListElement":[{"@type":"ListItem","position":1,"name":"Portada","item":"https:\/\/www.noticiasradioreflejos.com.ar\/2021\/"},{"@type":"ListItem","position":2,"name":"Informe sobre Situaciones de Violencia por Razones de G\u00e9nero registradas en el distrito hasta julio 2023"}]},{"@type":"WebSite","@id":"https:\/\/www.noticiasradioreflejos.com.ar\/2021\/#website","url":"https:\/\/www.noticiasradioreflejos.com.ar\/2021\/","name":"Noticias Radio Reflejos","description":"Las noticias de mi comarca","potentialAction":[{"@type":"SearchAction","target":{"@type":"EntryPoint","urlTemplate":"https:\/\/www.noticiasradioreflejos.com.ar\/2021\/?s={search_term_string}"},"query-input":{"@type":"PropertyValueSpecification","valueRequired":true,"valueName":"search_term_string"}}],"inLanguage":"es"},{"@type":"Person","@id":"https:\/\/www.noticiasradioreflejos.com.ar\/2021\/#\/schema\/person\/ad82545263dcc5ec0996818884fd5fb1","name":"Arnaldo Botto","image":{"@type":"ImageObject","inLanguage":"es","@id":"https:\/\/www.noticiasradioreflejos.com.ar\/2021\/#\/schema\/person\/image\/","url":"https:\/\/secure.gravatar.com\/avatar\/55cb5e37c1efa326397366e6974cb338056df65cb50e7d64d1cf314e87504837?s=96&d=mm&r=g","contentUrl":"https:\/\/secure.gravatar.com\/avatar\/55cb5e37c1efa326397366e6974cb338056df65cb50e7d64d1cf314e87504837?s=96&d=mm&r=g","caption":"Arnaldo Botto"},"url":"https:\/\/www.noticiasradioreflejos.com.ar\/2021\/author\/arnaldo\/"}]}},"_links":{"self":[{"href":"https:\/\/www.noticiasradioreflejos.com.ar\/2021\/wp-json\/wp\/v2\/posts\/91136","targetHints":{"allow":["GET"]}}],"collection":[{"href":"https:\/\/www.noticiasradioreflejos.com.ar\/2021\/wp-json\/wp\/v2\/posts"}],"about":[{"href":"https:\/\/www.noticiasradioreflejos.com.ar\/2021\/wp-json\/wp\/v2\/types\/post"}],"author":[{"embeddable":true,"href":"https:\/\/www.noticiasradioreflejos.com.ar\/2021\/wp-json\/wp\/v2\/users\/3"}],"replies":[{"embeddable":true,"href":"https:\/\/www.noticiasradioreflejos.com.ar\/2021\/wp-json\/wp\/v2\/comments?post=91136"}],"version-history":[{"count":1,"href":"https:\/\/www.noticiasradioreflejos.com.ar\/2021\/wp-json\/wp\/v2\/posts\/91136\/revisions"}],"predecessor-version":[{"id":91138,"href":"https:\/\/www.noticiasradioreflejos.com.ar\/2021\/wp-json\/wp\/v2\/posts\/91136\/revisions\/91138"}],"wp:attachment":[{"href":"https:\/\/www.noticiasradioreflejos.com.ar\/2021\/wp-json\/wp\/v2\/media?parent=91136"}],"wp:term":[{"taxonomy":"category","embeddable":true,"href":"https:\/\/www.noticiasradioreflejos.com.ar\/2021\/wp-json\/wp\/v2\/categories?post=91136"},{"taxonomy":"post_tag","embeddable":true,"href":"https:\/\/www.noticiasradioreflejos.com.ar\/2021\/wp-json\/wp\/v2\/tags?post=91136"}],"curies":[{"name":"wp","href":"https:\/\/api.w.org\/{rel}","templated":true}]}}