{"id":91059,"date":"2023-07-31T20:16:04","date_gmt":"2023-07-31T20:16:04","guid":{"rendered":"https:\/\/www.noticiasradioreflejos.com.ar\/2021\/?p=91059"},"modified":"2023-07-31T20:16:25","modified_gmt":"2023-07-31T20:16:25","slug":"leonardo-davis-hicimos-lo-que-consideramos-que-habia-que-hacer","status":"publish","type":"post","link":"https:\/\/www.noticiasradioreflejos.com.ar\/2021\/leonardo-davis-hicimos-lo-que-consideramos-que-habia-que-hacer\/","title":{"rendered":"Leonardo Davis: \u201cHicimos lo que consideramos que hab\u00eda que hacer\u201d"},"content":{"rendered":"<p>El precandidato a Intendente de Juntos por el Cambio analiz\u00f3 los pasos dados y lo que har\u00e1n en campa\u00f1a los venideros d\u00edas. Al mismo tiempo present\u00f3 a su candidata a concejal por<strong> Saldungaray, Viviana Degreef.<\/strong><!--more--><\/p>\n<p>La campa\u00f1a de cara a las PASO ingres\u00f3 en sus dos semanas finales. Todos los candidatos se encuentran haciendo sus ajustes finales, y en ese fren\u00e9tico cierre seguir dando a conocer sus propuestas es imperioso.<\/p>\n<p>Por tal motivo esta ma\u00f1ana Leonardo Davis reconoci\u00f3 que \u201cestamos esperando las boletas, estamos esperando visitar alguna localidad que nos falta, con el grueso del equipo, para mostrarnos como la unidad que estamos siendo. Tenemos pactadas visitas entre semanas. Disfrut\u00e1ndolo mucho, porque hicimos lo que consideramos que hab\u00eda que hacer\u201d.<\/p>\n<p>El precandidato a intendente por Juntos por el Cambio coment\u00f3 que \u201cen los pr\u00f3ximos d\u00edas visitaremos San Andr\u00e9s, Villa, Chasic\u00f3\u2026 en Sandulga estamos viendo que hueco nos queda, y en Tornquist tenemos el local en la Avenida Tornquist 156, frente a la farmacia\u201d.<\/p>\n<p>En otro pasaje de la charla aprovech\u00f3 a dar a conocer un poco m\u00e1s a una de sus ediles, Viviana Degreef.<\/p>\n<p><a title=\"leo davis, viviana degreef\" href=\"https:\/\/www.flickr.com\/photos\/182279889@N02\/53085244993\/in\/dateposted-public\/\" data-flickr-embed=\"true\" data-footer=\"true\"><img loading=\"lazy\" decoding=\"async\" src=\"https:\/\/live.staticflickr.com\/65535\/53085244993_e471ccaea5_c.jpg\" alt=\"leo davis, viviana degreef\" width=\"800\" height=\"471\" \/><\/a><\/p>\n<p>&nbsp;<\/p>\n<p>Al momento de hacer uso de la palabra, la aspirante a concejal se\u00f1al\u00f3 que \u201chace 20 a\u00f1os estoy radicada en Saldungaray. Soy docente de secundaria, doy biolog\u00eda, f\u00edsico qu\u00edmica y ciencias naturales. Vivo exclusivamente de la docencia. Amo mi trabajo. Es una carrera que eleg\u00ed y abrazo todos los d\u00edas, m\u00e1s all\u00e1 de las complicaciones que hoy tiene el sistema educativo\u201d.<\/p>\n<p>Y analizando la situaci\u00f3n educativa vivida en pandemia, asegur\u00f3 que \u201ccost\u00f3 mucho remontar lo presencial. No fue lo mismo. Nos tuvimos que amoldar a la situaci\u00f3n. No s\u00e9 si puedo fundamentar s\u00ed estuvo bien o no cortar lo presencial, pero ahora uno lo piensa desde otro punto de vista\u201d.<\/p>\n<p>Por \u00faltimo y mirando d\u00f3nde se encuentra parada, Viviana sostuvo que \u201cs\u00e9 que me falta mucho, que no es f\u00e1cil. Que hay gente que est\u00e1 hace muchos a\u00f1os y se maneja de otra manera, para m\u00ed es todo nuevo. En un principio no me quise involucrar demasiado, dije que lo iba a pensar, pero luego dije, por qu\u00e9 no me voy a involucrar para cambiar esta realidad\u201d.<\/p>\n<p><iframe loading=\"lazy\" src=\"https:\/\/w.soundcloud.com\/player\/?url=https%3A\/\/api.soundcloud.com\/tracks\/1579064867&amp;color=%23ff5500&amp;auto_play=false&amp;hide_related=false&amp;show_comments=true&amp;show_user=true&amp;show_reposts=false&amp;show_teaser=true\" width=\"100%\" height=\"166\" frameborder=\"no\" scrolling=\"no\"><\/iframe><\/p>\n<div style=\"font-size: 10px; color: #cccccc; line-break: anywhere; word-break: normal; overflow: hidden; white-space: nowrap; text-overflow: ellipsis; font-family: Interstate,Lucida Grande,Lucida Sans Unicode,Lucida Sans,Garuda,Verdana,Tahoma,sans-serif; font-weight: 100;\"><a style=\"color: #cccccc; text-decoration: none;\" title=\"fmreflejos 103.7\" href=\"https:\/\/soundcloud.com\/fmreflejos-103-7\" target=\"_blank\" rel=\"noopener\">fmreflejos 103.7<\/a> \u00b7 <a style=\"color: #cccccc; text-decoration: none;\" title=\"Leonardo Davis Viviana Degreef\" href=\"https:\/\/soundcloud.com\/fmreflejos-103-7\/leonardo-davis-viviana-degreef\" target=\"_blank\" rel=\"noopener\">Leonardo Davis Viviana Degreef<\/a><\/div>\n<p>&nbsp;<\/p>\n","protected":false},"excerpt":{"rendered":"<p>El precandidato a Intendente de Juntos por el Cambio analiz\u00f3 los pasos dados y lo que har\u00e1n en campa\u00f1a los venideros d\u00edas. Al mismo tiempo present\u00f3 a su candidata a concejal por Saldungaray, Viviana Degreef.<\/p>\n","protected":false},"author":3,"featured_media":91071,"comment_status":"closed","ping_status":"closed","sticky":false,"template":"","format":"standard","meta":{"footnotes":""},"categories":[24],"tags":[48],"class_list":["post-91059","post","type-post","status-publish","format-standard","has-post-thumbnail","hentry","category-politica","tag-destacada"],"yoast_head":"<!-- This site is optimized with the Yoast SEO plugin v25.9 - https:\/\/yoast.com\/wordpress\/plugins\/seo\/ -->\n<title>Leonardo Davis: \u201cHicimos lo que consideramos que hab\u00eda que hacer\u201d - Noticias Radio Reflejos<\/title>\n<meta name=\"robots\" content=\"index, follow, max-snippet:-1, max-image-preview:large, max-video-preview:-1\" \/>\n<link rel=\"canonical\" href=\"https:\/\/www.noticiasradioreflejos.com.ar\/2021\/leonardo-davis-hicimos-lo-que-consideramos-que-habia-que-hacer\/\" \/>\n<meta property=\"og:locale\" content=\"es_ES\" \/>\n<meta property=\"og:type\" content=\"article\" \/>\n<meta property=\"og:title\" content=\"Leonardo Davis: \u201cHicimos lo que consideramos que hab\u00eda que hacer\u201d - Noticias Radio Reflejos\" \/>\n<meta property=\"og:description\" content=\"El precandidato a Intendente de Juntos por el Cambio analiz\u00f3 los pasos dados y lo que har\u00e1n en campa\u00f1a los venideros d\u00edas. Al mismo tiempo present\u00f3 a su candidata a concejal por Saldungaray, Viviana Degreef.\" \/>\n<meta property=\"og:url\" content=\"https:\/\/www.noticiasradioreflejos.com.ar\/2021\/leonardo-davis-hicimos-lo-que-consideramos-que-habia-que-hacer\/\" \/>\n<meta property=\"og:site_name\" content=\"Noticias Radio Reflejos\" \/>\n<meta property=\"article:published_time\" content=\"2023-07-31T20:16:04+00:00\" \/>\n<meta property=\"article:modified_time\" content=\"2023-07-31T20:16:25+00:00\" \/>\n<meta property=\"og:image\" content=\"https:\/\/www.noticiasradioreflejos.com.ar\/2021\/wp-content\/uploads\/2023\/07\/358124276_24282608271338406_962421918387107414_n.jpg\" \/>\n\t<meta property=\"og:image:width\" content=\"874\" \/>\n\t<meta property=\"og:image:height\" content=\"635\" \/>\n\t<meta property=\"og:image:type\" content=\"image\/jpeg\" \/>\n<meta name=\"author\" content=\"Arnaldo Botto\" \/>\n<meta name=\"twitter:card\" content=\"summary_large_image\" \/>\n<script type=\"application\/ld+json\" class=\"yoast-schema-graph\">{\"@context\":\"https:\/\/schema.org\",\"@graph\":[{\"@type\":\"WebPage\",\"@id\":\"https:\/\/www.noticiasradioreflejos.com.ar\/2021\/leonardo-davis-hicimos-lo-que-consideramos-que-habia-que-hacer\/\",\"url\":\"https:\/\/www.noticiasradioreflejos.com.ar\/2021\/leonardo-davis-hicimos-lo-que-consideramos-que-habia-que-hacer\/\",\"name\":\"Leonardo Davis: \u201cHicimos lo que consideramos que hab\u00eda que hacer\u201d - Noticias Radio Reflejos\",\"isPartOf\":{\"@id\":\"https:\/\/www.noticiasradioreflejos.com.ar\/2021\/#website\"},\"primaryImageOfPage\":{\"@id\":\"https:\/\/www.noticiasradioreflejos.com.ar\/2021\/leonardo-davis-hicimos-lo-que-consideramos-que-habia-que-hacer\/#primaryimage\"},\"image\":{\"@id\":\"https:\/\/www.noticiasradioreflejos.com.ar\/2021\/leonardo-davis-hicimos-lo-que-consideramos-que-habia-que-hacer\/#primaryimage\"},\"thumbnailUrl\":\"https:\/\/www.noticiasradioreflejos.com.ar\/2021\/wp-content\/uploads\/2023\/07\/358124276_24282608271338406_962421918387107414_n.jpg\",\"datePublished\":\"2023-07-31T20:16:04+00:00\",\"dateModified\":\"2023-07-31T20:16:25+00:00\",\"author\":{\"@id\":\"https:\/\/www.noticiasradioreflejos.com.ar\/2021\/#\/schema\/person\/ad82545263dcc5ec0996818884fd5fb1\"},\"breadcrumb\":{\"@id\":\"https:\/\/www.noticiasradioreflejos.com.ar\/2021\/leonardo-davis-hicimos-lo-que-consideramos-que-habia-que-hacer\/#breadcrumb\"},\"inLanguage\":\"es\",\"potentialAction\":[{\"@type\":\"ReadAction\",\"target\":[\"https:\/\/www.noticiasradioreflejos.com.ar\/2021\/leonardo-davis-hicimos-lo-que-consideramos-que-habia-que-hacer\/\"]}]},{\"@type\":\"ImageObject\",\"inLanguage\":\"es\",\"@id\":\"https:\/\/www.noticiasradioreflejos.com.ar\/2021\/leonardo-davis-hicimos-lo-que-consideramos-que-habia-que-hacer\/#primaryimage\",\"url\":\"https:\/\/www.noticiasradioreflejos.com.ar\/2021\/wp-content\/uploads\/2023\/07\/358124276_24282608271338406_962421918387107414_n.jpg\",\"contentUrl\":\"https:\/\/www.noticiasradioreflejos.com.ar\/2021\/wp-content\/uploads\/2023\/07\/358124276_24282608271338406_962421918387107414_n.jpg\",\"width\":874,\"height\":635},{\"@type\":\"BreadcrumbList\",\"@id\":\"https:\/\/www.noticiasradioreflejos.com.ar\/2021\/leonardo-davis-hicimos-lo-que-consideramos-que-habia-que-hacer\/#breadcrumb\",\"itemListElement\":[{\"@type\":\"ListItem\",\"position\":1,\"name\":\"Portada\",\"item\":\"https:\/\/www.noticiasradioreflejos.com.ar\/2021\/\"},{\"@type\":\"ListItem\",\"position\":2,\"name\":\"Leonardo Davis: \u201cHicimos lo que consideramos que hab\u00eda que hacer\u201d\"}]},{\"@type\":\"WebSite\",\"@id\":\"https:\/\/www.noticiasradioreflejos.com.ar\/2021\/#website\",\"url\":\"https:\/\/www.noticiasradioreflejos.com.ar\/2021\/\",\"name\":\"Noticias Radio Reflejos\",\"description\":\"Las noticias de mi comarca\",\"potentialAction\":[{\"@type\":\"SearchAction\",\"target\":{\"@type\":\"EntryPoint\",\"urlTemplate\":\"https:\/\/www.noticiasradioreflejos.com.ar\/2021\/?s={search_term_string}\"},\"query-input\":{\"@type\":\"PropertyValueSpecification\",\"valueRequired\":true,\"valueName\":\"search_term_string\"}}],\"inLanguage\":\"es\"},{\"@type\":\"Person\",\"@id\":\"https:\/\/www.noticiasradioreflejos.com.ar\/2021\/#\/schema\/person\/ad82545263dcc5ec0996818884fd5fb1\",\"name\":\"Arnaldo Botto\",\"image\":{\"@type\":\"ImageObject\",\"inLanguage\":\"es\",\"@id\":\"https:\/\/www.noticiasradioreflejos.com.ar\/2021\/#\/schema\/person\/image\/\",\"url\":\"https:\/\/secure.gravatar.com\/avatar\/55cb5e37c1efa326397366e6974cb338056df65cb50e7d64d1cf314e87504837?s=96&d=mm&r=g\",\"contentUrl\":\"https:\/\/secure.gravatar.com\/avatar\/55cb5e37c1efa326397366e6974cb338056df65cb50e7d64d1cf314e87504837?s=96&d=mm&r=g\",\"caption\":\"Arnaldo Botto\"},\"url\":\"https:\/\/www.noticiasradioreflejos.com.ar\/2021\/author\/arnaldo\/\"}]}<\/script>\n<!-- \/ Yoast SEO plugin. -->","yoast_head_json":{"title":"Leonardo Davis: \u201cHicimos lo que consideramos que hab\u00eda que hacer\u201d - Noticias Radio Reflejos","robots":{"index":"index","follow":"follow","max-snippet":"max-snippet:-1","max-image-preview":"max-image-preview:large","max-video-preview":"max-video-preview:-1"},"canonical":"https:\/\/www.noticiasradioreflejos.com.ar\/2021\/leonardo-davis-hicimos-lo-que-consideramos-que-habia-que-hacer\/","og_locale":"es_ES","og_type":"article","og_title":"Leonardo Davis: \u201cHicimos lo que consideramos que hab\u00eda que hacer\u201d - Noticias Radio Reflejos","og_description":"El precandidato a Intendente de Juntos por el Cambio analiz\u00f3 los pasos dados y lo que har\u00e1n en campa\u00f1a los venideros d\u00edas. Al mismo tiempo present\u00f3 a su candidata a concejal por Saldungaray, Viviana Degreef.","og_url":"https:\/\/www.noticiasradioreflejos.com.ar\/2021\/leonardo-davis-hicimos-lo-que-consideramos-que-habia-que-hacer\/","og_site_name":"Noticias Radio Reflejos","article_published_time":"2023-07-31T20:16:04+00:00","article_modified_time":"2023-07-31T20:16:25+00:00","og_image":[{"width":874,"height":635,"url":"https:\/\/www.noticiasradioreflejos.com.ar\/2021\/wp-content\/uploads\/2023\/07\/358124276_24282608271338406_962421918387107414_n.jpg","type":"image\/jpeg"}],"author":"Arnaldo Botto","twitter_card":"summary_large_image","schema":{"@context":"https:\/\/schema.org","@graph":[{"@type":"WebPage","@id":"https:\/\/www.noticiasradioreflejos.com.ar\/2021\/leonardo-davis-hicimos-lo-que-consideramos-que-habia-que-hacer\/","url":"https:\/\/www.noticiasradioreflejos.com.ar\/2021\/leonardo-davis-hicimos-lo-que-consideramos-que-habia-que-hacer\/","name":"Leonardo Davis: \u201cHicimos lo que consideramos que hab\u00eda que hacer\u201d - Noticias Radio Reflejos","isPartOf":{"@id":"https:\/\/www.noticiasradioreflejos.com.ar\/2021\/#website"},"primaryImageOfPage":{"@id":"https:\/\/www.noticiasradioreflejos.com.ar\/2021\/leonardo-davis-hicimos-lo-que-consideramos-que-habia-que-hacer\/#primaryimage"},"image":{"@id":"https:\/\/www.noticiasradioreflejos.com.ar\/2021\/leonardo-davis-hicimos-lo-que-consideramos-que-habia-que-hacer\/#primaryimage"},"thumbnailUrl":"https:\/\/www.noticiasradioreflejos.com.ar\/2021\/wp-content\/uploads\/2023\/07\/358124276_24282608271338406_962421918387107414_n.jpg","datePublished":"2023-07-31T20:16:04+00:00","dateModified":"2023-07-31T20:16:25+00:00","author":{"@id":"https:\/\/www.noticiasradioreflejos.com.ar\/2021\/#\/schema\/person\/ad82545263dcc5ec0996818884fd5fb1"},"breadcrumb":{"@id":"https:\/\/www.noticiasradioreflejos.com.ar\/2021\/leonardo-davis-hicimos-lo-que-consideramos-que-habia-que-hacer\/#breadcrumb"},"inLanguage":"es","potentialAction":[{"@type":"ReadAction","target":["https:\/\/www.noticiasradioreflejos.com.ar\/2021\/leonardo-davis-hicimos-lo-que-consideramos-que-habia-que-hacer\/"]}]},{"@type":"ImageObject","inLanguage":"es","@id":"https:\/\/www.noticiasradioreflejos.com.ar\/2021\/leonardo-davis-hicimos-lo-que-consideramos-que-habia-que-hacer\/#primaryimage","url":"https:\/\/www.noticiasradioreflejos.com.ar\/2021\/wp-content\/uploads\/2023\/07\/358124276_24282608271338406_962421918387107414_n.jpg","contentUrl":"https:\/\/www.noticiasradioreflejos.com.ar\/2021\/wp-content\/uploads\/2023\/07\/358124276_24282608271338406_962421918387107414_n.jpg","width":874,"height":635},{"@type":"BreadcrumbList","@id":"https:\/\/www.noticiasradioreflejos.com.ar\/2021\/leonardo-davis-hicimos-lo-que-consideramos-que-habia-que-hacer\/#breadcrumb","itemListElement":[{"@type":"ListItem","position":1,"name":"Portada","item":"https:\/\/www.noticiasradioreflejos.com.ar\/2021\/"},{"@type":"ListItem","position":2,"name":"Leonardo Davis: \u201cHicimos lo que consideramos que hab\u00eda que hacer\u201d"}]},{"@type":"WebSite","@id":"https:\/\/www.noticiasradioreflejos.com.ar\/2021\/#website","url":"https:\/\/www.noticiasradioreflejos.com.ar\/2021\/","name":"Noticias Radio Reflejos","description":"Las noticias de mi comarca","potentialAction":[{"@type":"SearchAction","target":{"@type":"EntryPoint","urlTemplate":"https:\/\/www.noticiasradioreflejos.com.ar\/2021\/?s={search_term_string}"},"query-input":{"@type":"PropertyValueSpecification","valueRequired":true,"valueName":"search_term_string"}}],"inLanguage":"es"},{"@type":"Person","@id":"https:\/\/www.noticiasradioreflejos.com.ar\/2021\/#\/schema\/person\/ad82545263dcc5ec0996818884fd5fb1","name":"Arnaldo Botto","image":{"@type":"ImageObject","inLanguage":"es","@id":"https:\/\/www.noticiasradioreflejos.com.ar\/2021\/#\/schema\/person\/image\/","url":"https:\/\/secure.gravatar.com\/avatar\/55cb5e37c1efa326397366e6974cb338056df65cb50e7d64d1cf314e87504837?s=96&d=mm&r=g","contentUrl":"https:\/\/secure.gravatar.com\/avatar\/55cb5e37c1efa326397366e6974cb338056df65cb50e7d64d1cf314e87504837?s=96&d=mm&r=g","caption":"Arnaldo Botto"},"url":"https:\/\/www.noticiasradioreflejos.com.ar\/2021\/author\/arnaldo\/"}]}},"_links":{"self":[{"href":"https:\/\/www.noticiasradioreflejos.com.ar\/2021\/wp-json\/wp\/v2\/posts\/91059","targetHints":{"allow":["GET"]}}],"collection":[{"href":"https:\/\/www.noticiasradioreflejos.com.ar\/2021\/wp-json\/wp\/v2\/posts"}],"about":[{"href":"https:\/\/www.noticiasradioreflejos.com.ar\/2021\/wp-json\/wp\/v2\/types\/post"}],"author":[{"embeddable":true,"href":"https:\/\/www.noticiasradioreflejos.com.ar\/2021\/wp-json\/wp\/v2\/users\/3"}],"replies":[{"embeddable":true,"href":"https:\/\/www.noticiasradioreflejos.com.ar\/2021\/wp-json\/wp\/v2\/comments?post=91059"}],"version-history":[{"count":2,"href":"https:\/\/www.noticiasradioreflejos.com.ar\/2021\/wp-json\/wp\/v2\/posts\/91059\/revisions"}],"predecessor-version":[{"id":91072,"href":"https:\/\/www.noticiasradioreflejos.com.ar\/2021\/wp-json\/wp\/v2\/posts\/91059\/revisions\/91072"}],"wp:featuredmedia":[{"embeddable":true,"href":"https:\/\/www.noticiasradioreflejos.com.ar\/2021\/wp-json\/wp\/v2\/media\/91071"}],"wp:attachment":[{"href":"https:\/\/www.noticiasradioreflejos.com.ar\/2021\/wp-json\/wp\/v2\/media?parent=91059"}],"wp:term":[{"taxonomy":"category","embeddable":true,"href":"https:\/\/www.noticiasradioreflejos.com.ar\/2021\/wp-json\/wp\/v2\/categories?post=91059"},{"taxonomy":"post_tag","embeddable":true,"href":"https:\/\/www.noticiasradioreflejos.com.ar\/2021\/wp-json\/wp\/v2\/tags?post=91059"}],"curies":[{"name":"wp","href":"https:\/\/api.w.org\/{rel}","templated":true}]}}