{"id":91048,"date":"2023-07-31T16:49:20","date_gmt":"2023-07-31T16:49:20","guid":{"rendered":"https:\/\/www.noticiasradioreflejos.com.ar\/2021\/?p=91048"},"modified":"2023-07-31T16:51:00","modified_gmt":"2023-07-31T16:51:00","slug":"por-tareas-de-reacondicionamiento-permanecera-cerrada-una-cuadra-de-av-gral-paz","status":"publish","type":"post","link":"https:\/\/www.noticiasradioreflejos.com.ar\/2021\/por-tareas-de-reacondicionamiento-permanecera-cerrada-una-cuadra-de-av-gral-paz\/","title":{"rendered":"Por tareas de reacondicionamiento permanecer\u00e1 cerrada una cuadra de Av. Gral Paz"},"content":{"rendered":"<p>La Secretar\u00eda de Obras y Servicios P\u00fablicos, a trav\u00e9s de la Secretaria de Servicios Urbanos se encuentra realizando tareas de mantenimiento la calle General Paz entre Av. 25 de Mayo y Av. Belgrano. <!--more--><\/p>\n<p><a data-flickr-embed=\"true\" href=\"https:\/\/www.flickr.com\/photos\/182279889@N02\/53083701287\/in\/dateposted-public\/\" title=\"gralpaz2\"><img loading=\"lazy\" decoding=\"async\" src=\"https:\/\/live.staticflickr.com\/65535\/53083701287_1933a87368_c.jpg\" width=\"800\" height=\"600\" alt=\"gralpaz2\"\/><\/a><script async src=\"\/\/embedr.flickr.com\/assets\/client-code.js\" charset=\"utf-8\"><\/script><\/p>\n<p>Los trabajos comenzaron este lunes por la ma\u00f1ana, y comprender\u00e1n el levantamiento del pavimento, extracci\u00f3n de ra\u00edces de las especies ubicadas en el boulevard, colocaci\u00f3n de geomembranas, trabajos de reacondicionamiento de subrasante para posterior reasfaltado de la arteria.  <\/p>\n<p><a data-flickr-embed=\"true\" href=\"https:\/\/www.flickr.com\/photos\/182279889@N02\/53084762863\/in\/dateposted-public\/\" title=\"gralpaz5\"><img loading=\"lazy\" decoding=\"async\" src=\"https:\/\/live.staticflickr.com\/65535\/53084762863_851054759e_c.jpg\" width=\"800\" height=\"600\" alt=\"gralpaz5\"\/><\/a><script async src=\"\/\/embedr.flickr.com\/assets\/client-code.js\" charset=\"utf-8\"><\/script><\/p>\n<p>Asimismo, se aprovechar\u00e1 la ocasi\u00f3n para realizar tareas de acondicionamiento de la ca\u00f1er\u00eda de agua existente en ambas intersecciones.  <\/p>\n<p><a data-flickr-embed=\"true\" href=\"https:\/\/www.flickr.com\/photos\/182279889@N02\/53084456929\/in\/dateposted-public\/\" title=\"gralpaz\"><img loading=\"lazy\" decoding=\"async\" src=\"https:\/\/live.staticflickr.com\/65535\/53084456929_603d13db41_c.jpg\" width=\"800\" height=\"600\" alt=\"gralpaz\"\/><\/a><script async src=\"\/\/embedr.flickr.com\/assets\/client-code.js\" charset=\"utf-8\"><\/script><\/p>\n<p>En tal sentido, la arteria permanecer\u00e1 cerrada al tr\u00e1nsito hasta nuevo aviso; por tal motivo solicitamos a los vecinos circular con precauci\u00f3n en el sector.<\/p>\n<p><a data-flickr-embed=\"true\" href=\"https:\/\/www.flickr.com\/photos\/182279889@N02\/53084267676\/in\/dateposted-public\/\" title=\"gralpaz3\"><img loading=\"lazy\" decoding=\"async\" src=\"https:\/\/live.staticflickr.com\/65535\/53084267676_1d30688afc_c.jpg\" width=\"800\" height=\"600\" alt=\"gralpaz3\"\/><\/a><script async src=\"\/\/embedr.flickr.com\/assets\/client-code.js\" charset=\"utf-8\"><\/script><\/p>\n","protected":false},"excerpt":{"rendered":"<p>La Secretar\u00eda de Obras y Servicios P\u00fablicos, a trav\u00e9s de la Secretaria de Servicios Urbanos se encuentra realizando tareas de mantenimiento la calle General Paz entre Av. 25 de Mayo y Av. Belgrano.<\/p>\n","protected":false},"author":3,"featured_media":0,"comment_status":"closed","ping_status":"closed","sticky":false,"template":"","format":"standard","meta":{"footnotes":""},"categories":[28],"tags":[],"class_list":["post-91048","post","type-post","status-publish","format-standard","hentry","category-municipales"],"yoast_head":"<!-- This site is optimized with the Yoast SEO plugin v25.9 - https:\/\/yoast.com\/wordpress\/plugins\/seo\/ -->\n<title>Por tareas de reacondicionamiento permanecer\u00e1 cerrada una cuadra de Av. Gral Paz - Noticias Radio Reflejos<\/title>\n<meta name=\"robots\" content=\"index, follow, max-snippet:-1, max-image-preview:large, max-video-preview:-1\" \/>\n<link rel=\"canonical\" href=\"https:\/\/www.noticiasradioreflejos.com.ar\/2021\/por-tareas-de-reacondicionamiento-permanecera-cerrada-una-cuadra-de-av-gral-paz\/\" \/>\n<meta property=\"og:locale\" content=\"es_ES\" \/>\n<meta property=\"og:type\" content=\"article\" \/>\n<meta property=\"og:title\" content=\"Por tareas de reacondicionamiento permanecer\u00e1 cerrada una cuadra de Av. Gral Paz - Noticias Radio Reflejos\" \/>\n<meta property=\"og:description\" content=\"La Secretar\u00eda de Obras y Servicios P\u00fablicos, a trav\u00e9s de la Secretaria de Servicios Urbanos se encuentra realizando tareas de mantenimiento la calle General Paz entre Av. 25 de Mayo y Av. Belgrano.\" \/>\n<meta property=\"og:url\" content=\"https:\/\/www.noticiasradioreflejos.com.ar\/2021\/por-tareas-de-reacondicionamiento-permanecera-cerrada-una-cuadra-de-av-gral-paz\/\" \/>\n<meta property=\"og:site_name\" content=\"Noticias Radio Reflejos\" \/>\n<meta property=\"article:published_time\" content=\"2023-07-31T16:49:20+00:00\" \/>\n<meta property=\"article:modified_time\" content=\"2023-07-31T16:51:00+00:00\" \/>\n<meta property=\"og:image\" content=\"https:\/\/live.staticflickr.com\/65535\/53083701287_1933a87368_c.jpg\" \/>\n<meta name=\"author\" content=\"Arnaldo Botto\" \/>\n<meta name=\"twitter:card\" content=\"summary_large_image\" \/>\n<script type=\"application\/ld+json\" class=\"yoast-schema-graph\">{\"@context\":\"https:\/\/schema.org\",\"@graph\":[{\"@type\":\"WebPage\",\"@id\":\"https:\/\/www.noticiasradioreflejos.com.ar\/2021\/por-tareas-de-reacondicionamiento-permanecera-cerrada-una-cuadra-de-av-gral-paz\/\",\"url\":\"https:\/\/www.noticiasradioreflejos.com.ar\/2021\/por-tareas-de-reacondicionamiento-permanecera-cerrada-una-cuadra-de-av-gral-paz\/\",\"name\":\"Por tareas de reacondicionamiento permanecer\u00e1 cerrada una cuadra de Av. Gral Paz - Noticias Radio Reflejos\",\"isPartOf\":{\"@id\":\"https:\/\/www.noticiasradioreflejos.com.ar\/2021\/#website\"},\"primaryImageOfPage\":{\"@id\":\"https:\/\/www.noticiasradioreflejos.com.ar\/2021\/por-tareas-de-reacondicionamiento-permanecera-cerrada-una-cuadra-de-av-gral-paz\/#primaryimage\"},\"image\":{\"@id\":\"https:\/\/www.noticiasradioreflejos.com.ar\/2021\/por-tareas-de-reacondicionamiento-permanecera-cerrada-una-cuadra-de-av-gral-paz\/#primaryimage\"},\"thumbnailUrl\":\"https:\/\/live.staticflickr.com\/65535\/53083701287_1933a87368_c.jpg\",\"datePublished\":\"2023-07-31T16:49:20+00:00\",\"dateModified\":\"2023-07-31T16:51:00+00:00\",\"author\":{\"@id\":\"https:\/\/www.noticiasradioreflejos.com.ar\/2021\/#\/schema\/person\/ad82545263dcc5ec0996818884fd5fb1\"},\"breadcrumb\":{\"@id\":\"https:\/\/www.noticiasradioreflejos.com.ar\/2021\/por-tareas-de-reacondicionamiento-permanecera-cerrada-una-cuadra-de-av-gral-paz\/#breadcrumb\"},\"inLanguage\":\"es\",\"potentialAction\":[{\"@type\":\"ReadAction\",\"target\":[\"https:\/\/www.noticiasradioreflejos.com.ar\/2021\/por-tareas-de-reacondicionamiento-permanecera-cerrada-una-cuadra-de-av-gral-paz\/\"]}]},{\"@type\":\"ImageObject\",\"inLanguage\":\"es\",\"@id\":\"https:\/\/www.noticiasradioreflejos.com.ar\/2021\/por-tareas-de-reacondicionamiento-permanecera-cerrada-una-cuadra-de-av-gral-paz\/#primaryimage\",\"url\":\"https:\/\/live.staticflickr.com\/65535\/53083701287_1933a87368_c.jpg\",\"contentUrl\":\"https:\/\/live.staticflickr.com\/65535\/53083701287_1933a87368_c.jpg\"},{\"@type\":\"BreadcrumbList\",\"@id\":\"https:\/\/www.noticiasradioreflejos.com.ar\/2021\/por-tareas-de-reacondicionamiento-permanecera-cerrada-una-cuadra-de-av-gral-paz\/#breadcrumb\",\"itemListElement\":[{\"@type\":\"ListItem\",\"position\":1,\"name\":\"Portada\",\"item\":\"https:\/\/www.noticiasradioreflejos.com.ar\/2021\/\"},{\"@type\":\"ListItem\",\"position\":2,\"name\":\"Por tareas de reacondicionamiento permanecer\u00e1 cerrada una cuadra de Av. Gral Paz\"}]},{\"@type\":\"WebSite\",\"@id\":\"https:\/\/www.noticiasradioreflejos.com.ar\/2021\/#website\",\"url\":\"https:\/\/www.noticiasradioreflejos.com.ar\/2021\/\",\"name\":\"Noticias Radio Reflejos\",\"description\":\"Las noticias de mi comarca\",\"potentialAction\":[{\"@type\":\"SearchAction\",\"target\":{\"@type\":\"EntryPoint\",\"urlTemplate\":\"https:\/\/www.noticiasradioreflejos.com.ar\/2021\/?s={search_term_string}\"},\"query-input\":{\"@type\":\"PropertyValueSpecification\",\"valueRequired\":true,\"valueName\":\"search_term_string\"}}],\"inLanguage\":\"es\"},{\"@type\":\"Person\",\"@id\":\"https:\/\/www.noticiasradioreflejos.com.ar\/2021\/#\/schema\/person\/ad82545263dcc5ec0996818884fd5fb1\",\"name\":\"Arnaldo Botto\",\"image\":{\"@type\":\"ImageObject\",\"inLanguage\":\"es\",\"@id\":\"https:\/\/www.noticiasradioreflejos.com.ar\/2021\/#\/schema\/person\/image\/\",\"url\":\"https:\/\/secure.gravatar.com\/avatar\/55cb5e37c1efa326397366e6974cb338056df65cb50e7d64d1cf314e87504837?s=96&d=mm&r=g\",\"contentUrl\":\"https:\/\/secure.gravatar.com\/avatar\/55cb5e37c1efa326397366e6974cb338056df65cb50e7d64d1cf314e87504837?s=96&d=mm&r=g\",\"caption\":\"Arnaldo Botto\"},\"url\":\"https:\/\/www.noticiasradioreflejos.com.ar\/2021\/author\/arnaldo\/\"}]}<\/script>\n<!-- \/ Yoast SEO plugin. -->","yoast_head_json":{"title":"Por tareas de reacondicionamiento permanecer\u00e1 cerrada una cuadra de Av. Gral Paz - Noticias Radio Reflejos","robots":{"index":"index","follow":"follow","max-snippet":"max-snippet:-1","max-image-preview":"max-image-preview:large","max-video-preview":"max-video-preview:-1"},"canonical":"https:\/\/www.noticiasradioreflejos.com.ar\/2021\/por-tareas-de-reacondicionamiento-permanecera-cerrada-una-cuadra-de-av-gral-paz\/","og_locale":"es_ES","og_type":"article","og_title":"Por tareas de reacondicionamiento permanecer\u00e1 cerrada una cuadra de Av. Gral Paz - Noticias Radio Reflejos","og_description":"La Secretar\u00eda de Obras y Servicios P\u00fablicos, a trav\u00e9s de la Secretaria de Servicios Urbanos se encuentra realizando tareas de mantenimiento la calle General Paz entre Av. 25 de Mayo y Av. Belgrano.","og_url":"https:\/\/www.noticiasradioreflejos.com.ar\/2021\/por-tareas-de-reacondicionamiento-permanecera-cerrada-una-cuadra-de-av-gral-paz\/","og_site_name":"Noticias Radio Reflejos","article_published_time":"2023-07-31T16:49:20+00:00","article_modified_time":"2023-07-31T16:51:00+00:00","og_image":[{"url":"https:\/\/live.staticflickr.com\/65535\/53083701287_1933a87368_c.jpg","type":"","width":"","height":""}],"author":"Arnaldo Botto","twitter_card":"summary_large_image","schema":{"@context":"https:\/\/schema.org","@graph":[{"@type":"WebPage","@id":"https:\/\/www.noticiasradioreflejos.com.ar\/2021\/por-tareas-de-reacondicionamiento-permanecera-cerrada-una-cuadra-de-av-gral-paz\/","url":"https:\/\/www.noticiasradioreflejos.com.ar\/2021\/por-tareas-de-reacondicionamiento-permanecera-cerrada-una-cuadra-de-av-gral-paz\/","name":"Por tareas de reacondicionamiento permanecer\u00e1 cerrada una cuadra de Av. Gral Paz - Noticias Radio Reflejos","isPartOf":{"@id":"https:\/\/www.noticiasradioreflejos.com.ar\/2021\/#website"},"primaryImageOfPage":{"@id":"https:\/\/www.noticiasradioreflejos.com.ar\/2021\/por-tareas-de-reacondicionamiento-permanecera-cerrada-una-cuadra-de-av-gral-paz\/#primaryimage"},"image":{"@id":"https:\/\/www.noticiasradioreflejos.com.ar\/2021\/por-tareas-de-reacondicionamiento-permanecera-cerrada-una-cuadra-de-av-gral-paz\/#primaryimage"},"thumbnailUrl":"https:\/\/live.staticflickr.com\/65535\/53083701287_1933a87368_c.jpg","datePublished":"2023-07-31T16:49:20+00:00","dateModified":"2023-07-31T16:51:00+00:00","author":{"@id":"https:\/\/www.noticiasradioreflejos.com.ar\/2021\/#\/schema\/person\/ad82545263dcc5ec0996818884fd5fb1"},"breadcrumb":{"@id":"https:\/\/www.noticiasradioreflejos.com.ar\/2021\/por-tareas-de-reacondicionamiento-permanecera-cerrada-una-cuadra-de-av-gral-paz\/#breadcrumb"},"inLanguage":"es","potentialAction":[{"@type":"ReadAction","target":["https:\/\/www.noticiasradioreflejos.com.ar\/2021\/por-tareas-de-reacondicionamiento-permanecera-cerrada-una-cuadra-de-av-gral-paz\/"]}]},{"@type":"ImageObject","inLanguage":"es","@id":"https:\/\/www.noticiasradioreflejos.com.ar\/2021\/por-tareas-de-reacondicionamiento-permanecera-cerrada-una-cuadra-de-av-gral-paz\/#primaryimage","url":"https:\/\/live.staticflickr.com\/65535\/53083701287_1933a87368_c.jpg","contentUrl":"https:\/\/live.staticflickr.com\/65535\/53083701287_1933a87368_c.jpg"},{"@type":"BreadcrumbList","@id":"https:\/\/www.noticiasradioreflejos.com.ar\/2021\/por-tareas-de-reacondicionamiento-permanecera-cerrada-una-cuadra-de-av-gral-paz\/#breadcrumb","itemListElement":[{"@type":"ListItem","position":1,"name":"Portada","item":"https:\/\/www.noticiasradioreflejos.com.ar\/2021\/"},{"@type":"ListItem","position":2,"name":"Por tareas de reacondicionamiento permanecer\u00e1 cerrada una cuadra de Av. Gral Paz"}]},{"@type":"WebSite","@id":"https:\/\/www.noticiasradioreflejos.com.ar\/2021\/#website","url":"https:\/\/www.noticiasradioreflejos.com.ar\/2021\/","name":"Noticias Radio Reflejos","description":"Las noticias de mi comarca","potentialAction":[{"@type":"SearchAction","target":{"@type":"EntryPoint","urlTemplate":"https:\/\/www.noticiasradioreflejos.com.ar\/2021\/?s={search_term_string}"},"query-input":{"@type":"PropertyValueSpecification","valueRequired":true,"valueName":"search_term_string"}}],"inLanguage":"es"},{"@type":"Person","@id":"https:\/\/www.noticiasradioreflejos.com.ar\/2021\/#\/schema\/person\/ad82545263dcc5ec0996818884fd5fb1","name":"Arnaldo Botto","image":{"@type":"ImageObject","inLanguage":"es","@id":"https:\/\/www.noticiasradioreflejos.com.ar\/2021\/#\/schema\/person\/image\/","url":"https:\/\/secure.gravatar.com\/avatar\/55cb5e37c1efa326397366e6974cb338056df65cb50e7d64d1cf314e87504837?s=96&d=mm&r=g","contentUrl":"https:\/\/secure.gravatar.com\/avatar\/55cb5e37c1efa326397366e6974cb338056df65cb50e7d64d1cf314e87504837?s=96&d=mm&r=g","caption":"Arnaldo Botto"},"url":"https:\/\/www.noticiasradioreflejos.com.ar\/2021\/author\/arnaldo\/"}]}},"_links":{"self":[{"href":"https:\/\/www.noticiasradioreflejos.com.ar\/2021\/wp-json\/wp\/v2\/posts\/91048","targetHints":{"allow":["GET"]}}],"collection":[{"href":"https:\/\/www.noticiasradioreflejos.com.ar\/2021\/wp-json\/wp\/v2\/posts"}],"about":[{"href":"https:\/\/www.noticiasradioreflejos.com.ar\/2021\/wp-json\/wp\/v2\/types\/post"}],"author":[{"embeddable":true,"href":"https:\/\/www.noticiasradioreflejos.com.ar\/2021\/wp-json\/wp\/v2\/users\/3"}],"replies":[{"embeddable":true,"href":"https:\/\/www.noticiasradioreflejos.com.ar\/2021\/wp-json\/wp\/v2\/comments?post=91048"}],"version-history":[{"count":1,"href":"https:\/\/www.noticiasradioreflejos.com.ar\/2021\/wp-json\/wp\/v2\/posts\/91048\/revisions"}],"predecessor-version":[{"id":91050,"href":"https:\/\/www.noticiasradioreflejos.com.ar\/2021\/wp-json\/wp\/v2\/posts\/91048\/revisions\/91050"}],"wp:attachment":[{"href":"https:\/\/www.noticiasradioreflejos.com.ar\/2021\/wp-json\/wp\/v2\/media?parent=91048"}],"wp:term":[{"taxonomy":"category","embeddable":true,"href":"https:\/\/www.noticiasradioreflejos.com.ar\/2021\/wp-json\/wp\/v2\/categories?post=91048"},{"taxonomy":"post_tag","embeddable":true,"href":"https:\/\/www.noticiasradioreflejos.com.ar\/2021\/wp-json\/wp\/v2\/tags?post=91048"}],"curies":[{"name":"wp","href":"https:\/\/api.w.org\/{rel}","templated":true}]}}