{"id":91034,"date":"2023-07-31T12:16:17","date_gmt":"2023-07-31T12:16:17","guid":{"rendered":"https:\/\/www.noticiasradioreflejos.com.ar\/2021\/?p=91034"},"modified":"2023-07-31T12:16:18","modified_gmt":"2023-07-31T12:16:18","slug":"con-mas-de-55-millones-de-personas-movilizadas-las-vacaciones-de-invierno-marcaron-un-nuevo-record","status":"publish","type":"post","link":"https:\/\/www.noticiasradioreflejos.com.ar\/2021\/con-mas-de-55-millones-de-personas-movilizadas-las-vacaciones-de-invierno-marcaron-un-nuevo-record\/","title":{"rendered":"Con m\u00e1s de 5,5 millones de personas movilizadas, las vacaciones de invierno marcaron un nuevo r\u00e9cord"},"content":{"rendered":"<p>Las vacaciones de invierno movilizaron a m\u00e1s de 5,5 millones de turistas, lo que constituy\u00f3 un nuevo r\u00e9cord para esta fecha y super\u00f3 las expectativas del sector.<!--more--><\/p>\n<p><a href=\"https:\/\/www.noticiasradioreflejos.com.ar\/2021\/con-mas-de-55-millones-de-personas-movilizadas-las-vacaciones-de-invierno-marcaron-un-nuevo-record\/turismo-sierra-2\/\" rel=\"attachment wp-att-91036\"><img loading=\"lazy\" decoding=\"async\" class=\"aligncenter size-full wp-image-91036\" src=\"https:\/\/www.noticiasradioreflejos.com.ar\/2021\/wp-content\/uploads\/2023\/07\/Turismo-sierra.jpg\" alt=\"\" width=\"1440\" height=\"1083\" srcset=\"https:\/\/www.noticiasradioreflejos.com.ar\/2021\/wp-content\/uploads\/2023\/07\/Turismo-sierra.jpg 1440w, https:\/\/www.noticiasradioreflejos.com.ar\/2021\/wp-content\/uploads\/2023\/07\/Turismo-sierra-300x226.jpg 300w, https:\/\/www.noticiasradioreflejos.com.ar\/2021\/wp-content\/uploads\/2023\/07\/Turismo-sierra-1024x770.jpg 1024w, https:\/\/www.noticiasradioreflejos.com.ar\/2021\/wp-content\/uploads\/2023\/07\/Turismo-sierra-768x578.jpg 768w, https:\/\/www.noticiasradioreflejos.com.ar\/2021\/wp-content\/uploads\/2023\/07\/Turismo-sierra-750x564.jpg 750w, https:\/\/www.noticiasradioreflejos.com.ar\/2021\/wp-content\/uploads\/2023\/07\/Turismo-sierra-1140x857.jpg 1140w\" sizes=\"auto, (max-width: 1440px) 100vw, 1440px\" \/><\/a><br \/>\nSeg\u00fan informaci\u00f3n del Ministerio de Turismo, el gran impulso de esta temporada vino por el lado de la llegada de turistas extranjeros, que por cuarto mes consecutivo marca cifras hist\u00f3ricas con el ingreso de 600 mil personas y un impacto econ\u00f3mico de m\u00e1s de 400 millones de d\u00f3lares.<\/p>\n<p>Las provincias de Salta, Santiago del Estero, Misiones, Catamarca y San Juan y la ciudad de Buenos Aires fueron los distritos que tuvieron mayor nivel de ocupaci\u00f3n, mientras que Bariloche, San Mart\u00edn de los Andes, Ushuaia, Mendoza, Tandil, ciudad de Salta e Iguaz\u00fa fueron los destinos m\u00e1s elegidos.<\/p>\n<p>Durante los 15 d\u00edas de vacaciones de invierno Aerol\u00edneas Argentinas transport\u00f3 un total de 800.000 pasajeros, un 15% m\u00e1s que el mismo periodo en 2019 y proyecta para todo julio m\u00e1s de 1.2 millones de pasajeros transportados, lo que representa un incremento del 10% en comparaci\u00f3n con 2019.<\/p>\n<p>Seg\u00fan las estimaciones realizadas por la Confederaci\u00f3n Argentina de la Mediana Empresa (CAME), durante las tres semanas de temporada hubo un gasto de 410.633 millones de pesos y se movilizaron un 6% m\u00e1s de personas que en 2022 y un 8% m\u00e1s que en 2019, cuando la actividad no estaba condicionada por la pandemia.<\/p>\n<p>En este marco, el ministro de Turismo, Mat\u00edas Lammens, destac\u00f3: \u00abVolvimos a tener una temporada r\u00e9cord, como ya tuvimos en el verano y en cada fin de semana largo. De la mano de PreViaje conseguimos que este a\u00f1o no haya temporada baja y de la mano de la llegada masiva de turistas extranjeros, que est\u00e1n superando las cifras de la prepandemia, redondeamos unas vacaciones de invierno hist\u00f3ricas\u00bb.<\/p>\n<p>\u00abEl turismo se transform\u00f3 en uno de los grandes motores del crecimiento y de la creaci\u00f3n de empleos en todos los rincones de nuestro pa\u00eds. Como sostiene el ministro Serio Massa, el turismo est\u00e1 llamado a ser una de las turbinas de desarrollo para nuestra econom\u00eda en los pr\u00f3ximos a\u00f1os\u00bb, agreg\u00f3 Lammens.<\/p>\n<p>&nbsp;<\/p>\n<p><a href=\"https:\/\/www.noticiasradioreflejos.com.ar\/2021\/con-mas-de-55-millones-de-personas-movilizadas-las-vacaciones-de-invierno-marcaron-un-nuevo-record\/turismo-sierras-g\/\" rel=\"attachment wp-att-91037\"><img loading=\"lazy\" decoding=\"async\" class=\"aligncenter size-full wp-image-91037\" src=\"https:\/\/www.noticiasradioreflejos.com.ar\/2021\/wp-content\/uploads\/2023\/07\/Turismo-sierras-g.jpg\" alt=\"\" width=\"1440\" height=\"1081\" srcset=\"https:\/\/www.noticiasradioreflejos.com.ar\/2021\/wp-content\/uploads\/2023\/07\/Turismo-sierras-g.jpg 1440w, https:\/\/www.noticiasradioreflejos.com.ar\/2021\/wp-content\/uploads\/2023\/07\/Turismo-sierras-g-300x225.jpg 300w, https:\/\/www.noticiasradioreflejos.com.ar\/2021\/wp-content\/uploads\/2023\/07\/Turismo-sierras-g-1024x769.jpg 1024w, https:\/\/www.noticiasradioreflejos.com.ar\/2021\/wp-content\/uploads\/2023\/07\/Turismo-sierras-g-768x577.jpg 768w, https:\/\/www.noticiasradioreflejos.com.ar\/2021\/wp-content\/uploads\/2023\/07\/Turismo-sierras-g-750x563.jpg 750w, https:\/\/www.noticiasradioreflejos.com.ar\/2021\/wp-content\/uploads\/2023\/07\/Turismo-sierras-g-1140x856.jpg 1140w\" sizes=\"auto, (max-width: 1440px) 100vw, 1440px\" \/><\/a><\/p>\n<p>En tanto, el presidente de la C\u00e1mara Argentina de Turismo (CAT), Gustavo Hani, indic\u00f3: \u00abLas proyecciones que nos daba el Observatorio de Turismo de la CAT al inicio de las vacaciones de invierno se confirman con un movimiento tur\u00edstico que super\u00f3 incluso las expectativas en muchos de los destinos argentinos\u00bb.<\/p>\n<p>\u00abUna temporada muy exitosa con movimiento no solo de turismo interno sino tambi\u00e9n con una gran presencia de turistas internacionales en todo el pa\u00eds. Empezamos a prepararnos ahora para impulsar el desarrollo de la industria tur\u00edstica el resto del a\u00f1o, con grandes expectativas puestas en el anuncio de una nueva edici\u00f3n de PreViaje que brinde otro gran impulso al sector\u00bb, a\u00f1adi\u00f3.<\/p>\n<p>De acuerdo a los datos del Observatorio Argentino de Turismo, Salta tuvo un 95% de ocupaci\u00f3n en sus principales destinos y registr\u00f3 un 20% m\u00e1s de turistas que en 2022; en tanto Termas de R\u00edo Hondo tuvo un 92% de ocupaci\u00f3n en hoteles de 4 y 5 estrellas y 80% en las 3 estrellas, mientras que Santiago del Estero lleg\u00f3 a un 95%.<\/p>\n<p>Catamarca tuvo una ocupaci\u00f3n del 90% de la mano de la Fiesta Nacional del Poncho. Los turistas que visitaron la provincia norte\u00f1a gastaron 1.700 millones de pesos y se registraron 120 mil pernoctes en el destino.<\/p>\n<p>En Misiones, el movimiento fue superior al de 2022 en un 5% y se movilizaron 15 mil millones de pesos. Iguaz\u00fa, su destino ic\u00f3nico, tuvo una ocupaci\u00f3n del 96%. Corrientes tuvo un 86% de ocupaci\u00f3n y la capital correntina se erigi\u00f3 como uno de los principales portales de acceso a la provincia y estuvo con capacidad colmada en diferentes momentos del mes, al igual que otros municipios como Itat\u00ed, San Miguel, Carlos Pellegrini, Gobernador Virasoro, Mercedes e Ituzaing\u00f3.<\/p>\n<p>Los destinos de Entre R\u00edos volvieron a ser una de las grandes atracciones del pa\u00eds con sus principales destinos como Federaci\u00f3n, Gualeguaych\u00fa y Col\u00f3n con una ocupaci\u00f3n superior al 80%. La provincia recibi\u00f3 700 mil turistas, un 12% extranjeros (en su enorme mayor\u00eda uruguayos) con un movimiento econ\u00f3mico de 18 mil millones de pesos.<\/p>\n<p>San Juan volvi\u00f3 a ser una de las grandes sorpresas, como lo fue en los \u00faltimos fines de semana largo en los que tuvo las cifras m\u00e1s altas de ocupaci\u00f3n, y durante la temporada de invierno siempre super\u00f3 el 90% de ocupaci\u00f3n con picos de 95%.<\/p>\n<p>Mendoza tambi\u00e9n tuvo una gran temporada, con 350 mil turistas, un 20% m\u00e1s que en 2022. La ocupaci\u00f3n promedio durante las tres semanas fue del 85%.<\/p>\n<p>Entre los destinos serranos, Merlo tuvo un 84% de ocupaci\u00f3n y Villa Carlos Paz alrededor del 75%, a la vez que el destino m\u00e1s elegido de la provincia de Buenos Aires fue Tandil, que tuvo un 89% de ocupaci\u00f3n.<\/p>\n<p>En la Costa atl\u00e1ntica, un destino que habitualmente no es tan elegido durante el invierno, Mar del Plata promedi\u00f3 un 50% con el arribo de 360 mil turistas, superando cifras de 2022; en tanto Villa Gesell se destac\u00f3 en la regi\u00f3n con un 65% (10% m\u00e1s que en 2022).<\/p>\n<p>La ciudad de Buenos Aires tuvo cerca del 80% de ocupaci\u00f3n, con un movimiento de 500 mil turistas. En ese marco, se sinti\u00f3 muy fuerte la llegada de brasile\u00f1os, chilenos y uruguayos.<\/p>\n<p>En Neuqu\u00e9n, de la mano de sus centros de esqu\u00ed tanto San Mart\u00edn de los Andes como Villa La Angostura tuvieron una ocupaci\u00f3n del 85%. A la provincia llegaron 80 mil turistas y gastaron 15 mil millones de pesos.<\/p>\n<p>Bariloche volvi\u00f3 a ser la gran estrella de los destinos tur\u00edsticos nacionales con un 95% de ocupaci\u00f3n durante toda la temporada. La ciudad rionegrina tuvo 350 mil turistas con un impacto econ\u00f3mico de cerca de 15 mil millones de pesos.<\/p>\n<p>Esquel, con su centro de esqu\u00ed La Hoya, tuvo un 75% de ocupaci\u00f3n (12% m\u00e1s que en 2022).<\/p>\n<p>El Calafate, un destino que no es t\u00edpico de invierno, tuvo un 85% de ocupaci\u00f3n para su oferta hotelera, marcando un r\u00e9cord para esta fecha; y Ushuaia tuvo una gran temporada con una ocupaci\u00f3n del 85%.<\/p>\n","protected":false},"excerpt":{"rendered":"<p>Las vacaciones de invierno movilizaron a m\u00e1s de 5,5 millones de turistas, lo que constituy\u00f3 un nuevo r\u00e9cord para esta fecha y super\u00f3 las expectativas del sector.<\/p>\n","protected":false},"author":3,"featured_media":0,"comment_status":"closed","ping_status":"closed","sticky":false,"template":"","format":"standard","meta":{"footnotes":""},"categories":[33],"tags":[48],"class_list":["post-91034","post","type-post","status-publish","format-standard","hentry","category-turismo","tag-destacada"],"yoast_head":"<!-- This site is optimized with the Yoast SEO plugin v25.9 - https:\/\/yoast.com\/wordpress\/plugins\/seo\/ -->\n<title>Con m\u00e1s de 5,5 millones de personas movilizadas, las vacaciones de invierno marcaron un nuevo r\u00e9cord - Noticias Radio Reflejos<\/title>\n<meta name=\"robots\" content=\"index, follow, max-snippet:-1, max-image-preview:large, max-video-preview:-1\" \/>\n<link rel=\"canonical\" href=\"https:\/\/www.noticiasradioreflejos.com.ar\/2021\/con-mas-de-55-millones-de-personas-movilizadas-las-vacaciones-de-invierno-marcaron-un-nuevo-record\/\" \/>\n<meta property=\"og:locale\" content=\"es_ES\" \/>\n<meta property=\"og:type\" content=\"article\" \/>\n<meta property=\"og:title\" content=\"Con m\u00e1s de 5,5 millones de personas movilizadas, las vacaciones de invierno marcaron un nuevo r\u00e9cord - Noticias Radio Reflejos\" \/>\n<meta property=\"og:description\" content=\"Las vacaciones de invierno movilizaron a m\u00e1s de 5,5 millones de turistas, lo que constituy\u00f3 un nuevo r\u00e9cord para esta fecha y super\u00f3 las expectativas del sector.\" \/>\n<meta property=\"og:url\" content=\"https:\/\/www.noticiasradioreflejos.com.ar\/2021\/con-mas-de-55-millones-de-personas-movilizadas-las-vacaciones-de-invierno-marcaron-un-nuevo-record\/\" \/>\n<meta property=\"og:site_name\" content=\"Noticias Radio Reflejos\" \/>\n<meta property=\"article:published_time\" content=\"2023-07-31T12:16:17+00:00\" \/>\n<meta property=\"article:modified_time\" content=\"2023-07-31T12:16:18+00:00\" \/>\n<meta property=\"og:image\" content=\"https:\/\/www.noticiasradioreflejos.com.ar\/2021\/wp-content\/uploads\/2023\/07\/Turismo-sierra.jpg\" \/>\n<meta name=\"author\" content=\"Arnaldo Botto\" \/>\n<meta name=\"twitter:card\" content=\"summary_large_image\" \/>\n<script type=\"application\/ld+json\" class=\"yoast-schema-graph\">{\"@context\":\"https:\/\/schema.org\",\"@graph\":[{\"@type\":\"WebPage\",\"@id\":\"https:\/\/www.noticiasradioreflejos.com.ar\/2021\/con-mas-de-55-millones-de-personas-movilizadas-las-vacaciones-de-invierno-marcaron-un-nuevo-record\/\",\"url\":\"https:\/\/www.noticiasradioreflejos.com.ar\/2021\/con-mas-de-55-millones-de-personas-movilizadas-las-vacaciones-de-invierno-marcaron-un-nuevo-record\/\",\"name\":\"Con m\u00e1s de 5,5 millones de personas movilizadas, las vacaciones de invierno marcaron un nuevo r\u00e9cord - Noticias Radio Reflejos\",\"isPartOf\":{\"@id\":\"https:\/\/www.noticiasradioreflejos.com.ar\/2021\/#website\"},\"primaryImageOfPage\":{\"@id\":\"https:\/\/www.noticiasradioreflejos.com.ar\/2021\/con-mas-de-55-millones-de-personas-movilizadas-las-vacaciones-de-invierno-marcaron-un-nuevo-record\/#primaryimage\"},\"image\":{\"@id\":\"https:\/\/www.noticiasradioreflejos.com.ar\/2021\/con-mas-de-55-millones-de-personas-movilizadas-las-vacaciones-de-invierno-marcaron-un-nuevo-record\/#primaryimage\"},\"thumbnailUrl\":\"https:\/\/www.noticiasradioreflejos.com.ar\/2021\/wp-content\/uploads\/2023\/07\/Turismo-sierra.jpg\",\"datePublished\":\"2023-07-31T12:16:17+00:00\",\"dateModified\":\"2023-07-31T12:16:18+00:00\",\"author\":{\"@id\":\"https:\/\/www.noticiasradioreflejos.com.ar\/2021\/#\/schema\/person\/ad82545263dcc5ec0996818884fd5fb1\"},\"breadcrumb\":{\"@id\":\"https:\/\/www.noticiasradioreflejos.com.ar\/2021\/con-mas-de-55-millones-de-personas-movilizadas-las-vacaciones-de-invierno-marcaron-un-nuevo-record\/#breadcrumb\"},\"inLanguage\":\"es\",\"potentialAction\":[{\"@type\":\"ReadAction\",\"target\":[\"https:\/\/www.noticiasradioreflejos.com.ar\/2021\/con-mas-de-55-millones-de-personas-movilizadas-las-vacaciones-de-invierno-marcaron-un-nuevo-record\/\"]}]},{\"@type\":\"ImageObject\",\"inLanguage\":\"es\",\"@id\":\"https:\/\/www.noticiasradioreflejos.com.ar\/2021\/con-mas-de-55-millones-de-personas-movilizadas-las-vacaciones-de-invierno-marcaron-un-nuevo-record\/#primaryimage\",\"url\":\"https:\/\/www.noticiasradioreflejos.com.ar\/2021\/wp-content\/uploads\/2023\/07\/Turismo-sierra.jpg\",\"contentUrl\":\"https:\/\/www.noticiasradioreflejos.com.ar\/2021\/wp-content\/uploads\/2023\/07\/Turismo-sierra.jpg\",\"width\":1440,\"height\":1083},{\"@type\":\"BreadcrumbList\",\"@id\":\"https:\/\/www.noticiasradioreflejos.com.ar\/2021\/con-mas-de-55-millones-de-personas-movilizadas-las-vacaciones-de-invierno-marcaron-un-nuevo-record\/#breadcrumb\",\"itemListElement\":[{\"@type\":\"ListItem\",\"position\":1,\"name\":\"Portada\",\"item\":\"https:\/\/www.noticiasradioreflejos.com.ar\/2021\/\"},{\"@type\":\"ListItem\",\"position\":2,\"name\":\"Con m\u00e1s de 5,5 millones de personas movilizadas, las vacaciones de invierno marcaron un nuevo r\u00e9cord\"}]},{\"@type\":\"WebSite\",\"@id\":\"https:\/\/www.noticiasradioreflejos.com.ar\/2021\/#website\",\"url\":\"https:\/\/www.noticiasradioreflejos.com.ar\/2021\/\",\"name\":\"Noticias Radio Reflejos\",\"description\":\"Las noticias de mi comarca\",\"potentialAction\":[{\"@type\":\"SearchAction\",\"target\":{\"@type\":\"EntryPoint\",\"urlTemplate\":\"https:\/\/www.noticiasradioreflejos.com.ar\/2021\/?s={search_term_string}\"},\"query-input\":{\"@type\":\"PropertyValueSpecification\",\"valueRequired\":true,\"valueName\":\"search_term_string\"}}],\"inLanguage\":\"es\"},{\"@type\":\"Person\",\"@id\":\"https:\/\/www.noticiasradioreflejos.com.ar\/2021\/#\/schema\/person\/ad82545263dcc5ec0996818884fd5fb1\",\"name\":\"Arnaldo Botto\",\"image\":{\"@type\":\"ImageObject\",\"inLanguage\":\"es\",\"@id\":\"https:\/\/www.noticiasradioreflejos.com.ar\/2021\/#\/schema\/person\/image\/\",\"url\":\"https:\/\/secure.gravatar.com\/avatar\/55cb5e37c1efa326397366e6974cb338056df65cb50e7d64d1cf314e87504837?s=96&d=mm&r=g\",\"contentUrl\":\"https:\/\/secure.gravatar.com\/avatar\/55cb5e37c1efa326397366e6974cb338056df65cb50e7d64d1cf314e87504837?s=96&d=mm&r=g\",\"caption\":\"Arnaldo Botto\"},\"url\":\"https:\/\/www.noticiasradioreflejos.com.ar\/2021\/author\/arnaldo\/\"}]}<\/script>\n<!-- \/ Yoast SEO plugin. -->","yoast_head_json":{"title":"Con m\u00e1s de 5,5 millones de personas movilizadas, las vacaciones de invierno marcaron un nuevo r\u00e9cord - Noticias Radio Reflejos","robots":{"index":"index","follow":"follow","max-snippet":"max-snippet:-1","max-image-preview":"max-image-preview:large","max-video-preview":"max-video-preview:-1"},"canonical":"https:\/\/www.noticiasradioreflejos.com.ar\/2021\/con-mas-de-55-millones-de-personas-movilizadas-las-vacaciones-de-invierno-marcaron-un-nuevo-record\/","og_locale":"es_ES","og_type":"article","og_title":"Con m\u00e1s de 5,5 millones de personas movilizadas, las vacaciones de invierno marcaron un nuevo r\u00e9cord - Noticias Radio Reflejos","og_description":"Las vacaciones de invierno movilizaron a m\u00e1s de 5,5 millones de turistas, lo que constituy\u00f3 un nuevo r\u00e9cord para esta fecha y super\u00f3 las expectativas del sector.","og_url":"https:\/\/www.noticiasradioreflejos.com.ar\/2021\/con-mas-de-55-millones-de-personas-movilizadas-las-vacaciones-de-invierno-marcaron-un-nuevo-record\/","og_site_name":"Noticias Radio Reflejos","article_published_time":"2023-07-31T12:16:17+00:00","article_modified_time":"2023-07-31T12:16:18+00:00","og_image":[{"url":"https:\/\/www.noticiasradioreflejos.com.ar\/2021\/wp-content\/uploads\/2023\/07\/Turismo-sierra.jpg","type":"","width":"","height":""}],"author":"Arnaldo Botto","twitter_card":"summary_large_image","schema":{"@context":"https:\/\/schema.org","@graph":[{"@type":"WebPage","@id":"https:\/\/www.noticiasradioreflejos.com.ar\/2021\/con-mas-de-55-millones-de-personas-movilizadas-las-vacaciones-de-invierno-marcaron-un-nuevo-record\/","url":"https:\/\/www.noticiasradioreflejos.com.ar\/2021\/con-mas-de-55-millones-de-personas-movilizadas-las-vacaciones-de-invierno-marcaron-un-nuevo-record\/","name":"Con m\u00e1s de 5,5 millones de personas movilizadas, las vacaciones de invierno marcaron un nuevo r\u00e9cord - Noticias Radio Reflejos","isPartOf":{"@id":"https:\/\/www.noticiasradioreflejos.com.ar\/2021\/#website"},"primaryImageOfPage":{"@id":"https:\/\/www.noticiasradioreflejos.com.ar\/2021\/con-mas-de-55-millones-de-personas-movilizadas-las-vacaciones-de-invierno-marcaron-un-nuevo-record\/#primaryimage"},"image":{"@id":"https:\/\/www.noticiasradioreflejos.com.ar\/2021\/con-mas-de-55-millones-de-personas-movilizadas-las-vacaciones-de-invierno-marcaron-un-nuevo-record\/#primaryimage"},"thumbnailUrl":"https:\/\/www.noticiasradioreflejos.com.ar\/2021\/wp-content\/uploads\/2023\/07\/Turismo-sierra.jpg","datePublished":"2023-07-31T12:16:17+00:00","dateModified":"2023-07-31T12:16:18+00:00","author":{"@id":"https:\/\/www.noticiasradioreflejos.com.ar\/2021\/#\/schema\/person\/ad82545263dcc5ec0996818884fd5fb1"},"breadcrumb":{"@id":"https:\/\/www.noticiasradioreflejos.com.ar\/2021\/con-mas-de-55-millones-de-personas-movilizadas-las-vacaciones-de-invierno-marcaron-un-nuevo-record\/#breadcrumb"},"inLanguage":"es","potentialAction":[{"@type":"ReadAction","target":["https:\/\/www.noticiasradioreflejos.com.ar\/2021\/con-mas-de-55-millones-de-personas-movilizadas-las-vacaciones-de-invierno-marcaron-un-nuevo-record\/"]}]},{"@type":"ImageObject","inLanguage":"es","@id":"https:\/\/www.noticiasradioreflejos.com.ar\/2021\/con-mas-de-55-millones-de-personas-movilizadas-las-vacaciones-de-invierno-marcaron-un-nuevo-record\/#primaryimage","url":"https:\/\/www.noticiasradioreflejos.com.ar\/2021\/wp-content\/uploads\/2023\/07\/Turismo-sierra.jpg","contentUrl":"https:\/\/www.noticiasradioreflejos.com.ar\/2021\/wp-content\/uploads\/2023\/07\/Turismo-sierra.jpg","width":1440,"height":1083},{"@type":"BreadcrumbList","@id":"https:\/\/www.noticiasradioreflejos.com.ar\/2021\/con-mas-de-55-millones-de-personas-movilizadas-las-vacaciones-de-invierno-marcaron-un-nuevo-record\/#breadcrumb","itemListElement":[{"@type":"ListItem","position":1,"name":"Portada","item":"https:\/\/www.noticiasradioreflejos.com.ar\/2021\/"},{"@type":"ListItem","position":2,"name":"Con m\u00e1s de 5,5 millones de personas movilizadas, las vacaciones de invierno marcaron un nuevo r\u00e9cord"}]},{"@type":"WebSite","@id":"https:\/\/www.noticiasradioreflejos.com.ar\/2021\/#website","url":"https:\/\/www.noticiasradioreflejos.com.ar\/2021\/","name":"Noticias Radio Reflejos","description":"Las noticias de mi comarca","potentialAction":[{"@type":"SearchAction","target":{"@type":"EntryPoint","urlTemplate":"https:\/\/www.noticiasradioreflejos.com.ar\/2021\/?s={search_term_string}"},"query-input":{"@type":"PropertyValueSpecification","valueRequired":true,"valueName":"search_term_string"}}],"inLanguage":"es"},{"@type":"Person","@id":"https:\/\/www.noticiasradioreflejos.com.ar\/2021\/#\/schema\/person\/ad82545263dcc5ec0996818884fd5fb1","name":"Arnaldo Botto","image":{"@type":"ImageObject","inLanguage":"es","@id":"https:\/\/www.noticiasradioreflejos.com.ar\/2021\/#\/schema\/person\/image\/","url":"https:\/\/secure.gravatar.com\/avatar\/55cb5e37c1efa326397366e6974cb338056df65cb50e7d64d1cf314e87504837?s=96&d=mm&r=g","contentUrl":"https:\/\/secure.gravatar.com\/avatar\/55cb5e37c1efa326397366e6974cb338056df65cb50e7d64d1cf314e87504837?s=96&d=mm&r=g","caption":"Arnaldo Botto"},"url":"https:\/\/www.noticiasradioreflejos.com.ar\/2021\/author\/arnaldo\/"}]}},"_links":{"self":[{"href":"https:\/\/www.noticiasradioreflejos.com.ar\/2021\/wp-json\/wp\/v2\/posts\/91034","targetHints":{"allow":["GET"]}}],"collection":[{"href":"https:\/\/www.noticiasradioreflejos.com.ar\/2021\/wp-json\/wp\/v2\/posts"}],"about":[{"href":"https:\/\/www.noticiasradioreflejos.com.ar\/2021\/wp-json\/wp\/v2\/types\/post"}],"author":[{"embeddable":true,"href":"https:\/\/www.noticiasradioreflejos.com.ar\/2021\/wp-json\/wp\/v2\/users\/3"}],"replies":[{"embeddable":true,"href":"https:\/\/www.noticiasradioreflejos.com.ar\/2021\/wp-json\/wp\/v2\/comments?post=91034"}],"version-history":[{"count":2,"href":"https:\/\/www.noticiasradioreflejos.com.ar\/2021\/wp-json\/wp\/v2\/posts\/91034\/revisions"}],"predecessor-version":[{"id":91039,"href":"https:\/\/www.noticiasradioreflejos.com.ar\/2021\/wp-json\/wp\/v2\/posts\/91034\/revisions\/91039"}],"wp:attachment":[{"href":"https:\/\/www.noticiasradioreflejos.com.ar\/2021\/wp-json\/wp\/v2\/media?parent=91034"}],"wp:term":[{"taxonomy":"category","embeddable":true,"href":"https:\/\/www.noticiasradioreflejos.com.ar\/2021\/wp-json\/wp\/v2\/categories?post=91034"},{"taxonomy":"post_tag","embeddable":true,"href":"https:\/\/www.noticiasradioreflejos.com.ar\/2021\/wp-json\/wp\/v2\/tags?post=91034"}],"curies":[{"name":"wp","href":"https:\/\/api.w.org\/{rel}","templated":true}]}}