{"id":90984,"date":"2023-07-28T12:12:07","date_gmt":"2023-07-28T12:12:07","guid":{"rendered":"https:\/\/www.noticiasradioreflejos.com.ar\/2021\/?p=90984"},"modified":"2023-07-28T12:12:07","modified_gmt":"2023-07-28T12:12:07","slug":"anses-anuncio-un-bono-de-36-000-para-jubilados-en-agosto-quienes-lo-cobran-y-cuando-se-paga","status":"publish","type":"post","link":"https:\/\/www.noticiasradioreflejos.com.ar\/2021\/anses-anuncio-un-bono-de-36-000-para-jubilados-en-agosto-quienes-lo-cobran-y-cuando-se-paga\/","title":{"rendered":"Anses anunci\u00f3 un bono de $36.000 para jubilados en agosto: qui\u00e9nes lo cobran y cu\u00e1ndo se paga"},"content":{"rendered":"<p>El organismo previsional pagar\u00e1 dos suplementos por el aumento del salario m\u00ednimo, uno de $15.000 correspondiente a julio y otro de $21.000 para el mes de agosto. Se pagar\u00e1n los dos el mismo d\u00eda, justo antes de las PASO-<!--more--><\/p>\n<article class=\"article\">\n<div class=\"sharebar-container\">\n<div class=\"sharebar-buttons-container\">\n<div class=\"sharebar-buttons button-listen\" tabindex=\"0\" role=\"button\">\n<p class=\"buttons-text\">\n<\/div>\n<\/div>\n<\/div>\n<div class=\"body-article\">\n<div class=\"visual__image\"><img loading=\"lazy\" decoding=\"async\" class=\" lazyload\" src=\"https:\/\/www.infobae.com\/new-resizer\/RmsZczQwIE4LixIYLEkECBdXiuY=\/arc-anglerfish-arc2-prod-infobae\/public\/I6CUH5Y3ZJG35KE7BVSEDHMUFI.jpg\" sizes=\"auto, (min-width: 800px) 50vw, 90vw\" srcset=\"https:\/\/www.infobae.com\/new-resizer\/_0eVNtWDfcx_dxyuLV9eu0qYMhg=\/420x236\/filters:format(webp):quality(85)\/cloudfront-us-east-1.images.arcpublishing.com\/infobae\/I6CUH5Y3ZJG35KE7BVSEDHMUFI.jpg 420w,https:\/\/www.infobae.com\/new-resizer\/mEX5L-VvC7eDW7iPRFvZihkmRFM=\/768x432\/filters:format(webp):quality(85)\/cloudfront-us-east-1.images.arcpublishing.com\/infobae\/I6CUH5Y3ZJG35KE7BVSEDHMUFI.jpg 768w,https:\/\/www.infobae.com\/new-resizer\/1BIHt1t4GOgkWc64brDS4O2Kkfs=\/992x558\/filters:format(webp):quality(85)\/cloudfront-us-east-1.images.arcpublishing.com\/infobae\/I6CUH5Y3ZJG35KE7BVSEDHMUFI.jpg 992w,https:\/\/www.infobae.com\/new-resizer\/yWZmpw6P5svYoIbLBu2Tck3QYAk=\/1200x675\/filters:format(webp):quality(85)\/cloudfront-us-east-1.images.arcpublishing.com\/infobae\/I6CUH5Y3ZJG35KE7BVSEDHMUFI.jpg 1200w,https:\/\/www.infobae.com\/new-resizer\/TjxDKvSHU7gHm20mALPqCW9ry4Y=\/1440x810\/filters:format(webp):quality(85)\/cloudfront-us-east-1.images.arcpublishing.com\/infobae\/I6CUH5Y3ZJG35KE7BVSEDHMUFI.jpg 1440w\" alt=\"La Anses pagar\u00e1 un suplemento a 1,4 mill\u00f3n de jubilados (Adri\u00e1n Escandar)\" width=\"1920\" height=\"1080\" data-src=\"https:\/\/www.infobae.com\/new-resizer\/RmsZczQwIE4LixIYLEkECBdXiuY=\/arc-anglerfish-arc2-prod-infobae\/public\/I6CUH5Y3ZJG35KE7BVSEDHMUFI.jpg\" \/><em>La Anses pagar\u00e1 un suplemento a 1,4 mill\u00f3n de jubilados (Adri\u00e1n Escandar)<\/em><\/div>\n<p data-mrf-recirculation=\"Links inline\">\n<p class=\"paragraph\" data-mrf-recirculation=\"Links inline\">La Administraci\u00f3n Nacional de la Seguridad Social (Anse) informo que durante el mes de agosto m\u00e1s de 1.400.000 jubilados y pensionados recibir\u00e1n dos suplementos excepcionales en sus pagos, en respuesta al reciente aumento del Salario M\u00ednimo, Vital y M\u00f3vil (SMVM). Todas las fechas de pago son previas a las elecciones primarias abiertas simult\u00e1neas y obligatorias (PASO) presidenciales del domingo 13 de agosto, con lo cual el anuncio tiene un fuerte peso pol\u00edtico.<\/p>\n<p class=\"paragraph\" data-mrf-recirculation=\"Links inline\">El primer suplemento, correspondiente al mes de julio, ser\u00e1 de\u00a0<b>15 mil pesos<\/b>. El segundo, correspondiente a agosto, ascender\u00e1 a\u00a0<b>21 mil pesos<\/b>. Estos montos adicionales se sumar\u00e1n al refuerzo habitual de 20 mil pesos que el organismo previsional abona a los jubilados que perciben el monto m\u00ednimo.<\/p>\n<p class=\"paragraph\" data-mrf-recirculation=\"Links inline\">Con esta medida, los\u00a0<b>jubilados y pensionados que cuenten con 30 a\u00f1os o m\u00e1s de aportes efectivos, sin moratoria ni plan de pago para cancelar a\u00f1os de aportes,<\/b>\u00a0recibir\u00e1n en el mes de agosto un total de 127.822 pesos. Esta suma incluir\u00e1 el haber mensual, el refuerzo de ANses y los suplementos por el aumento del SMVM.<\/p>\n<p class=\"paragraph\" data-mrf-recirculation=\"Links inline\">Para facilitar el proceso de pago, Anses estableci\u00f3 un calendario de cobro seg\u00fan el \u00faltimo n\u00famero del Documento Nacional de Identidad (DNI) de los beneficiarios:<\/p>\n<ul class=\"list\" data-icon=\"\u2b24\">\n<li data-icon=\"\u2b24\">DNI terminados en 0 y 1: 7 de agosto<\/li>\n<li data-icon=\"\u2b24\">DNI terminados en 2 y 3: 8 de agosto<\/li>\n<li data-icon=\"\u2b24\">DNI terminados en 4 y 5: 9 de agosto<\/li>\n<li data-icon=\"\u2b24\">DNI terminados en 6 y 7: 10 de agosto<\/li>\n<li data-icon=\"\u2b24\">DNI terminados en 8 y 9: 11 de agosto<\/li>\n<\/ul>\n<p class=\"paragraph\" data-mrf-recirculation=\"Links inline\">De esta manera, se busca garantizar un pago ordenado y evitar aglomeraciones en las entidades bancarias.<\/p>\n<p class=\"paragraph\" data-mrf-recirculation=\"Links inline\">Estos pagos extraordinarios buscan brindar un alivio econ\u00f3mico a los jubilados y pensionados, ante el contexto de aumentos en el costo de vida y la necesidad de proteger los ingresos de los sectores m\u00e1s vulnerables de la poblaci\u00f3n.<\/p>\n<h2 class=\"header headline-class-h2\">\u00bfQui\u00e9nes van a cobrar los suplementos?<\/h2>\n<p class=\"paragraph\" data-mrf-recirculation=\"Links inline\">Los suplementos anunciados por ANSES ser\u00e1n cobrados por jubilados y pensionados que cumplan con ciertos requisitos espec\u00edficos. Seg\u00fan el anuncio, los beneficiarios que recibir\u00e1n estos suplementos son:<\/p>\n<ul class=\"list\" data-icon=\"\u2b24\">\n<li data-icon=\"\u2b24\"><b>Jubilados y pensionados<\/b>: Los adultos mayores que ya est\u00e1n jubilados o reciben una pensi\u00f3n.<\/li>\n<li data-icon=\"\u2b24\"><b>Cantidad de beneficiarios<\/b>: M\u00e1s de 1.400.000 jubilados y pensionados ser\u00e1n alcanzados por estos pagos excepcionales.<\/li>\n<li data-icon=\"\u2b24\"><b>Condiciones para recibir los suplementos<\/b>: Los beneficiarios deber\u00e1n cumplir con los siguientes criterios:<br \/>\nContar con 30 a\u00f1os o m\u00e1s de aportes efectivos: Es decir, haber realizado contribuciones durante al menos 30 a\u00f1os al sistema previsional.<br \/>\nNo poseer moratoria ni plan de pago para cancelar a\u00f1os de aportes: Aquellos jubilados que hayan cumplido con sus aportes sin recurrir a planes de pago especiales ser\u00e1n elegibles para recibir los suplementos.<\/li>\n<\/ul>\n<p class=\"paragraph\" data-mrf-recirculation=\"Links inline\">Es importante destacar que estos suplementos se sumar\u00e1n al refuerzo habitual de 20 mil pesos que Anses abona a los jubilados que perciben el monto m\u00ednimo. Por lo tanto, aquellos jubilados y pensionados que cumplan con los requisitos mencionados anteriormente recibir\u00e1n, adem\u00e1s de su haber mensual, los dos suplementos excepcionales correspondientes a los meses de julio y agosto, tal como fue anunciado por la Administraci\u00f3n Nacional de la Seguridad Social.<\/p>\n<\/div>\n<\/article>\n","protected":false},"excerpt":{"rendered":"<p>El organismo previsional pagar\u00e1 dos suplementos por el aumento del salario m\u00ednimo, uno de $15.000 correspondiente a julio y otro de $21.000 para el mes de agosto. Se pagar\u00e1n los dos el mismo d\u00eda, justo antes de las PASO-<\/p>\n","protected":false},"author":3,"featured_media":56580,"comment_status":"closed","ping_status":"closed","sticky":false,"template":"","format":"standard","meta":{"footnotes":""},"categories":[1],"tags":[],"class_list":["post-90984","post","type-post","status-publish","format-standard","has-post-thumbnail","hentry","category-sin-categoria"],"yoast_head":"<!-- This site is optimized with the Yoast SEO plugin v25.9 - https:\/\/yoast.com\/wordpress\/plugins\/seo\/ -->\n<title>Anses anunci\u00f3 un bono de $36.000 para jubilados en agosto: qui\u00e9nes lo cobran y cu\u00e1ndo se paga - Noticias Radio Reflejos<\/title>\n<meta name=\"robots\" content=\"index, follow, max-snippet:-1, max-image-preview:large, max-video-preview:-1\" \/>\n<link rel=\"canonical\" href=\"https:\/\/www.noticiasradioreflejos.com.ar\/2021\/anses-anuncio-un-bono-de-36-000-para-jubilados-en-agosto-quienes-lo-cobran-y-cuando-se-paga\/\" \/>\n<meta property=\"og:locale\" content=\"es_ES\" \/>\n<meta property=\"og:type\" content=\"article\" \/>\n<meta property=\"og:title\" content=\"Anses anunci\u00f3 un bono de $36.000 para jubilados en agosto: qui\u00e9nes lo cobran y cu\u00e1ndo se paga - Noticias Radio Reflejos\" \/>\n<meta property=\"og:description\" content=\"El organismo previsional pagar\u00e1 dos suplementos por el aumento del salario m\u00ednimo, uno de $15.000 correspondiente a julio y otro de $21.000 para el mes de agosto. Se pagar\u00e1n los dos el mismo d\u00eda, justo antes de las PASO-\" \/>\n<meta property=\"og:url\" content=\"https:\/\/www.noticiasradioreflejos.com.ar\/2021\/anses-anuncio-un-bono-de-36-000-para-jubilados-en-agosto-quienes-lo-cobran-y-cuando-se-paga\/\" \/>\n<meta property=\"og:site_name\" content=\"Noticias Radio Reflejos\" \/>\n<meta property=\"article:published_time\" content=\"2023-07-28T12:12:07+00:00\" \/>\n<meta property=\"og:image\" content=\"https:\/\/www.noticiasradioreflejos.com.ar\/2021\/wp-content\/uploads\/2021\/05\/calendario-pagos-la-anses.jpg\" \/>\n\t<meta property=\"og:image:width\" content=\"770\" \/>\n\t<meta property=\"og:image:height\" content=\"433\" \/>\n\t<meta property=\"og:image:type\" content=\"image\/jpeg\" \/>\n<meta name=\"author\" content=\"Arnaldo Botto\" \/>\n<meta name=\"twitter:card\" content=\"summary_large_image\" \/>\n<script type=\"application\/ld+json\" class=\"yoast-schema-graph\">{\"@context\":\"https:\/\/schema.org\",\"@graph\":[{\"@type\":\"WebPage\",\"@id\":\"https:\/\/www.noticiasradioreflejos.com.ar\/2021\/anses-anuncio-un-bono-de-36-000-para-jubilados-en-agosto-quienes-lo-cobran-y-cuando-se-paga\/\",\"url\":\"https:\/\/www.noticiasradioreflejos.com.ar\/2021\/anses-anuncio-un-bono-de-36-000-para-jubilados-en-agosto-quienes-lo-cobran-y-cuando-se-paga\/\",\"name\":\"Anses anunci\u00f3 un bono de $36.000 para jubilados en agosto: qui\u00e9nes lo cobran y cu\u00e1ndo se paga - Noticias Radio Reflejos\",\"isPartOf\":{\"@id\":\"https:\/\/www.noticiasradioreflejos.com.ar\/2021\/#website\"},\"primaryImageOfPage\":{\"@id\":\"https:\/\/www.noticiasradioreflejos.com.ar\/2021\/anses-anuncio-un-bono-de-36-000-para-jubilados-en-agosto-quienes-lo-cobran-y-cuando-se-paga\/#primaryimage\"},\"image\":{\"@id\":\"https:\/\/www.noticiasradioreflejos.com.ar\/2021\/anses-anuncio-un-bono-de-36-000-para-jubilados-en-agosto-quienes-lo-cobran-y-cuando-se-paga\/#primaryimage\"},\"thumbnailUrl\":\"https:\/\/www.noticiasradioreflejos.com.ar\/2021\/wp-content\/uploads\/2021\/05\/calendario-pagos-la-anses.jpg\",\"datePublished\":\"2023-07-28T12:12:07+00:00\",\"author\":{\"@id\":\"https:\/\/www.noticiasradioreflejos.com.ar\/2021\/#\/schema\/person\/ad82545263dcc5ec0996818884fd5fb1\"},\"breadcrumb\":{\"@id\":\"https:\/\/www.noticiasradioreflejos.com.ar\/2021\/anses-anuncio-un-bono-de-36-000-para-jubilados-en-agosto-quienes-lo-cobran-y-cuando-se-paga\/#breadcrumb\"},\"inLanguage\":\"es\",\"potentialAction\":[{\"@type\":\"ReadAction\",\"target\":[\"https:\/\/www.noticiasradioreflejos.com.ar\/2021\/anses-anuncio-un-bono-de-36-000-para-jubilados-en-agosto-quienes-lo-cobran-y-cuando-se-paga\/\"]}]},{\"@type\":\"ImageObject\",\"inLanguage\":\"es\",\"@id\":\"https:\/\/www.noticiasradioreflejos.com.ar\/2021\/anses-anuncio-un-bono-de-36-000-para-jubilados-en-agosto-quienes-lo-cobran-y-cuando-se-paga\/#primaryimage\",\"url\":\"https:\/\/www.noticiasradioreflejos.com.ar\/2021\/wp-content\/uploads\/2021\/05\/calendario-pagos-la-anses.jpg\",\"contentUrl\":\"https:\/\/www.noticiasradioreflejos.com.ar\/2021\/wp-content\/uploads\/2021\/05\/calendario-pagos-la-anses.jpg\",\"width\":770,\"height\":433},{\"@type\":\"BreadcrumbList\",\"@id\":\"https:\/\/www.noticiasradioreflejos.com.ar\/2021\/anses-anuncio-un-bono-de-36-000-para-jubilados-en-agosto-quienes-lo-cobran-y-cuando-se-paga\/#breadcrumb\",\"itemListElement\":[{\"@type\":\"ListItem\",\"position\":1,\"name\":\"Portada\",\"item\":\"https:\/\/www.noticiasradioreflejos.com.ar\/2021\/\"},{\"@type\":\"ListItem\",\"position\":2,\"name\":\"Anses anunci\u00f3 un bono de $36.000 para jubilados en agosto: qui\u00e9nes lo cobran y cu\u00e1ndo se paga\"}]},{\"@type\":\"WebSite\",\"@id\":\"https:\/\/www.noticiasradioreflejos.com.ar\/2021\/#website\",\"url\":\"https:\/\/www.noticiasradioreflejos.com.ar\/2021\/\",\"name\":\"Noticias Radio Reflejos\",\"description\":\"Las noticias de mi comarca\",\"potentialAction\":[{\"@type\":\"SearchAction\",\"target\":{\"@type\":\"EntryPoint\",\"urlTemplate\":\"https:\/\/www.noticiasradioreflejos.com.ar\/2021\/?s={search_term_string}\"},\"query-input\":{\"@type\":\"PropertyValueSpecification\",\"valueRequired\":true,\"valueName\":\"search_term_string\"}}],\"inLanguage\":\"es\"},{\"@type\":\"Person\",\"@id\":\"https:\/\/www.noticiasradioreflejos.com.ar\/2021\/#\/schema\/person\/ad82545263dcc5ec0996818884fd5fb1\",\"name\":\"Arnaldo Botto\",\"image\":{\"@type\":\"ImageObject\",\"inLanguage\":\"es\",\"@id\":\"https:\/\/www.noticiasradioreflejos.com.ar\/2021\/#\/schema\/person\/image\/\",\"url\":\"https:\/\/secure.gravatar.com\/avatar\/55cb5e37c1efa326397366e6974cb338056df65cb50e7d64d1cf314e87504837?s=96&d=mm&r=g\",\"contentUrl\":\"https:\/\/secure.gravatar.com\/avatar\/55cb5e37c1efa326397366e6974cb338056df65cb50e7d64d1cf314e87504837?s=96&d=mm&r=g\",\"caption\":\"Arnaldo Botto\"},\"url\":\"https:\/\/www.noticiasradioreflejos.com.ar\/2021\/author\/arnaldo\/\"}]}<\/script>\n<!-- \/ Yoast SEO plugin. -->","yoast_head_json":{"title":"Anses anunci\u00f3 un bono de $36.000 para jubilados en agosto: qui\u00e9nes lo cobran y cu\u00e1ndo se paga - Noticias Radio Reflejos","robots":{"index":"index","follow":"follow","max-snippet":"max-snippet:-1","max-image-preview":"max-image-preview:large","max-video-preview":"max-video-preview:-1"},"canonical":"https:\/\/www.noticiasradioreflejos.com.ar\/2021\/anses-anuncio-un-bono-de-36-000-para-jubilados-en-agosto-quienes-lo-cobran-y-cuando-se-paga\/","og_locale":"es_ES","og_type":"article","og_title":"Anses anunci\u00f3 un bono de $36.000 para jubilados en agosto: qui\u00e9nes lo cobran y cu\u00e1ndo se paga - Noticias Radio Reflejos","og_description":"El organismo previsional pagar\u00e1 dos suplementos por el aumento del salario m\u00ednimo, uno de $15.000 correspondiente a julio y otro de $21.000 para el mes de agosto. Se pagar\u00e1n los dos el mismo d\u00eda, justo antes de las PASO-","og_url":"https:\/\/www.noticiasradioreflejos.com.ar\/2021\/anses-anuncio-un-bono-de-36-000-para-jubilados-en-agosto-quienes-lo-cobran-y-cuando-se-paga\/","og_site_name":"Noticias Radio Reflejos","article_published_time":"2023-07-28T12:12:07+00:00","og_image":[{"width":770,"height":433,"url":"https:\/\/www.noticiasradioreflejos.com.ar\/2021\/wp-content\/uploads\/2021\/05\/calendario-pagos-la-anses.jpg","type":"image\/jpeg"}],"author":"Arnaldo Botto","twitter_card":"summary_large_image","schema":{"@context":"https:\/\/schema.org","@graph":[{"@type":"WebPage","@id":"https:\/\/www.noticiasradioreflejos.com.ar\/2021\/anses-anuncio-un-bono-de-36-000-para-jubilados-en-agosto-quienes-lo-cobran-y-cuando-se-paga\/","url":"https:\/\/www.noticiasradioreflejos.com.ar\/2021\/anses-anuncio-un-bono-de-36-000-para-jubilados-en-agosto-quienes-lo-cobran-y-cuando-se-paga\/","name":"Anses anunci\u00f3 un bono de $36.000 para jubilados en agosto: qui\u00e9nes lo cobran y cu\u00e1ndo se paga - Noticias Radio Reflejos","isPartOf":{"@id":"https:\/\/www.noticiasradioreflejos.com.ar\/2021\/#website"},"primaryImageOfPage":{"@id":"https:\/\/www.noticiasradioreflejos.com.ar\/2021\/anses-anuncio-un-bono-de-36-000-para-jubilados-en-agosto-quienes-lo-cobran-y-cuando-se-paga\/#primaryimage"},"image":{"@id":"https:\/\/www.noticiasradioreflejos.com.ar\/2021\/anses-anuncio-un-bono-de-36-000-para-jubilados-en-agosto-quienes-lo-cobran-y-cuando-se-paga\/#primaryimage"},"thumbnailUrl":"https:\/\/www.noticiasradioreflejos.com.ar\/2021\/wp-content\/uploads\/2021\/05\/calendario-pagos-la-anses.jpg","datePublished":"2023-07-28T12:12:07+00:00","author":{"@id":"https:\/\/www.noticiasradioreflejos.com.ar\/2021\/#\/schema\/person\/ad82545263dcc5ec0996818884fd5fb1"},"breadcrumb":{"@id":"https:\/\/www.noticiasradioreflejos.com.ar\/2021\/anses-anuncio-un-bono-de-36-000-para-jubilados-en-agosto-quienes-lo-cobran-y-cuando-se-paga\/#breadcrumb"},"inLanguage":"es","potentialAction":[{"@type":"ReadAction","target":["https:\/\/www.noticiasradioreflejos.com.ar\/2021\/anses-anuncio-un-bono-de-36-000-para-jubilados-en-agosto-quienes-lo-cobran-y-cuando-se-paga\/"]}]},{"@type":"ImageObject","inLanguage":"es","@id":"https:\/\/www.noticiasradioreflejos.com.ar\/2021\/anses-anuncio-un-bono-de-36-000-para-jubilados-en-agosto-quienes-lo-cobran-y-cuando-se-paga\/#primaryimage","url":"https:\/\/www.noticiasradioreflejos.com.ar\/2021\/wp-content\/uploads\/2021\/05\/calendario-pagos-la-anses.jpg","contentUrl":"https:\/\/www.noticiasradioreflejos.com.ar\/2021\/wp-content\/uploads\/2021\/05\/calendario-pagos-la-anses.jpg","width":770,"height":433},{"@type":"BreadcrumbList","@id":"https:\/\/www.noticiasradioreflejos.com.ar\/2021\/anses-anuncio-un-bono-de-36-000-para-jubilados-en-agosto-quienes-lo-cobran-y-cuando-se-paga\/#breadcrumb","itemListElement":[{"@type":"ListItem","position":1,"name":"Portada","item":"https:\/\/www.noticiasradioreflejos.com.ar\/2021\/"},{"@type":"ListItem","position":2,"name":"Anses anunci\u00f3 un bono de $36.000 para jubilados en agosto: qui\u00e9nes lo cobran y cu\u00e1ndo se paga"}]},{"@type":"WebSite","@id":"https:\/\/www.noticiasradioreflejos.com.ar\/2021\/#website","url":"https:\/\/www.noticiasradioreflejos.com.ar\/2021\/","name":"Noticias Radio Reflejos","description":"Las noticias de mi comarca","potentialAction":[{"@type":"SearchAction","target":{"@type":"EntryPoint","urlTemplate":"https:\/\/www.noticiasradioreflejos.com.ar\/2021\/?s={search_term_string}"},"query-input":{"@type":"PropertyValueSpecification","valueRequired":true,"valueName":"search_term_string"}}],"inLanguage":"es"},{"@type":"Person","@id":"https:\/\/www.noticiasradioreflejos.com.ar\/2021\/#\/schema\/person\/ad82545263dcc5ec0996818884fd5fb1","name":"Arnaldo Botto","image":{"@type":"ImageObject","inLanguage":"es","@id":"https:\/\/www.noticiasradioreflejos.com.ar\/2021\/#\/schema\/person\/image\/","url":"https:\/\/secure.gravatar.com\/avatar\/55cb5e37c1efa326397366e6974cb338056df65cb50e7d64d1cf314e87504837?s=96&d=mm&r=g","contentUrl":"https:\/\/secure.gravatar.com\/avatar\/55cb5e37c1efa326397366e6974cb338056df65cb50e7d64d1cf314e87504837?s=96&d=mm&r=g","caption":"Arnaldo Botto"},"url":"https:\/\/www.noticiasradioreflejos.com.ar\/2021\/author\/arnaldo\/"}]}},"_links":{"self":[{"href":"https:\/\/www.noticiasradioreflejos.com.ar\/2021\/wp-json\/wp\/v2\/posts\/90984","targetHints":{"allow":["GET"]}}],"collection":[{"href":"https:\/\/www.noticiasradioreflejos.com.ar\/2021\/wp-json\/wp\/v2\/posts"}],"about":[{"href":"https:\/\/www.noticiasradioreflejos.com.ar\/2021\/wp-json\/wp\/v2\/types\/post"}],"author":[{"embeddable":true,"href":"https:\/\/www.noticiasradioreflejos.com.ar\/2021\/wp-json\/wp\/v2\/users\/3"}],"replies":[{"embeddable":true,"href":"https:\/\/www.noticiasradioreflejos.com.ar\/2021\/wp-json\/wp\/v2\/comments?post=90984"}],"version-history":[{"count":1,"href":"https:\/\/www.noticiasradioreflejos.com.ar\/2021\/wp-json\/wp\/v2\/posts\/90984\/revisions"}],"predecessor-version":[{"id":90985,"href":"https:\/\/www.noticiasradioreflejos.com.ar\/2021\/wp-json\/wp\/v2\/posts\/90984\/revisions\/90985"}],"wp:featuredmedia":[{"embeddable":true,"href":"https:\/\/www.noticiasradioreflejos.com.ar\/2021\/wp-json\/wp\/v2\/media\/56580"}],"wp:attachment":[{"href":"https:\/\/www.noticiasradioreflejos.com.ar\/2021\/wp-json\/wp\/v2\/media?parent=90984"}],"wp:term":[{"taxonomy":"category","embeddable":true,"href":"https:\/\/www.noticiasradioreflejos.com.ar\/2021\/wp-json\/wp\/v2\/categories?post=90984"},{"taxonomy":"post_tag","embeddable":true,"href":"https:\/\/www.noticiasradioreflejos.com.ar\/2021\/wp-json\/wp\/v2\/tags?post=90984"}],"curies":[{"name":"wp","href":"https:\/\/api.w.org\/{rel}","templated":true}]}}