{"id":90930,"date":"2023-07-26T23:54:39","date_gmt":"2023-07-26T23:54:39","guid":{"rendered":"https:\/\/www.noticiasradioreflejos.com.ar\/2021\/?p=90930"},"modified":"2023-07-26T23:54:39","modified_gmt":"2023-07-26T23:54:39","slug":"federico-labarthe-con-respaldo-seccional-y-provincial","status":"publish","type":"post","link":"https:\/\/www.noticiasradioreflejos.com.ar\/2021\/federico-labarthe-con-respaldo-seccional-y-provincial\/","title":{"rendered":"Federico Labarthe con respaldo seccional y provincial"},"content":{"rendered":"<p>El precandidato a Intendente Federico Labarthe mantuvo una reuni\u00f3n con el Intendente de Trenque Lauquen y precandidato a Vicegobernador de la Provincia de Buenos Aires, Miguel Fern\u00e1ndez. Tambi\u00e9n particip\u00f3 la precandidata a Senadora Provincial Nerina Neumann. <!--more--><\/p>\n<p>Al finalizar el encuentro recorrieron la f\u00e1brica textil \u00abSox Pig\u00fce\u00bb, que emplea alrededor de 130 personas. <\/p>\n<p>Miguel Fern\u00e1ndez acompa\u00f1a la precandidatura a Gobernador de Nestor Grindetti y la precandidatura a la Presidencia de la Naci\u00f3n de Patricia Bullrich. <\/p>\n<p><a data-flickr-embed=\"true\" data-footer=\"true\" href=\"https:\/\/www.flickr.com\/photos\/182279889@N02\/53073851101\/in\/dateposted-public\/\" title=\"labarthe\"><img loading=\"lazy\" decoding=\"async\" src=\"https:\/\/live.staticflickr.com\/65535\/53073851101_364591aa73.jpg\" width=\"500\" height=\"352\" alt=\"labarthe\"\/><\/a><script async src=\"\/\/embedr.flickr.com\/assets\/client-code.js\" charset=\"utf-8\"><\/script><\/p>\n<p>#LaFuerzaDelCambio <\/p>\n","protected":false},"excerpt":{"rendered":"<p>El precandidato a Intendente Federico Labarthe mantuvo una reuni\u00f3n con el Intendente de Trenque Lauquen y precandidato a Vicegobernador de la Provincia de Buenos Aires, Miguel Fern\u00e1ndez. Tambi\u00e9n particip\u00f3 la precandidata a Senadora Provincial Nerina Neumann.<\/p>\n","protected":false},"author":3,"featured_media":0,"comment_status":"closed","ping_status":"closed","sticky":false,"template":"","format":"standard","meta":{"footnotes":""},"categories":[24],"tags":[],"class_list":["post-90930","post","type-post","status-publish","format-standard","hentry","category-politica"],"yoast_head":"<!-- This site is optimized with the Yoast SEO plugin v25.9 - https:\/\/yoast.com\/wordpress\/plugins\/seo\/ -->\n<title>Federico Labarthe con respaldo seccional y provincial - Noticias Radio Reflejos<\/title>\n<meta name=\"robots\" content=\"index, follow, max-snippet:-1, max-image-preview:large, max-video-preview:-1\" \/>\n<link rel=\"canonical\" href=\"https:\/\/www.noticiasradioreflejos.com.ar\/2021\/federico-labarthe-con-respaldo-seccional-y-provincial\/\" \/>\n<meta property=\"og:locale\" content=\"es_ES\" \/>\n<meta property=\"og:type\" content=\"article\" \/>\n<meta property=\"og:title\" content=\"Federico Labarthe con respaldo seccional y provincial - Noticias Radio Reflejos\" \/>\n<meta property=\"og:description\" content=\"El precandidato a Intendente Federico Labarthe mantuvo una reuni\u00f3n con el Intendente de Trenque Lauquen y precandidato a Vicegobernador de la Provincia de Buenos Aires, Miguel Fern\u00e1ndez. Tambi\u00e9n particip\u00f3 la precandidata a Senadora Provincial Nerina Neumann.\" \/>\n<meta property=\"og:url\" content=\"https:\/\/www.noticiasradioreflejos.com.ar\/2021\/federico-labarthe-con-respaldo-seccional-y-provincial\/\" \/>\n<meta property=\"og:site_name\" content=\"Noticias Radio Reflejos\" \/>\n<meta property=\"article:published_time\" content=\"2023-07-26T23:54:39+00:00\" \/>\n<meta property=\"og:image\" content=\"https:\/\/live.staticflickr.com\/65535\/53073851101_364591aa73.jpg\" \/>\n<meta name=\"author\" content=\"Arnaldo Botto\" \/>\n<meta name=\"twitter:card\" content=\"summary_large_image\" \/>\n<script type=\"application\/ld+json\" class=\"yoast-schema-graph\">{\"@context\":\"https:\/\/schema.org\",\"@graph\":[{\"@type\":\"WebPage\",\"@id\":\"https:\/\/www.noticiasradioreflejos.com.ar\/2021\/federico-labarthe-con-respaldo-seccional-y-provincial\/\",\"url\":\"https:\/\/www.noticiasradioreflejos.com.ar\/2021\/federico-labarthe-con-respaldo-seccional-y-provincial\/\",\"name\":\"Federico Labarthe con respaldo seccional y provincial - Noticias Radio Reflejos\",\"isPartOf\":{\"@id\":\"https:\/\/www.noticiasradioreflejos.com.ar\/2021\/#website\"},\"primaryImageOfPage\":{\"@id\":\"https:\/\/www.noticiasradioreflejos.com.ar\/2021\/federico-labarthe-con-respaldo-seccional-y-provincial\/#primaryimage\"},\"image\":{\"@id\":\"https:\/\/www.noticiasradioreflejos.com.ar\/2021\/federico-labarthe-con-respaldo-seccional-y-provincial\/#primaryimage\"},\"thumbnailUrl\":\"https:\/\/live.staticflickr.com\/65535\/53073851101_364591aa73.jpg\",\"datePublished\":\"2023-07-26T23:54:39+00:00\",\"author\":{\"@id\":\"https:\/\/www.noticiasradioreflejos.com.ar\/2021\/#\/schema\/person\/ad82545263dcc5ec0996818884fd5fb1\"},\"breadcrumb\":{\"@id\":\"https:\/\/www.noticiasradioreflejos.com.ar\/2021\/federico-labarthe-con-respaldo-seccional-y-provincial\/#breadcrumb\"},\"inLanguage\":\"es\",\"potentialAction\":[{\"@type\":\"ReadAction\",\"target\":[\"https:\/\/www.noticiasradioreflejos.com.ar\/2021\/federico-labarthe-con-respaldo-seccional-y-provincial\/\"]}]},{\"@type\":\"ImageObject\",\"inLanguage\":\"es\",\"@id\":\"https:\/\/www.noticiasradioreflejos.com.ar\/2021\/federico-labarthe-con-respaldo-seccional-y-provincial\/#primaryimage\",\"url\":\"https:\/\/live.staticflickr.com\/65535\/53073851101_364591aa73.jpg\",\"contentUrl\":\"https:\/\/live.staticflickr.com\/65535\/53073851101_364591aa73.jpg\"},{\"@type\":\"BreadcrumbList\",\"@id\":\"https:\/\/www.noticiasradioreflejos.com.ar\/2021\/federico-labarthe-con-respaldo-seccional-y-provincial\/#breadcrumb\",\"itemListElement\":[{\"@type\":\"ListItem\",\"position\":1,\"name\":\"Portada\",\"item\":\"https:\/\/www.noticiasradioreflejos.com.ar\/2021\/\"},{\"@type\":\"ListItem\",\"position\":2,\"name\":\"Federico Labarthe con respaldo seccional y provincial\"}]},{\"@type\":\"WebSite\",\"@id\":\"https:\/\/www.noticiasradioreflejos.com.ar\/2021\/#website\",\"url\":\"https:\/\/www.noticiasradioreflejos.com.ar\/2021\/\",\"name\":\"Noticias Radio Reflejos\",\"description\":\"Las noticias de mi comarca\",\"potentialAction\":[{\"@type\":\"SearchAction\",\"target\":{\"@type\":\"EntryPoint\",\"urlTemplate\":\"https:\/\/www.noticiasradioreflejos.com.ar\/2021\/?s={search_term_string}\"},\"query-input\":{\"@type\":\"PropertyValueSpecification\",\"valueRequired\":true,\"valueName\":\"search_term_string\"}}],\"inLanguage\":\"es\"},{\"@type\":\"Person\",\"@id\":\"https:\/\/www.noticiasradioreflejos.com.ar\/2021\/#\/schema\/person\/ad82545263dcc5ec0996818884fd5fb1\",\"name\":\"Arnaldo Botto\",\"image\":{\"@type\":\"ImageObject\",\"inLanguage\":\"es\",\"@id\":\"https:\/\/www.noticiasradioreflejos.com.ar\/2021\/#\/schema\/person\/image\/\",\"url\":\"https:\/\/secure.gravatar.com\/avatar\/55cb5e37c1efa326397366e6974cb338056df65cb50e7d64d1cf314e87504837?s=96&d=mm&r=g\",\"contentUrl\":\"https:\/\/secure.gravatar.com\/avatar\/55cb5e37c1efa326397366e6974cb338056df65cb50e7d64d1cf314e87504837?s=96&d=mm&r=g\",\"caption\":\"Arnaldo Botto\"},\"url\":\"https:\/\/www.noticiasradioreflejos.com.ar\/2021\/author\/arnaldo\/\"}]}<\/script>\n<!-- \/ Yoast SEO plugin. -->","yoast_head_json":{"title":"Federico Labarthe con respaldo seccional y provincial - Noticias Radio Reflejos","robots":{"index":"index","follow":"follow","max-snippet":"max-snippet:-1","max-image-preview":"max-image-preview:large","max-video-preview":"max-video-preview:-1"},"canonical":"https:\/\/www.noticiasradioreflejos.com.ar\/2021\/federico-labarthe-con-respaldo-seccional-y-provincial\/","og_locale":"es_ES","og_type":"article","og_title":"Federico Labarthe con respaldo seccional y provincial - Noticias Radio Reflejos","og_description":"El precandidato a Intendente Federico Labarthe mantuvo una reuni\u00f3n con el Intendente de Trenque Lauquen y precandidato a Vicegobernador de la Provincia de Buenos Aires, Miguel Fern\u00e1ndez. Tambi\u00e9n particip\u00f3 la precandidata a Senadora Provincial Nerina Neumann.","og_url":"https:\/\/www.noticiasradioreflejos.com.ar\/2021\/federico-labarthe-con-respaldo-seccional-y-provincial\/","og_site_name":"Noticias Radio Reflejos","article_published_time":"2023-07-26T23:54:39+00:00","og_image":[{"url":"https:\/\/live.staticflickr.com\/65535\/53073851101_364591aa73.jpg","type":"","width":"","height":""}],"author":"Arnaldo Botto","twitter_card":"summary_large_image","schema":{"@context":"https:\/\/schema.org","@graph":[{"@type":"WebPage","@id":"https:\/\/www.noticiasradioreflejos.com.ar\/2021\/federico-labarthe-con-respaldo-seccional-y-provincial\/","url":"https:\/\/www.noticiasradioreflejos.com.ar\/2021\/federico-labarthe-con-respaldo-seccional-y-provincial\/","name":"Federico Labarthe con respaldo seccional y provincial - Noticias Radio Reflejos","isPartOf":{"@id":"https:\/\/www.noticiasradioreflejos.com.ar\/2021\/#website"},"primaryImageOfPage":{"@id":"https:\/\/www.noticiasradioreflejos.com.ar\/2021\/federico-labarthe-con-respaldo-seccional-y-provincial\/#primaryimage"},"image":{"@id":"https:\/\/www.noticiasradioreflejos.com.ar\/2021\/federico-labarthe-con-respaldo-seccional-y-provincial\/#primaryimage"},"thumbnailUrl":"https:\/\/live.staticflickr.com\/65535\/53073851101_364591aa73.jpg","datePublished":"2023-07-26T23:54:39+00:00","author":{"@id":"https:\/\/www.noticiasradioreflejos.com.ar\/2021\/#\/schema\/person\/ad82545263dcc5ec0996818884fd5fb1"},"breadcrumb":{"@id":"https:\/\/www.noticiasradioreflejos.com.ar\/2021\/federico-labarthe-con-respaldo-seccional-y-provincial\/#breadcrumb"},"inLanguage":"es","potentialAction":[{"@type":"ReadAction","target":["https:\/\/www.noticiasradioreflejos.com.ar\/2021\/federico-labarthe-con-respaldo-seccional-y-provincial\/"]}]},{"@type":"ImageObject","inLanguage":"es","@id":"https:\/\/www.noticiasradioreflejos.com.ar\/2021\/federico-labarthe-con-respaldo-seccional-y-provincial\/#primaryimage","url":"https:\/\/live.staticflickr.com\/65535\/53073851101_364591aa73.jpg","contentUrl":"https:\/\/live.staticflickr.com\/65535\/53073851101_364591aa73.jpg"},{"@type":"BreadcrumbList","@id":"https:\/\/www.noticiasradioreflejos.com.ar\/2021\/federico-labarthe-con-respaldo-seccional-y-provincial\/#breadcrumb","itemListElement":[{"@type":"ListItem","position":1,"name":"Portada","item":"https:\/\/www.noticiasradioreflejos.com.ar\/2021\/"},{"@type":"ListItem","position":2,"name":"Federico Labarthe con respaldo seccional y provincial"}]},{"@type":"WebSite","@id":"https:\/\/www.noticiasradioreflejos.com.ar\/2021\/#website","url":"https:\/\/www.noticiasradioreflejos.com.ar\/2021\/","name":"Noticias Radio Reflejos","description":"Las noticias de mi comarca","potentialAction":[{"@type":"SearchAction","target":{"@type":"EntryPoint","urlTemplate":"https:\/\/www.noticiasradioreflejos.com.ar\/2021\/?s={search_term_string}"},"query-input":{"@type":"PropertyValueSpecification","valueRequired":true,"valueName":"search_term_string"}}],"inLanguage":"es"},{"@type":"Person","@id":"https:\/\/www.noticiasradioreflejos.com.ar\/2021\/#\/schema\/person\/ad82545263dcc5ec0996818884fd5fb1","name":"Arnaldo Botto","image":{"@type":"ImageObject","inLanguage":"es","@id":"https:\/\/www.noticiasradioreflejos.com.ar\/2021\/#\/schema\/person\/image\/","url":"https:\/\/secure.gravatar.com\/avatar\/55cb5e37c1efa326397366e6974cb338056df65cb50e7d64d1cf314e87504837?s=96&d=mm&r=g","contentUrl":"https:\/\/secure.gravatar.com\/avatar\/55cb5e37c1efa326397366e6974cb338056df65cb50e7d64d1cf314e87504837?s=96&d=mm&r=g","caption":"Arnaldo Botto"},"url":"https:\/\/www.noticiasradioreflejos.com.ar\/2021\/author\/arnaldo\/"}]}},"_links":{"self":[{"href":"https:\/\/www.noticiasradioreflejos.com.ar\/2021\/wp-json\/wp\/v2\/posts\/90930","targetHints":{"allow":["GET"]}}],"collection":[{"href":"https:\/\/www.noticiasradioreflejos.com.ar\/2021\/wp-json\/wp\/v2\/posts"}],"about":[{"href":"https:\/\/www.noticiasradioreflejos.com.ar\/2021\/wp-json\/wp\/v2\/types\/post"}],"author":[{"embeddable":true,"href":"https:\/\/www.noticiasradioreflejos.com.ar\/2021\/wp-json\/wp\/v2\/users\/3"}],"replies":[{"embeddable":true,"href":"https:\/\/www.noticiasradioreflejos.com.ar\/2021\/wp-json\/wp\/v2\/comments?post=90930"}],"version-history":[{"count":1,"href":"https:\/\/www.noticiasradioreflejos.com.ar\/2021\/wp-json\/wp\/v2\/posts\/90930\/revisions"}],"predecessor-version":[{"id":90932,"href":"https:\/\/www.noticiasradioreflejos.com.ar\/2021\/wp-json\/wp\/v2\/posts\/90930\/revisions\/90932"}],"wp:attachment":[{"href":"https:\/\/www.noticiasradioreflejos.com.ar\/2021\/wp-json\/wp\/v2\/media?parent=90930"}],"wp:term":[{"taxonomy":"category","embeddable":true,"href":"https:\/\/www.noticiasradioreflejos.com.ar\/2021\/wp-json\/wp\/v2\/categories?post=90930"},{"taxonomy":"post_tag","embeddable":true,"href":"https:\/\/www.noticiasradioreflejos.com.ar\/2021\/wp-json\/wp\/v2\/tags?post=90930"}],"curies":[{"name":"wp","href":"https:\/\/api.w.org\/{rel}","templated":true}]}}