{"id":90917,"date":"2023-07-26T19:50:58","date_gmt":"2023-07-26T19:50:58","guid":{"rendered":"https:\/\/www.noticiasradioreflejos.com.ar\/2021\/?p=90917"},"modified":"2023-07-26T20:01:14","modified_gmt":"2023-07-26T20:01:14","slug":"queremos-tener-el-predio-lindo-y-la-capilla-a-cielo-abierto-terminada-para-el-verano","status":"publish","type":"post","link":"https:\/\/www.noticiasradioreflejos.com.ar\/2021\/queremos-tener-el-predio-lindo-y-la-capilla-a-cielo-abierto-terminada-para-el-verano\/","title":{"rendered":"\u201cQueremos tener el predio lindo y la capilla a cielo abierto terminada para el verano\u201d"},"content":{"rendered":"<p>As\u00ed lo confirm\u00f3 <strong>Mar\u00eda Jes\u00fas Cortez<\/strong>, integrante del predio La Casita de Dios. Este viernes se juntar\u00e1n para acondicionar el exterior, y al mismo tiempo, est\u00e1n juntando dinero para poder refaccionar la capilla a cielo abierto.<!--more--><\/p>\n<p>Este viernes, a partir de las 10 y hasta las 18, los integrantes de la Casita de Dios esperan a toda la comunidad para que los ayude. El predio ubicado en Avenida del Libertador al 500 ser\u00e1 ordenado de forma completa, y para ello hacen falta muchas voluntades.<\/p>\n<p>Al respecto Mar\u00eda Jes\u00fas Cortez, una de las organizadoras, coment\u00f3 que \u201cla idea es limpiar todo el predio, dejarlo ordenado, y as\u00ed el turista lo pueda disfrutar mejor. Los que se sumen deben traer rastrillos, bolsas, escobas, y todo lo que ayude para juntar la mugre que vuela el viento. A eso apuntamos\u201d.<\/p>\n<p>De igual forma reconoci\u00f3 que \u201cnormalmente vamos algunos de los integrantes, cambiamos las bolsas de basura, limpiamos la gruta, sacamos las ramas y botellas. Ariel Pinto se encarga del corte de pasto, cosa que tambi\u00e9n ayuda. Dejamos bolsas nuevas aunque a veces no respetan y tiran las cosas en otros lados. Pero con esta actividad buscamos que se siembre conciencia y que est\u00e9 lindo\u201d.<a title=\"GRuta de Lourdes\" href=\"https:\/\/www.flickr.com\/photos\/182279889@N02\/53073905818\/in\/dateposted-public\/\" data-flickr-embed=\"true\" data-footer=\"true\"><img loading=\"lazy\" decoding=\"async\" class=\"alignleft\" src=\"https:\/\/live.staticflickr.com\/65535\/53073905818_8374d158a5.jpg\" alt=\"GRuta de Lourdes\" width=\"359\" height=\"500\" \/><\/a><\/p>\n<p>Al mismo tiempo aprovech\u00f3 la ocasi\u00f3n para dar a conocer que \u201ctenemos el proyecto de<strong> Capilla a Cielo Abierto<\/strong>. Ahora la idea es hacer un cambio de altar, agregar bancos, se podr\u00e1n bautizar al aire libre. La gente que nos quiera colaborar con eso, estamos con los bonos para comprar los materiales. La que est\u00e1 encargada de eso es Margarita Martos. Al mismo tiempo se colocar\u00e1 m\u00e1s piso, porque el que est\u00e1 es muy corto y cuando llueve se llena de barro\u201d.<\/p>\n<p>Completando esa informaci\u00f3n admiti\u00f3 que \u201ca medida que la gente haga las donaciones iremos avanzando con la obra. Estamos escuchando las propuestas de los alba\u00f1iles. Nos encantar\u00eda poder tener la obra terminada para el comienzo del verano. Ojal\u00e1 Dios quiera y nos ayude para hacerlo lo antes posible\u201d.<\/p>\n<p>&nbsp;<\/p>\n<p>&nbsp;<\/p>\n<p>&nbsp;<\/p>\n<p>&nbsp;<\/p>\n<p><iframe loading=\"lazy\" src=\"https:\/\/w.soundcloud.com\/player\/?url=https%3A\/\/api.soundcloud.com\/tracks\/1575052414&amp;color=%23ff5500&amp;auto_play=false&amp;hide_related=false&amp;show_comments=true&amp;show_user=true&amp;show_reposts=false&amp;show_teaser=true\" width=\"100%\" height=\"166\" frameborder=\"no\" scrolling=\"no\"><\/iframe><\/p>\n<div style=\"font-size: 10px; color: #cccccc; line-break: anywhere; word-break: normal; overflow: hidden; white-space: nowrap; text-overflow: ellipsis; font-family: Interstate,Lucida Grande,Lucida Sans Unicode,Lucida Sans,Garuda,Verdana,Tahoma,sans-serif; font-weight: 100;\"><a style=\"color: #cccccc; text-decoration: none;\" title=\"fmreflejos 103.7\" href=\"https:\/\/soundcloud.com\/fmreflejos-103-7\" target=\"_blank\" rel=\"noopener\">fmreflejos 103.7<\/a> \u00b7 <a style=\"color: #cccccc; text-decoration: none;\" title=\"Maria Jesus Cortez\" href=\"https:\/\/soundcloud.com\/fmreflejos-103-7\/maria-jesus-cortez\" target=\"_blank\" rel=\"noopener\">Maria Jesus Cortez<\/a><\/div>\n","protected":false},"excerpt":{"rendered":"<p>As\u00ed lo confirm\u00f3 Mar\u00eda Jes\u00fas Cortez, integrante del predio La Casita de Dios. Este viernes se juntar\u00e1n para acondicionar el exterior, y al mismo tiempo, est\u00e1n juntando dinero para poder refaccionar la capilla a cielo abierto.<\/p>\n","protected":false},"author":3,"featured_media":90924,"comment_status":"closed","ping_status":"closed","sticky":false,"template":"","format":"standard","meta":{"footnotes":""},"categories":[26],"tags":[48],"class_list":["post-90917","post","type-post","status-publish","format-standard","has-post-thumbnail","hentry","category-sociedad","tag-destacada"],"yoast_head":"<!-- This site is optimized with the Yoast SEO plugin v25.9 - https:\/\/yoast.com\/wordpress\/plugins\/seo\/ -->\n<title>\u201cQueremos tener el predio lindo y la capilla a cielo abierto terminada para el verano\u201d - Noticias Radio Reflejos<\/title>\n<meta name=\"robots\" content=\"index, follow, max-snippet:-1, max-image-preview:large, max-video-preview:-1\" \/>\n<link rel=\"canonical\" href=\"https:\/\/www.noticiasradioreflejos.com.ar\/2021\/queremos-tener-el-predio-lindo-y-la-capilla-a-cielo-abierto-terminada-para-el-verano\/\" \/>\n<meta property=\"og:locale\" content=\"es_ES\" \/>\n<meta property=\"og:type\" content=\"article\" \/>\n<meta property=\"og:title\" content=\"\u201cQueremos tener el predio lindo y la capilla a cielo abierto terminada para el verano\u201d - Noticias Radio Reflejos\" \/>\n<meta property=\"og:description\" content=\"As\u00ed lo confirm\u00f3 Mar\u00eda Jes\u00fas Cortez, integrante del predio La Casita de Dios. Este viernes se juntar\u00e1n para acondicionar el exterior, y al mismo tiempo, est\u00e1n juntando dinero para poder refaccionar la capilla a cielo abierto.\" \/>\n<meta property=\"og:url\" content=\"https:\/\/www.noticiasradioreflejos.com.ar\/2021\/queremos-tener-el-predio-lindo-y-la-capilla-a-cielo-abierto-terminada-para-el-verano\/\" \/>\n<meta property=\"og:site_name\" content=\"Noticias Radio Reflejos\" \/>\n<meta property=\"article:published_time\" content=\"2023-07-26T19:50:58+00:00\" \/>\n<meta property=\"article:modified_time\" content=\"2023-07-26T20:01:14+00:00\" \/>\n<meta property=\"og:image\" content=\"https:\/\/www.noticiasradioreflejos.com.ar\/2021\/wp-content\/uploads\/2023\/07\/Capilla-a-Cielo-Abierto.jpeg\" \/>\n\t<meta property=\"og:image:width\" content=\"780\" \/>\n\t<meta property=\"og:image:height\" content=\"540\" \/>\n\t<meta property=\"og:image:type\" content=\"image\/jpeg\" \/>\n<meta name=\"author\" content=\"Arnaldo Botto\" \/>\n<meta name=\"twitter:card\" content=\"summary_large_image\" \/>\n<script type=\"application\/ld+json\" class=\"yoast-schema-graph\">{\"@context\":\"https:\/\/schema.org\",\"@graph\":[{\"@type\":\"WebPage\",\"@id\":\"https:\/\/www.noticiasradioreflejos.com.ar\/2021\/queremos-tener-el-predio-lindo-y-la-capilla-a-cielo-abierto-terminada-para-el-verano\/\",\"url\":\"https:\/\/www.noticiasradioreflejos.com.ar\/2021\/queremos-tener-el-predio-lindo-y-la-capilla-a-cielo-abierto-terminada-para-el-verano\/\",\"name\":\"\u201cQueremos tener el predio lindo y la capilla a cielo abierto terminada para el verano\u201d - Noticias Radio Reflejos\",\"isPartOf\":{\"@id\":\"https:\/\/www.noticiasradioreflejos.com.ar\/2021\/#website\"},\"primaryImageOfPage\":{\"@id\":\"https:\/\/www.noticiasradioreflejos.com.ar\/2021\/queremos-tener-el-predio-lindo-y-la-capilla-a-cielo-abierto-terminada-para-el-verano\/#primaryimage\"},\"image\":{\"@id\":\"https:\/\/www.noticiasradioreflejos.com.ar\/2021\/queremos-tener-el-predio-lindo-y-la-capilla-a-cielo-abierto-terminada-para-el-verano\/#primaryimage\"},\"thumbnailUrl\":\"https:\/\/www.noticiasradioreflejos.com.ar\/2021\/wp-content\/uploads\/2023\/07\/Capilla-a-Cielo-Abierto.jpeg\",\"datePublished\":\"2023-07-26T19:50:58+00:00\",\"dateModified\":\"2023-07-26T20:01:14+00:00\",\"author\":{\"@id\":\"https:\/\/www.noticiasradioreflejos.com.ar\/2021\/#\/schema\/person\/ad82545263dcc5ec0996818884fd5fb1\"},\"breadcrumb\":{\"@id\":\"https:\/\/www.noticiasradioreflejos.com.ar\/2021\/queremos-tener-el-predio-lindo-y-la-capilla-a-cielo-abierto-terminada-para-el-verano\/#breadcrumb\"},\"inLanguage\":\"es\",\"potentialAction\":[{\"@type\":\"ReadAction\",\"target\":[\"https:\/\/www.noticiasradioreflejos.com.ar\/2021\/queremos-tener-el-predio-lindo-y-la-capilla-a-cielo-abierto-terminada-para-el-verano\/\"]}]},{\"@type\":\"ImageObject\",\"inLanguage\":\"es\",\"@id\":\"https:\/\/www.noticiasradioreflejos.com.ar\/2021\/queremos-tener-el-predio-lindo-y-la-capilla-a-cielo-abierto-terminada-para-el-verano\/#primaryimage\",\"url\":\"https:\/\/www.noticiasradioreflejos.com.ar\/2021\/wp-content\/uploads\/2023\/07\/Capilla-a-Cielo-Abierto.jpeg\",\"contentUrl\":\"https:\/\/www.noticiasradioreflejos.com.ar\/2021\/wp-content\/uploads\/2023\/07\/Capilla-a-Cielo-Abierto.jpeg\",\"width\":780,\"height\":540},{\"@type\":\"BreadcrumbList\",\"@id\":\"https:\/\/www.noticiasradioreflejos.com.ar\/2021\/queremos-tener-el-predio-lindo-y-la-capilla-a-cielo-abierto-terminada-para-el-verano\/#breadcrumb\",\"itemListElement\":[{\"@type\":\"ListItem\",\"position\":1,\"name\":\"Portada\",\"item\":\"https:\/\/www.noticiasradioreflejos.com.ar\/2021\/\"},{\"@type\":\"ListItem\",\"position\":2,\"name\":\"\u201cQueremos tener el predio lindo y la capilla a cielo abierto terminada para el verano\u201d\"}]},{\"@type\":\"WebSite\",\"@id\":\"https:\/\/www.noticiasradioreflejos.com.ar\/2021\/#website\",\"url\":\"https:\/\/www.noticiasradioreflejos.com.ar\/2021\/\",\"name\":\"Noticias Radio Reflejos\",\"description\":\"Las noticias de mi comarca\",\"potentialAction\":[{\"@type\":\"SearchAction\",\"target\":{\"@type\":\"EntryPoint\",\"urlTemplate\":\"https:\/\/www.noticiasradioreflejos.com.ar\/2021\/?s={search_term_string}\"},\"query-input\":{\"@type\":\"PropertyValueSpecification\",\"valueRequired\":true,\"valueName\":\"search_term_string\"}}],\"inLanguage\":\"es\"},{\"@type\":\"Person\",\"@id\":\"https:\/\/www.noticiasradioreflejos.com.ar\/2021\/#\/schema\/person\/ad82545263dcc5ec0996818884fd5fb1\",\"name\":\"Arnaldo Botto\",\"image\":{\"@type\":\"ImageObject\",\"inLanguage\":\"es\",\"@id\":\"https:\/\/www.noticiasradioreflejos.com.ar\/2021\/#\/schema\/person\/image\/\",\"url\":\"https:\/\/secure.gravatar.com\/avatar\/55cb5e37c1efa326397366e6974cb338056df65cb50e7d64d1cf314e87504837?s=96&d=mm&r=g\",\"contentUrl\":\"https:\/\/secure.gravatar.com\/avatar\/55cb5e37c1efa326397366e6974cb338056df65cb50e7d64d1cf314e87504837?s=96&d=mm&r=g\",\"caption\":\"Arnaldo Botto\"},\"url\":\"https:\/\/www.noticiasradioreflejos.com.ar\/2021\/author\/arnaldo\/\"}]}<\/script>\n<!-- \/ Yoast SEO plugin. -->","yoast_head_json":{"title":"\u201cQueremos tener el predio lindo y la capilla a cielo abierto terminada para el verano\u201d - Noticias Radio Reflejos","robots":{"index":"index","follow":"follow","max-snippet":"max-snippet:-1","max-image-preview":"max-image-preview:large","max-video-preview":"max-video-preview:-1"},"canonical":"https:\/\/www.noticiasradioreflejos.com.ar\/2021\/queremos-tener-el-predio-lindo-y-la-capilla-a-cielo-abierto-terminada-para-el-verano\/","og_locale":"es_ES","og_type":"article","og_title":"\u201cQueremos tener el predio lindo y la capilla a cielo abierto terminada para el verano\u201d - Noticias Radio Reflejos","og_description":"As\u00ed lo confirm\u00f3 Mar\u00eda Jes\u00fas Cortez, integrante del predio La Casita de Dios. Este viernes se juntar\u00e1n para acondicionar el exterior, y al mismo tiempo, est\u00e1n juntando dinero para poder refaccionar la capilla a cielo abierto.","og_url":"https:\/\/www.noticiasradioreflejos.com.ar\/2021\/queremos-tener-el-predio-lindo-y-la-capilla-a-cielo-abierto-terminada-para-el-verano\/","og_site_name":"Noticias Radio Reflejos","article_published_time":"2023-07-26T19:50:58+00:00","article_modified_time":"2023-07-26T20:01:14+00:00","og_image":[{"width":780,"height":540,"url":"https:\/\/www.noticiasradioreflejos.com.ar\/2021\/wp-content\/uploads\/2023\/07\/Capilla-a-Cielo-Abierto.jpeg","type":"image\/jpeg"}],"author":"Arnaldo Botto","twitter_card":"summary_large_image","schema":{"@context":"https:\/\/schema.org","@graph":[{"@type":"WebPage","@id":"https:\/\/www.noticiasradioreflejos.com.ar\/2021\/queremos-tener-el-predio-lindo-y-la-capilla-a-cielo-abierto-terminada-para-el-verano\/","url":"https:\/\/www.noticiasradioreflejos.com.ar\/2021\/queremos-tener-el-predio-lindo-y-la-capilla-a-cielo-abierto-terminada-para-el-verano\/","name":"\u201cQueremos tener el predio lindo y la capilla a cielo abierto terminada para el verano\u201d - Noticias Radio Reflejos","isPartOf":{"@id":"https:\/\/www.noticiasradioreflejos.com.ar\/2021\/#website"},"primaryImageOfPage":{"@id":"https:\/\/www.noticiasradioreflejos.com.ar\/2021\/queremos-tener-el-predio-lindo-y-la-capilla-a-cielo-abierto-terminada-para-el-verano\/#primaryimage"},"image":{"@id":"https:\/\/www.noticiasradioreflejos.com.ar\/2021\/queremos-tener-el-predio-lindo-y-la-capilla-a-cielo-abierto-terminada-para-el-verano\/#primaryimage"},"thumbnailUrl":"https:\/\/www.noticiasradioreflejos.com.ar\/2021\/wp-content\/uploads\/2023\/07\/Capilla-a-Cielo-Abierto.jpeg","datePublished":"2023-07-26T19:50:58+00:00","dateModified":"2023-07-26T20:01:14+00:00","author":{"@id":"https:\/\/www.noticiasradioreflejos.com.ar\/2021\/#\/schema\/person\/ad82545263dcc5ec0996818884fd5fb1"},"breadcrumb":{"@id":"https:\/\/www.noticiasradioreflejos.com.ar\/2021\/queremos-tener-el-predio-lindo-y-la-capilla-a-cielo-abierto-terminada-para-el-verano\/#breadcrumb"},"inLanguage":"es","potentialAction":[{"@type":"ReadAction","target":["https:\/\/www.noticiasradioreflejos.com.ar\/2021\/queremos-tener-el-predio-lindo-y-la-capilla-a-cielo-abierto-terminada-para-el-verano\/"]}]},{"@type":"ImageObject","inLanguage":"es","@id":"https:\/\/www.noticiasradioreflejos.com.ar\/2021\/queremos-tener-el-predio-lindo-y-la-capilla-a-cielo-abierto-terminada-para-el-verano\/#primaryimage","url":"https:\/\/www.noticiasradioreflejos.com.ar\/2021\/wp-content\/uploads\/2023\/07\/Capilla-a-Cielo-Abierto.jpeg","contentUrl":"https:\/\/www.noticiasradioreflejos.com.ar\/2021\/wp-content\/uploads\/2023\/07\/Capilla-a-Cielo-Abierto.jpeg","width":780,"height":540},{"@type":"BreadcrumbList","@id":"https:\/\/www.noticiasradioreflejos.com.ar\/2021\/queremos-tener-el-predio-lindo-y-la-capilla-a-cielo-abierto-terminada-para-el-verano\/#breadcrumb","itemListElement":[{"@type":"ListItem","position":1,"name":"Portada","item":"https:\/\/www.noticiasradioreflejos.com.ar\/2021\/"},{"@type":"ListItem","position":2,"name":"\u201cQueremos tener el predio lindo y la capilla a cielo abierto terminada para el verano\u201d"}]},{"@type":"WebSite","@id":"https:\/\/www.noticiasradioreflejos.com.ar\/2021\/#website","url":"https:\/\/www.noticiasradioreflejos.com.ar\/2021\/","name":"Noticias Radio Reflejos","description":"Las noticias de mi comarca","potentialAction":[{"@type":"SearchAction","target":{"@type":"EntryPoint","urlTemplate":"https:\/\/www.noticiasradioreflejos.com.ar\/2021\/?s={search_term_string}"},"query-input":{"@type":"PropertyValueSpecification","valueRequired":true,"valueName":"search_term_string"}}],"inLanguage":"es"},{"@type":"Person","@id":"https:\/\/www.noticiasradioreflejos.com.ar\/2021\/#\/schema\/person\/ad82545263dcc5ec0996818884fd5fb1","name":"Arnaldo Botto","image":{"@type":"ImageObject","inLanguage":"es","@id":"https:\/\/www.noticiasradioreflejos.com.ar\/2021\/#\/schema\/person\/image\/","url":"https:\/\/secure.gravatar.com\/avatar\/55cb5e37c1efa326397366e6974cb338056df65cb50e7d64d1cf314e87504837?s=96&d=mm&r=g","contentUrl":"https:\/\/secure.gravatar.com\/avatar\/55cb5e37c1efa326397366e6974cb338056df65cb50e7d64d1cf314e87504837?s=96&d=mm&r=g","caption":"Arnaldo Botto"},"url":"https:\/\/www.noticiasradioreflejos.com.ar\/2021\/author\/arnaldo\/"}]}},"_links":{"self":[{"href":"https:\/\/www.noticiasradioreflejos.com.ar\/2021\/wp-json\/wp\/v2\/posts\/90917","targetHints":{"allow":["GET"]}}],"collection":[{"href":"https:\/\/www.noticiasradioreflejos.com.ar\/2021\/wp-json\/wp\/v2\/posts"}],"about":[{"href":"https:\/\/www.noticiasradioreflejos.com.ar\/2021\/wp-json\/wp\/v2\/types\/post"}],"author":[{"embeddable":true,"href":"https:\/\/www.noticiasradioreflejos.com.ar\/2021\/wp-json\/wp\/v2\/users\/3"}],"replies":[{"embeddable":true,"href":"https:\/\/www.noticiasradioreflejos.com.ar\/2021\/wp-json\/wp\/v2\/comments?post=90917"}],"version-history":[{"count":4,"href":"https:\/\/www.noticiasradioreflejos.com.ar\/2021\/wp-json\/wp\/v2\/posts\/90917\/revisions"}],"predecessor-version":[{"id":90927,"href":"https:\/\/www.noticiasradioreflejos.com.ar\/2021\/wp-json\/wp\/v2\/posts\/90917\/revisions\/90927"}],"wp:featuredmedia":[{"embeddable":true,"href":"https:\/\/www.noticiasradioreflejos.com.ar\/2021\/wp-json\/wp\/v2\/media\/90924"}],"wp:attachment":[{"href":"https:\/\/www.noticiasradioreflejos.com.ar\/2021\/wp-json\/wp\/v2\/media?parent=90917"}],"wp:term":[{"taxonomy":"category","embeddable":true,"href":"https:\/\/www.noticiasradioreflejos.com.ar\/2021\/wp-json\/wp\/v2\/categories?post=90917"},{"taxonomy":"post_tag","embeddable":true,"href":"https:\/\/www.noticiasradioreflejos.com.ar\/2021\/wp-json\/wp\/v2\/tags?post=90917"}],"curies":[{"name":"wp","href":"https:\/\/api.w.org\/{rel}","templated":true}]}}