{"id":90915,"date":"2023-07-26T19:39:41","date_gmt":"2023-07-26T19:39:41","guid":{"rendered":"https:\/\/www.noticiasradioreflejos.com.ar\/2021\/?p=90915"},"modified":"2023-07-26T19:41:10","modified_gmt":"2023-07-26T19:41:10","slug":"el-equipo-de-trabajo-de-federico-labarthe-respondio-a-todo","status":"publish","type":"post","link":"https:\/\/www.noticiasradioreflejos.com.ar\/2021\/el-equipo-de-trabajo-de-federico-labarthe-respondio-a-todo\/","title":{"rendered":"El equipo de trabajo de Federico Labarthe respondi\u00f3 a todo"},"content":{"rendered":"<p>Los precandidatos<strong> Gabriela Romero, Facundo Marzialetti y Manuel Castro<\/strong> dialogaron por m\u00e1s de una hora en FM Reflejos y abordaron una gran cantidad de temas. \u201cDesde los 90 Sierra deber\u00eda tener cloacas\u201d aseguraron.<!--more--><\/p>\n<p>Con las PASO a la vuelta de la esquina los precandidatos contin\u00faan dando a conocer sus visiones y proyectos. En esta oportunidad visit\u00f3 FM Reflejos parte del equipo de trabajo del pre candidato a intendente Federico Labarthe.<\/p>\n<p>Para la ocasi\u00f3n se dieron cita <strong>Gabriela Romero, Facundo Marzialetti y Manuel Castro<\/strong>. En una extensa charla que dur\u00f3 m\u00e1s de una hora, abordaron gran cantidad de temas que conciernen al distrito.<\/p>\n<p>En uno de esto, Romero asegur\u00f3 que \u201ctengo amigos que vienen espor\u00e1dicamente y me dicen lo linda que est\u00e1 Sierra, y quiz\u00e1s uno que est\u00e1 en lo cotidiano, hace el foco en cuestiones que no funcionan del todo bien, o vez que podr\u00eda estar mejor, m\u00e1s prolijo, m\u00e1s limpio\u201d.<\/p>\n<p>De igual manera admiti\u00f3 que \u201chay veces que los vecinos quieren cosas que no son tan simples. Vamos puntualmente al tema del r\u00edo; debe estar limpio, porque despu\u00e9s tenemos crecidas y eso genera un problema. Ahora si no hay agua, no depende\u00a0 de nosotros. Pero s\u00ed debe estar en condiciones\u201d.<\/p>\n<p>Por su parte Facundo ponder\u00f3 a los emprendimientos privados de la comarca, resaltando que \u201cla necesidad hace al ingenio. Ac\u00e1 el recurso est\u00e1 a la vista de todos. Los que prestan servicios tienen mucha creatividad. El servicio hotelero se mejor\u00f3 much\u00edsimo, lo mismo que los restaurants. Son lugares que sirven de ejemplo para cualquiera\u201d.<\/p>\n<p>Por \u00faltimo, Manuel Castro humaniz\u00f3 la campa\u00f1a, al sostener que \u201cac\u00e1 nadie tiene la receta m\u00e1gica para plantear las soluciones a las problem\u00e1ticas de los pueblos. L\u00f3gicamente que el que vive ac\u00e1 hace foco en los servicios b\u00e1sicos, mientras que el turista, por estar solo unos d\u00edas, mira otras cosas\u201d.<\/p>\n<p>Subrayando de igual manera que<strong> \u201cuno de los problemas de Sierra es que no tuvo nunca una planificaci\u00f3n, a diferencia de las dem\u00e1s localidades. Entonces el progreso y la inversi\u00f3n de los privados fueron adelante del carro, gan\u00e1ndole al estado. Hay cuestiones que excede a lo local, como el tema de las obras de cloacas. Desde los 90 Sierra deber\u00eda tener cloacas. En alg\u00fan momento se tiene que hacer\u201d.<\/strong><\/p>\n<p>&nbsp;<\/p>\n<p>&nbsp;<\/p>\n<p><iframe loading=\"lazy\" src=\"https:\/\/w.soundcloud.com\/player\/?url=https%3A\/\/api.soundcloud.com\/tracks\/1575013033&amp;color=%23ff5500&amp;auto_play=false&amp;hide_related=false&amp;show_comments=true&amp;show_user=true&amp;show_reposts=false&amp;show_teaser=true\" width=\"100%\" height=\"166\" frameborder=\"no\" scrolling=\"no\"><\/iframe><\/p>\n<div style=\"font-size: 10px; color: #cccccc; line-break: anywhere; word-break: normal; overflow: hidden; white-space: nowrap; text-overflow: ellipsis; font-family: Interstate,Lucida Grande,Lucida Sans Unicode,Lucida Sans,Garuda,Verdana,Tahoma,sans-serif; font-weight: 100;\"><a style=\"color: #cccccc; text-decoration: none;\" title=\"fmreflejos 103.7\" href=\"https:\/\/soundcloud.com\/fmreflejos-103-7\" target=\"_blank\" rel=\"noopener\">fmreflejos 103.7<\/a> \u00b7 <a style=\"color: #cccccc; text-decoration: none;\" title=\"Romero Carto Marzialetti\" href=\"https:\/\/soundcloud.com\/fmreflejos-103-7\/lista-fede-lavarte\" target=\"_blank\" rel=\"noopener\">Romero Carto Marzialetti<\/a><\/div>\n","protected":false},"excerpt":{"rendered":"<p>Los precandidatos Gabriela Romero, Facundo Marzialetti y Manuel Castro dialogaron por m\u00e1s de una hora en FM Reflejos y abordaron una gran cantidad de temas. \u201cDesde los 90 Sierra deber\u00eda tener cloacas\u201d aseguraron.<\/p>\n","protected":false},"author":3,"featured_media":0,"comment_status":"closed","ping_status":"closed","sticky":false,"template":"","format":"standard","meta":{"footnotes":""},"categories":[24],"tags":[48],"class_list":["post-90915","post","type-post","status-publish","format-standard","hentry","category-politica","tag-destacada"],"yoast_head":"<!-- This site is optimized with the Yoast SEO plugin v25.9 - https:\/\/yoast.com\/wordpress\/plugins\/seo\/ -->\n<title>El equipo de trabajo de Federico Labarthe respondi\u00f3 a todo - Noticias Radio Reflejos<\/title>\n<meta name=\"robots\" content=\"index, follow, max-snippet:-1, max-image-preview:large, max-video-preview:-1\" \/>\n<link rel=\"canonical\" href=\"https:\/\/www.noticiasradioreflejos.com.ar\/2021\/el-equipo-de-trabajo-de-federico-labarthe-respondio-a-todo\/\" \/>\n<meta property=\"og:locale\" content=\"es_ES\" \/>\n<meta property=\"og:type\" content=\"article\" \/>\n<meta property=\"og:title\" content=\"El equipo de trabajo de Federico Labarthe respondi\u00f3 a todo - Noticias Radio Reflejos\" \/>\n<meta property=\"og:description\" content=\"Los precandidatos Gabriela Romero, Facundo Marzialetti y Manuel Castro dialogaron por m\u00e1s de una hora en FM Reflejos y abordaron una gran cantidad de temas. \u201cDesde los 90 Sierra deber\u00eda tener cloacas\u201d aseguraron.\" \/>\n<meta property=\"og:url\" content=\"https:\/\/www.noticiasradioreflejos.com.ar\/2021\/el-equipo-de-trabajo-de-federico-labarthe-respondio-a-todo\/\" \/>\n<meta property=\"og:site_name\" content=\"Noticias Radio Reflejos\" \/>\n<meta property=\"article:published_time\" content=\"2023-07-26T19:39:41+00:00\" \/>\n<meta property=\"article:modified_time\" content=\"2023-07-26T19:41:10+00:00\" \/>\n<meta property=\"og:image\" content=\"https:\/\/www.noticiasradioreflejos.com.ar\/2021\/wp-content\/uploads\/2021\/07\/logosol300x200.png\" \/>\n\t<meta property=\"og:image:width\" content=\"300\" \/>\n\t<meta property=\"og:image:height\" content=\"200\" \/>\n\t<meta property=\"og:image:type\" content=\"image\/png\" \/>\n<meta name=\"author\" content=\"Arnaldo Botto\" \/>\n<meta name=\"twitter:card\" content=\"summary_large_image\" \/>\n<script type=\"application\/ld+json\" class=\"yoast-schema-graph\">{\"@context\":\"https:\/\/schema.org\",\"@graph\":[{\"@type\":\"WebPage\",\"@id\":\"https:\/\/www.noticiasradioreflejos.com.ar\/2021\/el-equipo-de-trabajo-de-federico-labarthe-respondio-a-todo\/\",\"url\":\"https:\/\/www.noticiasradioreflejos.com.ar\/2021\/el-equipo-de-trabajo-de-federico-labarthe-respondio-a-todo\/\",\"name\":\"El equipo de trabajo de Federico Labarthe respondi\u00f3 a todo - Noticias Radio Reflejos\",\"isPartOf\":{\"@id\":\"https:\/\/www.noticiasradioreflejos.com.ar\/2021\/#website\"},\"datePublished\":\"2023-07-26T19:39:41+00:00\",\"dateModified\":\"2023-07-26T19:41:10+00:00\",\"author\":{\"@id\":\"https:\/\/www.noticiasradioreflejos.com.ar\/2021\/#\/schema\/person\/ad82545263dcc5ec0996818884fd5fb1\"},\"breadcrumb\":{\"@id\":\"https:\/\/www.noticiasradioreflejos.com.ar\/2021\/el-equipo-de-trabajo-de-federico-labarthe-respondio-a-todo\/#breadcrumb\"},\"inLanguage\":\"es\",\"potentialAction\":[{\"@type\":\"ReadAction\",\"target\":[\"https:\/\/www.noticiasradioreflejos.com.ar\/2021\/el-equipo-de-trabajo-de-federico-labarthe-respondio-a-todo\/\"]}]},{\"@type\":\"BreadcrumbList\",\"@id\":\"https:\/\/www.noticiasradioreflejos.com.ar\/2021\/el-equipo-de-trabajo-de-federico-labarthe-respondio-a-todo\/#breadcrumb\",\"itemListElement\":[{\"@type\":\"ListItem\",\"position\":1,\"name\":\"Portada\",\"item\":\"https:\/\/www.noticiasradioreflejos.com.ar\/2021\/\"},{\"@type\":\"ListItem\",\"position\":2,\"name\":\"El equipo de trabajo de Federico Labarthe respondi\u00f3 a todo\"}]},{\"@type\":\"WebSite\",\"@id\":\"https:\/\/www.noticiasradioreflejos.com.ar\/2021\/#website\",\"url\":\"https:\/\/www.noticiasradioreflejos.com.ar\/2021\/\",\"name\":\"Noticias Radio Reflejos\",\"description\":\"Las noticias de mi comarca\",\"potentialAction\":[{\"@type\":\"SearchAction\",\"target\":{\"@type\":\"EntryPoint\",\"urlTemplate\":\"https:\/\/www.noticiasradioreflejos.com.ar\/2021\/?s={search_term_string}\"},\"query-input\":{\"@type\":\"PropertyValueSpecification\",\"valueRequired\":true,\"valueName\":\"search_term_string\"}}],\"inLanguage\":\"es\"},{\"@type\":\"Person\",\"@id\":\"https:\/\/www.noticiasradioreflejos.com.ar\/2021\/#\/schema\/person\/ad82545263dcc5ec0996818884fd5fb1\",\"name\":\"Arnaldo Botto\",\"image\":{\"@type\":\"ImageObject\",\"inLanguage\":\"es\",\"@id\":\"https:\/\/www.noticiasradioreflejos.com.ar\/2021\/#\/schema\/person\/image\/\",\"url\":\"https:\/\/secure.gravatar.com\/avatar\/55cb5e37c1efa326397366e6974cb338056df65cb50e7d64d1cf314e87504837?s=96&d=mm&r=g\",\"contentUrl\":\"https:\/\/secure.gravatar.com\/avatar\/55cb5e37c1efa326397366e6974cb338056df65cb50e7d64d1cf314e87504837?s=96&d=mm&r=g\",\"caption\":\"Arnaldo Botto\"},\"url\":\"https:\/\/www.noticiasradioreflejos.com.ar\/2021\/author\/arnaldo\/\"}]}<\/script>\n<!-- \/ Yoast SEO plugin. -->","yoast_head_json":{"title":"El equipo de trabajo de Federico Labarthe respondi\u00f3 a todo - Noticias Radio Reflejos","robots":{"index":"index","follow":"follow","max-snippet":"max-snippet:-1","max-image-preview":"max-image-preview:large","max-video-preview":"max-video-preview:-1"},"canonical":"https:\/\/www.noticiasradioreflejos.com.ar\/2021\/el-equipo-de-trabajo-de-federico-labarthe-respondio-a-todo\/","og_locale":"es_ES","og_type":"article","og_title":"El equipo de trabajo de Federico Labarthe respondi\u00f3 a todo - Noticias Radio Reflejos","og_description":"Los precandidatos Gabriela Romero, Facundo Marzialetti y Manuel Castro dialogaron por m\u00e1s de una hora en FM Reflejos y abordaron una gran cantidad de temas. \u201cDesde los 90 Sierra deber\u00eda tener cloacas\u201d aseguraron.","og_url":"https:\/\/www.noticiasradioreflejos.com.ar\/2021\/el-equipo-de-trabajo-de-federico-labarthe-respondio-a-todo\/","og_site_name":"Noticias Radio Reflejos","article_published_time":"2023-07-26T19:39:41+00:00","article_modified_time":"2023-07-26T19:41:10+00:00","og_image":[{"width":300,"height":200,"url":"https:\/\/www.noticiasradioreflejos.com.ar\/2021\/wp-content\/uploads\/2021\/07\/logosol300x200.png","type":"image\/png"}],"author":"Arnaldo Botto","twitter_card":"summary_large_image","schema":{"@context":"https:\/\/schema.org","@graph":[{"@type":"WebPage","@id":"https:\/\/www.noticiasradioreflejos.com.ar\/2021\/el-equipo-de-trabajo-de-federico-labarthe-respondio-a-todo\/","url":"https:\/\/www.noticiasradioreflejos.com.ar\/2021\/el-equipo-de-trabajo-de-federico-labarthe-respondio-a-todo\/","name":"El equipo de trabajo de Federico Labarthe respondi\u00f3 a todo - Noticias Radio Reflejos","isPartOf":{"@id":"https:\/\/www.noticiasradioreflejos.com.ar\/2021\/#website"},"datePublished":"2023-07-26T19:39:41+00:00","dateModified":"2023-07-26T19:41:10+00:00","author":{"@id":"https:\/\/www.noticiasradioreflejos.com.ar\/2021\/#\/schema\/person\/ad82545263dcc5ec0996818884fd5fb1"},"breadcrumb":{"@id":"https:\/\/www.noticiasradioreflejos.com.ar\/2021\/el-equipo-de-trabajo-de-federico-labarthe-respondio-a-todo\/#breadcrumb"},"inLanguage":"es","potentialAction":[{"@type":"ReadAction","target":["https:\/\/www.noticiasradioreflejos.com.ar\/2021\/el-equipo-de-trabajo-de-federico-labarthe-respondio-a-todo\/"]}]},{"@type":"BreadcrumbList","@id":"https:\/\/www.noticiasradioreflejos.com.ar\/2021\/el-equipo-de-trabajo-de-federico-labarthe-respondio-a-todo\/#breadcrumb","itemListElement":[{"@type":"ListItem","position":1,"name":"Portada","item":"https:\/\/www.noticiasradioreflejos.com.ar\/2021\/"},{"@type":"ListItem","position":2,"name":"El equipo de trabajo de Federico Labarthe respondi\u00f3 a todo"}]},{"@type":"WebSite","@id":"https:\/\/www.noticiasradioreflejos.com.ar\/2021\/#website","url":"https:\/\/www.noticiasradioreflejos.com.ar\/2021\/","name":"Noticias Radio Reflejos","description":"Las noticias de mi comarca","potentialAction":[{"@type":"SearchAction","target":{"@type":"EntryPoint","urlTemplate":"https:\/\/www.noticiasradioreflejos.com.ar\/2021\/?s={search_term_string}"},"query-input":{"@type":"PropertyValueSpecification","valueRequired":true,"valueName":"search_term_string"}}],"inLanguage":"es"},{"@type":"Person","@id":"https:\/\/www.noticiasradioreflejos.com.ar\/2021\/#\/schema\/person\/ad82545263dcc5ec0996818884fd5fb1","name":"Arnaldo Botto","image":{"@type":"ImageObject","inLanguage":"es","@id":"https:\/\/www.noticiasradioreflejos.com.ar\/2021\/#\/schema\/person\/image\/","url":"https:\/\/secure.gravatar.com\/avatar\/55cb5e37c1efa326397366e6974cb338056df65cb50e7d64d1cf314e87504837?s=96&d=mm&r=g","contentUrl":"https:\/\/secure.gravatar.com\/avatar\/55cb5e37c1efa326397366e6974cb338056df65cb50e7d64d1cf314e87504837?s=96&d=mm&r=g","caption":"Arnaldo Botto"},"url":"https:\/\/www.noticiasradioreflejos.com.ar\/2021\/author\/arnaldo\/"}]}},"_links":{"self":[{"href":"https:\/\/www.noticiasradioreflejos.com.ar\/2021\/wp-json\/wp\/v2\/posts\/90915","targetHints":{"allow":["GET"]}}],"collection":[{"href":"https:\/\/www.noticiasradioreflejos.com.ar\/2021\/wp-json\/wp\/v2\/posts"}],"about":[{"href":"https:\/\/www.noticiasradioreflejos.com.ar\/2021\/wp-json\/wp\/v2\/types\/post"}],"author":[{"embeddable":true,"href":"https:\/\/www.noticiasradioreflejos.com.ar\/2021\/wp-json\/wp\/v2\/users\/3"}],"replies":[{"embeddable":true,"href":"https:\/\/www.noticiasradioreflejos.com.ar\/2021\/wp-json\/wp\/v2\/comments?post=90915"}],"version-history":[{"count":4,"href":"https:\/\/www.noticiasradioreflejos.com.ar\/2021\/wp-json\/wp\/v2\/posts\/90915\/revisions"}],"predecessor-version":[{"id":90922,"href":"https:\/\/www.noticiasradioreflejos.com.ar\/2021\/wp-json\/wp\/v2\/posts\/90915\/revisions\/90922"}],"wp:attachment":[{"href":"https:\/\/www.noticiasradioreflejos.com.ar\/2021\/wp-json\/wp\/v2\/media?parent=90915"}],"wp:term":[{"taxonomy":"category","embeddable":true,"href":"https:\/\/www.noticiasradioreflejos.com.ar\/2021\/wp-json\/wp\/v2\/categories?post=90915"},{"taxonomy":"post_tag","embeddable":true,"href":"https:\/\/www.noticiasradioreflejos.com.ar\/2021\/wp-json\/wp\/v2\/tags?post=90915"}],"curies":[{"name":"wp","href":"https:\/\/api.w.org\/{rel}","templated":true}]}}