{"id":90906,"date":"2023-07-26T17:34:28","date_gmt":"2023-07-26T17:34:28","guid":{"rendered":"https:\/\/www.noticiasradioreflejos.com.ar\/2021\/?p=90906"},"modified":"2023-07-26T17:34:28","modified_gmt":"2023-07-26T17:34:28","slug":"la-inteligencia-artificial-devuelve-posibles-rostros-de-nietos-apropiados-en-dictadura","status":"publish","type":"post","link":"https:\/\/www.noticiasradioreflejos.com.ar\/2021\/la-inteligencia-artificial-devuelve-posibles-rostros-de-nietos-apropiados-en-dictadura\/","title":{"rendered":"La inteligencia artificial devuelve posibles rostros de nietos apropiados en dictadura"},"content":{"rendered":"<p>(Por Claudia Lorenz\u00f3n) La idea de capturar el rostro de un familiar desaparecido marc\u00f3 la iniciativa del dise\u00f1ador gr\u00e1fico Santiago Barros de utilizar la inteligencia artificial para proyectar c\u00f3mo se ver\u00edan hoy beb\u00e9s que fueron apropiados durante la dictadura militar a partir de las fotos de sus padres, una iniciativa que se apoya en el valioso archivo fotogr\u00e1fico de Abuelas de Plaza de Mayo y se difunde por estos d\u00edas en las redes, con la intenci\u00f3n de impulsar la b\u00fasqueda de esos ni\u00f1os robados.<!--more--><\/p>\n<p>La decisi\u00f3n permite a los familiares imaginar c\u00f3mo ser\u00eda ese ser querido al que nunca pudieron conocer a partir del entrecruzamiento de las im\u00e1genes de los padres con la aplicaci\u00f3n Mid Journey, que permite recrear los posibles rostros que podr\u00edan tener hoy esas personas, explica Barros, quien naci\u00f3 en 1976, en plena dictadura, al igual que los beb\u00e9s apropiados en ese negro per\u00edodo de la Argentina que se extendi\u00f3 hasta 1983.<\/p>\n<p>\u00abEl hecho de que en mi familia tengamos un familiar desaparecido, un tema que me acompa\u00f1a desde la infancia, motoriz\u00f3 la idea, adem\u00e1s tengo una vida de militancia pol\u00edtica, milito en una agrupaci\u00f3n pol\u00edtica, y adem\u00e1s me dedico al dise\u00f1o gr\u00e1fico\u00bb, cuenta Barros en di\u00e1logo con T\u00e9lam sobre las motivaciones que lo llevaron a concretar esta iniciativa.<\/p>\n<p>Tal fue su obsesi\u00f3n que muchos a\u00f1os atr\u00e1s pens\u00f3 en confeccionar los rostros de personas desaparecidas de manera manual, y a partir del surgimiento de IA, empez\u00f3 a hacer ejercicios. \u00abLas im\u00e1genes resultaron muy realistas y cre\u00edbles y empec\u00e9 a hacerlo de manera sistem\u00e1tica\u00bb, confiesa.<\/p>\n<p><a data-flickr-embed=\"true\" data-footer=\"true\" href=\"https:\/\/www.flickr.com\/photos\/182279889@N02\/53073507875\/in\/dateposted-public\/\" title=\"casos\"><img loading=\"lazy\" decoding=\"async\" src=\"https:\/\/live.staticflickr.com\/65535\/53073507875_c0967b1b6b.jpg\" width=\"500\" height=\"500\" alt=\"casos\"\/><\/a><script async src=\"\/\/embedr.flickr.com\/assets\/client-code.js\" charset=\"utf-8\"><\/script><\/p>\n<p>De esta manera, con el nombre de usuario @Iabuelas, desde hace un mes, Barros inici\u00f3 un derrotero que si bien no persigue una aspiraci\u00f3n cient\u00edfica, le dio a muchos familiares la posibilidad de recuperar en im\u00e1genes a un ser querido.<\/p>\n<p>Para lograr las im\u00e1genes, el artista digital recurri\u00f3 al listado que la agrupaci\u00f3n Abuelas de Plaza de Mayo tiene acerca de los ni\u00f1os nacidos en cautiverio y, a partir de las fotograf\u00edas de los padres en blanco y negro, obtuvo una proyecci\u00f3n femenina y otra masculina de cada uno de ellos, excepto en los que se sabe por testimonios que la ni\u00f1a o ni\u00f1o fueron apropiados junto a sus padres.<\/p>\n<p>Barros elige una de las im\u00e1genes que le devuelve la herramienta para subir a la cuenta de Instagram, que en un mes sum\u00f3 8.500 seguidores. Hasta ahora subi\u00f3 unas 50 identidades imaginadas correspondientes a los ni\u00f1os y ni\u00f1as robadas en 1976 y ya comenz\u00f3 a trabajar en los de 1977, con un promedio de dos o tres casos por d\u00eda.<\/p>\n<p>La repercusi\u00f3n de este proyecto no solo fue medi\u00e1tica, tambi\u00e9n lo empezaron a contactar para agradecer la iniciativa. \u00abAbr\u00ed la cuenta pero no pens\u00e9 que iba a explotar tan r\u00e1pido. Algunos familiares se comunicaron conmigo para que haga la prueba con el caso de su familiar\u00bb, cuenta Barros, que se dedica al dise\u00f1o gr\u00e1fico de marcas y al packaging de carteleras para la industria del cine y la publicidad.<\/p>\n<p>\u00abEs muy fuerte y muy conmovedor lo que les pasa, porque es la primera vez que ellos ven plasmados en im\u00e1genes los rostros de sus familiares, pero les aclaro que si ven una persona con un rostro similar no se generen falsas expectativas\u00bb, apunta.<\/p>\n<p>Uno de esos familiares que se comunic\u00f3 con el dise\u00f1ador fue Mat\u00edas Ayastuy, de 46 a\u00f1os, quien hace 14 a\u00f1os se enter\u00f3 de que su madre, Marta Bugnone, estaba embarazada cuando fue detenida junto a su padre, Jorge Ayastuy. En esa detenci\u00f3n ocurrida en el barrio porte\u00f1o de Caballito, en diciembre de 1977 Mat\u00edas, que era un beb\u00e9, fue secuestrado junto a sus padres. Posteriormente fue devuelto a su familia y se cri\u00f3 con la hermana de su madre y su familia.<\/p>\n<p>\u00abHace 14 a\u00f1os tres personas confirmaron el embarazo de mi madre\u00bb, dice el joven en comunicaci\u00f3n telef\u00f3nica con T\u00e9lam desde Gualeguaych\u00fa, donde vive actualmente. A partir de esa informaci\u00f3n se sum\u00f3 al Banco Nacional de Datos Gen\u00e9ticos (BNDG) de Abuelas de Plaza de Mayo para ver la posibilidad de recuperar a su hermana o hermano, que pudieron haber nacido en cautiverio.<\/p>\n<p>\u00abEs algo muy impresionante la imagen que se logra con la inteligencia artificial, son im\u00e1genes hiperrealistas y la similitud con los familiares es inmenso\u00bb, indica Ayastuy, quien confiesa que la versi\u00f3n femenina de quien podr\u00eda ser su hermana, \u00abes muy parecida a una prima por parte de los Ayastuy\u00bb.<\/p>\n<p>\u00abEs muy fuerte la representaci\u00f3n visual para quienes nunca no se nos ocurri\u00f3 imaginarlo\u00bb, agrega, pero aclara: \u00abson cosas que tienen que ver con avances tecnol\u00f3gicos pero no tienen una rigurosidad cient\u00edfica\u00bb.<\/p>\n<p>\u00abLo tomo como un proyecto art\u00edstico para que m\u00e1s personas que tienen dudas sobre su identidad se acerquen a Abuelas y consulten\u00bb, afirma el joven, y agrega que su hermana o hermano pudo haber nacido entre marzo y agosto de 1978, porque los testimonios dicen que cuando la vieron ten\u00eda un embarazo de cinco o seis meses.<\/p>\n<p>Desde el hashtag vospodesseer y Facebook, Ayastuy difunde la historia de sus padres y de su hermana o hermano, ya que si alguien se siente interpelado por esa informaci\u00f3n se comunique con \u00e9l o con Abuelas (www.abuelas.org.ar).<\/p>\n<p>La experiencia iniciada por Barros con inteligencia artificial le recuerda a otras propuestas art\u00edsticas como Teatro por la Identidad o la telenovela argentina \u00abMontecristo\u00bb, que abord\u00f3 el tema de los detenidos desaparecidos y la apropiaci\u00f3n de beb\u00e9s nacidos en cautiverio, generando presentaciones espont\u00e1neas en Abuelas de quienes ten\u00edan dudas sobre su identidad.<\/p>\n<p>Las Abuelas de Plaza de Mayo tambi\u00e9n se comunicaron con el dise\u00f1ador porque consideran que la iniciativa ayuda a la difusi\u00f3n y a promocionar la b\u00fasqueda de beb\u00e9s robados en dictadura, dijo Barros.<\/p>\n<p>\u00abDesde Abuelas, agradecemos cada hecho solidario para acompa\u00f1ar la b\u00fasqueda, pero creemos importante se\u00f1alar que esta iniciativa no es cient\u00edfica sino art\u00edstica-l\u00fadica. Es una campa\u00f1a de difusi\u00f3n que muestra simulaciones sobre posibles rostros de hijos e hijas de desaparecidos pero sabemos que las personas son mucho m\u00e1s que el 50 por ciento de cada uno de sus padres y que las aplicaciones extranjeras est\u00e1n seteadas con genotipos de sus poblaciones, por lo que los resultados no son certeros. Hasta el momento, el \u00fanico m\u00e9todo infalible para vincular a un nieto o nieta con su familia de origen es a trav\u00e9s del entrecruzamiento gen\u00e9tico en el Banco Nacional de Datos Gen\u00e9ticos (BNDG)\u00bb, se\u00f1al\u00f3 la entidad que destac\u00f3 la iniciativa de Barros.<\/p>\n<p>\u00abSiempre aclaro que es algo que no es oficial, no es certero\u00bb, aclara el artista, quien destaca que \u00abel hecho de que la cuenta sea privada hace que no se hayan comunicado negacionistas, ni trolls\u00bb.<\/p>\n<p>\u00abMe sorprendi\u00f3 que todas las respuestas fueron respuestas positivas, porque en alg\u00fan momento pens\u00e9 que alguien podr\u00eda decir que era algo morboso o que no deb\u00eda tocarse y eso no pas\u00f3. Muchos destacaban que por primera vez se usaba la IA para un fin positivo, un fin noble y no lo hab\u00eda pensado as\u00ed\u00bb, se\u00f1ala.<\/p>\n<p>\u00abLa IA es una herramienta poderosa, el problema no es la herramienta sino c\u00f3mo hacen los gobiernos para generar controles y para que no se destruyan fuentes de trabajo y la gente no se caiga del sistema\u00bb, reflexiona Barros.<\/p>\n<p>\u00abLo importante es que los estados o gobiernos tengan la cintura suficiente para tocar intereses como por ejemplo crear impuestos para quien deje a los empleados sin trabajo. Algunos estar\u00e1n pensando en la gente y otros dejar\u00e1n que el mercado regule\u00bb, concluye.<\/p>\n","protected":false},"excerpt":{"rendered":"<p>(Por Claudia Lorenz\u00f3n) La idea de capturar el rostro de un familiar desaparecido marc\u00f3 la iniciativa del dise\u00f1ador gr\u00e1fico Santiago Barros de utilizar la inteligencia artificial para proyectar c\u00f3mo se ver\u00edan hoy beb\u00e9s que fueron apropiados durante la dictadura militar a partir de las fotos de sus padres, una iniciativa que se apoya en el [&hellip;]<\/p>\n","protected":false},"author":3,"featured_media":0,"comment_status":"closed","ping_status":"closed","sticky":false,"template":"","format":"standard","meta":{"footnotes":""},"categories":[24,26],"tags":[],"class_list":["post-90906","post","type-post","status-publish","format-standard","hentry","category-politica","category-sociedad"],"yoast_head":"<!-- This site is optimized with the Yoast SEO plugin v25.9 - https:\/\/yoast.com\/wordpress\/plugins\/seo\/ -->\n<title>La inteligencia artificial devuelve posibles rostros de nietos apropiados en dictadura - Noticias Radio Reflejos<\/title>\n<meta name=\"robots\" content=\"index, follow, max-snippet:-1, max-image-preview:large, max-video-preview:-1\" \/>\n<link rel=\"canonical\" href=\"https:\/\/www.noticiasradioreflejos.com.ar\/2021\/la-inteligencia-artificial-devuelve-posibles-rostros-de-nietos-apropiados-en-dictadura\/\" \/>\n<meta property=\"og:locale\" content=\"es_ES\" \/>\n<meta property=\"og:type\" content=\"article\" \/>\n<meta property=\"og:title\" content=\"La inteligencia artificial devuelve posibles rostros de nietos apropiados en dictadura - Noticias Radio Reflejos\" \/>\n<meta property=\"og:description\" content=\"(Por Claudia Lorenz\u00f3n) La idea de capturar el rostro de un familiar desaparecido marc\u00f3 la iniciativa del dise\u00f1ador gr\u00e1fico Santiago Barros de utilizar la inteligencia artificial para proyectar c\u00f3mo se ver\u00edan hoy beb\u00e9s que fueron apropiados durante la dictadura militar a partir de las fotos de sus padres, una iniciativa que se apoya en el [&hellip;]\" \/>\n<meta property=\"og:url\" content=\"https:\/\/www.noticiasradioreflejos.com.ar\/2021\/la-inteligencia-artificial-devuelve-posibles-rostros-de-nietos-apropiados-en-dictadura\/\" \/>\n<meta property=\"og:site_name\" content=\"Noticias Radio Reflejos\" \/>\n<meta property=\"article:published_time\" content=\"2023-07-26T17:34:28+00:00\" \/>\n<meta property=\"og:image\" content=\"https:\/\/live.staticflickr.com\/65535\/53073507875_c0967b1b6b.jpg\" \/>\n<meta name=\"author\" content=\"Arnaldo Botto\" \/>\n<meta name=\"twitter:card\" content=\"summary_large_image\" \/>\n<script type=\"application\/ld+json\" class=\"yoast-schema-graph\">{\"@context\":\"https:\/\/schema.org\",\"@graph\":[{\"@type\":\"WebPage\",\"@id\":\"https:\/\/www.noticiasradioreflejos.com.ar\/2021\/la-inteligencia-artificial-devuelve-posibles-rostros-de-nietos-apropiados-en-dictadura\/\",\"url\":\"https:\/\/www.noticiasradioreflejos.com.ar\/2021\/la-inteligencia-artificial-devuelve-posibles-rostros-de-nietos-apropiados-en-dictadura\/\",\"name\":\"La inteligencia artificial devuelve posibles rostros de nietos apropiados en dictadura - Noticias Radio Reflejos\",\"isPartOf\":{\"@id\":\"https:\/\/www.noticiasradioreflejos.com.ar\/2021\/#website\"},\"primaryImageOfPage\":{\"@id\":\"https:\/\/www.noticiasradioreflejos.com.ar\/2021\/la-inteligencia-artificial-devuelve-posibles-rostros-de-nietos-apropiados-en-dictadura\/#primaryimage\"},\"image\":{\"@id\":\"https:\/\/www.noticiasradioreflejos.com.ar\/2021\/la-inteligencia-artificial-devuelve-posibles-rostros-de-nietos-apropiados-en-dictadura\/#primaryimage\"},\"thumbnailUrl\":\"https:\/\/live.staticflickr.com\/65535\/53073507875_c0967b1b6b.jpg\",\"datePublished\":\"2023-07-26T17:34:28+00:00\",\"author\":{\"@id\":\"https:\/\/www.noticiasradioreflejos.com.ar\/2021\/#\/schema\/person\/ad82545263dcc5ec0996818884fd5fb1\"},\"breadcrumb\":{\"@id\":\"https:\/\/www.noticiasradioreflejos.com.ar\/2021\/la-inteligencia-artificial-devuelve-posibles-rostros-de-nietos-apropiados-en-dictadura\/#breadcrumb\"},\"inLanguage\":\"es\",\"potentialAction\":[{\"@type\":\"ReadAction\",\"target\":[\"https:\/\/www.noticiasradioreflejos.com.ar\/2021\/la-inteligencia-artificial-devuelve-posibles-rostros-de-nietos-apropiados-en-dictadura\/\"]}]},{\"@type\":\"ImageObject\",\"inLanguage\":\"es\",\"@id\":\"https:\/\/www.noticiasradioreflejos.com.ar\/2021\/la-inteligencia-artificial-devuelve-posibles-rostros-de-nietos-apropiados-en-dictadura\/#primaryimage\",\"url\":\"https:\/\/live.staticflickr.com\/65535\/53073507875_c0967b1b6b.jpg\",\"contentUrl\":\"https:\/\/live.staticflickr.com\/65535\/53073507875_c0967b1b6b.jpg\"},{\"@type\":\"BreadcrumbList\",\"@id\":\"https:\/\/www.noticiasradioreflejos.com.ar\/2021\/la-inteligencia-artificial-devuelve-posibles-rostros-de-nietos-apropiados-en-dictadura\/#breadcrumb\",\"itemListElement\":[{\"@type\":\"ListItem\",\"position\":1,\"name\":\"Portada\",\"item\":\"https:\/\/www.noticiasradioreflejos.com.ar\/2021\/\"},{\"@type\":\"ListItem\",\"position\":2,\"name\":\"La inteligencia artificial devuelve posibles rostros de nietos apropiados en dictadura\"}]},{\"@type\":\"WebSite\",\"@id\":\"https:\/\/www.noticiasradioreflejos.com.ar\/2021\/#website\",\"url\":\"https:\/\/www.noticiasradioreflejos.com.ar\/2021\/\",\"name\":\"Noticias Radio Reflejos\",\"description\":\"Las noticias de mi comarca\",\"potentialAction\":[{\"@type\":\"SearchAction\",\"target\":{\"@type\":\"EntryPoint\",\"urlTemplate\":\"https:\/\/www.noticiasradioreflejos.com.ar\/2021\/?s={search_term_string}\"},\"query-input\":{\"@type\":\"PropertyValueSpecification\",\"valueRequired\":true,\"valueName\":\"search_term_string\"}}],\"inLanguage\":\"es\"},{\"@type\":\"Person\",\"@id\":\"https:\/\/www.noticiasradioreflejos.com.ar\/2021\/#\/schema\/person\/ad82545263dcc5ec0996818884fd5fb1\",\"name\":\"Arnaldo Botto\",\"image\":{\"@type\":\"ImageObject\",\"inLanguage\":\"es\",\"@id\":\"https:\/\/www.noticiasradioreflejos.com.ar\/2021\/#\/schema\/person\/image\/\",\"url\":\"https:\/\/secure.gravatar.com\/avatar\/55cb5e37c1efa326397366e6974cb338056df65cb50e7d64d1cf314e87504837?s=96&d=mm&r=g\",\"contentUrl\":\"https:\/\/secure.gravatar.com\/avatar\/55cb5e37c1efa326397366e6974cb338056df65cb50e7d64d1cf314e87504837?s=96&d=mm&r=g\",\"caption\":\"Arnaldo Botto\"},\"url\":\"https:\/\/www.noticiasradioreflejos.com.ar\/2021\/author\/arnaldo\/\"}]}<\/script>\n<!-- \/ Yoast SEO plugin. -->","yoast_head_json":{"title":"La inteligencia artificial devuelve posibles rostros de nietos apropiados en dictadura - Noticias Radio Reflejos","robots":{"index":"index","follow":"follow","max-snippet":"max-snippet:-1","max-image-preview":"max-image-preview:large","max-video-preview":"max-video-preview:-1"},"canonical":"https:\/\/www.noticiasradioreflejos.com.ar\/2021\/la-inteligencia-artificial-devuelve-posibles-rostros-de-nietos-apropiados-en-dictadura\/","og_locale":"es_ES","og_type":"article","og_title":"La inteligencia artificial devuelve posibles rostros de nietos apropiados en dictadura - Noticias Radio Reflejos","og_description":"(Por Claudia Lorenz\u00f3n) La idea de capturar el rostro de un familiar desaparecido marc\u00f3 la iniciativa del dise\u00f1ador gr\u00e1fico Santiago Barros de utilizar la inteligencia artificial para proyectar c\u00f3mo se ver\u00edan hoy beb\u00e9s que fueron apropiados durante la dictadura militar a partir de las fotos de sus padres, una iniciativa que se apoya en el [&hellip;]","og_url":"https:\/\/www.noticiasradioreflejos.com.ar\/2021\/la-inteligencia-artificial-devuelve-posibles-rostros-de-nietos-apropiados-en-dictadura\/","og_site_name":"Noticias Radio Reflejos","article_published_time":"2023-07-26T17:34:28+00:00","og_image":[{"url":"https:\/\/live.staticflickr.com\/65535\/53073507875_c0967b1b6b.jpg","type":"","width":"","height":""}],"author":"Arnaldo Botto","twitter_card":"summary_large_image","schema":{"@context":"https:\/\/schema.org","@graph":[{"@type":"WebPage","@id":"https:\/\/www.noticiasradioreflejos.com.ar\/2021\/la-inteligencia-artificial-devuelve-posibles-rostros-de-nietos-apropiados-en-dictadura\/","url":"https:\/\/www.noticiasradioreflejos.com.ar\/2021\/la-inteligencia-artificial-devuelve-posibles-rostros-de-nietos-apropiados-en-dictadura\/","name":"La inteligencia artificial devuelve posibles rostros de nietos apropiados en dictadura - Noticias Radio Reflejos","isPartOf":{"@id":"https:\/\/www.noticiasradioreflejos.com.ar\/2021\/#website"},"primaryImageOfPage":{"@id":"https:\/\/www.noticiasradioreflejos.com.ar\/2021\/la-inteligencia-artificial-devuelve-posibles-rostros-de-nietos-apropiados-en-dictadura\/#primaryimage"},"image":{"@id":"https:\/\/www.noticiasradioreflejos.com.ar\/2021\/la-inteligencia-artificial-devuelve-posibles-rostros-de-nietos-apropiados-en-dictadura\/#primaryimage"},"thumbnailUrl":"https:\/\/live.staticflickr.com\/65535\/53073507875_c0967b1b6b.jpg","datePublished":"2023-07-26T17:34:28+00:00","author":{"@id":"https:\/\/www.noticiasradioreflejos.com.ar\/2021\/#\/schema\/person\/ad82545263dcc5ec0996818884fd5fb1"},"breadcrumb":{"@id":"https:\/\/www.noticiasradioreflejos.com.ar\/2021\/la-inteligencia-artificial-devuelve-posibles-rostros-de-nietos-apropiados-en-dictadura\/#breadcrumb"},"inLanguage":"es","potentialAction":[{"@type":"ReadAction","target":["https:\/\/www.noticiasradioreflejos.com.ar\/2021\/la-inteligencia-artificial-devuelve-posibles-rostros-de-nietos-apropiados-en-dictadura\/"]}]},{"@type":"ImageObject","inLanguage":"es","@id":"https:\/\/www.noticiasradioreflejos.com.ar\/2021\/la-inteligencia-artificial-devuelve-posibles-rostros-de-nietos-apropiados-en-dictadura\/#primaryimage","url":"https:\/\/live.staticflickr.com\/65535\/53073507875_c0967b1b6b.jpg","contentUrl":"https:\/\/live.staticflickr.com\/65535\/53073507875_c0967b1b6b.jpg"},{"@type":"BreadcrumbList","@id":"https:\/\/www.noticiasradioreflejos.com.ar\/2021\/la-inteligencia-artificial-devuelve-posibles-rostros-de-nietos-apropiados-en-dictadura\/#breadcrumb","itemListElement":[{"@type":"ListItem","position":1,"name":"Portada","item":"https:\/\/www.noticiasradioreflejos.com.ar\/2021\/"},{"@type":"ListItem","position":2,"name":"La inteligencia artificial devuelve posibles rostros de nietos apropiados en dictadura"}]},{"@type":"WebSite","@id":"https:\/\/www.noticiasradioreflejos.com.ar\/2021\/#website","url":"https:\/\/www.noticiasradioreflejos.com.ar\/2021\/","name":"Noticias Radio Reflejos","description":"Las noticias de mi comarca","potentialAction":[{"@type":"SearchAction","target":{"@type":"EntryPoint","urlTemplate":"https:\/\/www.noticiasradioreflejos.com.ar\/2021\/?s={search_term_string}"},"query-input":{"@type":"PropertyValueSpecification","valueRequired":true,"valueName":"search_term_string"}}],"inLanguage":"es"},{"@type":"Person","@id":"https:\/\/www.noticiasradioreflejos.com.ar\/2021\/#\/schema\/person\/ad82545263dcc5ec0996818884fd5fb1","name":"Arnaldo Botto","image":{"@type":"ImageObject","inLanguage":"es","@id":"https:\/\/www.noticiasradioreflejos.com.ar\/2021\/#\/schema\/person\/image\/","url":"https:\/\/secure.gravatar.com\/avatar\/55cb5e37c1efa326397366e6974cb338056df65cb50e7d64d1cf314e87504837?s=96&d=mm&r=g","contentUrl":"https:\/\/secure.gravatar.com\/avatar\/55cb5e37c1efa326397366e6974cb338056df65cb50e7d64d1cf314e87504837?s=96&d=mm&r=g","caption":"Arnaldo Botto"},"url":"https:\/\/www.noticiasradioreflejos.com.ar\/2021\/author\/arnaldo\/"}]}},"_links":{"self":[{"href":"https:\/\/www.noticiasradioreflejos.com.ar\/2021\/wp-json\/wp\/v2\/posts\/90906","targetHints":{"allow":["GET"]}}],"collection":[{"href":"https:\/\/www.noticiasradioreflejos.com.ar\/2021\/wp-json\/wp\/v2\/posts"}],"about":[{"href":"https:\/\/www.noticiasradioreflejos.com.ar\/2021\/wp-json\/wp\/v2\/types\/post"}],"author":[{"embeddable":true,"href":"https:\/\/www.noticiasradioreflejos.com.ar\/2021\/wp-json\/wp\/v2\/users\/3"}],"replies":[{"embeddable":true,"href":"https:\/\/www.noticiasradioreflejos.com.ar\/2021\/wp-json\/wp\/v2\/comments?post=90906"}],"version-history":[{"count":1,"href":"https:\/\/www.noticiasradioreflejos.com.ar\/2021\/wp-json\/wp\/v2\/posts\/90906\/revisions"}],"predecessor-version":[{"id":90908,"href":"https:\/\/www.noticiasradioreflejos.com.ar\/2021\/wp-json\/wp\/v2\/posts\/90906\/revisions\/90908"}],"wp:attachment":[{"href":"https:\/\/www.noticiasradioreflejos.com.ar\/2021\/wp-json\/wp\/v2\/media?parent=90906"}],"wp:term":[{"taxonomy":"category","embeddable":true,"href":"https:\/\/www.noticiasradioreflejos.com.ar\/2021\/wp-json\/wp\/v2\/categories?post=90906"},{"taxonomy":"post_tag","embeddable":true,"href":"https:\/\/www.noticiasradioreflejos.com.ar\/2021\/wp-json\/wp\/v2\/tags?post=90906"}],"curies":[{"name":"wp","href":"https:\/\/api.w.org\/{rel}","templated":true}]}}