{"id":90830,"date":"2023-07-24T21:53:49","date_gmt":"2023-07-24T21:53:49","guid":{"rendered":"https:\/\/www.noticiasradioreflejos.com.ar\/2021\/?p=90830"},"modified":"2023-07-24T21:53:49","modified_gmt":"2023-07-24T21:53:49","slug":"un-espectaculo-que-no-olvidaras-asi-podras-ver-la-lluvia-de-estrellas-de-las-delta-acuaridas","status":"publish","type":"post","link":"https:\/\/www.noticiasradioreflejos.com.ar\/2021\/un-espectaculo-que-no-olvidaras-asi-podras-ver-la-lluvia-de-estrellas-de-las-delta-acuaridas\/","title":{"rendered":"Un espect\u00e1culo que no olvidar\u00e1s: as\u00ed podr\u00e1s ver la lluvia de estrellas de las Delta Acu\u00e1ridas"},"content":{"rendered":"<div class=\"container\">\n<div class=\"container-main\">\n<div id=\"main-content\" class=\"main-content two-columns flex one three-996 four-1440\">\n<div id=\"main\" class=\"&quot;main\"><span style=\"color: #333333; font-size: 15px;\">Tanto si te gusta la astronom\u00eda como si no, seguro que te encantar\u00eda disfrutar de una bonita lluvia de estrellas. La buena noticia que tenemos para ti es que est\u00e1s a punto de poder hacerlo. El pr\u00f3ximo d\u00eda 30 de julio se va a producir la lluvia de meteoros de las Delta Acu\u00e1ridas, un momento del a\u00f1o inolvidable que nadie se deber\u00eda perder.<\/span><\/div>\n<\/div>\n<\/div>\n<\/div>\n<div class=\"full-text\">\n<div class=\"sas_53284\" data-target=\"pid=2042292;term1=918\" data-pageid=\"780731\" data-formatid=\"53284\"><\/div>\n<div class=\"content visibility-auto content-p-2042292\">\n<p>Las Delta Acu\u00e1ridas siempre nos reservan un gran espect\u00e1culo y se transforma en una de esas noches que merece la pena disfrutar sea como sea.\u00a0<strong>Si queremos compartir un momento rom\u00e1ntico<\/strong>\u00a0con nuestra pareja, no se nos puede ocurrir mejor ocasi\u00f3n. Y si solo quieres maravillarte con la belleza del cosmos, tambi\u00e9n es algo que te encantar\u00e1. Ahora te explicamos qu\u00e9 tienes que hacer para ver la lluvia de estrellas que se producir\u00e1 dentro de unos d\u00edas.<\/p>\n<h2>Un espect\u00e1culo colosal<\/h2>\n<p>El periodo de tiempo que corresponde a las delta acu\u00e1ridas comienza en julio y se extiende hasta final del mes de agosto. No obstante,\u00a0<strong>el momento m\u00e1s recomendable para disfrutar de ellas<\/strong>\u00a0en este a\u00f1o 2023, cuando se encuentran en su plenitud, es la noche del 30 de julio. Es entonces cuando tendr\u00e1s que seguir las instrucciones que te daremos a continuaci\u00f3n y prepararte para disfrutar de un buen espect\u00e1culo.<\/p>\n<p><img loading=\"lazy\" decoding=\"async\" class=\"aligncenter wp-image-2042394 size-full\" src=\"https:\/\/www.adslzone.net\/app\/uploads-adslzone.net\/2023\/07\/pareja-estrellas.jpg?x=480&amp;quality=40\" alt=\"\" width=\"480\" height=\"266\" \/><\/p>\n<div class=\"sas_53439\" data-target=\"pid=2042292;term1=918\" data-pageid=\"780731\" data-formatid=\"53439\"><\/div>\n<p>Eso s\u00ed, como imaginamos que ya est\u00e1s pensando en c\u00f3mo ver la lluvia de meteoritos, es importante que te mencionemos que el momento m\u00e1s adecuado para ver la ca\u00edda de las estrellas no ser\u00e1 a primera hora de la noche. En realidad, ser\u00e1 en el momento totalmente contrario:\u00a0<strong>justo en las \u00faltimas horas de la noche<\/strong>\u00a0antes de que se comience a producir el amanecer.<\/p>\n<h2>\u00bfC\u00f3mo ver esta lluvia de estrellas?<\/h2>\n<p>Hay que decir que las previsiones de los especialistas apuntan a que, por desgracia, este a\u00f1o 2023 la lluvia de las delta acu\u00e1ridas no va a ser tan espectacular como en otras ocasiones. El motivo de ello es que vamos a tener luna creciente y eso significa que habr\u00e1 una iluminaci\u00f3n m\u00e1s intensa que otras veces. De todas maneras, las previsiones s\u00ed que indican que ser\u00e1, como de costumbre,\u00a0<strong>una noche digna de ser disfrutada<\/strong>\u00a0por quienes adoran este tipo de momentos.<\/p>\n<p>Partiendo de la referencia de posici\u00f3n de Espa\u00f1a, tenemos que tener en cuenta que las deltas acu\u00e1ridas caer\u00e1n por encima del horizonte. Al margen de esto, lo m\u00e1s importante es encontrar\u00a0<strong>una zona que est\u00e9 lo m\u00e1s oscura posible<\/strong>. Tendr\u00e1s el inconveniente que te hemos comentado de la luz que aportar\u00e1 la Luna, as\u00ed que, al menos, habr\u00e1 que intentar elegir una zona que no tenga ning\u00fan otro tipo de fuente de iluminaci\u00f3n. Como de costumbre, siempre es mejor salir al campo e intentar tumbarse mirando al cielo en una zona donde no haya farolas u otros elementos que aporten luz a\u00f1adida en la ciudad.<\/p>\n<p><img loading=\"lazy\" decoding=\"async\" class=\"aligncenter wp-image-2042391 size-full\" src=\"https:\/\/www.adslzone.net\/app\/uploads-adslzone.net\/2023\/07\/Via-Lactea-estrellas.jpg?x=480&amp;quality=40\" alt=\"\" width=\"480\" height=\"244\" \/><\/p>\n<p>Al mismo tiempo, tambi\u00e9n tienes que recordar que cuantos menos obst\u00e1culos naturales encuentres en el punto de visi\u00f3n, m\u00e1s posibilidades tendr\u00e1s de ver un espect\u00e1culo superior. En este aspecto, se recomienda evitar lugares con monta\u00f1as, con muchos \u00e1rboles o con, l\u00f3gicamente, edificios. Respecto a la forma de verlas, no necesitas prism\u00e1ticos ni nada similar.\u00a0<strong>Tus ojos ser\u00e1n la mejor forma<\/strong>\u00a0de disfrutar de la lluvia de estrellas y, en realidad, ser\u00e1n tambi\u00e9n la manera de verlas m\u00e1s claramente. Otros instrumentos podr\u00edan llegar a empeorar la visi\u00f3n, as\u00ed que es mejor evitar recurrir a ellos.<\/p>\n<p>Te hemos comentado que desde la noche ya puedes comenzar a esperar la lluvia de estrellas, pero que el mejor momento se producir\u00e1 cuando la Luna ya est\u00e9 march\u00e1ndose por el horizonte. No obstante, si est\u00e1s observando el cielo demasiado pronto y la Luna todav\u00eda est\u00e1 presente, lo que deber\u00edas hacer ser\u00eda mirar hacia la direcci\u00f3n opuesta a ella. Eso har\u00e1 que la cantidad de luz que bloquear\u00eda la visi\u00f3n de la lluvia de meteoros sea inferior, por lo que el momento resultar\u00e1 un poco m\u00e1s satisfactorio. Adem\u00e1s, recuerda que\u00a0<strong>da igual a qu\u00e9 punto mires en el cielo<\/strong>, puesto que la lluvia de meteoritos se ver\u00e1 de forma global. Esto est\u00e1 en contraposici\u00f3n a la antigua creencia que dec\u00eda que resultaba m\u00e1s recomendable mirar a la zona de la constelaci\u00f3n de Acuario, de la cual proceden.<\/p>\n<p><img loading=\"lazy\" decoding=\"async\" class=\"aligncenter wp-image-2042388 size-full\" src=\"https:\/\/www.adslzone.net\/app\/uploads-adslzone.net\/2023\/07\/Lluvia-estrellas-paisaje.jpg?x=480&amp;quality=40\" alt=\"\" width=\"480\" height=\"271\" \/><\/p>\n<p>Por si te lo preguntas, el origen de las delta acu\u00e1ridas est\u00e1 relacionado con el cometa 96P\/Machholz que fue descubierto en el a\u00f1o 1986.\u00a0<strong>La primera vez que se detect\u00f3 esta lluvia de estrellas<\/strong>\u00a0fue en el a\u00f1o 1870 de la mano de G. L. Tupman, aunque sus an\u00e1lisis no eran del todo precisos y posteriormente fueron revisados por Ronald A. McIntosh para trazar su recorrido de una manera m\u00e1s precisa. A partir del a\u00f1o 1926 la observaci\u00f3n de las acu\u00e1ridas se convirti\u00f3 en tendencia y gener\u00f3 una oleada de inter\u00e9s que se extendi\u00f3 hasta 1933, lo que ayud\u00f3 a definir finalmente su localizaci\u00f3n<\/p>\n<p>Eso tambi\u00e9n deriv\u00f3 en an\u00e1lisis m\u00e1s a fondo del cometa 96P\/Machholz, el cual ha supuesto un elemento de gran atracci\u00f3n para multitud de expertos y amantes de la astronom\u00eda. Este cometa orbita el Sol cada 5,3 a\u00f1os, entra tambi\u00e9n en la \u00f3rbita de Mercurio y se cree que el material que ahora vemos convertido en lluvia de estrellas\u00a0<strong>se desprendi\u00f3 del cometa hace 20.000 a\u00f1os<\/strong>. \u00a1La astronom\u00eda es fascinante!<\/p>\n<\/div>\n<\/div>\n<p>&nbsp;<\/p>\n<p>Fuente\u00a0 uni\u00f3n<\/p>\n","protected":false},"excerpt":{"rendered":"<p>Tanto si te gusta la astronom\u00eda como si no, seguro que te encantar\u00eda disfrutar de una bonita lluvia de estrellas. La buena noticia que tenemos para ti es que est\u00e1s a punto de poder hacerlo. El pr\u00f3ximo d\u00eda 30 de julio se va a producir la lluvia de meteoros de las Delta Acu\u00e1ridas, un momento [&hellip;]<\/p>\n","protected":false},"author":3,"featured_media":90831,"comment_status":"closed","ping_status":"closed","sticky":false,"template":"","format":"standard","meta":{"footnotes":""},"categories":[46],"tags":[],"class_list":["post-90830","post","type-post","status-publish","format-standard","has-post-thumbnail","hentry","category-ciencia-y-tecnologia"],"yoast_head":"<!-- This site is optimized with the Yoast SEO plugin v25.9 - https:\/\/yoast.com\/wordpress\/plugins\/seo\/ -->\n<title>Un espect\u00e1culo que no olvidar\u00e1s: as\u00ed podr\u00e1s ver la lluvia de estrellas de las Delta Acu\u00e1ridas - Noticias Radio Reflejos<\/title>\n<meta name=\"robots\" content=\"index, follow, max-snippet:-1, max-image-preview:large, max-video-preview:-1\" \/>\n<link rel=\"canonical\" href=\"https:\/\/www.noticiasradioreflejos.com.ar\/2021\/un-espectaculo-que-no-olvidaras-asi-podras-ver-la-lluvia-de-estrellas-de-las-delta-acuaridas\/\" \/>\n<meta property=\"og:locale\" content=\"es_ES\" \/>\n<meta property=\"og:type\" content=\"article\" \/>\n<meta property=\"og:title\" content=\"Un espect\u00e1culo que no olvidar\u00e1s: as\u00ed podr\u00e1s ver la lluvia de estrellas de las Delta Acu\u00e1ridas - Noticias Radio Reflejos\" \/>\n<meta property=\"og:description\" content=\"Tanto si te gusta la astronom\u00eda como si no, seguro que te encantar\u00eda disfrutar de una bonita lluvia de estrellas. La buena noticia que tenemos para ti es que est\u00e1s a punto de poder hacerlo. El pr\u00f3ximo d\u00eda 30 de julio se va a producir la lluvia de meteoros de las Delta Acu\u00e1ridas, un momento [&hellip;]\" \/>\n<meta property=\"og:url\" content=\"https:\/\/www.noticiasradioreflejos.com.ar\/2021\/un-espectaculo-que-no-olvidaras-asi-podras-ver-la-lluvia-de-estrellas-de-las-delta-acuaridas\/\" \/>\n<meta property=\"og:site_name\" content=\"Noticias Radio Reflejos\" \/>\n<meta property=\"article:published_time\" content=\"2023-07-24T21:53:49+00:00\" \/>\n<meta property=\"og:image\" content=\"https:\/\/www.noticiasradioreflejos.com.ar\/2021\/wp-content\/uploads\/2023\/07\/Lluvia-de-estrellas-cielo.webp\" \/>\n\t<meta property=\"og:image:width\" content=\"480\" \/>\n\t<meta property=\"og:image:height\" content=\"375\" \/>\n\t<meta property=\"og:image:type\" content=\"image\/webp\" \/>\n<meta name=\"author\" content=\"Arnaldo Botto\" \/>\n<meta name=\"twitter:card\" content=\"summary_large_image\" \/>\n<script type=\"application\/ld+json\" class=\"yoast-schema-graph\">{\"@context\":\"https:\/\/schema.org\",\"@graph\":[{\"@type\":\"WebPage\",\"@id\":\"https:\/\/www.noticiasradioreflejos.com.ar\/2021\/un-espectaculo-que-no-olvidaras-asi-podras-ver-la-lluvia-de-estrellas-de-las-delta-acuaridas\/\",\"url\":\"https:\/\/www.noticiasradioreflejos.com.ar\/2021\/un-espectaculo-que-no-olvidaras-asi-podras-ver-la-lluvia-de-estrellas-de-las-delta-acuaridas\/\",\"name\":\"Un espect\u00e1culo que no olvidar\u00e1s: as\u00ed podr\u00e1s ver la lluvia de estrellas de las Delta Acu\u00e1ridas - Noticias Radio Reflejos\",\"isPartOf\":{\"@id\":\"https:\/\/www.noticiasradioreflejos.com.ar\/2021\/#website\"},\"primaryImageOfPage\":{\"@id\":\"https:\/\/www.noticiasradioreflejos.com.ar\/2021\/un-espectaculo-que-no-olvidaras-asi-podras-ver-la-lluvia-de-estrellas-de-las-delta-acuaridas\/#primaryimage\"},\"image\":{\"@id\":\"https:\/\/www.noticiasradioreflejos.com.ar\/2021\/un-espectaculo-que-no-olvidaras-asi-podras-ver-la-lluvia-de-estrellas-de-las-delta-acuaridas\/#primaryimage\"},\"thumbnailUrl\":\"https:\/\/www.noticiasradioreflejos.com.ar\/2021\/wp-content\/uploads\/2023\/07\/Lluvia-de-estrellas-cielo.webp\",\"datePublished\":\"2023-07-24T21:53:49+00:00\",\"author\":{\"@id\":\"https:\/\/www.noticiasradioreflejos.com.ar\/2021\/#\/schema\/person\/ad82545263dcc5ec0996818884fd5fb1\"},\"breadcrumb\":{\"@id\":\"https:\/\/www.noticiasradioreflejos.com.ar\/2021\/un-espectaculo-que-no-olvidaras-asi-podras-ver-la-lluvia-de-estrellas-de-las-delta-acuaridas\/#breadcrumb\"},\"inLanguage\":\"es\",\"potentialAction\":[{\"@type\":\"ReadAction\",\"target\":[\"https:\/\/www.noticiasradioreflejos.com.ar\/2021\/un-espectaculo-que-no-olvidaras-asi-podras-ver-la-lluvia-de-estrellas-de-las-delta-acuaridas\/\"]}]},{\"@type\":\"ImageObject\",\"inLanguage\":\"es\",\"@id\":\"https:\/\/www.noticiasradioreflejos.com.ar\/2021\/un-espectaculo-que-no-olvidaras-asi-podras-ver-la-lluvia-de-estrellas-de-las-delta-acuaridas\/#primaryimage\",\"url\":\"https:\/\/www.noticiasradioreflejos.com.ar\/2021\/wp-content\/uploads\/2023\/07\/Lluvia-de-estrellas-cielo.webp\",\"contentUrl\":\"https:\/\/www.noticiasradioreflejos.com.ar\/2021\/wp-content\/uploads\/2023\/07\/Lluvia-de-estrellas-cielo.webp\",\"width\":480,\"height\":375},{\"@type\":\"BreadcrumbList\",\"@id\":\"https:\/\/www.noticiasradioreflejos.com.ar\/2021\/un-espectaculo-que-no-olvidaras-asi-podras-ver-la-lluvia-de-estrellas-de-las-delta-acuaridas\/#breadcrumb\",\"itemListElement\":[{\"@type\":\"ListItem\",\"position\":1,\"name\":\"Portada\",\"item\":\"https:\/\/www.noticiasradioreflejos.com.ar\/2021\/\"},{\"@type\":\"ListItem\",\"position\":2,\"name\":\"Un espect\u00e1culo que no olvidar\u00e1s: as\u00ed podr\u00e1s ver la lluvia de estrellas de las Delta Acu\u00e1ridas\"}]},{\"@type\":\"WebSite\",\"@id\":\"https:\/\/www.noticiasradioreflejos.com.ar\/2021\/#website\",\"url\":\"https:\/\/www.noticiasradioreflejos.com.ar\/2021\/\",\"name\":\"Noticias Radio Reflejos\",\"description\":\"Las noticias de mi comarca\",\"potentialAction\":[{\"@type\":\"SearchAction\",\"target\":{\"@type\":\"EntryPoint\",\"urlTemplate\":\"https:\/\/www.noticiasradioreflejos.com.ar\/2021\/?s={search_term_string}\"},\"query-input\":{\"@type\":\"PropertyValueSpecification\",\"valueRequired\":true,\"valueName\":\"search_term_string\"}}],\"inLanguage\":\"es\"},{\"@type\":\"Person\",\"@id\":\"https:\/\/www.noticiasradioreflejos.com.ar\/2021\/#\/schema\/person\/ad82545263dcc5ec0996818884fd5fb1\",\"name\":\"Arnaldo Botto\",\"image\":{\"@type\":\"ImageObject\",\"inLanguage\":\"es\",\"@id\":\"https:\/\/www.noticiasradioreflejos.com.ar\/2021\/#\/schema\/person\/image\/\",\"url\":\"https:\/\/secure.gravatar.com\/avatar\/55cb5e37c1efa326397366e6974cb338056df65cb50e7d64d1cf314e87504837?s=96&d=mm&r=g\",\"contentUrl\":\"https:\/\/secure.gravatar.com\/avatar\/55cb5e37c1efa326397366e6974cb338056df65cb50e7d64d1cf314e87504837?s=96&d=mm&r=g\",\"caption\":\"Arnaldo Botto\"},\"url\":\"https:\/\/www.noticiasradioreflejos.com.ar\/2021\/author\/arnaldo\/\"}]}<\/script>\n<!-- \/ Yoast SEO plugin. -->","yoast_head_json":{"title":"Un espect\u00e1culo que no olvidar\u00e1s: as\u00ed podr\u00e1s ver la lluvia de estrellas de las Delta Acu\u00e1ridas - Noticias Radio Reflejos","robots":{"index":"index","follow":"follow","max-snippet":"max-snippet:-1","max-image-preview":"max-image-preview:large","max-video-preview":"max-video-preview:-1"},"canonical":"https:\/\/www.noticiasradioreflejos.com.ar\/2021\/un-espectaculo-que-no-olvidaras-asi-podras-ver-la-lluvia-de-estrellas-de-las-delta-acuaridas\/","og_locale":"es_ES","og_type":"article","og_title":"Un espect\u00e1culo que no olvidar\u00e1s: as\u00ed podr\u00e1s ver la lluvia de estrellas de las Delta Acu\u00e1ridas - Noticias Radio Reflejos","og_description":"Tanto si te gusta la astronom\u00eda como si no, seguro que te encantar\u00eda disfrutar de una bonita lluvia de estrellas. La buena noticia que tenemos para ti es que est\u00e1s a punto de poder hacerlo. El pr\u00f3ximo d\u00eda 30 de julio se va a producir la lluvia de meteoros de las Delta Acu\u00e1ridas, un momento [&hellip;]","og_url":"https:\/\/www.noticiasradioreflejos.com.ar\/2021\/un-espectaculo-que-no-olvidaras-asi-podras-ver-la-lluvia-de-estrellas-de-las-delta-acuaridas\/","og_site_name":"Noticias Radio Reflejos","article_published_time":"2023-07-24T21:53:49+00:00","og_image":[{"width":480,"height":375,"url":"https:\/\/www.noticiasradioreflejos.com.ar\/2021\/wp-content\/uploads\/2023\/07\/Lluvia-de-estrellas-cielo.webp","type":"image\/webp"}],"author":"Arnaldo Botto","twitter_card":"summary_large_image","schema":{"@context":"https:\/\/schema.org","@graph":[{"@type":"WebPage","@id":"https:\/\/www.noticiasradioreflejos.com.ar\/2021\/un-espectaculo-que-no-olvidaras-asi-podras-ver-la-lluvia-de-estrellas-de-las-delta-acuaridas\/","url":"https:\/\/www.noticiasradioreflejos.com.ar\/2021\/un-espectaculo-que-no-olvidaras-asi-podras-ver-la-lluvia-de-estrellas-de-las-delta-acuaridas\/","name":"Un espect\u00e1culo que no olvidar\u00e1s: as\u00ed podr\u00e1s ver la lluvia de estrellas de las Delta Acu\u00e1ridas - Noticias Radio Reflejos","isPartOf":{"@id":"https:\/\/www.noticiasradioreflejos.com.ar\/2021\/#website"},"primaryImageOfPage":{"@id":"https:\/\/www.noticiasradioreflejos.com.ar\/2021\/un-espectaculo-que-no-olvidaras-asi-podras-ver-la-lluvia-de-estrellas-de-las-delta-acuaridas\/#primaryimage"},"image":{"@id":"https:\/\/www.noticiasradioreflejos.com.ar\/2021\/un-espectaculo-que-no-olvidaras-asi-podras-ver-la-lluvia-de-estrellas-de-las-delta-acuaridas\/#primaryimage"},"thumbnailUrl":"https:\/\/www.noticiasradioreflejos.com.ar\/2021\/wp-content\/uploads\/2023\/07\/Lluvia-de-estrellas-cielo.webp","datePublished":"2023-07-24T21:53:49+00:00","author":{"@id":"https:\/\/www.noticiasradioreflejos.com.ar\/2021\/#\/schema\/person\/ad82545263dcc5ec0996818884fd5fb1"},"breadcrumb":{"@id":"https:\/\/www.noticiasradioreflejos.com.ar\/2021\/un-espectaculo-que-no-olvidaras-asi-podras-ver-la-lluvia-de-estrellas-de-las-delta-acuaridas\/#breadcrumb"},"inLanguage":"es","potentialAction":[{"@type":"ReadAction","target":["https:\/\/www.noticiasradioreflejos.com.ar\/2021\/un-espectaculo-que-no-olvidaras-asi-podras-ver-la-lluvia-de-estrellas-de-las-delta-acuaridas\/"]}]},{"@type":"ImageObject","inLanguage":"es","@id":"https:\/\/www.noticiasradioreflejos.com.ar\/2021\/un-espectaculo-que-no-olvidaras-asi-podras-ver-la-lluvia-de-estrellas-de-las-delta-acuaridas\/#primaryimage","url":"https:\/\/www.noticiasradioreflejos.com.ar\/2021\/wp-content\/uploads\/2023\/07\/Lluvia-de-estrellas-cielo.webp","contentUrl":"https:\/\/www.noticiasradioreflejos.com.ar\/2021\/wp-content\/uploads\/2023\/07\/Lluvia-de-estrellas-cielo.webp","width":480,"height":375},{"@type":"BreadcrumbList","@id":"https:\/\/www.noticiasradioreflejos.com.ar\/2021\/un-espectaculo-que-no-olvidaras-asi-podras-ver-la-lluvia-de-estrellas-de-las-delta-acuaridas\/#breadcrumb","itemListElement":[{"@type":"ListItem","position":1,"name":"Portada","item":"https:\/\/www.noticiasradioreflejos.com.ar\/2021\/"},{"@type":"ListItem","position":2,"name":"Un espect\u00e1culo que no olvidar\u00e1s: as\u00ed podr\u00e1s ver la lluvia de estrellas de las Delta Acu\u00e1ridas"}]},{"@type":"WebSite","@id":"https:\/\/www.noticiasradioreflejos.com.ar\/2021\/#website","url":"https:\/\/www.noticiasradioreflejos.com.ar\/2021\/","name":"Noticias Radio Reflejos","description":"Las noticias de mi comarca","potentialAction":[{"@type":"SearchAction","target":{"@type":"EntryPoint","urlTemplate":"https:\/\/www.noticiasradioreflejos.com.ar\/2021\/?s={search_term_string}"},"query-input":{"@type":"PropertyValueSpecification","valueRequired":true,"valueName":"search_term_string"}}],"inLanguage":"es"},{"@type":"Person","@id":"https:\/\/www.noticiasradioreflejos.com.ar\/2021\/#\/schema\/person\/ad82545263dcc5ec0996818884fd5fb1","name":"Arnaldo Botto","image":{"@type":"ImageObject","inLanguage":"es","@id":"https:\/\/www.noticiasradioreflejos.com.ar\/2021\/#\/schema\/person\/image\/","url":"https:\/\/secure.gravatar.com\/avatar\/55cb5e37c1efa326397366e6974cb338056df65cb50e7d64d1cf314e87504837?s=96&d=mm&r=g","contentUrl":"https:\/\/secure.gravatar.com\/avatar\/55cb5e37c1efa326397366e6974cb338056df65cb50e7d64d1cf314e87504837?s=96&d=mm&r=g","caption":"Arnaldo Botto"},"url":"https:\/\/www.noticiasradioreflejos.com.ar\/2021\/author\/arnaldo\/"}]}},"_links":{"self":[{"href":"https:\/\/www.noticiasradioreflejos.com.ar\/2021\/wp-json\/wp\/v2\/posts\/90830","targetHints":{"allow":["GET"]}}],"collection":[{"href":"https:\/\/www.noticiasradioreflejos.com.ar\/2021\/wp-json\/wp\/v2\/posts"}],"about":[{"href":"https:\/\/www.noticiasradioreflejos.com.ar\/2021\/wp-json\/wp\/v2\/types\/post"}],"author":[{"embeddable":true,"href":"https:\/\/www.noticiasradioreflejos.com.ar\/2021\/wp-json\/wp\/v2\/users\/3"}],"replies":[{"embeddable":true,"href":"https:\/\/www.noticiasradioreflejos.com.ar\/2021\/wp-json\/wp\/v2\/comments?post=90830"}],"version-history":[{"count":1,"href":"https:\/\/www.noticiasradioreflejos.com.ar\/2021\/wp-json\/wp\/v2\/posts\/90830\/revisions"}],"predecessor-version":[{"id":90832,"href":"https:\/\/www.noticiasradioreflejos.com.ar\/2021\/wp-json\/wp\/v2\/posts\/90830\/revisions\/90832"}],"wp:featuredmedia":[{"embeddable":true,"href":"https:\/\/www.noticiasradioreflejos.com.ar\/2021\/wp-json\/wp\/v2\/media\/90831"}],"wp:attachment":[{"href":"https:\/\/www.noticiasradioreflejos.com.ar\/2021\/wp-json\/wp\/v2\/media?parent=90830"}],"wp:term":[{"taxonomy":"category","embeddable":true,"href":"https:\/\/www.noticiasradioreflejos.com.ar\/2021\/wp-json\/wp\/v2\/categories?post=90830"},{"taxonomy":"post_tag","embeddable":true,"href":"https:\/\/www.noticiasradioreflejos.com.ar\/2021\/wp-json\/wp\/v2\/tags?post=90830"}],"curies":[{"name":"wp","href":"https:\/\/api.w.org\/{rel}","templated":true}]}}