{"id":90794,"date":"2023-07-24T17:25:49","date_gmt":"2023-07-24T17:25:49","guid":{"rendered":"https:\/\/www.noticiasradioreflejos.com.ar\/2021\/?p=90794"},"modified":"2023-07-24T17:27:21","modified_gmt":"2023-07-24T17:27:21","slug":"sebastian-bassi-no-existe-lista-oficial-dice-a-o-b","status":"publish","type":"post","link":"https:\/\/www.noticiasradioreflejos.com.ar\/2021\/sebastian-bassi-no-existe-lista-oficial-dice-a-o-b\/","title":{"rendered":"Sebasti\u00e1n Bassi: \u201cNo existe lista oficial; dice A o B\u201d"},"content":{"rendered":"<p>El pre candidato a intendente por Juntos por el Cambio, <strong>Sebasti\u00e1n Bassi<\/strong>, sali\u00f3 al cruce de los dichos de Federico Labarthe, el cual d\u00edas atr\u00e1s asegur\u00f3 que su lista era la \u201coficial\u201d dentro de la boleta de Patricia Bullrich. <strong>\u201cDesde nuestro espacio descartamos de plano la duda que se plante\u00f3\u201d<\/strong> afirm\u00f3.<!--more--><\/p>\n<p>Los d\u00edas siguen transcurriendo y las PASO cada vez est\u00e1n m\u00e1s cerca. Este lunes Sebasti\u00e1n Bassi volvi\u00f3 a visitar los estudios de FM Reflejos, y all\u00ed confirm\u00f3 que \u201cdi clase hasta el \u00faltimo d\u00eda antes del receso, pero ya empalmo con la licencia pol\u00edtica, para mantener la distancia y adem\u00e1s para reforzar la campa\u00f1a. Es una cuesti\u00f3n de \u00e9tica; en el trabajo uno es un profesional y no se mezclan las cosas\u201d.<\/p>\n<p>Recordando lo afirmado hace ya varios meses, el pre candidato a intendente mencion\u00f3 que \u201cinternamente y en el grupo de trabajo era una convicci\u00f3n, no una conveniencia. Siempre estuvimos convencidos de que Patricia Bullrich era nuestra l\u00edder, y la m\u00e1s capacitada para agarrar el tim\u00f3n en esta Argentina que se viene\u201d.<\/p>\n<p>Esto dio pie para consultarle sobre lo dicho d\u00edas atr\u00e1s por Federico Labarthe, el cual se enorgulleci\u00f3 de ser el pre candidato de la lista oficial que encabeza la propia Bullrich.<\/p>\n<p><a href=\"https:\/\/www.noticiasradioreflejos.com.ar\/2021\/con-ritondo-y-vidal-sebastian-bassi-arranco-su-carrera-a-la-intendencia\/bassi-ritondo-2\/\" rel=\"attachment wp-att-79251\"><img loading=\"lazy\" decoding=\"async\" class=\"aligncenter size-full wp-image-79251\" src=\"https:\/\/www.noticiasradioreflejos.com.ar\/2021\/wp-content\/uploads\/2022\/10\/Bassi-Ritondo.jpg\" alt=\"\" width=\"807\" height=\"566\" srcset=\"https:\/\/www.noticiasradioreflejos.com.ar\/2021\/wp-content\/uploads\/2022\/10\/Bassi-Ritondo.jpg 807w, https:\/\/www.noticiasradioreflejos.com.ar\/2021\/wp-content\/uploads\/2022\/10\/Bassi-Ritondo-300x210.jpg 300w, https:\/\/www.noticiasradioreflejos.com.ar\/2021\/wp-content\/uploads\/2022\/10\/Bassi-Ritondo-768x539.jpg 768w, https:\/\/www.noticiasradioreflejos.com.ar\/2021\/wp-content\/uploads\/2022\/10\/Bassi-Ritondo-750x526.jpg 750w\" sizes=\"auto, (max-width: 807px) 100vw, 807px\" \/><\/a><\/p>\n<p>Sobre eso, Bassi, con tono moderado, afirm\u00f3 que \u201cdesde nuestro espacio descartamos la duda que se plante\u00f3. No existe lista oficial. Las dos estamos oficializadas y reconocidas por la junta electoral. En la boleta no dice A o B, no dice oficial. Generar una pol\u00e9mica en eso no le encontramos sentido. Tuvimos la duda, lo consultamos con el apoderado y nos dieron esa tranquilidad\u201d.<\/p>\n<p>Sobre c\u00f3mo viene transcurriendo la campa\u00f1a, cont\u00f3 que \u201cun alto porcentaje de la gente lleva la boleta desde la casa. En nuestros pueblos sigue pasando. Ya la est\u00e1n pidiendo. Se sienten m\u00e1s tranquilos. Al vecino com\u00fan, al que la lucha todos los d\u00edas, lo desgana mucho esta cantidad de boletas y confunde m\u00e1s\u201d.<\/p>\n<p>Y sobre d\u00f3nde se enfocar\u00e1n en estos \u00faltimos d\u00edas, no dudo en sostener que \u201cnuestro basti\u00f3n sin dudas es Tornquist. La mayor\u00eda de los candidatos son de ah\u00ed. Igual no hay que confiarse en ning\u00fan lado, no hay que desatender ninguna localidad, pero sin dudas hay que abocarse un poco m\u00e1s en Tornquist donde tengo a Fabio y todo el equipo\u201d.<\/p>\n<p>Por \u00faltimo coment\u00f3 que \u201cla cabeza va y viene, pero la primera gran final son las PASO. Algunos nombres tenemos para el gabinete pero ser\u00e1 determinante el resultado de las PASO\u201d.<\/p>\n<p><iframe loading=\"lazy\" src=\"https:\/\/w.soundcloud.com\/player\/?url=https%3A\/\/api.soundcloud.com\/tracks\/1573271245&amp;color=%23ff5500&amp;auto_play=false&amp;hide_related=false&amp;show_comments=true&amp;show_user=true&amp;show_reposts=false&amp;show_teaser=true\" width=\"100%\" height=\"166\" frameborder=\"no\" scrolling=\"no\"><\/iframe><\/p>\n<div style=\"font-size: 10px; color: #cccccc; line-break: anywhere; word-break: normal; overflow: hidden; white-space: nowrap; text-overflow: ellipsis; font-family: Interstate,Lucida Grande,Lucida Sans Unicode,Lucida Sans,Garuda,Verdana,Tahoma,sans-serif; font-weight: 100;\"><a style=\"color: #cccccc; text-decoration: none;\" title=\"fmreflejos 103.7\" href=\"https:\/\/soundcloud.com\/fmreflejos-103-7\" target=\"_blank\" rel=\"noopener\">fmreflejos 103.7<\/a> \u00b7 <a style=\"color: #cccccc; text-decoration: none;\" title=\"Seba Bassi 24 - 7\" href=\"https:\/\/soundcloud.com\/fmreflejos-103-7\/seba-bassi-24-7\" target=\"_blank\" rel=\"noopener\">Seba Bassi 24 &#8211; 7<\/a><\/div>\n<p>&nbsp;<\/p>\n","protected":false},"excerpt":{"rendered":"<p>El pre candidato a intendente por Juntos por el Cambio, Sebasti\u00e1n Bassi, sali\u00f3 al cruce de los dichos de Federico Labarthe, el cual d\u00edas atr\u00e1s asegur\u00f3 que su lista era la \u201coficial\u201d dentro de la boleta de Patricia Bullrich. \u201cDesde nuestro espacio descartamos de plano la duda que se plante\u00f3\u201d afirm\u00f3.<\/p>\n","protected":false},"author":3,"featured_media":0,"comment_status":"closed","ping_status":"closed","sticky":false,"template":"","format":"standard","meta":{"footnotes":""},"categories":[26],"tags":[48],"class_list":["post-90794","post","type-post","status-publish","format-standard","hentry","category-sociedad","tag-destacada"],"yoast_head":"<!-- This site is optimized with the Yoast SEO plugin v25.9 - https:\/\/yoast.com\/wordpress\/plugins\/seo\/ -->\n<title>Sebasti\u00e1n Bassi: \u201cNo existe lista oficial; dice A o B\u201d - Noticias Radio Reflejos<\/title>\n<meta name=\"robots\" content=\"index, follow, max-snippet:-1, max-image-preview:large, max-video-preview:-1\" \/>\n<link rel=\"canonical\" href=\"https:\/\/www.noticiasradioreflejos.com.ar\/2021\/sebastian-bassi-no-existe-lista-oficial-dice-a-o-b\/\" \/>\n<meta property=\"og:locale\" content=\"es_ES\" \/>\n<meta property=\"og:type\" content=\"article\" \/>\n<meta property=\"og:title\" content=\"Sebasti\u00e1n Bassi: \u201cNo existe lista oficial; dice A o B\u201d - Noticias Radio Reflejos\" \/>\n<meta property=\"og:description\" content=\"El pre candidato a intendente por Juntos por el Cambio, Sebasti\u00e1n Bassi, sali\u00f3 al cruce de los dichos de Federico Labarthe, el cual d\u00edas atr\u00e1s asegur\u00f3 que su lista era la \u201coficial\u201d dentro de la boleta de Patricia Bullrich. \u201cDesde nuestro espacio descartamos de plano la duda que se plante\u00f3\u201d afirm\u00f3.\" \/>\n<meta property=\"og:url\" content=\"https:\/\/www.noticiasradioreflejos.com.ar\/2021\/sebastian-bassi-no-existe-lista-oficial-dice-a-o-b\/\" \/>\n<meta property=\"og:site_name\" content=\"Noticias Radio Reflejos\" \/>\n<meta property=\"article:published_time\" content=\"2023-07-24T17:25:49+00:00\" \/>\n<meta property=\"article:modified_time\" content=\"2023-07-24T17:27:21+00:00\" \/>\n<meta property=\"og:image\" content=\"https:\/\/www.noticiasradioreflejos.com.ar\/2021\/wp-content\/uploads\/2022\/10\/Bassi-Ritondo.jpg\" \/>\n<meta name=\"author\" content=\"Arnaldo Botto\" \/>\n<meta name=\"twitter:card\" content=\"summary_large_image\" \/>\n<script type=\"application\/ld+json\" class=\"yoast-schema-graph\">{\"@context\":\"https:\/\/schema.org\",\"@graph\":[{\"@type\":\"WebPage\",\"@id\":\"https:\/\/www.noticiasradioreflejos.com.ar\/2021\/sebastian-bassi-no-existe-lista-oficial-dice-a-o-b\/\",\"url\":\"https:\/\/www.noticiasradioreflejos.com.ar\/2021\/sebastian-bassi-no-existe-lista-oficial-dice-a-o-b\/\",\"name\":\"Sebasti\u00e1n Bassi: \u201cNo existe lista oficial; dice A o B\u201d - Noticias Radio Reflejos\",\"isPartOf\":{\"@id\":\"https:\/\/www.noticiasradioreflejos.com.ar\/2021\/#website\"},\"primaryImageOfPage\":{\"@id\":\"https:\/\/www.noticiasradioreflejos.com.ar\/2021\/sebastian-bassi-no-existe-lista-oficial-dice-a-o-b\/#primaryimage\"},\"image\":{\"@id\":\"https:\/\/www.noticiasradioreflejos.com.ar\/2021\/sebastian-bassi-no-existe-lista-oficial-dice-a-o-b\/#primaryimage\"},\"thumbnailUrl\":\"https:\/\/www.noticiasradioreflejos.com.ar\/2021\/wp-content\/uploads\/2022\/10\/Bassi-Ritondo.jpg\",\"datePublished\":\"2023-07-24T17:25:49+00:00\",\"dateModified\":\"2023-07-24T17:27:21+00:00\",\"author\":{\"@id\":\"https:\/\/www.noticiasradioreflejos.com.ar\/2021\/#\/schema\/person\/ad82545263dcc5ec0996818884fd5fb1\"},\"breadcrumb\":{\"@id\":\"https:\/\/www.noticiasradioreflejos.com.ar\/2021\/sebastian-bassi-no-existe-lista-oficial-dice-a-o-b\/#breadcrumb\"},\"inLanguage\":\"es\",\"potentialAction\":[{\"@type\":\"ReadAction\",\"target\":[\"https:\/\/www.noticiasradioreflejos.com.ar\/2021\/sebastian-bassi-no-existe-lista-oficial-dice-a-o-b\/\"]}]},{\"@type\":\"ImageObject\",\"inLanguage\":\"es\",\"@id\":\"https:\/\/www.noticiasradioreflejos.com.ar\/2021\/sebastian-bassi-no-existe-lista-oficial-dice-a-o-b\/#primaryimage\",\"url\":\"https:\/\/www.noticiasradioreflejos.com.ar\/2021\/wp-content\/uploads\/2022\/10\/Bassi-Ritondo.jpg\",\"contentUrl\":\"https:\/\/www.noticiasradioreflejos.com.ar\/2021\/wp-content\/uploads\/2022\/10\/Bassi-Ritondo.jpg\",\"width\":807,\"height\":566},{\"@type\":\"BreadcrumbList\",\"@id\":\"https:\/\/www.noticiasradioreflejos.com.ar\/2021\/sebastian-bassi-no-existe-lista-oficial-dice-a-o-b\/#breadcrumb\",\"itemListElement\":[{\"@type\":\"ListItem\",\"position\":1,\"name\":\"Portada\",\"item\":\"https:\/\/www.noticiasradioreflejos.com.ar\/2021\/\"},{\"@type\":\"ListItem\",\"position\":2,\"name\":\"Sebasti\u00e1n Bassi: \u201cNo existe lista oficial; dice A o B\u201d\"}]},{\"@type\":\"WebSite\",\"@id\":\"https:\/\/www.noticiasradioreflejos.com.ar\/2021\/#website\",\"url\":\"https:\/\/www.noticiasradioreflejos.com.ar\/2021\/\",\"name\":\"Noticias Radio Reflejos\",\"description\":\"Las noticias de mi comarca\",\"potentialAction\":[{\"@type\":\"SearchAction\",\"target\":{\"@type\":\"EntryPoint\",\"urlTemplate\":\"https:\/\/www.noticiasradioreflejos.com.ar\/2021\/?s={search_term_string}\"},\"query-input\":{\"@type\":\"PropertyValueSpecification\",\"valueRequired\":true,\"valueName\":\"search_term_string\"}}],\"inLanguage\":\"es\"},{\"@type\":\"Person\",\"@id\":\"https:\/\/www.noticiasradioreflejos.com.ar\/2021\/#\/schema\/person\/ad82545263dcc5ec0996818884fd5fb1\",\"name\":\"Arnaldo Botto\",\"image\":{\"@type\":\"ImageObject\",\"inLanguage\":\"es\",\"@id\":\"https:\/\/www.noticiasradioreflejos.com.ar\/2021\/#\/schema\/person\/image\/\",\"url\":\"https:\/\/secure.gravatar.com\/avatar\/55cb5e37c1efa326397366e6974cb338056df65cb50e7d64d1cf314e87504837?s=96&d=mm&r=g\",\"contentUrl\":\"https:\/\/secure.gravatar.com\/avatar\/55cb5e37c1efa326397366e6974cb338056df65cb50e7d64d1cf314e87504837?s=96&d=mm&r=g\",\"caption\":\"Arnaldo Botto\"},\"url\":\"https:\/\/www.noticiasradioreflejos.com.ar\/2021\/author\/arnaldo\/\"}]}<\/script>\n<!-- \/ Yoast SEO plugin. -->","yoast_head_json":{"title":"Sebasti\u00e1n Bassi: \u201cNo existe lista oficial; dice A o B\u201d - Noticias Radio Reflejos","robots":{"index":"index","follow":"follow","max-snippet":"max-snippet:-1","max-image-preview":"max-image-preview:large","max-video-preview":"max-video-preview:-1"},"canonical":"https:\/\/www.noticiasradioreflejos.com.ar\/2021\/sebastian-bassi-no-existe-lista-oficial-dice-a-o-b\/","og_locale":"es_ES","og_type":"article","og_title":"Sebasti\u00e1n Bassi: \u201cNo existe lista oficial; dice A o B\u201d - Noticias Radio Reflejos","og_description":"El pre candidato a intendente por Juntos por el Cambio, Sebasti\u00e1n Bassi, sali\u00f3 al cruce de los dichos de Federico Labarthe, el cual d\u00edas atr\u00e1s asegur\u00f3 que su lista era la \u201coficial\u201d dentro de la boleta de Patricia Bullrich. \u201cDesde nuestro espacio descartamos de plano la duda que se plante\u00f3\u201d afirm\u00f3.","og_url":"https:\/\/www.noticiasradioreflejos.com.ar\/2021\/sebastian-bassi-no-existe-lista-oficial-dice-a-o-b\/","og_site_name":"Noticias Radio Reflejos","article_published_time":"2023-07-24T17:25:49+00:00","article_modified_time":"2023-07-24T17:27:21+00:00","og_image":[{"url":"https:\/\/www.noticiasradioreflejos.com.ar\/2021\/wp-content\/uploads\/2022\/10\/Bassi-Ritondo.jpg","type":"","width":"","height":""}],"author":"Arnaldo Botto","twitter_card":"summary_large_image","schema":{"@context":"https:\/\/schema.org","@graph":[{"@type":"WebPage","@id":"https:\/\/www.noticiasradioreflejos.com.ar\/2021\/sebastian-bassi-no-existe-lista-oficial-dice-a-o-b\/","url":"https:\/\/www.noticiasradioreflejos.com.ar\/2021\/sebastian-bassi-no-existe-lista-oficial-dice-a-o-b\/","name":"Sebasti\u00e1n Bassi: \u201cNo existe lista oficial; dice A o B\u201d - Noticias Radio Reflejos","isPartOf":{"@id":"https:\/\/www.noticiasradioreflejos.com.ar\/2021\/#website"},"primaryImageOfPage":{"@id":"https:\/\/www.noticiasradioreflejos.com.ar\/2021\/sebastian-bassi-no-existe-lista-oficial-dice-a-o-b\/#primaryimage"},"image":{"@id":"https:\/\/www.noticiasradioreflejos.com.ar\/2021\/sebastian-bassi-no-existe-lista-oficial-dice-a-o-b\/#primaryimage"},"thumbnailUrl":"https:\/\/www.noticiasradioreflejos.com.ar\/2021\/wp-content\/uploads\/2022\/10\/Bassi-Ritondo.jpg","datePublished":"2023-07-24T17:25:49+00:00","dateModified":"2023-07-24T17:27:21+00:00","author":{"@id":"https:\/\/www.noticiasradioreflejos.com.ar\/2021\/#\/schema\/person\/ad82545263dcc5ec0996818884fd5fb1"},"breadcrumb":{"@id":"https:\/\/www.noticiasradioreflejos.com.ar\/2021\/sebastian-bassi-no-existe-lista-oficial-dice-a-o-b\/#breadcrumb"},"inLanguage":"es","potentialAction":[{"@type":"ReadAction","target":["https:\/\/www.noticiasradioreflejos.com.ar\/2021\/sebastian-bassi-no-existe-lista-oficial-dice-a-o-b\/"]}]},{"@type":"ImageObject","inLanguage":"es","@id":"https:\/\/www.noticiasradioreflejos.com.ar\/2021\/sebastian-bassi-no-existe-lista-oficial-dice-a-o-b\/#primaryimage","url":"https:\/\/www.noticiasradioreflejos.com.ar\/2021\/wp-content\/uploads\/2022\/10\/Bassi-Ritondo.jpg","contentUrl":"https:\/\/www.noticiasradioreflejos.com.ar\/2021\/wp-content\/uploads\/2022\/10\/Bassi-Ritondo.jpg","width":807,"height":566},{"@type":"BreadcrumbList","@id":"https:\/\/www.noticiasradioreflejos.com.ar\/2021\/sebastian-bassi-no-existe-lista-oficial-dice-a-o-b\/#breadcrumb","itemListElement":[{"@type":"ListItem","position":1,"name":"Portada","item":"https:\/\/www.noticiasradioreflejos.com.ar\/2021\/"},{"@type":"ListItem","position":2,"name":"Sebasti\u00e1n Bassi: \u201cNo existe lista oficial; dice A o B\u201d"}]},{"@type":"WebSite","@id":"https:\/\/www.noticiasradioreflejos.com.ar\/2021\/#website","url":"https:\/\/www.noticiasradioreflejos.com.ar\/2021\/","name":"Noticias Radio Reflejos","description":"Las noticias de mi comarca","potentialAction":[{"@type":"SearchAction","target":{"@type":"EntryPoint","urlTemplate":"https:\/\/www.noticiasradioreflejos.com.ar\/2021\/?s={search_term_string}"},"query-input":{"@type":"PropertyValueSpecification","valueRequired":true,"valueName":"search_term_string"}}],"inLanguage":"es"},{"@type":"Person","@id":"https:\/\/www.noticiasradioreflejos.com.ar\/2021\/#\/schema\/person\/ad82545263dcc5ec0996818884fd5fb1","name":"Arnaldo Botto","image":{"@type":"ImageObject","inLanguage":"es","@id":"https:\/\/www.noticiasradioreflejos.com.ar\/2021\/#\/schema\/person\/image\/","url":"https:\/\/secure.gravatar.com\/avatar\/55cb5e37c1efa326397366e6974cb338056df65cb50e7d64d1cf314e87504837?s=96&d=mm&r=g","contentUrl":"https:\/\/secure.gravatar.com\/avatar\/55cb5e37c1efa326397366e6974cb338056df65cb50e7d64d1cf314e87504837?s=96&d=mm&r=g","caption":"Arnaldo Botto"},"url":"https:\/\/www.noticiasradioreflejos.com.ar\/2021\/author\/arnaldo\/"}]}},"_links":{"self":[{"href":"https:\/\/www.noticiasradioreflejos.com.ar\/2021\/wp-json\/wp\/v2\/posts\/90794","targetHints":{"allow":["GET"]}}],"collection":[{"href":"https:\/\/www.noticiasradioreflejos.com.ar\/2021\/wp-json\/wp\/v2\/posts"}],"about":[{"href":"https:\/\/www.noticiasradioreflejos.com.ar\/2021\/wp-json\/wp\/v2\/types\/post"}],"author":[{"embeddable":true,"href":"https:\/\/www.noticiasradioreflejos.com.ar\/2021\/wp-json\/wp\/v2\/users\/3"}],"replies":[{"embeddable":true,"href":"https:\/\/www.noticiasradioreflejos.com.ar\/2021\/wp-json\/wp\/v2\/comments?post=90794"}],"version-history":[{"count":4,"href":"https:\/\/www.noticiasradioreflejos.com.ar\/2021\/wp-json\/wp\/v2\/posts\/90794\/revisions"}],"predecessor-version":[{"id":90798,"href":"https:\/\/www.noticiasradioreflejos.com.ar\/2021\/wp-json\/wp\/v2\/posts\/90794\/revisions\/90798"}],"wp:attachment":[{"href":"https:\/\/www.noticiasradioreflejos.com.ar\/2021\/wp-json\/wp\/v2\/media?parent=90794"}],"wp:term":[{"taxonomy":"category","embeddable":true,"href":"https:\/\/www.noticiasradioreflejos.com.ar\/2021\/wp-json\/wp\/v2\/categories?post=90794"},{"taxonomy":"post_tag","embeddable":true,"href":"https:\/\/www.noticiasradioreflejos.com.ar\/2021\/wp-json\/wp\/v2\/tags?post=90794"}],"curies":[{"name":"wp","href":"https:\/\/api.w.org\/{rel}","templated":true}]}}