{"id":90789,"date":"2023-07-24T17:10:29","date_gmt":"2023-07-24T17:10:29","guid":{"rendered":"https:\/\/www.noticiasradioreflejos.com.ar\/2021\/?p=90789"},"modified":"2023-07-24T17:55:03","modified_gmt":"2023-07-24T17:55:03","slug":"barrio-cerro-ceferino-aun-no-liberaron-la-avenida-y-los-vecinos-reclaman","status":"publish","type":"post","link":"https:\/\/www.noticiasradioreflejos.com.ar\/2021\/barrio-cerro-ceferino-aun-no-liberaron-la-avenida-y-los-vecinos-reclaman\/","title":{"rendered":"Barrio Cerro Ceferino: a\u00fan no liberaron la avenida y los vecinos reclaman"},"content":{"rendered":"<p>Pese a que la justicia emiti\u00f3 una orden cautelar para la liberaci\u00f3n de la avenida Costanera, el municipio de Su\u00e1rez a\u00fan no reacondicion\u00f3 esa arteria. \u201cEl orden institucional hay que respetarlo\u201d afirm\u00f3 Chiche Cabral.<!--more--><\/p>\n<p><a title=\"Pablo y chiche Cabral\" href=\"https:\/\/www.flickr.com\/photos\/182279889@N02\/53068856480\/in\/dateposted-public\/\" data-flickr-embed=\"true\" data-footer=\"true\"><img loading=\"lazy\" decoding=\"async\" src=\"https:\/\/live.staticflickr.com\/65535\/53068856480_01d157caf7_c.jpg\" alt=\"Pablo y chiche Cabral\" width=\"800\" height=\"475\" \/><\/a><script async src=\"\/\/embedr.flickr.com\/assets\/client-code.js\" charset=\"utf-8\"><\/script><\/p>\n<p>La historia del Barrio Cerro Ceferino suma un cap\u00edtulo m\u00e1s en su constante lucha de idas y venidas que involucra a la comuna y al fideicomiso, adem\u00e1s de otros actores secundarios como ARBA y ADA.<\/p>\n<p>En esta ocasi\u00f3n Pablo Cabral y su padre Chiche explicaron que pese a haberse dictado una medida cautelar nada ha cambiado y el municipio de Coronel Su\u00e1rez de momento hizo o\u00eddos sordos.<\/p>\n<p>En esa l\u00ednea Chiche asegur\u00f3 que \u201chemos hecho gestiones, demandas, un mont\u00f3n de acciones que hacen que todos los problemas tengan su respectivo reclamo a la municipalidad. Nosotros somos contribuyentes del municipio de Su\u00e1rez y por esto nos deben una consideraci\u00f3n como un vecino m\u00e1s\u201d.<\/p>\n<p>Y de la mano con esto afirm\u00f3 que \u201cla justicia nos dio la cautelar y con esta instrucciones sobre lo que se deb\u00eda hacer. El lunes pasado fuimos a buscar las respuestas, y tras un intercambio de palabras con el Secretario de Gobierno, nos dijo que para el viernes estar\u00eda nuevamente habilitada la avenida\u201d.<\/p>\n<p>De todas maneras \u201ca\u00fan seguimos esperando porque no han liberado la calle. Deben responder a la justicia. Si ellos no cumplen con esa resoluci\u00f3n, entonces yo ma\u00f1ana no pago m\u00e1s los impuestos, ando a contra mano, me meto en tu casa, todo porque se me antoja. El orden institucional hay que respetarlo\u201d.<\/p>\n<p><a title=\"Cerro Ceferino\" href=\"https:\/\/www.flickr.com\/photos\/182279889@N02\/53069055983\/in\/dateposted-public\/\" data-flickr-embed=\"true\" data-footer=\"true\"><img loading=\"lazy\" decoding=\"async\" class=\"aligncenter\" src=\"https:\/\/live.staticflickr.com\/65535\/53069055983_b5e9f44719_c.jpg\" alt=\"Cerro Ceferino\" width=\"566\" height=\"800\" \/><\/a><\/p>\n<p>Por su parte su hijo Pablo cont\u00f3 que \u201cesta acci\u00f3n colectiva es un proceso complejo, que lleva mucho tiempo, con muchas pruebas, segunda instancia y corte. Es una historia muy larga que se inicia por la desconsideraci\u00f3n de las autoridades municipales\u201d.<\/p>\n<p>Generando \u201cpor todo este tiempo que lleva la jueza dict\u00f3 la medida cautelar con dos detalles; el primero, sacar todos los obst\u00e1culos de las calles, y el segundo, trabar una inhibici\u00f3n de comercializaci\u00f3n de los terrenos. Despu\u00e9s la demanda de fondo tiene mucho m\u00e1s pedidos que se ir\u00e1n viendo\u201d.<\/p>\n<p>Por \u00faltimo confirm\u00f3 que \u201cnosotros vamos a esperar hasta la semana que viene. Tomaremos fotograf\u00edas, es p\u00fablico y notorio, y con eso pediremos que la jueza tome medidas para que se cumpla con la cautelar. Todo esto estar\u00e1 sometido a mucha prueba\u201d.<\/p>\n<p><iframe loading=\"lazy\" src=\"https:\/\/w.soundcloud.com\/player\/?url=https%3A\/\/api.soundcloud.com\/tracks\/1573290256&amp;color=%23ff5500&amp;auto_play=false&amp;hide_related=false&amp;show_comments=true&amp;show_user=true&amp;show_reposts=false&amp;show_teaser=true\" width=\"100%\" height=\"166\" frameborder=\"no\" scrolling=\"no\"><\/iframe><\/p>\n<div style=\"font-size: 10px; color: #cccccc; line-break: anywhere; word-break: normal; overflow: hidden; white-space: nowrap; text-overflow: ellipsis; font-family: Interstate,Lucida Grande,Lucida Sans Unicode,Lucida Sans,Garuda,Verdana,Tahoma,sans-serif; font-weight: 100;\"><a style=\"color: #cccccc; text-decoration: none;\" title=\"fmreflejos 103.7\" href=\"https:\/\/soundcloud.com\/fmreflejos-103-7\" target=\"_blank\" rel=\"noopener\">fmreflejos 103.7<\/a> \u00b7 <a style=\"color: #cccccc; text-decoration: none;\" title=\"Fomento Cerro Ceferino 24 - 7\" href=\"https:\/\/soundcloud.com\/fmreflejos-103-7\/fomento-cerro-ceferino-24-7\" target=\"_blank\" rel=\"noopener\">Fomento Cerro Ceferino 24 &#8211; 7<\/a><\/div>\n","protected":false},"excerpt":{"rendered":"<p>Pese a que la justicia emiti\u00f3 una orden cautelar para la liberaci\u00f3n de la avenida Costanera, el municipio de Su\u00e1rez a\u00fan no reacondicion\u00f3 esa arteria. \u201cEl orden institucional hay que respetarlo\u201d afirm\u00f3 Chiche Cabral.<\/p>\n","protected":false},"author":3,"featured_media":84039,"comment_status":"closed","ping_status":"closed","sticky":false,"template":"","format":"standard","meta":{"footnotes":""},"categories":[24],"tags":[48],"class_list":["post-90789","post","type-post","status-publish","format-standard","has-post-thumbnail","hentry","category-politica","tag-destacada"],"yoast_head":"<!-- This site is optimized with the Yoast SEO plugin v25.9 - https:\/\/yoast.com\/wordpress\/plugins\/seo\/ -->\n<title>Barrio Cerro Ceferino: a\u00fan no liberaron la avenida y los vecinos reclaman - Noticias Radio Reflejos<\/title>\n<meta name=\"robots\" content=\"index, follow, max-snippet:-1, max-image-preview:large, max-video-preview:-1\" \/>\n<link rel=\"canonical\" href=\"https:\/\/www.noticiasradioreflejos.com.ar\/2021\/barrio-cerro-ceferino-aun-no-liberaron-la-avenida-y-los-vecinos-reclaman\/\" \/>\n<meta property=\"og:locale\" content=\"es_ES\" \/>\n<meta property=\"og:type\" content=\"article\" \/>\n<meta property=\"og:title\" content=\"Barrio Cerro Ceferino: a\u00fan no liberaron la avenida y los vecinos reclaman - Noticias Radio Reflejos\" \/>\n<meta property=\"og:description\" content=\"Pese a que la justicia emiti\u00f3 una orden cautelar para la liberaci\u00f3n de la avenida Costanera, el municipio de Su\u00e1rez a\u00fan no reacondicion\u00f3 esa arteria. \u201cEl orden institucional hay que respetarlo\u201d afirm\u00f3 Chiche Cabral.\" \/>\n<meta property=\"og:url\" content=\"https:\/\/www.noticiasradioreflejos.com.ar\/2021\/barrio-cerro-ceferino-aun-no-liberaron-la-avenida-y-los-vecinos-reclaman\/\" \/>\n<meta property=\"og:site_name\" content=\"Noticias Radio Reflejos\" \/>\n<meta property=\"article:published_time\" content=\"2023-07-24T17:10:29+00:00\" \/>\n<meta property=\"article:modified_time\" content=\"2023-07-24T17:55:03+00:00\" \/>\n<meta property=\"og:image\" content=\"https:\/\/www.noticiasradioreflejos.com.ar\/2021\/wp-content\/uploads\/2023\/02\/Calle-Alambrada-Cerro-Ceferino.jpeg\" \/>\n\t<meta property=\"og:image:width\" content=\"1040\" \/>\n\t<meta property=\"og:image:height\" content=\"780\" \/>\n\t<meta property=\"og:image:type\" content=\"image\/jpeg\" \/>\n<meta name=\"author\" content=\"Arnaldo Botto\" \/>\n<meta name=\"twitter:card\" content=\"summary_large_image\" \/>\n<script type=\"application\/ld+json\" class=\"yoast-schema-graph\">{\"@context\":\"https:\/\/schema.org\",\"@graph\":[{\"@type\":\"WebPage\",\"@id\":\"https:\/\/www.noticiasradioreflejos.com.ar\/2021\/barrio-cerro-ceferino-aun-no-liberaron-la-avenida-y-los-vecinos-reclaman\/\",\"url\":\"https:\/\/www.noticiasradioreflejos.com.ar\/2021\/barrio-cerro-ceferino-aun-no-liberaron-la-avenida-y-los-vecinos-reclaman\/\",\"name\":\"Barrio Cerro Ceferino: a\u00fan no liberaron la avenida y los vecinos reclaman - Noticias Radio Reflejos\",\"isPartOf\":{\"@id\":\"https:\/\/www.noticiasradioreflejos.com.ar\/2021\/#website\"},\"primaryImageOfPage\":{\"@id\":\"https:\/\/www.noticiasradioreflejos.com.ar\/2021\/barrio-cerro-ceferino-aun-no-liberaron-la-avenida-y-los-vecinos-reclaman\/#primaryimage\"},\"image\":{\"@id\":\"https:\/\/www.noticiasradioreflejos.com.ar\/2021\/barrio-cerro-ceferino-aun-no-liberaron-la-avenida-y-los-vecinos-reclaman\/#primaryimage\"},\"thumbnailUrl\":\"https:\/\/www.noticiasradioreflejos.com.ar\/2021\/wp-content\/uploads\/2023\/02\/Calle-Alambrada-Cerro-Ceferino.jpeg\",\"datePublished\":\"2023-07-24T17:10:29+00:00\",\"dateModified\":\"2023-07-24T17:55:03+00:00\",\"author\":{\"@id\":\"https:\/\/www.noticiasradioreflejos.com.ar\/2021\/#\/schema\/person\/ad82545263dcc5ec0996818884fd5fb1\"},\"breadcrumb\":{\"@id\":\"https:\/\/www.noticiasradioreflejos.com.ar\/2021\/barrio-cerro-ceferino-aun-no-liberaron-la-avenida-y-los-vecinos-reclaman\/#breadcrumb\"},\"inLanguage\":\"es\",\"potentialAction\":[{\"@type\":\"ReadAction\",\"target\":[\"https:\/\/www.noticiasradioreflejos.com.ar\/2021\/barrio-cerro-ceferino-aun-no-liberaron-la-avenida-y-los-vecinos-reclaman\/\"]}]},{\"@type\":\"ImageObject\",\"inLanguage\":\"es\",\"@id\":\"https:\/\/www.noticiasradioreflejos.com.ar\/2021\/barrio-cerro-ceferino-aun-no-liberaron-la-avenida-y-los-vecinos-reclaman\/#primaryimage\",\"url\":\"https:\/\/www.noticiasradioreflejos.com.ar\/2021\/wp-content\/uploads\/2023\/02\/Calle-Alambrada-Cerro-Ceferino.jpeg\",\"contentUrl\":\"https:\/\/www.noticiasradioreflejos.com.ar\/2021\/wp-content\/uploads\/2023\/02\/Calle-Alambrada-Cerro-Ceferino.jpeg\",\"width\":1040,\"height\":780},{\"@type\":\"BreadcrumbList\",\"@id\":\"https:\/\/www.noticiasradioreflejos.com.ar\/2021\/barrio-cerro-ceferino-aun-no-liberaron-la-avenida-y-los-vecinos-reclaman\/#breadcrumb\",\"itemListElement\":[{\"@type\":\"ListItem\",\"position\":1,\"name\":\"Portada\",\"item\":\"https:\/\/www.noticiasradioreflejos.com.ar\/2021\/\"},{\"@type\":\"ListItem\",\"position\":2,\"name\":\"Barrio Cerro Ceferino: a\u00fan no liberaron la avenida y los vecinos reclaman\"}]},{\"@type\":\"WebSite\",\"@id\":\"https:\/\/www.noticiasradioreflejos.com.ar\/2021\/#website\",\"url\":\"https:\/\/www.noticiasradioreflejos.com.ar\/2021\/\",\"name\":\"Noticias Radio Reflejos\",\"description\":\"Las noticias de mi comarca\",\"potentialAction\":[{\"@type\":\"SearchAction\",\"target\":{\"@type\":\"EntryPoint\",\"urlTemplate\":\"https:\/\/www.noticiasradioreflejos.com.ar\/2021\/?s={search_term_string}\"},\"query-input\":{\"@type\":\"PropertyValueSpecification\",\"valueRequired\":true,\"valueName\":\"search_term_string\"}}],\"inLanguage\":\"es\"},{\"@type\":\"Person\",\"@id\":\"https:\/\/www.noticiasradioreflejos.com.ar\/2021\/#\/schema\/person\/ad82545263dcc5ec0996818884fd5fb1\",\"name\":\"Arnaldo Botto\",\"image\":{\"@type\":\"ImageObject\",\"inLanguage\":\"es\",\"@id\":\"https:\/\/www.noticiasradioreflejos.com.ar\/2021\/#\/schema\/person\/image\/\",\"url\":\"https:\/\/secure.gravatar.com\/avatar\/55cb5e37c1efa326397366e6974cb338056df65cb50e7d64d1cf314e87504837?s=96&d=mm&r=g\",\"contentUrl\":\"https:\/\/secure.gravatar.com\/avatar\/55cb5e37c1efa326397366e6974cb338056df65cb50e7d64d1cf314e87504837?s=96&d=mm&r=g\",\"caption\":\"Arnaldo Botto\"},\"url\":\"https:\/\/www.noticiasradioreflejos.com.ar\/2021\/author\/arnaldo\/\"}]}<\/script>\n<!-- \/ Yoast SEO plugin. -->","yoast_head_json":{"title":"Barrio Cerro Ceferino: a\u00fan no liberaron la avenida y los vecinos reclaman - Noticias Radio Reflejos","robots":{"index":"index","follow":"follow","max-snippet":"max-snippet:-1","max-image-preview":"max-image-preview:large","max-video-preview":"max-video-preview:-1"},"canonical":"https:\/\/www.noticiasradioreflejos.com.ar\/2021\/barrio-cerro-ceferino-aun-no-liberaron-la-avenida-y-los-vecinos-reclaman\/","og_locale":"es_ES","og_type":"article","og_title":"Barrio Cerro Ceferino: a\u00fan no liberaron la avenida y los vecinos reclaman - Noticias Radio Reflejos","og_description":"Pese a que la justicia emiti\u00f3 una orden cautelar para la liberaci\u00f3n de la avenida Costanera, el municipio de Su\u00e1rez a\u00fan no reacondicion\u00f3 esa arteria. \u201cEl orden institucional hay que respetarlo\u201d afirm\u00f3 Chiche Cabral.","og_url":"https:\/\/www.noticiasradioreflejos.com.ar\/2021\/barrio-cerro-ceferino-aun-no-liberaron-la-avenida-y-los-vecinos-reclaman\/","og_site_name":"Noticias Radio Reflejos","article_published_time":"2023-07-24T17:10:29+00:00","article_modified_time":"2023-07-24T17:55:03+00:00","og_image":[{"width":1040,"height":780,"url":"https:\/\/www.noticiasradioreflejos.com.ar\/2021\/wp-content\/uploads\/2023\/02\/Calle-Alambrada-Cerro-Ceferino.jpeg","type":"image\/jpeg"}],"author":"Arnaldo Botto","twitter_card":"summary_large_image","schema":{"@context":"https:\/\/schema.org","@graph":[{"@type":"WebPage","@id":"https:\/\/www.noticiasradioreflejos.com.ar\/2021\/barrio-cerro-ceferino-aun-no-liberaron-la-avenida-y-los-vecinos-reclaman\/","url":"https:\/\/www.noticiasradioreflejos.com.ar\/2021\/barrio-cerro-ceferino-aun-no-liberaron-la-avenida-y-los-vecinos-reclaman\/","name":"Barrio Cerro Ceferino: a\u00fan no liberaron la avenida y los vecinos reclaman - Noticias Radio Reflejos","isPartOf":{"@id":"https:\/\/www.noticiasradioreflejos.com.ar\/2021\/#website"},"primaryImageOfPage":{"@id":"https:\/\/www.noticiasradioreflejos.com.ar\/2021\/barrio-cerro-ceferino-aun-no-liberaron-la-avenida-y-los-vecinos-reclaman\/#primaryimage"},"image":{"@id":"https:\/\/www.noticiasradioreflejos.com.ar\/2021\/barrio-cerro-ceferino-aun-no-liberaron-la-avenida-y-los-vecinos-reclaman\/#primaryimage"},"thumbnailUrl":"https:\/\/www.noticiasradioreflejos.com.ar\/2021\/wp-content\/uploads\/2023\/02\/Calle-Alambrada-Cerro-Ceferino.jpeg","datePublished":"2023-07-24T17:10:29+00:00","dateModified":"2023-07-24T17:55:03+00:00","author":{"@id":"https:\/\/www.noticiasradioreflejos.com.ar\/2021\/#\/schema\/person\/ad82545263dcc5ec0996818884fd5fb1"},"breadcrumb":{"@id":"https:\/\/www.noticiasradioreflejos.com.ar\/2021\/barrio-cerro-ceferino-aun-no-liberaron-la-avenida-y-los-vecinos-reclaman\/#breadcrumb"},"inLanguage":"es","potentialAction":[{"@type":"ReadAction","target":["https:\/\/www.noticiasradioreflejos.com.ar\/2021\/barrio-cerro-ceferino-aun-no-liberaron-la-avenida-y-los-vecinos-reclaman\/"]}]},{"@type":"ImageObject","inLanguage":"es","@id":"https:\/\/www.noticiasradioreflejos.com.ar\/2021\/barrio-cerro-ceferino-aun-no-liberaron-la-avenida-y-los-vecinos-reclaman\/#primaryimage","url":"https:\/\/www.noticiasradioreflejos.com.ar\/2021\/wp-content\/uploads\/2023\/02\/Calle-Alambrada-Cerro-Ceferino.jpeg","contentUrl":"https:\/\/www.noticiasradioreflejos.com.ar\/2021\/wp-content\/uploads\/2023\/02\/Calle-Alambrada-Cerro-Ceferino.jpeg","width":1040,"height":780},{"@type":"BreadcrumbList","@id":"https:\/\/www.noticiasradioreflejos.com.ar\/2021\/barrio-cerro-ceferino-aun-no-liberaron-la-avenida-y-los-vecinos-reclaman\/#breadcrumb","itemListElement":[{"@type":"ListItem","position":1,"name":"Portada","item":"https:\/\/www.noticiasradioreflejos.com.ar\/2021\/"},{"@type":"ListItem","position":2,"name":"Barrio Cerro Ceferino: a\u00fan no liberaron la avenida y los vecinos reclaman"}]},{"@type":"WebSite","@id":"https:\/\/www.noticiasradioreflejos.com.ar\/2021\/#website","url":"https:\/\/www.noticiasradioreflejos.com.ar\/2021\/","name":"Noticias Radio Reflejos","description":"Las noticias de mi comarca","potentialAction":[{"@type":"SearchAction","target":{"@type":"EntryPoint","urlTemplate":"https:\/\/www.noticiasradioreflejos.com.ar\/2021\/?s={search_term_string}"},"query-input":{"@type":"PropertyValueSpecification","valueRequired":true,"valueName":"search_term_string"}}],"inLanguage":"es"},{"@type":"Person","@id":"https:\/\/www.noticiasradioreflejos.com.ar\/2021\/#\/schema\/person\/ad82545263dcc5ec0996818884fd5fb1","name":"Arnaldo Botto","image":{"@type":"ImageObject","inLanguage":"es","@id":"https:\/\/www.noticiasradioreflejos.com.ar\/2021\/#\/schema\/person\/image\/","url":"https:\/\/secure.gravatar.com\/avatar\/55cb5e37c1efa326397366e6974cb338056df65cb50e7d64d1cf314e87504837?s=96&d=mm&r=g","contentUrl":"https:\/\/secure.gravatar.com\/avatar\/55cb5e37c1efa326397366e6974cb338056df65cb50e7d64d1cf314e87504837?s=96&d=mm&r=g","caption":"Arnaldo Botto"},"url":"https:\/\/www.noticiasradioreflejos.com.ar\/2021\/author\/arnaldo\/"}]}},"_links":{"self":[{"href":"https:\/\/www.noticiasradioreflejos.com.ar\/2021\/wp-json\/wp\/v2\/posts\/90789","targetHints":{"allow":["GET"]}}],"collection":[{"href":"https:\/\/www.noticiasradioreflejos.com.ar\/2021\/wp-json\/wp\/v2\/posts"}],"about":[{"href":"https:\/\/www.noticiasradioreflejos.com.ar\/2021\/wp-json\/wp\/v2\/types\/post"}],"author":[{"embeddable":true,"href":"https:\/\/www.noticiasradioreflejos.com.ar\/2021\/wp-json\/wp\/v2\/users\/3"}],"replies":[{"embeddable":true,"href":"https:\/\/www.noticiasradioreflejos.com.ar\/2021\/wp-json\/wp\/v2\/comments?post=90789"}],"version-history":[{"count":3,"href":"https:\/\/www.noticiasradioreflejos.com.ar\/2021\/wp-json\/wp\/v2\/posts\/90789\/revisions"}],"predecessor-version":[{"id":90814,"href":"https:\/\/www.noticiasradioreflejos.com.ar\/2021\/wp-json\/wp\/v2\/posts\/90789\/revisions\/90814"}],"wp:featuredmedia":[{"embeddable":true,"href":"https:\/\/www.noticiasradioreflejos.com.ar\/2021\/wp-json\/wp\/v2\/media\/84039"}],"wp:attachment":[{"href":"https:\/\/www.noticiasradioreflejos.com.ar\/2021\/wp-json\/wp\/v2\/media?parent=90789"}],"wp:term":[{"taxonomy":"category","embeddable":true,"href":"https:\/\/www.noticiasradioreflejos.com.ar\/2021\/wp-json\/wp\/v2\/categories?post=90789"},{"taxonomy":"post_tag","embeddable":true,"href":"https:\/\/www.noticiasradioreflejos.com.ar\/2021\/wp-json\/wp\/v2\/tags?post=90789"}],"curies":[{"name":"wp","href":"https:\/\/api.w.org\/{rel}","templated":true}]}}