{"id":90726,"date":"2023-07-21T21:03:29","date_gmt":"2023-07-21T21:03:29","guid":{"rendered":"https:\/\/www.noticiasradioreflejos.com.ar\/2021\/?p=90726"},"modified":"2023-07-21T22:22:34","modified_gmt":"2023-07-21T22:22:34","slug":"una-mujer-perdio-la-vida-en-un-vuelco-en-la-ruta-35","status":"publish","type":"post","link":"https:\/\/www.noticiasradioreflejos.com.ar\/2021\/una-mujer-perdio-la-vida-en-un-vuelco-en-la-ruta-35\/","title":{"rendered":"Una mujer perdi\u00f3 la vida en un vuelco en la ruta 35"},"content":{"rendered":"<p>Siendo las 15:00 hs aproximadamente se produjo el vuelco de un veh\u00edculo en La ruta 35 km 42 a la altura del paso a nivel del paraje Nueva Roma. <\/p>\n<p><!--more--><\/p>\n<p> En el lugar y por causas que se investigan un autom\u00f3vil marca Peugeot 207 ocupado por dos personas mayores de edad  volc\u00f3 cuando se dirig\u00eda de la provincia de C\u00f3rdoba a Bah\u00eda Blanca.<\/p>\n<p>Seg\u00fan fuentes policiales, las v\u00edctimas proven\u00edan de la provincia de C\u00f3rdoba.<\/p>\n<p>La mujer que viajaba como acompa\u00f1ante, identificada como Ester Mamani, de 56 a\u00f1os, falleci\u00f3 en el lugar. El conductor del rodado, Roberto Samaja, de 69 a\u00f1os, fue trasladado al Hospital Penna con traumatismos leves en una ambulancia de Chasic\u00f3.<\/p>\n<p>Tambi\u00e9n trabajaron Bomberos y Polic\u00eda de la misma localidad.<\/p>\n<p>Fuente Defensa Civil <\/p>\n","protected":false},"excerpt":{"rendered":"<p>Siendo las 15:00 hs aproximadamente se produjo el vuelco de un veh\u00edculo en La ruta 35 km 42 a la altura del paso a nivel del paraje Nueva Roma.<\/p>\n","protected":false},"author":3,"featured_media":0,"comment_status":"closed","ping_status":"closed","sticky":false,"template":"","format":"standard","meta":{"footnotes":""},"categories":[29],"tags":[48],"class_list":["post-90726","post","type-post","status-publish","format-standard","hentry","category-policiales","tag-destacada"],"yoast_head":"<!-- This site is optimized with the Yoast SEO plugin v25.9 - https:\/\/yoast.com\/wordpress\/plugins\/seo\/ -->\n<title>Una mujer perdi\u00f3 la vida en un vuelco en la ruta 35 - Noticias Radio Reflejos<\/title>\n<meta name=\"robots\" content=\"index, follow, max-snippet:-1, max-image-preview:large, max-video-preview:-1\" \/>\n<link rel=\"canonical\" href=\"https:\/\/www.noticiasradioreflejos.com.ar\/2021\/una-mujer-perdio-la-vida-en-un-vuelco-en-la-ruta-35\/\" \/>\n<meta property=\"og:locale\" content=\"es_ES\" \/>\n<meta property=\"og:type\" content=\"article\" \/>\n<meta property=\"og:title\" content=\"Una mujer perdi\u00f3 la vida en un vuelco en la ruta 35 - Noticias Radio Reflejos\" \/>\n<meta property=\"og:description\" content=\"Siendo las 15:00 hs aproximadamente se produjo el vuelco de un veh\u00edculo en La ruta 35 km 42 a la altura del paso a nivel del paraje Nueva Roma.\" \/>\n<meta property=\"og:url\" content=\"https:\/\/www.noticiasradioreflejos.com.ar\/2021\/una-mujer-perdio-la-vida-en-un-vuelco-en-la-ruta-35\/\" \/>\n<meta property=\"og:site_name\" content=\"Noticias Radio Reflejos\" \/>\n<meta property=\"article:published_time\" content=\"2023-07-21T21:03:29+00:00\" \/>\n<meta property=\"article:modified_time\" content=\"2023-07-21T22:22:34+00:00\" \/>\n<meta property=\"og:image\" content=\"https:\/\/www.noticiasradioreflejos.com.ar\/2021\/wp-content\/uploads\/2021\/07\/logosol300x200.png\" \/>\n\t<meta property=\"og:image:width\" content=\"300\" \/>\n\t<meta property=\"og:image:height\" content=\"200\" \/>\n\t<meta property=\"og:image:type\" content=\"image\/png\" \/>\n<meta name=\"author\" content=\"Arnaldo Botto\" \/>\n<meta name=\"twitter:card\" content=\"summary_large_image\" \/>\n<script type=\"application\/ld+json\" class=\"yoast-schema-graph\">{\"@context\":\"https:\/\/schema.org\",\"@graph\":[{\"@type\":\"WebPage\",\"@id\":\"https:\/\/www.noticiasradioreflejos.com.ar\/2021\/una-mujer-perdio-la-vida-en-un-vuelco-en-la-ruta-35\/\",\"url\":\"https:\/\/www.noticiasradioreflejos.com.ar\/2021\/una-mujer-perdio-la-vida-en-un-vuelco-en-la-ruta-35\/\",\"name\":\"Una mujer perdi\u00f3 la vida en un vuelco en la ruta 35 - Noticias Radio Reflejos\",\"isPartOf\":{\"@id\":\"https:\/\/www.noticiasradioreflejos.com.ar\/2021\/#website\"},\"datePublished\":\"2023-07-21T21:03:29+00:00\",\"dateModified\":\"2023-07-21T22:22:34+00:00\",\"author\":{\"@id\":\"https:\/\/www.noticiasradioreflejos.com.ar\/2021\/#\/schema\/person\/ad82545263dcc5ec0996818884fd5fb1\"},\"breadcrumb\":{\"@id\":\"https:\/\/www.noticiasradioreflejos.com.ar\/2021\/una-mujer-perdio-la-vida-en-un-vuelco-en-la-ruta-35\/#breadcrumb\"},\"inLanguage\":\"es\",\"potentialAction\":[{\"@type\":\"ReadAction\",\"target\":[\"https:\/\/www.noticiasradioreflejos.com.ar\/2021\/una-mujer-perdio-la-vida-en-un-vuelco-en-la-ruta-35\/\"]}]},{\"@type\":\"BreadcrumbList\",\"@id\":\"https:\/\/www.noticiasradioreflejos.com.ar\/2021\/una-mujer-perdio-la-vida-en-un-vuelco-en-la-ruta-35\/#breadcrumb\",\"itemListElement\":[{\"@type\":\"ListItem\",\"position\":1,\"name\":\"Portada\",\"item\":\"https:\/\/www.noticiasradioreflejos.com.ar\/2021\/\"},{\"@type\":\"ListItem\",\"position\":2,\"name\":\"Una mujer perdi\u00f3 la vida en un vuelco en la ruta 35\"}]},{\"@type\":\"WebSite\",\"@id\":\"https:\/\/www.noticiasradioreflejos.com.ar\/2021\/#website\",\"url\":\"https:\/\/www.noticiasradioreflejos.com.ar\/2021\/\",\"name\":\"Noticias Radio Reflejos\",\"description\":\"Las noticias de mi comarca\",\"potentialAction\":[{\"@type\":\"SearchAction\",\"target\":{\"@type\":\"EntryPoint\",\"urlTemplate\":\"https:\/\/www.noticiasradioreflejos.com.ar\/2021\/?s={search_term_string}\"},\"query-input\":{\"@type\":\"PropertyValueSpecification\",\"valueRequired\":true,\"valueName\":\"search_term_string\"}}],\"inLanguage\":\"es\"},{\"@type\":\"Person\",\"@id\":\"https:\/\/www.noticiasradioreflejos.com.ar\/2021\/#\/schema\/person\/ad82545263dcc5ec0996818884fd5fb1\",\"name\":\"Arnaldo Botto\",\"image\":{\"@type\":\"ImageObject\",\"inLanguage\":\"es\",\"@id\":\"https:\/\/www.noticiasradioreflejos.com.ar\/2021\/#\/schema\/person\/image\/\",\"url\":\"https:\/\/secure.gravatar.com\/avatar\/55cb5e37c1efa326397366e6974cb338056df65cb50e7d64d1cf314e87504837?s=96&d=mm&r=g\",\"contentUrl\":\"https:\/\/secure.gravatar.com\/avatar\/55cb5e37c1efa326397366e6974cb338056df65cb50e7d64d1cf314e87504837?s=96&d=mm&r=g\",\"caption\":\"Arnaldo Botto\"},\"url\":\"https:\/\/www.noticiasradioreflejos.com.ar\/2021\/author\/arnaldo\/\"}]}<\/script>\n<!-- \/ Yoast SEO plugin. -->","yoast_head_json":{"title":"Una mujer perdi\u00f3 la vida en un vuelco en la ruta 35 - Noticias Radio Reflejos","robots":{"index":"index","follow":"follow","max-snippet":"max-snippet:-1","max-image-preview":"max-image-preview:large","max-video-preview":"max-video-preview:-1"},"canonical":"https:\/\/www.noticiasradioreflejos.com.ar\/2021\/una-mujer-perdio-la-vida-en-un-vuelco-en-la-ruta-35\/","og_locale":"es_ES","og_type":"article","og_title":"Una mujer perdi\u00f3 la vida en un vuelco en la ruta 35 - Noticias Radio Reflejos","og_description":"Siendo las 15:00 hs aproximadamente se produjo el vuelco de un veh\u00edculo en La ruta 35 km 42 a la altura del paso a nivel del paraje Nueva Roma.","og_url":"https:\/\/www.noticiasradioreflejos.com.ar\/2021\/una-mujer-perdio-la-vida-en-un-vuelco-en-la-ruta-35\/","og_site_name":"Noticias Radio Reflejos","article_published_time":"2023-07-21T21:03:29+00:00","article_modified_time":"2023-07-21T22:22:34+00:00","og_image":[{"width":300,"height":200,"url":"https:\/\/www.noticiasradioreflejos.com.ar\/2021\/wp-content\/uploads\/2021\/07\/logosol300x200.png","type":"image\/png"}],"author":"Arnaldo Botto","twitter_card":"summary_large_image","schema":{"@context":"https:\/\/schema.org","@graph":[{"@type":"WebPage","@id":"https:\/\/www.noticiasradioreflejos.com.ar\/2021\/una-mujer-perdio-la-vida-en-un-vuelco-en-la-ruta-35\/","url":"https:\/\/www.noticiasradioreflejos.com.ar\/2021\/una-mujer-perdio-la-vida-en-un-vuelco-en-la-ruta-35\/","name":"Una mujer perdi\u00f3 la vida en un vuelco en la ruta 35 - Noticias Radio Reflejos","isPartOf":{"@id":"https:\/\/www.noticiasradioreflejos.com.ar\/2021\/#website"},"datePublished":"2023-07-21T21:03:29+00:00","dateModified":"2023-07-21T22:22:34+00:00","author":{"@id":"https:\/\/www.noticiasradioreflejos.com.ar\/2021\/#\/schema\/person\/ad82545263dcc5ec0996818884fd5fb1"},"breadcrumb":{"@id":"https:\/\/www.noticiasradioreflejos.com.ar\/2021\/una-mujer-perdio-la-vida-en-un-vuelco-en-la-ruta-35\/#breadcrumb"},"inLanguage":"es","potentialAction":[{"@type":"ReadAction","target":["https:\/\/www.noticiasradioreflejos.com.ar\/2021\/una-mujer-perdio-la-vida-en-un-vuelco-en-la-ruta-35\/"]}]},{"@type":"BreadcrumbList","@id":"https:\/\/www.noticiasradioreflejos.com.ar\/2021\/una-mujer-perdio-la-vida-en-un-vuelco-en-la-ruta-35\/#breadcrumb","itemListElement":[{"@type":"ListItem","position":1,"name":"Portada","item":"https:\/\/www.noticiasradioreflejos.com.ar\/2021\/"},{"@type":"ListItem","position":2,"name":"Una mujer perdi\u00f3 la vida en un vuelco en la ruta 35"}]},{"@type":"WebSite","@id":"https:\/\/www.noticiasradioreflejos.com.ar\/2021\/#website","url":"https:\/\/www.noticiasradioreflejos.com.ar\/2021\/","name":"Noticias Radio Reflejos","description":"Las noticias de mi comarca","potentialAction":[{"@type":"SearchAction","target":{"@type":"EntryPoint","urlTemplate":"https:\/\/www.noticiasradioreflejos.com.ar\/2021\/?s={search_term_string}"},"query-input":{"@type":"PropertyValueSpecification","valueRequired":true,"valueName":"search_term_string"}}],"inLanguage":"es"},{"@type":"Person","@id":"https:\/\/www.noticiasradioreflejos.com.ar\/2021\/#\/schema\/person\/ad82545263dcc5ec0996818884fd5fb1","name":"Arnaldo Botto","image":{"@type":"ImageObject","inLanguage":"es","@id":"https:\/\/www.noticiasradioreflejos.com.ar\/2021\/#\/schema\/person\/image\/","url":"https:\/\/secure.gravatar.com\/avatar\/55cb5e37c1efa326397366e6974cb338056df65cb50e7d64d1cf314e87504837?s=96&d=mm&r=g","contentUrl":"https:\/\/secure.gravatar.com\/avatar\/55cb5e37c1efa326397366e6974cb338056df65cb50e7d64d1cf314e87504837?s=96&d=mm&r=g","caption":"Arnaldo Botto"},"url":"https:\/\/www.noticiasradioreflejos.com.ar\/2021\/author\/arnaldo\/"}]}},"_links":{"self":[{"href":"https:\/\/www.noticiasradioreflejos.com.ar\/2021\/wp-json\/wp\/v2\/posts\/90726","targetHints":{"allow":["GET"]}}],"collection":[{"href":"https:\/\/www.noticiasradioreflejos.com.ar\/2021\/wp-json\/wp\/v2\/posts"}],"about":[{"href":"https:\/\/www.noticiasradioreflejos.com.ar\/2021\/wp-json\/wp\/v2\/types\/post"}],"author":[{"embeddable":true,"href":"https:\/\/www.noticiasradioreflejos.com.ar\/2021\/wp-json\/wp\/v2\/users\/3"}],"replies":[{"embeddable":true,"href":"https:\/\/www.noticiasradioreflejos.com.ar\/2021\/wp-json\/wp\/v2\/comments?post=90726"}],"version-history":[{"count":4,"href":"https:\/\/www.noticiasradioreflejos.com.ar\/2021\/wp-json\/wp\/v2\/posts\/90726\/revisions"}],"predecessor-version":[{"id":90733,"href":"https:\/\/www.noticiasradioreflejos.com.ar\/2021\/wp-json\/wp\/v2\/posts\/90726\/revisions\/90733"}],"wp:attachment":[{"href":"https:\/\/www.noticiasradioreflejos.com.ar\/2021\/wp-json\/wp\/v2\/media?parent=90726"}],"wp:term":[{"taxonomy":"category","embeddable":true,"href":"https:\/\/www.noticiasradioreflejos.com.ar\/2021\/wp-json\/wp\/v2\/categories?post=90726"},{"taxonomy":"post_tag","embeddable":true,"href":"https:\/\/www.noticiasradioreflejos.com.ar\/2021\/wp-json\/wp\/v2\/tags?post=90726"}],"curies":[{"name":"wp","href":"https:\/\/api.w.org\/{rel}","templated":true}]}}