{"id":90624,"date":"2023-07-19T16:50:43","date_gmt":"2023-07-19T16:50:43","guid":{"rendered":"https:\/\/www.noticiasradioreflejos.com.ar\/2021\/?p=90624"},"modified":"2023-07-19T16:50:43","modified_gmt":"2023-07-19T16:50:43","slug":"en-la-comarca-serrana-y-en-el-centro-de-la-provincia-tambien-se-preguntan-si-las-estelas-que-dejan-los-aviones-son-solo-vapor","status":"publish","type":"post","link":"https:\/\/www.noticiasradioreflejos.com.ar\/2021\/en-la-comarca-serrana-y-en-el-centro-de-la-provincia-tambien-se-preguntan-si-las-estelas-que-dejan-los-aviones-son-solo-vapor\/","title":{"rendered":"En la comarca serrana y en el centro de la provincia tambi\u00e9n se preguntan si las estelas que dejan los aviones son solo vapor"},"content":{"rendered":"<p>A fines del a\u00f1o pasado un grupo de vecinos de Sierra de la Ventana elev\u00f3 una nota al Concejo Deliberante mostrando su preocupaci\u00f3n por los aviones que sobrevolaban la comarca. Ahora, varias ciudades bonaerenses se plegaron a este pedido.<br \/>\n<!--more--><\/p>\n<p>A fines del 2022, un grupo de vecinos de Sierra de la Ventana \u201cvivos, libres y auto convocados\u201d tal cual firmaron la enmienda; remitieron una carta al Concejo Deliberante pidiendo que se realicen investigaciones por la contaminaci\u00f3n a\u00e9rea que generaban los aviones que sobrevolaban la comarca.<\/p>\n<p>Si bien este pedido no tuvo mayor difusi\u00f3n, d\u00edas atr\u00e1s un hecho similar se dio en Azul, aunque con inter\u00e9s de ciudadanos <a href=\"https:\/\/www.infoeme.com\/nota\/2023-6-15-13-41-0-polemica-en-azul-por-estelas-de-aviones-vecinos-piden-informes\">Chillar, Olavarr\u00eda y Tandil<\/a> que tambi\u00e9n se plegaron.<\/p>\n<p>El punto en com\u00fan de ambos casos es la preocupaci\u00f3n de los pobladores por los contaminantes gaseosos que podr\u00edan desprender las aeronaves, suponiendo que hay algo m\u00e1s all\u00e1 de la condensaci\u00f3n que dejan en los cielos, y pueden verse como esas t\u00edpicas l\u00edneas blancas.<\/p>\n<p>En el caso puntual de la situaci\u00f3n en Azul, desde el Concejo Deliberante se opt\u00f3 por elevar el proyecto al Senado y al Ministerio de Ambiente provincial, buscando obtener respuestas que lleven tranquilidad.<\/p>\n<p>De todas maneras y en di\u00e1logo con DIB, Gustavo Mar\u00f3n, abogado especializado en Derecho Aeron\u00e1utico y asesor de la Federaci\u00f3n Argentina de C\u00e1maras Agroa\u00e9reas (Fearca) asegur\u00f3 que no hay ning\u00fan tipo de riesgo a la salud y busc\u00f3 ir m\u00e1s all\u00e1.<\/p>\n<p>Seg\u00fan su conocimiento, \u201cno tiene asidero cient\u00edfico alguno creer que las estelas de vapor no son de vapor, sino de agentes qu\u00edmicos liberados adrede con fines nefastos tales como el manejo de la radiaci\u00f3n solar, la modificaci\u00f3n del clima, la manipulaci\u00f3n psicol\u00f3gica y hasta el control de la poblaci\u00f3n humana\u201d.<\/p>\n<p  style=\" margin: 12px auto 6px auto; font-family: Helvetica,Arial,Sans-serif; font-style: normal; font-variant: normal; font-weight: normal; font-size: 14px; line-height: normal; font-size-adjust: none; font-stretch: normal; -x-system-font: none; display: block;\">   <a title=\"View Nota Chemtrails on Scribd\" href=\"https:\/\/www.scribd.com\/document\/659994374\/Nota-Chemtrails#from_embed\"  style=\"text-decoration: underline;\" >Nota Chemtrails<\/a> by <a title=\"View FM Reflejos Sierra de la Ventana's profile on Scribd\" href=\"https:\/\/es.scribd.com\/user\/128459674\/FM-Reflejos-Sierra-de-la-Ventana#from_embed\"  style=\"text-decoration: underline;\" >FM Reflejos Sierra de la Ventana<\/a> on Scribd<\/p>\n<p><iframe loading=\"lazy\" class=\"scribd_iframe_embed\" title=\"Nota Chemtrails\" src=\"https:\/\/es.scribd.com\/embeds\/659994374\/content?start_page=1&#038;view_mode=scroll&#038;access_key=key-MoMTDmbYNO3m2VQRE55S\" data-auto-height=\"true\" data-aspect-ratio=\"0.7080062794348508\" scrolling=\"no\" id=\"doc_80603\" width=\"100%\" height=\"600\" frameborder=\"0\"><\/iframe><script type=\"text\/javascript\">(function() { var scribd = document.createElement(\"script\"); scribd.type = \"text\/javascript\"; scribd.async = true; scribd.src = \"https:\/\/es.scribd.com\/javascripts\/embed_code\/inject.js\"; var s = document.getElementsByTagName(\"script\")[0]; s.parentNode.insertBefore(scribd, s); })();<\/script><\/p>\n","protected":false},"excerpt":{"rendered":"<p>A fines del a\u00f1o pasado un grupo de vecinos de Sierra de la Ventana elev\u00f3 una nota al Concejo Deliberante mostrando su preocupaci\u00f3n por los aviones que sobrevolaban la comarca. Ahora, varias ciudades bonaerenses se plegaron a este pedido.<\/p>\n","protected":false},"author":3,"featured_media":90628,"comment_status":"closed","ping_status":"closed","sticky":false,"template":"","format":"standard","meta":{"footnotes":""},"categories":[46,26],"tags":[48],"class_list":["post-90624","post","type-post","status-publish","format-standard","has-post-thumbnail","hentry","category-ciencia-y-tecnologia","category-sociedad","tag-destacada"],"yoast_head":"<!-- This site is optimized with the Yoast SEO plugin v25.9 - https:\/\/yoast.com\/wordpress\/plugins\/seo\/ -->\n<title>En la comarca serrana y en el centro de la provincia tambi\u00e9n se preguntan si las estelas que dejan los aviones son solo vapor - Noticias Radio Reflejos<\/title>\n<meta name=\"robots\" content=\"index, follow, max-snippet:-1, max-image-preview:large, max-video-preview:-1\" \/>\n<link rel=\"canonical\" href=\"https:\/\/www.noticiasradioreflejos.com.ar\/2021\/en-la-comarca-serrana-y-en-el-centro-de-la-provincia-tambien-se-preguntan-si-las-estelas-que-dejan-los-aviones-son-solo-vapor\/\" \/>\n<meta property=\"og:locale\" content=\"es_ES\" \/>\n<meta property=\"og:type\" content=\"article\" \/>\n<meta property=\"og:title\" content=\"En la comarca serrana y en el centro de la provincia tambi\u00e9n se preguntan si las estelas que dejan los aviones son solo vapor - Noticias Radio Reflejos\" \/>\n<meta property=\"og:description\" content=\"A fines del a\u00f1o pasado un grupo de vecinos de Sierra de la Ventana elev\u00f3 una nota al Concejo Deliberante mostrando su preocupaci\u00f3n por los aviones que sobrevolaban la comarca. Ahora, varias ciudades bonaerenses se plegaron a este pedido.\" \/>\n<meta property=\"og:url\" content=\"https:\/\/www.noticiasradioreflejos.com.ar\/2021\/en-la-comarca-serrana-y-en-el-centro-de-la-provincia-tambien-se-preguntan-si-las-estelas-que-dejan-los-aviones-son-solo-vapor\/\" \/>\n<meta property=\"og:site_name\" content=\"Noticias Radio Reflejos\" \/>\n<meta property=\"article:published_time\" content=\"2023-07-19T16:50:43+00:00\" \/>\n<meta property=\"og:image\" content=\"https:\/\/www.noticiasradioreflejos.com.ar\/2021\/wp-content\/uploads\/2023\/07\/CHEMTRAILS.jpg\" \/>\n\t<meta property=\"og:image:width\" content=\"1300\" \/>\n\t<meta property=\"og:image:height\" content=\"731\" \/>\n\t<meta property=\"og:image:type\" content=\"image\/jpeg\" \/>\n<meta name=\"author\" content=\"Arnaldo Botto\" \/>\n<meta name=\"twitter:card\" content=\"summary_large_image\" \/>\n<script type=\"application\/ld+json\" class=\"yoast-schema-graph\">{\"@context\":\"https:\/\/schema.org\",\"@graph\":[{\"@type\":\"WebPage\",\"@id\":\"https:\/\/www.noticiasradioreflejos.com.ar\/2021\/en-la-comarca-serrana-y-en-el-centro-de-la-provincia-tambien-se-preguntan-si-las-estelas-que-dejan-los-aviones-son-solo-vapor\/\",\"url\":\"https:\/\/www.noticiasradioreflejos.com.ar\/2021\/en-la-comarca-serrana-y-en-el-centro-de-la-provincia-tambien-se-preguntan-si-las-estelas-que-dejan-los-aviones-son-solo-vapor\/\",\"name\":\"En la comarca serrana y en el centro de la provincia tambi\u00e9n se preguntan si las estelas que dejan los aviones son solo vapor - Noticias Radio Reflejos\",\"isPartOf\":{\"@id\":\"https:\/\/www.noticiasradioreflejos.com.ar\/2021\/#website\"},\"primaryImageOfPage\":{\"@id\":\"https:\/\/www.noticiasradioreflejos.com.ar\/2021\/en-la-comarca-serrana-y-en-el-centro-de-la-provincia-tambien-se-preguntan-si-las-estelas-que-dejan-los-aviones-son-solo-vapor\/#primaryimage\"},\"image\":{\"@id\":\"https:\/\/www.noticiasradioreflejos.com.ar\/2021\/en-la-comarca-serrana-y-en-el-centro-de-la-provincia-tambien-se-preguntan-si-las-estelas-que-dejan-los-aviones-son-solo-vapor\/#primaryimage\"},\"thumbnailUrl\":\"https:\/\/www.noticiasradioreflejos.com.ar\/2021\/wp-content\/uploads\/2023\/07\/CHEMTRAILS.jpg\",\"datePublished\":\"2023-07-19T16:50:43+00:00\",\"author\":{\"@id\":\"https:\/\/www.noticiasradioreflejos.com.ar\/2021\/#\/schema\/person\/ad82545263dcc5ec0996818884fd5fb1\"},\"breadcrumb\":{\"@id\":\"https:\/\/www.noticiasradioreflejos.com.ar\/2021\/en-la-comarca-serrana-y-en-el-centro-de-la-provincia-tambien-se-preguntan-si-las-estelas-que-dejan-los-aviones-son-solo-vapor\/#breadcrumb\"},\"inLanguage\":\"es\",\"potentialAction\":[{\"@type\":\"ReadAction\",\"target\":[\"https:\/\/www.noticiasradioreflejos.com.ar\/2021\/en-la-comarca-serrana-y-en-el-centro-de-la-provincia-tambien-se-preguntan-si-las-estelas-que-dejan-los-aviones-son-solo-vapor\/\"]}]},{\"@type\":\"ImageObject\",\"inLanguage\":\"es\",\"@id\":\"https:\/\/www.noticiasradioreflejos.com.ar\/2021\/en-la-comarca-serrana-y-en-el-centro-de-la-provincia-tambien-se-preguntan-si-las-estelas-que-dejan-los-aviones-son-solo-vapor\/#primaryimage\",\"url\":\"https:\/\/www.noticiasradioreflejos.com.ar\/2021\/wp-content\/uploads\/2023\/07\/CHEMTRAILS.jpg\",\"contentUrl\":\"https:\/\/www.noticiasradioreflejos.com.ar\/2021\/wp-content\/uploads\/2023\/07\/CHEMTRAILS.jpg\",\"width\":1300,\"height\":731},{\"@type\":\"BreadcrumbList\",\"@id\":\"https:\/\/www.noticiasradioreflejos.com.ar\/2021\/en-la-comarca-serrana-y-en-el-centro-de-la-provincia-tambien-se-preguntan-si-las-estelas-que-dejan-los-aviones-son-solo-vapor\/#breadcrumb\",\"itemListElement\":[{\"@type\":\"ListItem\",\"position\":1,\"name\":\"Portada\",\"item\":\"https:\/\/www.noticiasradioreflejos.com.ar\/2021\/\"},{\"@type\":\"ListItem\",\"position\":2,\"name\":\"En la comarca serrana y en el centro de la provincia tambi\u00e9n se preguntan si las estelas que dejan los aviones son solo vapor\"}]},{\"@type\":\"WebSite\",\"@id\":\"https:\/\/www.noticiasradioreflejos.com.ar\/2021\/#website\",\"url\":\"https:\/\/www.noticiasradioreflejos.com.ar\/2021\/\",\"name\":\"Noticias Radio Reflejos\",\"description\":\"Las noticias de mi comarca\",\"potentialAction\":[{\"@type\":\"SearchAction\",\"target\":{\"@type\":\"EntryPoint\",\"urlTemplate\":\"https:\/\/www.noticiasradioreflejos.com.ar\/2021\/?s={search_term_string}\"},\"query-input\":{\"@type\":\"PropertyValueSpecification\",\"valueRequired\":true,\"valueName\":\"search_term_string\"}}],\"inLanguage\":\"es\"},{\"@type\":\"Person\",\"@id\":\"https:\/\/www.noticiasradioreflejos.com.ar\/2021\/#\/schema\/person\/ad82545263dcc5ec0996818884fd5fb1\",\"name\":\"Arnaldo Botto\",\"image\":{\"@type\":\"ImageObject\",\"inLanguage\":\"es\",\"@id\":\"https:\/\/www.noticiasradioreflejos.com.ar\/2021\/#\/schema\/person\/image\/\",\"url\":\"https:\/\/secure.gravatar.com\/avatar\/55cb5e37c1efa326397366e6974cb338056df65cb50e7d64d1cf314e87504837?s=96&d=mm&r=g\",\"contentUrl\":\"https:\/\/secure.gravatar.com\/avatar\/55cb5e37c1efa326397366e6974cb338056df65cb50e7d64d1cf314e87504837?s=96&d=mm&r=g\",\"caption\":\"Arnaldo Botto\"},\"url\":\"https:\/\/www.noticiasradioreflejos.com.ar\/2021\/author\/arnaldo\/\"}]}<\/script>\n<!-- \/ Yoast SEO plugin. -->","yoast_head_json":{"title":"En la comarca serrana y en el centro de la provincia tambi\u00e9n se preguntan si las estelas que dejan los aviones son solo vapor - Noticias Radio Reflejos","robots":{"index":"index","follow":"follow","max-snippet":"max-snippet:-1","max-image-preview":"max-image-preview:large","max-video-preview":"max-video-preview:-1"},"canonical":"https:\/\/www.noticiasradioreflejos.com.ar\/2021\/en-la-comarca-serrana-y-en-el-centro-de-la-provincia-tambien-se-preguntan-si-las-estelas-que-dejan-los-aviones-son-solo-vapor\/","og_locale":"es_ES","og_type":"article","og_title":"En la comarca serrana y en el centro de la provincia tambi\u00e9n se preguntan si las estelas que dejan los aviones son solo vapor - Noticias Radio Reflejos","og_description":"A fines del a\u00f1o pasado un grupo de vecinos de Sierra de la Ventana elev\u00f3 una nota al Concejo Deliberante mostrando su preocupaci\u00f3n por los aviones que sobrevolaban la comarca. Ahora, varias ciudades bonaerenses se plegaron a este pedido.","og_url":"https:\/\/www.noticiasradioreflejos.com.ar\/2021\/en-la-comarca-serrana-y-en-el-centro-de-la-provincia-tambien-se-preguntan-si-las-estelas-que-dejan-los-aviones-son-solo-vapor\/","og_site_name":"Noticias Radio Reflejos","article_published_time":"2023-07-19T16:50:43+00:00","og_image":[{"width":1300,"height":731,"url":"https:\/\/www.noticiasradioreflejos.com.ar\/2021\/wp-content\/uploads\/2023\/07\/CHEMTRAILS.jpg","type":"image\/jpeg"}],"author":"Arnaldo Botto","twitter_card":"summary_large_image","schema":{"@context":"https:\/\/schema.org","@graph":[{"@type":"WebPage","@id":"https:\/\/www.noticiasradioreflejos.com.ar\/2021\/en-la-comarca-serrana-y-en-el-centro-de-la-provincia-tambien-se-preguntan-si-las-estelas-que-dejan-los-aviones-son-solo-vapor\/","url":"https:\/\/www.noticiasradioreflejos.com.ar\/2021\/en-la-comarca-serrana-y-en-el-centro-de-la-provincia-tambien-se-preguntan-si-las-estelas-que-dejan-los-aviones-son-solo-vapor\/","name":"En la comarca serrana y en el centro de la provincia tambi\u00e9n se preguntan si las estelas que dejan los aviones son solo vapor - Noticias Radio Reflejos","isPartOf":{"@id":"https:\/\/www.noticiasradioreflejos.com.ar\/2021\/#website"},"primaryImageOfPage":{"@id":"https:\/\/www.noticiasradioreflejos.com.ar\/2021\/en-la-comarca-serrana-y-en-el-centro-de-la-provincia-tambien-se-preguntan-si-las-estelas-que-dejan-los-aviones-son-solo-vapor\/#primaryimage"},"image":{"@id":"https:\/\/www.noticiasradioreflejos.com.ar\/2021\/en-la-comarca-serrana-y-en-el-centro-de-la-provincia-tambien-se-preguntan-si-las-estelas-que-dejan-los-aviones-son-solo-vapor\/#primaryimage"},"thumbnailUrl":"https:\/\/www.noticiasradioreflejos.com.ar\/2021\/wp-content\/uploads\/2023\/07\/CHEMTRAILS.jpg","datePublished":"2023-07-19T16:50:43+00:00","author":{"@id":"https:\/\/www.noticiasradioreflejos.com.ar\/2021\/#\/schema\/person\/ad82545263dcc5ec0996818884fd5fb1"},"breadcrumb":{"@id":"https:\/\/www.noticiasradioreflejos.com.ar\/2021\/en-la-comarca-serrana-y-en-el-centro-de-la-provincia-tambien-se-preguntan-si-las-estelas-que-dejan-los-aviones-son-solo-vapor\/#breadcrumb"},"inLanguage":"es","potentialAction":[{"@type":"ReadAction","target":["https:\/\/www.noticiasradioreflejos.com.ar\/2021\/en-la-comarca-serrana-y-en-el-centro-de-la-provincia-tambien-se-preguntan-si-las-estelas-que-dejan-los-aviones-son-solo-vapor\/"]}]},{"@type":"ImageObject","inLanguage":"es","@id":"https:\/\/www.noticiasradioreflejos.com.ar\/2021\/en-la-comarca-serrana-y-en-el-centro-de-la-provincia-tambien-se-preguntan-si-las-estelas-que-dejan-los-aviones-son-solo-vapor\/#primaryimage","url":"https:\/\/www.noticiasradioreflejos.com.ar\/2021\/wp-content\/uploads\/2023\/07\/CHEMTRAILS.jpg","contentUrl":"https:\/\/www.noticiasradioreflejos.com.ar\/2021\/wp-content\/uploads\/2023\/07\/CHEMTRAILS.jpg","width":1300,"height":731},{"@type":"BreadcrumbList","@id":"https:\/\/www.noticiasradioreflejos.com.ar\/2021\/en-la-comarca-serrana-y-en-el-centro-de-la-provincia-tambien-se-preguntan-si-las-estelas-que-dejan-los-aviones-son-solo-vapor\/#breadcrumb","itemListElement":[{"@type":"ListItem","position":1,"name":"Portada","item":"https:\/\/www.noticiasradioreflejos.com.ar\/2021\/"},{"@type":"ListItem","position":2,"name":"En la comarca serrana y en el centro de la provincia tambi\u00e9n se preguntan si las estelas que dejan los aviones son solo vapor"}]},{"@type":"WebSite","@id":"https:\/\/www.noticiasradioreflejos.com.ar\/2021\/#website","url":"https:\/\/www.noticiasradioreflejos.com.ar\/2021\/","name":"Noticias Radio Reflejos","description":"Las noticias de mi comarca","potentialAction":[{"@type":"SearchAction","target":{"@type":"EntryPoint","urlTemplate":"https:\/\/www.noticiasradioreflejos.com.ar\/2021\/?s={search_term_string}"},"query-input":{"@type":"PropertyValueSpecification","valueRequired":true,"valueName":"search_term_string"}}],"inLanguage":"es"},{"@type":"Person","@id":"https:\/\/www.noticiasradioreflejos.com.ar\/2021\/#\/schema\/person\/ad82545263dcc5ec0996818884fd5fb1","name":"Arnaldo Botto","image":{"@type":"ImageObject","inLanguage":"es","@id":"https:\/\/www.noticiasradioreflejos.com.ar\/2021\/#\/schema\/person\/image\/","url":"https:\/\/secure.gravatar.com\/avatar\/55cb5e37c1efa326397366e6974cb338056df65cb50e7d64d1cf314e87504837?s=96&d=mm&r=g","contentUrl":"https:\/\/secure.gravatar.com\/avatar\/55cb5e37c1efa326397366e6974cb338056df65cb50e7d64d1cf314e87504837?s=96&d=mm&r=g","caption":"Arnaldo Botto"},"url":"https:\/\/www.noticiasradioreflejos.com.ar\/2021\/author\/arnaldo\/"}]}},"_links":{"self":[{"href":"https:\/\/www.noticiasradioreflejos.com.ar\/2021\/wp-json\/wp\/v2\/posts\/90624","targetHints":{"allow":["GET"]}}],"collection":[{"href":"https:\/\/www.noticiasradioreflejos.com.ar\/2021\/wp-json\/wp\/v2\/posts"}],"about":[{"href":"https:\/\/www.noticiasradioreflejos.com.ar\/2021\/wp-json\/wp\/v2\/types\/post"}],"author":[{"embeddable":true,"href":"https:\/\/www.noticiasradioreflejos.com.ar\/2021\/wp-json\/wp\/v2\/users\/3"}],"replies":[{"embeddable":true,"href":"https:\/\/www.noticiasradioreflejos.com.ar\/2021\/wp-json\/wp\/v2\/comments?post=90624"}],"version-history":[{"count":3,"href":"https:\/\/www.noticiasradioreflejos.com.ar\/2021\/wp-json\/wp\/v2\/posts\/90624\/revisions"}],"predecessor-version":[{"id":90629,"href":"https:\/\/www.noticiasradioreflejos.com.ar\/2021\/wp-json\/wp\/v2\/posts\/90624\/revisions\/90629"}],"wp:featuredmedia":[{"embeddable":true,"href":"https:\/\/www.noticiasradioreflejos.com.ar\/2021\/wp-json\/wp\/v2\/media\/90628"}],"wp:attachment":[{"href":"https:\/\/www.noticiasradioreflejos.com.ar\/2021\/wp-json\/wp\/v2\/media?parent=90624"}],"wp:term":[{"taxonomy":"category","embeddable":true,"href":"https:\/\/www.noticiasradioreflejos.com.ar\/2021\/wp-json\/wp\/v2\/categories?post=90624"},{"taxonomy":"post_tag","embeddable":true,"href":"https:\/\/www.noticiasradioreflejos.com.ar\/2021\/wp-json\/wp\/v2\/tags?post=90624"}],"curies":[{"name":"wp","href":"https:\/\/api.w.org\/{rel}","templated":true}]}}