{"id":90616,"date":"2023-07-19T12:05:28","date_gmt":"2023-07-19T12:05:28","guid":{"rendered":"https:\/\/www.noticiasradioreflejos.com.ar\/2021\/?p=90616"},"modified":"2023-07-19T12:07:27","modified_gmt":"2023-07-19T12:07:27","slug":"un-avion-cayo-al-vacio-con-mas-de-300-kilos-de-cocaina","status":"publish","type":"post","link":"https:\/\/www.noticiasradioreflejos.com.ar\/2021\/un-avion-cayo-al-vacio-con-mas-de-300-kilos-de-cocaina\/","title":{"rendered":"Un avi\u00f3n cay\u00f3 al vac\u00edo con m\u00e1s de 300 kilos de coca\u00edna"},"content":{"rendered":"<div class=\"elementor-element elementor-element-1b9b34d7 animated-slow elementor-widget elementor-widget-theme-post-excerpt\" data-id=\"1b9b34d7\" data-element_type=\"widget\" data-settings=\"{&quot;_animation&quot;:&quot;none&quot;,&quot;_animation_delay&quot;:200}\" data-widget_type=\"theme-post-excerpt.default\">\n<div class=\"elementor-widget-container\">Ocurri\u00f3 a cinco kil\u00f3metros de Avia Terai de la provincia de Chaco.<\/div>\n<\/div>\n<div class=\"elementor-element elementor-element-33b365ed elementor-widget elementor-widget-theme-post-content\" data-id=\"33b365ed\" data-element_type=\"widget\" data-widget_type=\"theme-post-content.default\">\n<div class=\"elementor-widget-container\">\n<p>El hecho tuvo lugar este martes por la tarde en cercan\u00edas de la localidad\u00a0<strong>Avia Terai de la provincia de Chaco<\/strong>. All\u00ed, un avi\u00f3n\u00a0<strong>con matr\u00edcula CP 3123<\/strong>\u00a0del pa\u00eds vecino de\u00a0<strong>Bolivia<\/strong>, cay\u00f3 al vacio impactando con el suelo.<\/p>\n<p>Al llegar la pol\u00edcia de la localidad se encontr\u00f3 con centenares de kilos de droga. Se estima que aproximadamente<strong>\u00a0son m\u00e1s de 300 kg de coca\u00edna<\/strong>. Sobre esto, el jefe policial a cargo de la investigaci\u00f3n di\u00f3 detalles sobre el suceso\u00a0<em>\u00abCayo a 5 kil\u00f3metros al norte del casco urbano y de la Ruta Nacional N\u00ba16, en cercan\u00edas de una escuela primaria de la periferia, en campo La Aurora\u201d.<\/em><\/p>\n<p>&nbsp;<\/p>\n<p><a title=\"WhatsApp-Video-2023-07-18-at-21.33.46\" href=\"https:\/\/www.flickr.com\/photos\/182279889@N02\/53057306978\/in\/dateposted-public\/\" data-flickr-embed=\"true\" data-footer=\"true\"><img loading=\"lazy\" decoding=\"async\" class=\"aligncenter\" src=\"https:\/\/live.staticflickr.com\/31337\/53057306978_fba92b2181_o.jpg\" alt=\"WhatsApp-Video-2023-07-18-at-21.33.46\" width=\"276\" height=\"492\" \/><\/a><script async src=\"\/\/embedr.flickr.com\/assets\/client-code.js\" charset=\"utf-8\"><\/script><\/p>\n<p><em>\u201dNo sabemos si el avi\u00f3n con matr\u00edcula boliviana ten\u00eda orientaci\u00f3n hacia Presidencia Roque S\u00e1enz Pe\u00f1a, porque todo es muy reciente y el personal policial est\u00e1 trabajando en el lugar haciendo el pesaje de los panes de coca\u00edna. Especulamos que la aeronave tuvo desperfectos t\u00e9cnicos y se precipit\u00f3 a tierra a las 16.00 horas de este martes\u201d<\/em>\u00a0finaliz\u00f3 el oficial.<\/p>\n<\/div>\n<\/div>\n<p>&nbsp;<\/p>\n<p><em><strong>Fuente: Canal C\u00f3rdoba<\/strong><\/em><\/p>\n","protected":false},"excerpt":{"rendered":"<p>Ocurri\u00f3 a cinco kil\u00f3metros de Avia Terai de la provincia de Chaco. El hecho tuvo lugar este martes por la tarde en cercan\u00edas de la localidad\u00a0Avia Terai de la provincia de Chaco. All\u00ed, un avi\u00f3n\u00a0con matr\u00edcula CP 3123\u00a0del pa\u00eds vecino de\u00a0Bolivia, cay\u00f3 al vacio impactando con el suelo. Al llegar la pol\u00edcia de la localidad [&hellip;]<\/p>\n","protected":false},"author":3,"featured_media":0,"comment_status":"closed","ping_status":"closed","sticky":false,"template":"","format":"standard","meta":{"footnotes":""},"categories":[24],"tags":[],"class_list":["post-90616","post","type-post","status-publish","format-standard","hentry","category-politica"],"yoast_head":"<!-- This site is optimized with the Yoast SEO plugin v25.9 - https:\/\/yoast.com\/wordpress\/plugins\/seo\/ -->\n<title>Un avi\u00f3n cay\u00f3 al vac\u00edo con m\u00e1s de 300 kilos de coca\u00edna - Noticias Radio Reflejos<\/title>\n<meta name=\"robots\" content=\"index, follow, max-snippet:-1, max-image-preview:large, max-video-preview:-1\" \/>\n<link rel=\"canonical\" href=\"https:\/\/www.noticiasradioreflejos.com.ar\/2021\/un-avion-cayo-al-vacio-con-mas-de-300-kilos-de-cocaina\/\" \/>\n<meta property=\"og:locale\" content=\"es_ES\" \/>\n<meta property=\"og:type\" content=\"article\" \/>\n<meta property=\"og:title\" content=\"Un avi\u00f3n cay\u00f3 al vac\u00edo con m\u00e1s de 300 kilos de coca\u00edna - Noticias Radio Reflejos\" \/>\n<meta property=\"og:description\" content=\"Ocurri\u00f3 a cinco kil\u00f3metros de Avia Terai de la provincia de Chaco. El hecho tuvo lugar este martes por la tarde en cercan\u00edas de la localidad\u00a0Avia Terai de la provincia de Chaco. All\u00ed, un avi\u00f3n\u00a0con matr\u00edcula CP 3123\u00a0del pa\u00eds vecino de\u00a0Bolivia, cay\u00f3 al vacio impactando con el suelo. Al llegar la pol\u00edcia de la localidad [&hellip;]\" \/>\n<meta property=\"og:url\" content=\"https:\/\/www.noticiasradioreflejos.com.ar\/2021\/un-avion-cayo-al-vacio-con-mas-de-300-kilos-de-cocaina\/\" \/>\n<meta property=\"og:site_name\" content=\"Noticias Radio Reflejos\" \/>\n<meta property=\"article:published_time\" content=\"2023-07-19T12:05:28+00:00\" \/>\n<meta property=\"article:modified_time\" content=\"2023-07-19T12:07:27+00:00\" \/>\n<meta property=\"og:image\" content=\"https:\/\/live.staticflickr.com\/31337\/53057306978_fba92b2181_o.jpg\" \/>\n<meta name=\"author\" content=\"Arnaldo Botto\" \/>\n<meta name=\"twitter:card\" content=\"summary_large_image\" \/>\n<script type=\"application\/ld+json\" class=\"yoast-schema-graph\">{\"@context\":\"https:\/\/schema.org\",\"@graph\":[{\"@type\":\"WebPage\",\"@id\":\"https:\/\/www.noticiasradioreflejos.com.ar\/2021\/un-avion-cayo-al-vacio-con-mas-de-300-kilos-de-cocaina\/\",\"url\":\"https:\/\/www.noticiasradioreflejos.com.ar\/2021\/un-avion-cayo-al-vacio-con-mas-de-300-kilos-de-cocaina\/\",\"name\":\"Un avi\u00f3n cay\u00f3 al vac\u00edo con m\u00e1s de 300 kilos de coca\u00edna - Noticias Radio Reflejos\",\"isPartOf\":{\"@id\":\"https:\/\/www.noticiasradioreflejos.com.ar\/2021\/#website\"},\"primaryImageOfPage\":{\"@id\":\"https:\/\/www.noticiasradioreflejos.com.ar\/2021\/un-avion-cayo-al-vacio-con-mas-de-300-kilos-de-cocaina\/#primaryimage\"},\"image\":{\"@id\":\"https:\/\/www.noticiasradioreflejos.com.ar\/2021\/un-avion-cayo-al-vacio-con-mas-de-300-kilos-de-cocaina\/#primaryimage\"},\"thumbnailUrl\":\"https:\/\/live.staticflickr.com\/31337\/53057306978_fba92b2181_o.jpg\",\"datePublished\":\"2023-07-19T12:05:28+00:00\",\"dateModified\":\"2023-07-19T12:07:27+00:00\",\"author\":{\"@id\":\"https:\/\/www.noticiasradioreflejos.com.ar\/2021\/#\/schema\/person\/ad82545263dcc5ec0996818884fd5fb1\"},\"breadcrumb\":{\"@id\":\"https:\/\/www.noticiasradioreflejos.com.ar\/2021\/un-avion-cayo-al-vacio-con-mas-de-300-kilos-de-cocaina\/#breadcrumb\"},\"inLanguage\":\"es\",\"potentialAction\":[{\"@type\":\"ReadAction\",\"target\":[\"https:\/\/www.noticiasradioreflejos.com.ar\/2021\/un-avion-cayo-al-vacio-con-mas-de-300-kilos-de-cocaina\/\"]}]},{\"@type\":\"ImageObject\",\"inLanguage\":\"es\",\"@id\":\"https:\/\/www.noticiasradioreflejos.com.ar\/2021\/un-avion-cayo-al-vacio-con-mas-de-300-kilos-de-cocaina\/#primaryimage\",\"url\":\"https:\/\/live.staticflickr.com\/31337\/53057306978_fba92b2181_o.jpg\",\"contentUrl\":\"https:\/\/live.staticflickr.com\/31337\/53057306978_fba92b2181_o.jpg\"},{\"@type\":\"BreadcrumbList\",\"@id\":\"https:\/\/www.noticiasradioreflejos.com.ar\/2021\/un-avion-cayo-al-vacio-con-mas-de-300-kilos-de-cocaina\/#breadcrumb\",\"itemListElement\":[{\"@type\":\"ListItem\",\"position\":1,\"name\":\"Portada\",\"item\":\"https:\/\/www.noticiasradioreflejos.com.ar\/2021\/\"},{\"@type\":\"ListItem\",\"position\":2,\"name\":\"Un avi\u00f3n cay\u00f3 al vac\u00edo con m\u00e1s de 300 kilos de coca\u00edna\"}]},{\"@type\":\"WebSite\",\"@id\":\"https:\/\/www.noticiasradioreflejos.com.ar\/2021\/#website\",\"url\":\"https:\/\/www.noticiasradioreflejos.com.ar\/2021\/\",\"name\":\"Noticias Radio Reflejos\",\"description\":\"Las noticias de mi comarca\",\"potentialAction\":[{\"@type\":\"SearchAction\",\"target\":{\"@type\":\"EntryPoint\",\"urlTemplate\":\"https:\/\/www.noticiasradioreflejos.com.ar\/2021\/?s={search_term_string}\"},\"query-input\":{\"@type\":\"PropertyValueSpecification\",\"valueRequired\":true,\"valueName\":\"search_term_string\"}}],\"inLanguage\":\"es\"},{\"@type\":\"Person\",\"@id\":\"https:\/\/www.noticiasradioreflejos.com.ar\/2021\/#\/schema\/person\/ad82545263dcc5ec0996818884fd5fb1\",\"name\":\"Arnaldo Botto\",\"image\":{\"@type\":\"ImageObject\",\"inLanguage\":\"es\",\"@id\":\"https:\/\/www.noticiasradioreflejos.com.ar\/2021\/#\/schema\/person\/image\/\",\"url\":\"https:\/\/secure.gravatar.com\/avatar\/55cb5e37c1efa326397366e6974cb338056df65cb50e7d64d1cf314e87504837?s=96&d=mm&r=g\",\"contentUrl\":\"https:\/\/secure.gravatar.com\/avatar\/55cb5e37c1efa326397366e6974cb338056df65cb50e7d64d1cf314e87504837?s=96&d=mm&r=g\",\"caption\":\"Arnaldo Botto\"},\"url\":\"https:\/\/www.noticiasradioreflejos.com.ar\/2021\/author\/arnaldo\/\"}]}<\/script>\n<!-- \/ Yoast SEO plugin. -->","yoast_head_json":{"title":"Un avi\u00f3n cay\u00f3 al vac\u00edo con m\u00e1s de 300 kilos de coca\u00edna - Noticias Radio Reflejos","robots":{"index":"index","follow":"follow","max-snippet":"max-snippet:-1","max-image-preview":"max-image-preview:large","max-video-preview":"max-video-preview:-1"},"canonical":"https:\/\/www.noticiasradioreflejos.com.ar\/2021\/un-avion-cayo-al-vacio-con-mas-de-300-kilos-de-cocaina\/","og_locale":"es_ES","og_type":"article","og_title":"Un avi\u00f3n cay\u00f3 al vac\u00edo con m\u00e1s de 300 kilos de coca\u00edna - Noticias Radio Reflejos","og_description":"Ocurri\u00f3 a cinco kil\u00f3metros de Avia Terai de la provincia de Chaco. El hecho tuvo lugar este martes por la tarde en cercan\u00edas de la localidad\u00a0Avia Terai de la provincia de Chaco. All\u00ed, un avi\u00f3n\u00a0con matr\u00edcula CP 3123\u00a0del pa\u00eds vecino de\u00a0Bolivia, cay\u00f3 al vacio impactando con el suelo. Al llegar la pol\u00edcia de la localidad [&hellip;]","og_url":"https:\/\/www.noticiasradioreflejos.com.ar\/2021\/un-avion-cayo-al-vacio-con-mas-de-300-kilos-de-cocaina\/","og_site_name":"Noticias Radio Reflejos","article_published_time":"2023-07-19T12:05:28+00:00","article_modified_time":"2023-07-19T12:07:27+00:00","og_image":[{"url":"https:\/\/live.staticflickr.com\/31337\/53057306978_fba92b2181_o.jpg","type":"","width":"","height":""}],"author":"Arnaldo Botto","twitter_card":"summary_large_image","schema":{"@context":"https:\/\/schema.org","@graph":[{"@type":"WebPage","@id":"https:\/\/www.noticiasradioreflejos.com.ar\/2021\/un-avion-cayo-al-vacio-con-mas-de-300-kilos-de-cocaina\/","url":"https:\/\/www.noticiasradioreflejos.com.ar\/2021\/un-avion-cayo-al-vacio-con-mas-de-300-kilos-de-cocaina\/","name":"Un avi\u00f3n cay\u00f3 al vac\u00edo con m\u00e1s de 300 kilos de coca\u00edna - Noticias Radio Reflejos","isPartOf":{"@id":"https:\/\/www.noticiasradioreflejos.com.ar\/2021\/#website"},"primaryImageOfPage":{"@id":"https:\/\/www.noticiasradioreflejos.com.ar\/2021\/un-avion-cayo-al-vacio-con-mas-de-300-kilos-de-cocaina\/#primaryimage"},"image":{"@id":"https:\/\/www.noticiasradioreflejos.com.ar\/2021\/un-avion-cayo-al-vacio-con-mas-de-300-kilos-de-cocaina\/#primaryimage"},"thumbnailUrl":"https:\/\/live.staticflickr.com\/31337\/53057306978_fba92b2181_o.jpg","datePublished":"2023-07-19T12:05:28+00:00","dateModified":"2023-07-19T12:07:27+00:00","author":{"@id":"https:\/\/www.noticiasradioreflejos.com.ar\/2021\/#\/schema\/person\/ad82545263dcc5ec0996818884fd5fb1"},"breadcrumb":{"@id":"https:\/\/www.noticiasradioreflejos.com.ar\/2021\/un-avion-cayo-al-vacio-con-mas-de-300-kilos-de-cocaina\/#breadcrumb"},"inLanguage":"es","potentialAction":[{"@type":"ReadAction","target":["https:\/\/www.noticiasradioreflejos.com.ar\/2021\/un-avion-cayo-al-vacio-con-mas-de-300-kilos-de-cocaina\/"]}]},{"@type":"ImageObject","inLanguage":"es","@id":"https:\/\/www.noticiasradioreflejos.com.ar\/2021\/un-avion-cayo-al-vacio-con-mas-de-300-kilos-de-cocaina\/#primaryimage","url":"https:\/\/live.staticflickr.com\/31337\/53057306978_fba92b2181_o.jpg","contentUrl":"https:\/\/live.staticflickr.com\/31337\/53057306978_fba92b2181_o.jpg"},{"@type":"BreadcrumbList","@id":"https:\/\/www.noticiasradioreflejos.com.ar\/2021\/un-avion-cayo-al-vacio-con-mas-de-300-kilos-de-cocaina\/#breadcrumb","itemListElement":[{"@type":"ListItem","position":1,"name":"Portada","item":"https:\/\/www.noticiasradioreflejos.com.ar\/2021\/"},{"@type":"ListItem","position":2,"name":"Un avi\u00f3n cay\u00f3 al vac\u00edo con m\u00e1s de 300 kilos de coca\u00edna"}]},{"@type":"WebSite","@id":"https:\/\/www.noticiasradioreflejos.com.ar\/2021\/#website","url":"https:\/\/www.noticiasradioreflejos.com.ar\/2021\/","name":"Noticias Radio Reflejos","description":"Las noticias de mi comarca","potentialAction":[{"@type":"SearchAction","target":{"@type":"EntryPoint","urlTemplate":"https:\/\/www.noticiasradioreflejos.com.ar\/2021\/?s={search_term_string}"},"query-input":{"@type":"PropertyValueSpecification","valueRequired":true,"valueName":"search_term_string"}}],"inLanguage":"es"},{"@type":"Person","@id":"https:\/\/www.noticiasradioreflejos.com.ar\/2021\/#\/schema\/person\/ad82545263dcc5ec0996818884fd5fb1","name":"Arnaldo Botto","image":{"@type":"ImageObject","inLanguage":"es","@id":"https:\/\/www.noticiasradioreflejos.com.ar\/2021\/#\/schema\/person\/image\/","url":"https:\/\/secure.gravatar.com\/avatar\/55cb5e37c1efa326397366e6974cb338056df65cb50e7d64d1cf314e87504837?s=96&d=mm&r=g","contentUrl":"https:\/\/secure.gravatar.com\/avatar\/55cb5e37c1efa326397366e6974cb338056df65cb50e7d64d1cf314e87504837?s=96&d=mm&r=g","caption":"Arnaldo Botto"},"url":"https:\/\/www.noticiasradioreflejos.com.ar\/2021\/author\/arnaldo\/"}]}},"_links":{"self":[{"href":"https:\/\/www.noticiasradioreflejos.com.ar\/2021\/wp-json\/wp\/v2\/posts\/90616","targetHints":{"allow":["GET"]}}],"collection":[{"href":"https:\/\/www.noticiasradioreflejos.com.ar\/2021\/wp-json\/wp\/v2\/posts"}],"about":[{"href":"https:\/\/www.noticiasradioreflejos.com.ar\/2021\/wp-json\/wp\/v2\/types\/post"}],"author":[{"embeddable":true,"href":"https:\/\/www.noticiasradioreflejos.com.ar\/2021\/wp-json\/wp\/v2\/users\/3"}],"replies":[{"embeddable":true,"href":"https:\/\/www.noticiasradioreflejos.com.ar\/2021\/wp-json\/wp\/v2\/comments?post=90616"}],"version-history":[{"count":2,"href":"https:\/\/www.noticiasradioreflejos.com.ar\/2021\/wp-json\/wp\/v2\/posts\/90616\/revisions"}],"predecessor-version":[{"id":90619,"href":"https:\/\/www.noticiasradioreflejos.com.ar\/2021\/wp-json\/wp\/v2\/posts\/90616\/revisions\/90619"}],"wp:attachment":[{"href":"https:\/\/www.noticiasradioreflejos.com.ar\/2021\/wp-json\/wp\/v2\/media?parent=90616"}],"wp:term":[{"taxonomy":"category","embeddable":true,"href":"https:\/\/www.noticiasradioreflejos.com.ar\/2021\/wp-json\/wp\/v2\/categories?post=90616"},{"taxonomy":"post_tag","embeddable":true,"href":"https:\/\/www.noticiasradioreflejos.com.ar\/2021\/wp-json\/wp\/v2\/tags?post=90616"}],"curies":[{"name":"wp","href":"https:\/\/api.w.org\/{rel}","templated":true}]}}