{"id":90613,"date":"2023-07-19T11:58:04","date_gmt":"2023-07-19T11:58:04","guid":{"rendered":"https:\/\/www.noticiasradioreflejos.com.ar\/2021\/?p=90613"},"modified":"2023-07-19T12:19:15","modified_gmt":"2023-07-19T12:19:15","slug":"buenos-aires-la-pampa-cordoba-san-luis-la-rioja-y-neuquen-bajo-alerta-por-vientos-y-lluvia","status":"publish","type":"post","link":"https:\/\/www.noticiasradioreflejos.com.ar\/2021\/buenos-aires-la-pampa-cordoba-san-luis-la-rioja-y-neuquen-bajo-alerta-por-vientos-y-lluvia\/","title":{"rendered":"Buenos Aires, La Pampa, C\u00f3rdoba, San Luis, La Rioja y Neuqu\u00e9n bajo alerta por vientos y lluvia"},"content":{"rendered":"<p>Las provincias de Buenos Aires, La Pampa, C\u00f3rdoba, San Luis, La Rioja y Neuqu\u00e9n se encuentran con alertas de nivel amarillo por vientos, que pueden alcanzar los 80 kil\u00f3metros por hora (km\/h) y lluvia, inform\u00f3 hoy el Servicio Meteorol\u00f3gico Nacional (SMN).<!--more--><\/p>\n<p>El alerta por vientos alcanza a gran parte del centro, sur y oeste de la provincia de Buenos Aires; el sur de C\u00f3rdoba y de La Rioja, el centro y norte de San Luis y toda La Pampa.<\/p>\n<p>Este \u00e1rea se ver\u00e1 afectada por vientos del sector norte, con velocidades entre 40 y 56 km\/h y r\u00e1fagas de hasta 80 kil\u00f3metros por hora.<\/p>\n<p>En tanto, en el suroeste de Neuqu\u00e9n se prev\u00e9n lluvias persistentes de variada intensidad, algunas fuertes, con una precipitaci\u00f3n acumulada entre 20 y 40 mil\u00edmetros (mm), que pueden ser superados en forma localizada, mientras en las zonas m\u00e1s altas de la cordillera la precipitaci\u00f3n podr\u00eda ser en forma de nieve.<\/p>\n<p>En estos sectores, el SMN recomend\u00f3 evitar actividades al aire libre, asegurar elementos que puedan volarse, informarse por las autoridades y tener siempre lista una mochila de emergencias con linterna, radio, documentos y tel\u00e9fono.<\/p>\n","protected":false},"excerpt":{"rendered":"<p>Las provincias de Buenos Aires, La Pampa, C\u00f3rdoba, San Luis, La Rioja y Neuqu\u00e9n se encuentran con alertas de nivel amarillo por vientos, que pueden alcanzar los 80 kil\u00f3metros por hora (km\/h) y lluvia, inform\u00f3 hoy el Servicio Meteorol\u00f3gico Nacional (SMN).<\/p>\n","protected":false},"author":3,"featured_media":0,"comment_status":"closed","ping_status":"closed","sticky":false,"template":"","format":"standard","meta":{"footnotes":""},"categories":[46],"tags":[48],"class_list":["post-90613","post","type-post","status-publish","format-standard","hentry","category-ciencia-y-tecnologia","tag-destacada"],"yoast_head":"<!-- This site is optimized with the Yoast SEO plugin v25.9 - https:\/\/yoast.com\/wordpress\/plugins\/seo\/ -->\n<title>Buenos Aires, La Pampa, C\u00f3rdoba, San Luis, La Rioja y Neuqu\u00e9n bajo alerta por vientos y lluvia - Noticias Radio Reflejos<\/title>\n<meta name=\"robots\" content=\"index, follow, max-snippet:-1, max-image-preview:large, max-video-preview:-1\" \/>\n<link rel=\"canonical\" href=\"https:\/\/www.noticiasradioreflejos.com.ar\/2021\/buenos-aires-la-pampa-cordoba-san-luis-la-rioja-y-neuquen-bajo-alerta-por-vientos-y-lluvia\/\" \/>\n<meta property=\"og:locale\" content=\"es_ES\" \/>\n<meta property=\"og:type\" content=\"article\" \/>\n<meta property=\"og:title\" content=\"Buenos Aires, La Pampa, C\u00f3rdoba, San Luis, La Rioja y Neuqu\u00e9n bajo alerta por vientos y lluvia - Noticias Radio Reflejos\" \/>\n<meta property=\"og:description\" content=\"Las provincias de Buenos Aires, La Pampa, C\u00f3rdoba, San Luis, La Rioja y Neuqu\u00e9n se encuentran con alertas de nivel amarillo por vientos, que pueden alcanzar los 80 kil\u00f3metros por hora (km\/h) y lluvia, inform\u00f3 hoy el Servicio Meteorol\u00f3gico Nacional (SMN).\" \/>\n<meta property=\"og:url\" content=\"https:\/\/www.noticiasradioreflejos.com.ar\/2021\/buenos-aires-la-pampa-cordoba-san-luis-la-rioja-y-neuquen-bajo-alerta-por-vientos-y-lluvia\/\" \/>\n<meta property=\"og:site_name\" content=\"Noticias Radio Reflejos\" \/>\n<meta property=\"article:published_time\" content=\"2023-07-19T11:58:04+00:00\" \/>\n<meta property=\"article:modified_time\" content=\"2023-07-19T12:19:15+00:00\" \/>\n<meta property=\"og:image\" content=\"https:\/\/www.noticiasradioreflejos.com.ar\/2021\/wp-content\/uploads\/2021\/07\/logosol300x200.png\" \/>\n\t<meta property=\"og:image:width\" content=\"300\" \/>\n\t<meta property=\"og:image:height\" content=\"200\" \/>\n\t<meta property=\"og:image:type\" content=\"image\/png\" \/>\n<meta name=\"author\" content=\"Arnaldo Botto\" \/>\n<meta name=\"twitter:card\" content=\"summary_large_image\" \/>\n<script type=\"application\/ld+json\" class=\"yoast-schema-graph\">{\"@context\":\"https:\/\/schema.org\",\"@graph\":[{\"@type\":\"WebPage\",\"@id\":\"https:\/\/www.noticiasradioreflejos.com.ar\/2021\/buenos-aires-la-pampa-cordoba-san-luis-la-rioja-y-neuquen-bajo-alerta-por-vientos-y-lluvia\/\",\"url\":\"https:\/\/www.noticiasradioreflejos.com.ar\/2021\/buenos-aires-la-pampa-cordoba-san-luis-la-rioja-y-neuquen-bajo-alerta-por-vientos-y-lluvia\/\",\"name\":\"Buenos Aires, La Pampa, C\u00f3rdoba, San Luis, La Rioja y Neuqu\u00e9n bajo alerta por vientos y lluvia - Noticias Radio Reflejos\",\"isPartOf\":{\"@id\":\"https:\/\/www.noticiasradioreflejos.com.ar\/2021\/#website\"},\"datePublished\":\"2023-07-19T11:58:04+00:00\",\"dateModified\":\"2023-07-19T12:19:15+00:00\",\"author\":{\"@id\":\"https:\/\/www.noticiasradioreflejos.com.ar\/2021\/#\/schema\/person\/ad82545263dcc5ec0996818884fd5fb1\"},\"breadcrumb\":{\"@id\":\"https:\/\/www.noticiasradioreflejos.com.ar\/2021\/buenos-aires-la-pampa-cordoba-san-luis-la-rioja-y-neuquen-bajo-alerta-por-vientos-y-lluvia\/#breadcrumb\"},\"inLanguage\":\"es\",\"potentialAction\":[{\"@type\":\"ReadAction\",\"target\":[\"https:\/\/www.noticiasradioreflejos.com.ar\/2021\/buenos-aires-la-pampa-cordoba-san-luis-la-rioja-y-neuquen-bajo-alerta-por-vientos-y-lluvia\/\"]}]},{\"@type\":\"BreadcrumbList\",\"@id\":\"https:\/\/www.noticiasradioreflejos.com.ar\/2021\/buenos-aires-la-pampa-cordoba-san-luis-la-rioja-y-neuquen-bajo-alerta-por-vientos-y-lluvia\/#breadcrumb\",\"itemListElement\":[{\"@type\":\"ListItem\",\"position\":1,\"name\":\"Portada\",\"item\":\"https:\/\/www.noticiasradioreflejos.com.ar\/2021\/\"},{\"@type\":\"ListItem\",\"position\":2,\"name\":\"Buenos Aires, La Pampa, C\u00f3rdoba, San Luis, La Rioja y Neuqu\u00e9n bajo alerta por vientos y lluvia\"}]},{\"@type\":\"WebSite\",\"@id\":\"https:\/\/www.noticiasradioreflejos.com.ar\/2021\/#website\",\"url\":\"https:\/\/www.noticiasradioreflejos.com.ar\/2021\/\",\"name\":\"Noticias Radio Reflejos\",\"description\":\"Las noticias de mi comarca\",\"potentialAction\":[{\"@type\":\"SearchAction\",\"target\":{\"@type\":\"EntryPoint\",\"urlTemplate\":\"https:\/\/www.noticiasradioreflejos.com.ar\/2021\/?s={search_term_string}\"},\"query-input\":{\"@type\":\"PropertyValueSpecification\",\"valueRequired\":true,\"valueName\":\"search_term_string\"}}],\"inLanguage\":\"es\"},{\"@type\":\"Person\",\"@id\":\"https:\/\/www.noticiasradioreflejos.com.ar\/2021\/#\/schema\/person\/ad82545263dcc5ec0996818884fd5fb1\",\"name\":\"Arnaldo Botto\",\"image\":{\"@type\":\"ImageObject\",\"inLanguage\":\"es\",\"@id\":\"https:\/\/www.noticiasradioreflejos.com.ar\/2021\/#\/schema\/person\/image\/\",\"url\":\"https:\/\/secure.gravatar.com\/avatar\/55cb5e37c1efa326397366e6974cb338056df65cb50e7d64d1cf314e87504837?s=96&d=mm&r=g\",\"contentUrl\":\"https:\/\/secure.gravatar.com\/avatar\/55cb5e37c1efa326397366e6974cb338056df65cb50e7d64d1cf314e87504837?s=96&d=mm&r=g\",\"caption\":\"Arnaldo Botto\"},\"url\":\"https:\/\/www.noticiasradioreflejos.com.ar\/2021\/author\/arnaldo\/\"}]}<\/script>\n<!-- \/ Yoast SEO plugin. -->","yoast_head_json":{"title":"Buenos Aires, La Pampa, C\u00f3rdoba, San Luis, La Rioja y Neuqu\u00e9n bajo alerta por vientos y lluvia - Noticias Radio Reflejos","robots":{"index":"index","follow":"follow","max-snippet":"max-snippet:-1","max-image-preview":"max-image-preview:large","max-video-preview":"max-video-preview:-1"},"canonical":"https:\/\/www.noticiasradioreflejos.com.ar\/2021\/buenos-aires-la-pampa-cordoba-san-luis-la-rioja-y-neuquen-bajo-alerta-por-vientos-y-lluvia\/","og_locale":"es_ES","og_type":"article","og_title":"Buenos Aires, La Pampa, C\u00f3rdoba, San Luis, La Rioja y Neuqu\u00e9n bajo alerta por vientos y lluvia - Noticias Radio Reflejos","og_description":"Las provincias de Buenos Aires, La Pampa, C\u00f3rdoba, San Luis, La Rioja y Neuqu\u00e9n se encuentran con alertas de nivel amarillo por vientos, que pueden alcanzar los 80 kil\u00f3metros por hora (km\/h) y lluvia, inform\u00f3 hoy el Servicio Meteorol\u00f3gico Nacional (SMN).","og_url":"https:\/\/www.noticiasradioreflejos.com.ar\/2021\/buenos-aires-la-pampa-cordoba-san-luis-la-rioja-y-neuquen-bajo-alerta-por-vientos-y-lluvia\/","og_site_name":"Noticias Radio Reflejos","article_published_time":"2023-07-19T11:58:04+00:00","article_modified_time":"2023-07-19T12:19:15+00:00","og_image":[{"width":300,"height":200,"url":"https:\/\/www.noticiasradioreflejos.com.ar\/2021\/wp-content\/uploads\/2021\/07\/logosol300x200.png","type":"image\/png"}],"author":"Arnaldo Botto","twitter_card":"summary_large_image","schema":{"@context":"https:\/\/schema.org","@graph":[{"@type":"WebPage","@id":"https:\/\/www.noticiasradioreflejos.com.ar\/2021\/buenos-aires-la-pampa-cordoba-san-luis-la-rioja-y-neuquen-bajo-alerta-por-vientos-y-lluvia\/","url":"https:\/\/www.noticiasradioreflejos.com.ar\/2021\/buenos-aires-la-pampa-cordoba-san-luis-la-rioja-y-neuquen-bajo-alerta-por-vientos-y-lluvia\/","name":"Buenos Aires, La Pampa, C\u00f3rdoba, San Luis, La Rioja y Neuqu\u00e9n bajo alerta por vientos y lluvia - Noticias Radio Reflejos","isPartOf":{"@id":"https:\/\/www.noticiasradioreflejos.com.ar\/2021\/#website"},"datePublished":"2023-07-19T11:58:04+00:00","dateModified":"2023-07-19T12:19:15+00:00","author":{"@id":"https:\/\/www.noticiasradioreflejos.com.ar\/2021\/#\/schema\/person\/ad82545263dcc5ec0996818884fd5fb1"},"breadcrumb":{"@id":"https:\/\/www.noticiasradioreflejos.com.ar\/2021\/buenos-aires-la-pampa-cordoba-san-luis-la-rioja-y-neuquen-bajo-alerta-por-vientos-y-lluvia\/#breadcrumb"},"inLanguage":"es","potentialAction":[{"@type":"ReadAction","target":["https:\/\/www.noticiasradioreflejos.com.ar\/2021\/buenos-aires-la-pampa-cordoba-san-luis-la-rioja-y-neuquen-bajo-alerta-por-vientos-y-lluvia\/"]}]},{"@type":"BreadcrumbList","@id":"https:\/\/www.noticiasradioreflejos.com.ar\/2021\/buenos-aires-la-pampa-cordoba-san-luis-la-rioja-y-neuquen-bajo-alerta-por-vientos-y-lluvia\/#breadcrumb","itemListElement":[{"@type":"ListItem","position":1,"name":"Portada","item":"https:\/\/www.noticiasradioreflejos.com.ar\/2021\/"},{"@type":"ListItem","position":2,"name":"Buenos Aires, La Pampa, C\u00f3rdoba, San Luis, La Rioja y Neuqu\u00e9n bajo alerta por vientos y lluvia"}]},{"@type":"WebSite","@id":"https:\/\/www.noticiasradioreflejos.com.ar\/2021\/#website","url":"https:\/\/www.noticiasradioreflejos.com.ar\/2021\/","name":"Noticias Radio Reflejos","description":"Las noticias de mi comarca","potentialAction":[{"@type":"SearchAction","target":{"@type":"EntryPoint","urlTemplate":"https:\/\/www.noticiasradioreflejos.com.ar\/2021\/?s={search_term_string}"},"query-input":{"@type":"PropertyValueSpecification","valueRequired":true,"valueName":"search_term_string"}}],"inLanguage":"es"},{"@type":"Person","@id":"https:\/\/www.noticiasradioreflejos.com.ar\/2021\/#\/schema\/person\/ad82545263dcc5ec0996818884fd5fb1","name":"Arnaldo Botto","image":{"@type":"ImageObject","inLanguage":"es","@id":"https:\/\/www.noticiasradioreflejos.com.ar\/2021\/#\/schema\/person\/image\/","url":"https:\/\/secure.gravatar.com\/avatar\/55cb5e37c1efa326397366e6974cb338056df65cb50e7d64d1cf314e87504837?s=96&d=mm&r=g","contentUrl":"https:\/\/secure.gravatar.com\/avatar\/55cb5e37c1efa326397366e6974cb338056df65cb50e7d64d1cf314e87504837?s=96&d=mm&r=g","caption":"Arnaldo Botto"},"url":"https:\/\/www.noticiasradioreflejos.com.ar\/2021\/author\/arnaldo\/"}]}},"_links":{"self":[{"href":"https:\/\/www.noticiasradioreflejos.com.ar\/2021\/wp-json\/wp\/v2\/posts\/90613","targetHints":{"allow":["GET"]}}],"collection":[{"href":"https:\/\/www.noticiasradioreflejos.com.ar\/2021\/wp-json\/wp\/v2\/posts"}],"about":[{"href":"https:\/\/www.noticiasradioreflejos.com.ar\/2021\/wp-json\/wp\/v2\/types\/post"}],"author":[{"embeddable":true,"href":"https:\/\/www.noticiasradioreflejos.com.ar\/2021\/wp-json\/wp\/v2\/users\/3"}],"replies":[{"embeddable":true,"href":"https:\/\/www.noticiasradioreflejos.com.ar\/2021\/wp-json\/wp\/v2\/comments?post=90613"}],"version-history":[{"count":1,"href":"https:\/\/www.noticiasradioreflejos.com.ar\/2021\/wp-json\/wp\/v2\/posts\/90613\/revisions"}],"predecessor-version":[{"id":90615,"href":"https:\/\/www.noticiasradioreflejos.com.ar\/2021\/wp-json\/wp\/v2\/posts\/90613\/revisions\/90615"}],"wp:attachment":[{"href":"https:\/\/www.noticiasradioreflejos.com.ar\/2021\/wp-json\/wp\/v2\/media?parent=90613"}],"wp:term":[{"taxonomy":"category","embeddable":true,"href":"https:\/\/www.noticiasradioreflejos.com.ar\/2021\/wp-json\/wp\/v2\/categories?post=90613"},{"taxonomy":"post_tag","embeddable":true,"href":"https:\/\/www.noticiasradioreflejos.com.ar\/2021\/wp-json\/wp\/v2\/tags?post=90613"}],"curies":[{"name":"wp","href":"https:\/\/api.w.org\/{rel}","templated":true}]}}