{"id":90610,"date":"2023-07-19T11:50:03","date_gmt":"2023-07-19T11:50:03","guid":{"rendered":"https:\/\/www.noticiasradioreflejos.com.ar\/2021\/?p=90610"},"modified":"2023-07-19T11:50:03","modified_gmt":"2023-07-19T11:50:03","slug":"sergio-bordoni-presento-a-sus-candidatos-para-las-primarias","status":"publish","type":"post","link":"https:\/\/www.noticiasradioreflejos.com.ar\/2021\/sergio-bordoni-presento-a-sus-candidatos-para-las-primarias\/","title":{"rendered":"Sergio Bordoni present\u00f3 a sus candidatos para las primarias"},"content":{"rendered":"<p>&gt;Este martes en horas de la noche, fue presentada la lista oficial n\u00famero 4 que competir\u00e1 dentro de Uni\u00f3n por la patria en las elecciones Paso el pr\u00f3ximo 13 de Agosto.<!--more--><\/p>\n<p>Sergio Bordoni, convoc\u00f3 a los integrantes de la misma para ser presentados en sociedad ante un sal\u00f3n colmado.<\/p>\n<p>Varias personas optaron por quedarse en el sal\u00f3n de campa\u00f1a contiguo al de la convocatoria para seguir por el monitor la presentaci\u00f3n.<\/p>\n<p>El actual Jefe comunal y precandidato a un tercer per\u00edodo, dio a conocer a cada una de las personas que lo acompa\u00f1aran \u00a0y luego todos los pre candidatos tomaron el micr\u00f3fono para presentarse en sociedad.<\/p>\n<p>Sergio Bordoni, cerr\u00f3 la lista de oradores y destac\u00f3 la presencia de las personas que se hicieron presentes y tambi\u00e9n viajaron desde las distintas localidades.<\/p>\n<p>Se hicieron adem\u00e1s presentes\u00a0 Carlos \u00abCoqui\u00bb Battista del Ministerio de transporte de la provincia, la precandidata a Senadora provincial Leticia Iacovelli (Saavedra) y David Alcala (Tres Lomas) pre candidato tambi\u00e9n a senador.<\/p>\n<p>Enumer\u00f3 lo logrado en materia de salud y apunt\u00f3 a otros pre candidatos- dijo- que hablan de que habr\u00e1 mas salud, \u201cCuando nosotros logramos lo inimaginable\u201d afirm\u00f3.<\/p>\n<p>En otra parte de sus palabras destac\u00f3 a los justicialistas que lo apoyan y dispar\u00f3 \u201c Los compa\u00f1eros que hoy est\u00e1n ac\u00e1 apoyando, fueron abandonados\u201d<\/p>\n<p>En tono de humor afirm\u00f3 sentirse familiarizado con que le digan \u201cPanqueque\u201d \u201cEso me tiene sin cuidado y me divierte, prefiero que me digan panqueque y no ladr\u00f3n\u201d culmin\u00f3.<\/p>\n<p>Invit\u00f3 a todos a acompa\u00f1arlo el 13 de Agosto y agradeci\u00f3 la pesencia de los vecinos que se acercaron.<\/p>\n<p><iframe loading=\"lazy\" src=\"https:\/\/w.soundcloud.com\/player\/?url=https%3A\/\/api.soundcloud.com\/tracks\/1569120736&amp;color=%23ff5500&amp;auto_play=false&amp;hide_related=false&amp;show_comments=true&amp;show_user=true&amp;show_reposts=false&amp;show_teaser=true\" width=\"100%\" height=\"166\" frameborder=\"no\" scrolling=\"no\"><\/iframe><\/p>\n<div style=\"font-size: 10px; color: #cccccc; line-break: anywhere; word-break: normal; overflow: hidden; white-space: nowrap; text-overflow: ellipsis; font-family: Interstate,Lucida Grande,Lucida Sans Unicode,Lucida Sans,Garuda,Verdana,Tahoma,sans-serif; font-weight: 100;\"><a style=\"color: #cccccc; text-decoration: none;\" title=\"fmreflejos 103.7\" href=\"https:\/\/soundcloud.com\/fmreflejos-103-7\" target=\"_blank\" rel=\"noopener\">fmreflejos 103.7<\/a> \u00b7 <a style=\"color: #cccccc; text-decoration: none;\" title=\"Sergio - Bordoni - Palabra\" href=\"https:\/\/soundcloud.com\/fmreflejos-103-7\/sergio-bordoni-palabra\" target=\"_blank\" rel=\"noopener\">Sergio &#8211; Bordoni &#8211; Palabra<\/a><\/div>\n<p><iframe loading=\"lazy\" src=\"https:\/\/w.soundcloud.com\/player\/?url=https%3A\/\/api.soundcloud.com\/tracks\/1569120757&amp;color=%23ff5500&amp;auto_play=false&amp;hide_related=false&amp;show_comments=true&amp;show_user=true&amp;show_reposts=false&amp;show_teaser=true\" width=\"100%\" height=\"166\" frameborder=\"no\" scrolling=\"no\"><\/iframe><\/p>\n<div style=\"font-size: 10px; color: #cccccc; line-break: anywhere; word-break: normal; overflow: hidden; white-space: nowrap; text-overflow: ellipsis; font-family: Interstate,Lucida Grande,Lucida Sans Unicode,Lucida Sans,Garuda,Verdana,Tahoma,sans-serif; font-weight: 100;\"><a style=\"color: #cccccc; text-decoration: none;\" title=\"fmreflejos 103.7\" href=\"https:\/\/soundcloud.com\/fmreflejos-103-7\" target=\"_blank\" rel=\"noopener\">fmreflejos 103.7<\/a> \u00b7 <a style=\"color: #cccccc; text-decoration: none;\" title=\"-estefania - Bordoni\" href=\"https:\/\/soundcloud.com\/fmreflejos-103-7\/estefania-bordoni-1\" target=\"_blank\" rel=\"noopener\">-estefania &#8211; Bordoni<\/a><\/div>\n<p>&nbsp;<\/p>\n<p><iframe loading=\"lazy\" src=\"https:\/\/w.soundcloud.com\/player\/?url=https%3A\/\/api.soundcloud.com\/tracks\/1569120739&amp;color=%23ff5500&amp;auto_play=false&amp;hide_related=false&amp;show_comments=true&amp;show_user=true&amp;show_reposts=false&amp;show_teaser=true\" width=\"100%\" height=\"166\" frameborder=\"no\" scrolling=\"no\"><\/iframe><\/p>\n<div style=\"font-size: 10px; color: #cccccc; line-break: anywhere; word-break: normal; overflow: hidden; white-space: nowrap; text-overflow: ellipsis; font-family: Interstate,Lucida Grande,Lucida Sans Unicode,Lucida Sans,Garuda,Verdana,Tahoma,sans-serif; font-weight: 100;\"><a style=\"color: #cccccc; text-decoration: none;\" title=\"fmreflejos 103.7\" href=\"https:\/\/soundcloud.com\/fmreflejos-103-7\" target=\"_blank\" rel=\"noopener\">fmreflejos 103.7<\/a> \u00b7 <a style=\"color: #cccccc; text-decoration: none;\" title=\"Martin - Olhaberry\" href=\"https:\/\/soundcloud.com\/fmreflejos-103-7\/martin-olhaberry-2\" target=\"_blank\" rel=\"noopener\">Martin &#8211; Olhaberry<\/a><\/div>\n<p><strong><a href=\"https:\/\/www.facebook.com\/media\/set\/?set=a.748345183964650&amp;type=3\">ALBUM DE FOTOS<\/a><\/strong><\/p>\n<p><strong><iframe loading=\"lazy\" src=\"https:\/\/www.facebook.com\/plugins\/video.php?height=314&amp;href=https%3A%2F%2Fwww.facebook.com%2Fnoticastornquist%2Fvideos%2F1292459078076559%2F&amp;show_text=false&amp;width=560&amp;t=0\" width=\"560\" height=\"314\" frameborder=\"0\" scrolling=\"no\" allowfullscreen=\"allowfullscreen\" data-mce-fragment=\"1\"><\/iframe><\/strong><\/p>\n<p><strong><iframe loading=\"lazy\" src=\"https:\/\/www.facebook.com\/plugins\/video.php?height=314&amp;href=https%3A%2F%2Fwww.facebook.com%2Fnoticastornquist%2Fvideos%2F609987577786814%2F&amp;show_text=false&amp;width=560&amp;t=0\" width=\"560\" height=\"314\" frameborder=\"0\" scrolling=\"no\" allowfullscreen=\"allowfullscreen\" data-mce-fragment=\"1\"><\/iframe><\/strong><\/p>\n<div>\n<p><img decoding=\"async\" src=\"https:\/\/www.noticiastornquist.com.ar\/imagen.php?imagen=2023-07\/dsc0069-1280x768.jpg\" \/><\/p>\n<div><\/div>\n<hr \/>\n<p><img decoding=\"async\" src=\"https:\/\/www.noticiastornquist.com.ar\/imagen.php?imagen=2023-07\/dsc0029-1280x768.jpg\" \/><\/p>\n<div><\/div>\n<hr \/>\n<p><img decoding=\"async\" src=\"https:\/\/www.noticiastornquist.com.ar\/imagen.php?imagen=2023-07\/dsc0033-1280x768.jpg\" \/><\/p>\n<div><\/div>\n<hr \/>\n<p><img decoding=\"async\" src=\"https:\/\/www.noticiastornquist.com.ar\/imagen.php?imagen=2023-07\/dsc0047-1280x768.jpg\" \/><\/p>\n<div><\/div>\n<hr \/>\n<p><img decoding=\"async\" src=\"https:\/\/www.noticiastornquist.com.ar\/imagen.php?imagen=2023-07\/dsc0070-1280x768.jpg\" \/><\/p>\n<div><\/div>\n<hr \/>\n<p><img decoding=\"async\" src=\"https:\/\/www.noticiastornquist.com.ar\/imagen.php?imagen=2023-07\/dsc0078-1280x768.jpg\" \/><\/p>\n<div><\/div>\n<hr \/>\n<\/div>\n<div class=\"anuncioh\"><\/div>\n<div class=\"table-cell aside\">\n<div id=\"asd95\" class=\"publicidad\"><a href=\"https:\/\/www.noticiastornquist.com.ar\/lkp.html?id=3\" target=\"_blank\" rel=\"nofollow noopener\"><img decoding=\"async\" src=\"https:\/\/www.noticiastornquist.com.ar\/imagen.php?imagen=noticias\/fm995.jpg_3068_1546631076.jpg&amp;width=600\" \/><\/a><\/div>\n<div class=\"anuncio anuncio-float\"><\/div>\n<\/div>\n<p><!--more--><\/p>\n<footer>\n<div class=\"wfix\">\n<div class=\"table\">\n<div class=\"table-cell\">\n<div class=\"table-cell redes\"><a class=\"facebook\" title=\"Seguinos en facebook\" href=\"https:\/\/www.facebook.com\/Noticias-Tornquist-826029020802350\/\" target=\"_blank\" rel=\"nofollow noopener\"><i class=\"fa fa-facebook-square\" aria-hidden=\"true\"><\/i>\u00a0Facebook<\/a>\u00a0<a class=\"twitter\" title=\"Seguinos en twitter\" href=\"https:\/\/twitter.com\/notitornquist\" target=\"_blank\" rel=\"nofollow noopener\"><i class=\"fa fa-twitter-square\" aria-hidden=\"true\"><\/i>\u00a0Twitter<\/a><\/div>\n<div class=\"masnoticias\"><a href=\"https:\/\/www.noticiastornquist.com.ar\/breves.html\">BREVES<\/a><\/div>\n<\/div>\n<\/div>\n<\/div>\n<\/footer>\n","protected":false},"excerpt":{"rendered":"<p>&gt;Este martes en horas de la noche, fue presentada la lista oficial n\u00famero 4 que competir\u00e1 dentro de Uni\u00f3n por la patria en las elecciones Paso el pr\u00f3ximo 13 de Agosto.<\/p>\n","protected":false},"author":3,"featured_media":0,"comment_status":"closed","ping_status":"closed","sticky":false,"template":"","format":"standard","meta":{"footnotes":""},"categories":[1],"tags":[],"class_list":["post-90610","post","type-post","status-publish","format-standard","hentry","category-sin-categoria"],"yoast_head":"<!-- This site is optimized with the Yoast SEO plugin v25.9 - https:\/\/yoast.com\/wordpress\/plugins\/seo\/ -->\n<title>Sergio Bordoni present\u00f3 a sus candidatos para las primarias - Noticias Radio Reflejos<\/title>\n<meta name=\"robots\" content=\"index, follow, max-snippet:-1, max-image-preview:large, max-video-preview:-1\" \/>\n<link rel=\"canonical\" href=\"https:\/\/www.noticiasradioreflejos.com.ar\/2021\/sergio-bordoni-presento-a-sus-candidatos-para-las-primarias\/\" \/>\n<meta property=\"og:locale\" content=\"es_ES\" \/>\n<meta property=\"og:type\" content=\"article\" \/>\n<meta property=\"og:title\" content=\"Sergio Bordoni present\u00f3 a sus candidatos para las primarias - Noticias Radio Reflejos\" \/>\n<meta property=\"og:description\" content=\"&gt;Este martes en horas de la noche, fue presentada la lista oficial n\u00famero 4 que competir\u00e1 dentro de Uni\u00f3n por la patria en las elecciones Paso el pr\u00f3ximo 13 de Agosto.\" \/>\n<meta property=\"og:url\" content=\"https:\/\/www.noticiasradioreflejos.com.ar\/2021\/sergio-bordoni-presento-a-sus-candidatos-para-las-primarias\/\" \/>\n<meta property=\"og:site_name\" content=\"Noticias Radio Reflejos\" \/>\n<meta property=\"article:published_time\" content=\"2023-07-19T11:50:03+00:00\" \/>\n<meta property=\"og:image\" content=\"https:\/\/www.noticiastornquist.com.ar\/imagen.php?imagen=2023-07\/dsc0069-1280x768.jpg\" \/>\n<meta name=\"author\" content=\"Arnaldo Botto\" \/>\n<meta name=\"twitter:card\" content=\"summary_large_image\" \/>\n<script type=\"application\/ld+json\" class=\"yoast-schema-graph\">{\"@context\":\"https:\/\/schema.org\",\"@graph\":[{\"@type\":\"WebPage\",\"@id\":\"https:\/\/www.noticiasradioreflejos.com.ar\/2021\/sergio-bordoni-presento-a-sus-candidatos-para-las-primarias\/\",\"url\":\"https:\/\/www.noticiasradioreflejos.com.ar\/2021\/sergio-bordoni-presento-a-sus-candidatos-para-las-primarias\/\",\"name\":\"Sergio Bordoni present\u00f3 a sus candidatos para las primarias - Noticias Radio Reflejos\",\"isPartOf\":{\"@id\":\"https:\/\/www.noticiasradioreflejos.com.ar\/2021\/#website\"},\"primaryImageOfPage\":{\"@id\":\"https:\/\/www.noticiasradioreflejos.com.ar\/2021\/sergio-bordoni-presento-a-sus-candidatos-para-las-primarias\/#primaryimage\"},\"image\":{\"@id\":\"https:\/\/www.noticiasradioreflejos.com.ar\/2021\/sergio-bordoni-presento-a-sus-candidatos-para-las-primarias\/#primaryimage\"},\"thumbnailUrl\":\"https:\/\/www.noticiastornquist.com.ar\/imagen.php?imagen=2023-07\/dsc0069-1280x768.jpg\",\"datePublished\":\"2023-07-19T11:50:03+00:00\",\"author\":{\"@id\":\"https:\/\/www.noticiasradioreflejos.com.ar\/2021\/#\/schema\/person\/ad82545263dcc5ec0996818884fd5fb1\"},\"breadcrumb\":{\"@id\":\"https:\/\/www.noticiasradioreflejos.com.ar\/2021\/sergio-bordoni-presento-a-sus-candidatos-para-las-primarias\/#breadcrumb\"},\"inLanguage\":\"es\",\"potentialAction\":[{\"@type\":\"ReadAction\",\"target\":[\"https:\/\/www.noticiasradioreflejos.com.ar\/2021\/sergio-bordoni-presento-a-sus-candidatos-para-las-primarias\/\"]}]},{\"@type\":\"ImageObject\",\"inLanguage\":\"es\",\"@id\":\"https:\/\/www.noticiasradioreflejos.com.ar\/2021\/sergio-bordoni-presento-a-sus-candidatos-para-las-primarias\/#primaryimage\",\"url\":\"https:\/\/www.noticiastornquist.com.ar\/imagen.php?imagen=2023-07\/dsc0069-1280x768.jpg\",\"contentUrl\":\"https:\/\/www.noticiastornquist.com.ar\/imagen.php?imagen=2023-07\/dsc0069-1280x768.jpg\"},{\"@type\":\"BreadcrumbList\",\"@id\":\"https:\/\/www.noticiasradioreflejos.com.ar\/2021\/sergio-bordoni-presento-a-sus-candidatos-para-las-primarias\/#breadcrumb\",\"itemListElement\":[{\"@type\":\"ListItem\",\"position\":1,\"name\":\"Portada\",\"item\":\"https:\/\/www.noticiasradioreflejos.com.ar\/2021\/\"},{\"@type\":\"ListItem\",\"position\":2,\"name\":\"Sergio Bordoni present\u00f3 a sus candidatos para las primarias\"}]},{\"@type\":\"WebSite\",\"@id\":\"https:\/\/www.noticiasradioreflejos.com.ar\/2021\/#website\",\"url\":\"https:\/\/www.noticiasradioreflejos.com.ar\/2021\/\",\"name\":\"Noticias Radio Reflejos\",\"description\":\"Las noticias de mi comarca\",\"potentialAction\":[{\"@type\":\"SearchAction\",\"target\":{\"@type\":\"EntryPoint\",\"urlTemplate\":\"https:\/\/www.noticiasradioreflejos.com.ar\/2021\/?s={search_term_string}\"},\"query-input\":{\"@type\":\"PropertyValueSpecification\",\"valueRequired\":true,\"valueName\":\"search_term_string\"}}],\"inLanguage\":\"es\"},{\"@type\":\"Person\",\"@id\":\"https:\/\/www.noticiasradioreflejos.com.ar\/2021\/#\/schema\/person\/ad82545263dcc5ec0996818884fd5fb1\",\"name\":\"Arnaldo Botto\",\"image\":{\"@type\":\"ImageObject\",\"inLanguage\":\"es\",\"@id\":\"https:\/\/www.noticiasradioreflejos.com.ar\/2021\/#\/schema\/person\/image\/\",\"url\":\"https:\/\/secure.gravatar.com\/avatar\/55cb5e37c1efa326397366e6974cb338056df65cb50e7d64d1cf314e87504837?s=96&d=mm&r=g\",\"contentUrl\":\"https:\/\/secure.gravatar.com\/avatar\/55cb5e37c1efa326397366e6974cb338056df65cb50e7d64d1cf314e87504837?s=96&d=mm&r=g\",\"caption\":\"Arnaldo Botto\"},\"url\":\"https:\/\/www.noticiasradioreflejos.com.ar\/2021\/author\/arnaldo\/\"}]}<\/script>\n<!-- \/ Yoast SEO plugin. -->","yoast_head_json":{"title":"Sergio Bordoni present\u00f3 a sus candidatos para las primarias - Noticias Radio Reflejos","robots":{"index":"index","follow":"follow","max-snippet":"max-snippet:-1","max-image-preview":"max-image-preview:large","max-video-preview":"max-video-preview:-1"},"canonical":"https:\/\/www.noticiasradioreflejos.com.ar\/2021\/sergio-bordoni-presento-a-sus-candidatos-para-las-primarias\/","og_locale":"es_ES","og_type":"article","og_title":"Sergio Bordoni present\u00f3 a sus candidatos para las primarias - Noticias Radio Reflejos","og_description":"&gt;Este martes en horas de la noche, fue presentada la lista oficial n\u00famero 4 que competir\u00e1 dentro de Uni\u00f3n por la patria en las elecciones Paso el pr\u00f3ximo 13 de Agosto.","og_url":"https:\/\/www.noticiasradioreflejos.com.ar\/2021\/sergio-bordoni-presento-a-sus-candidatos-para-las-primarias\/","og_site_name":"Noticias Radio Reflejos","article_published_time":"2023-07-19T11:50:03+00:00","og_image":[{"url":"https:\/\/www.noticiastornquist.com.ar\/imagen.php?imagen=2023-07\/dsc0069-1280x768.jpg","type":"","width":"","height":""}],"author":"Arnaldo Botto","twitter_card":"summary_large_image","schema":{"@context":"https:\/\/schema.org","@graph":[{"@type":"WebPage","@id":"https:\/\/www.noticiasradioreflejos.com.ar\/2021\/sergio-bordoni-presento-a-sus-candidatos-para-las-primarias\/","url":"https:\/\/www.noticiasradioreflejos.com.ar\/2021\/sergio-bordoni-presento-a-sus-candidatos-para-las-primarias\/","name":"Sergio Bordoni present\u00f3 a sus candidatos para las primarias - Noticias Radio Reflejos","isPartOf":{"@id":"https:\/\/www.noticiasradioreflejos.com.ar\/2021\/#website"},"primaryImageOfPage":{"@id":"https:\/\/www.noticiasradioreflejos.com.ar\/2021\/sergio-bordoni-presento-a-sus-candidatos-para-las-primarias\/#primaryimage"},"image":{"@id":"https:\/\/www.noticiasradioreflejos.com.ar\/2021\/sergio-bordoni-presento-a-sus-candidatos-para-las-primarias\/#primaryimage"},"thumbnailUrl":"https:\/\/www.noticiastornquist.com.ar\/imagen.php?imagen=2023-07\/dsc0069-1280x768.jpg","datePublished":"2023-07-19T11:50:03+00:00","author":{"@id":"https:\/\/www.noticiasradioreflejos.com.ar\/2021\/#\/schema\/person\/ad82545263dcc5ec0996818884fd5fb1"},"breadcrumb":{"@id":"https:\/\/www.noticiasradioreflejos.com.ar\/2021\/sergio-bordoni-presento-a-sus-candidatos-para-las-primarias\/#breadcrumb"},"inLanguage":"es","potentialAction":[{"@type":"ReadAction","target":["https:\/\/www.noticiasradioreflejos.com.ar\/2021\/sergio-bordoni-presento-a-sus-candidatos-para-las-primarias\/"]}]},{"@type":"ImageObject","inLanguage":"es","@id":"https:\/\/www.noticiasradioreflejos.com.ar\/2021\/sergio-bordoni-presento-a-sus-candidatos-para-las-primarias\/#primaryimage","url":"https:\/\/www.noticiastornquist.com.ar\/imagen.php?imagen=2023-07\/dsc0069-1280x768.jpg","contentUrl":"https:\/\/www.noticiastornquist.com.ar\/imagen.php?imagen=2023-07\/dsc0069-1280x768.jpg"},{"@type":"BreadcrumbList","@id":"https:\/\/www.noticiasradioreflejos.com.ar\/2021\/sergio-bordoni-presento-a-sus-candidatos-para-las-primarias\/#breadcrumb","itemListElement":[{"@type":"ListItem","position":1,"name":"Portada","item":"https:\/\/www.noticiasradioreflejos.com.ar\/2021\/"},{"@type":"ListItem","position":2,"name":"Sergio Bordoni present\u00f3 a sus candidatos para las primarias"}]},{"@type":"WebSite","@id":"https:\/\/www.noticiasradioreflejos.com.ar\/2021\/#website","url":"https:\/\/www.noticiasradioreflejos.com.ar\/2021\/","name":"Noticias Radio Reflejos","description":"Las noticias de mi comarca","potentialAction":[{"@type":"SearchAction","target":{"@type":"EntryPoint","urlTemplate":"https:\/\/www.noticiasradioreflejos.com.ar\/2021\/?s={search_term_string}"},"query-input":{"@type":"PropertyValueSpecification","valueRequired":true,"valueName":"search_term_string"}}],"inLanguage":"es"},{"@type":"Person","@id":"https:\/\/www.noticiasradioreflejos.com.ar\/2021\/#\/schema\/person\/ad82545263dcc5ec0996818884fd5fb1","name":"Arnaldo Botto","image":{"@type":"ImageObject","inLanguage":"es","@id":"https:\/\/www.noticiasradioreflejos.com.ar\/2021\/#\/schema\/person\/image\/","url":"https:\/\/secure.gravatar.com\/avatar\/55cb5e37c1efa326397366e6974cb338056df65cb50e7d64d1cf314e87504837?s=96&d=mm&r=g","contentUrl":"https:\/\/secure.gravatar.com\/avatar\/55cb5e37c1efa326397366e6974cb338056df65cb50e7d64d1cf314e87504837?s=96&d=mm&r=g","caption":"Arnaldo Botto"},"url":"https:\/\/www.noticiasradioreflejos.com.ar\/2021\/author\/arnaldo\/"}]}},"_links":{"self":[{"href":"https:\/\/www.noticiasradioreflejos.com.ar\/2021\/wp-json\/wp\/v2\/posts\/90610","targetHints":{"allow":["GET"]}}],"collection":[{"href":"https:\/\/www.noticiasradioreflejos.com.ar\/2021\/wp-json\/wp\/v2\/posts"}],"about":[{"href":"https:\/\/www.noticiasradioreflejos.com.ar\/2021\/wp-json\/wp\/v2\/types\/post"}],"author":[{"embeddable":true,"href":"https:\/\/www.noticiasradioreflejos.com.ar\/2021\/wp-json\/wp\/v2\/users\/3"}],"replies":[{"embeddable":true,"href":"https:\/\/www.noticiasradioreflejos.com.ar\/2021\/wp-json\/wp\/v2\/comments?post=90610"}],"version-history":[{"count":1,"href":"https:\/\/www.noticiasradioreflejos.com.ar\/2021\/wp-json\/wp\/v2\/posts\/90610\/revisions"}],"predecessor-version":[{"id":90612,"href":"https:\/\/www.noticiasradioreflejos.com.ar\/2021\/wp-json\/wp\/v2\/posts\/90610\/revisions\/90612"}],"wp:attachment":[{"href":"https:\/\/www.noticiasradioreflejos.com.ar\/2021\/wp-json\/wp\/v2\/media?parent=90610"}],"wp:term":[{"taxonomy":"category","embeddable":true,"href":"https:\/\/www.noticiasradioreflejos.com.ar\/2021\/wp-json\/wp\/v2\/categories?post=90610"},{"taxonomy":"post_tag","embeddable":true,"href":"https:\/\/www.noticiasradioreflejos.com.ar\/2021\/wp-json\/wp\/v2\/tags?post=90610"}],"curies":[{"name":"wp","href":"https:\/\/api.w.org\/{rel}","templated":true}]}}