{"id":90567,"date":"2023-07-18T12:54:04","date_gmt":"2023-07-18T12:54:04","guid":{"rendered":"https:\/\/www.noticiasradioreflejos.com.ar\/2021\/?p=90567"},"modified":"2023-07-18T12:54:04","modified_gmt":"2023-07-18T12:54:04","slug":"hoy-comienza-en-el-centro-cultural-de-sierra-de-la-ventana-la-carga-de-datos-en-el-registro-unico-de-demanda-habitacional","status":"publish","type":"post","link":"https:\/\/www.noticiasradioreflejos.com.ar\/2021\/hoy-comienza-en-el-centro-cultural-de-sierra-de-la-ventana-la-carga-de-datos-en-el-registro-unico-de-demanda-habitacional\/","title":{"rendered":"Hoy comienza en el Centro Cultural de Sierra de la Ventana la carga de datos en el Registro \u00danico de Demanda Habitacional."},"content":{"rendered":"<div dir=\"auto\">El Secretario de Seguridad y Gobierno Ezequiel Gabella adelant\u00f3 d\u00edas atr\u00e1s a Se nos viene la Noche que hoy martes 18 de julio de 9 a 14 inicia la inscripci\u00f3n al registro \u00abEra una deuda pendiente, gracias a las acciones que se han llevado adelante de manera ejemplar en una mesa donde se sentaron todas las partes, con satisfacci\u00f3n podemos decir que estamos en las puertas de iniciar con el registro\u00bb.<\/div>\n<p><!--more--><\/p>\n<div dir=\"auto\"><\/div>\n<div dir=\"auto\">\u00abEsto no es un problema nuevo, cada vez es mayor la cantidad de familias que tiene problemas para conseguir viviendas para alquilar y much\u00edsimo m\u00e1s a\u00fan llegar a una vivienda propia, me animar\u00eda a decir que es un problema a nivel mundial. Es un registro que ya existe a nivel provincial, se capacit\u00f3 personal municipal para llevar adelante la inscripci\u00f3n\u00bb.<\/div>\n<div dir=\"auto\"><\/div>\n<div dir=\"auto\">Gabella confirmo que comenzar\u00e1 en Sierra pero viajar\u00e1 por todo el distrito, \u00abNos hab\u00edamos comprometido a que el registro sea federal, por eso va a recorrer todo el distrito iniciando por Sierra de la Ventana\u00bb.<\/div>\n<div dir=\"auto\"><\/div>\n<div dir=\"auto\">Este registro reviste car\u00e1cter de declaraci\u00f3n jurada y se aclara que el mismo no habilita a acceder de manera directa a planes de viviendas ni nacional ni provinciales ni locales.<\/div>\n<div dir=\"auto\"><\/div>\n<div dir=\"auto\">Adem\u00e1s Gabella confirm\u00f3 una nueva frecuencia de transporte local. \u00abNos hab\u00eda quedado una deuda pendiente que era evitar que haya grandes espacios de tiempo entre una frecuencia y otra\u00bb A pedido de los usuarios y por recomendaci\u00f3n de los choferes, fue a\u00f1adido un horario a media tarde de lunes a viernes.<\/div>\n<div dir=\"auto\"><\/div>\n<div dir=\"auto\">Por ultimo el funcionario se refirio a el lanzamiento de una encuesta virtual para Sierra de la Ventana relacionado al sentido \u00fanico de circulaci\u00f3n de algunas calles de esa localidad. La misma estar\u00e1 disponible hasta el 31 de julio pr\u00f3ximo y se completa en el siguiente formulario:\u00a0<a href=\"https:\/\/forms.gle\/Pga2AXZ3LYkLkf5j9\" target=\"_blank\" rel=\"noopener\" data-saferedirecturl=\"https:\/\/www.google.com\/url?q=https:\/\/forms.gle\/Pga2AXZ3LYkLkf5j9&amp;source=gmail&amp;ust=1689768901334000&amp;usg=AOvVaw3wDS5SiOmSlzOaU2mLlsVA\">https:\/\/forms.gle\/<wbr \/>Pga2AXZ3LYkLkf5j9<\/a><\/div>\n<div dir=\"auto\"><iframe loading=\"lazy\" title=\"REGISTRO \u00daNICO DE DEMANDA HABITACIONAL - EZEQUIEL GABELLA\" src=\"https:\/\/www.youtube.com\/embed\/5azMGPGGRqU\" width=\"881\" height=\"493\" frameborder=\"0\" allowfullscreen=\"allowfullscreen\"><\/iframe><\/div>\n<div dir=\"auto\"><\/div>\n<div dir=\"auto\">Por Mat\u00edas Ercoli.<\/div>\n","protected":false},"excerpt":{"rendered":"<p>El Secretario de Seguridad y Gobierno Ezequiel Gabella adelant\u00f3 d\u00edas atr\u00e1s a Se nos viene la Noche que hoy martes 18 de julio de 9 a 14 inicia la inscripci\u00f3n al registro \u00abEra una deuda pendiente, gracias a las acciones que se han llevado adelante de manera ejemplar en una mesa donde se sentaron todas [&hellip;]<\/p>\n","protected":false},"author":3,"featured_media":0,"comment_status":"closed","ping_status":"closed","sticky":false,"template":"","format":"standard","meta":{"footnotes":""},"categories":[60],"tags":[48],"class_list":["post-90567","post","type-post","status-publish","format-standard","hentry","category-programas-radiales","tag-destacada"],"yoast_head":"<!-- This site is optimized with the Yoast SEO plugin v25.9 - https:\/\/yoast.com\/wordpress\/plugins\/seo\/ -->\n<title>Hoy comienza en el Centro Cultural de Sierra de la Ventana la carga de datos en el Registro \u00danico de Demanda Habitacional. - Noticias Radio Reflejos<\/title>\n<meta name=\"robots\" content=\"index, follow, max-snippet:-1, max-image-preview:large, max-video-preview:-1\" \/>\n<link rel=\"canonical\" href=\"https:\/\/www.noticiasradioreflejos.com.ar\/2021\/hoy-comienza-en-el-centro-cultural-de-sierra-de-la-ventana-la-carga-de-datos-en-el-registro-unico-de-demanda-habitacional\/\" \/>\n<meta property=\"og:locale\" content=\"es_ES\" \/>\n<meta property=\"og:type\" content=\"article\" \/>\n<meta property=\"og:title\" content=\"Hoy comienza en el Centro Cultural de Sierra de la Ventana la carga de datos en el Registro \u00danico de Demanda Habitacional. - Noticias Radio Reflejos\" \/>\n<meta property=\"og:description\" content=\"El Secretario de Seguridad y Gobierno Ezequiel Gabella adelant\u00f3 d\u00edas atr\u00e1s a Se nos viene la Noche que hoy martes 18 de julio de 9 a 14 inicia la inscripci\u00f3n al registro \u00abEra una deuda pendiente, gracias a las acciones que se han llevado adelante de manera ejemplar en una mesa donde se sentaron todas [&hellip;]\" \/>\n<meta property=\"og:url\" content=\"https:\/\/www.noticiasradioreflejos.com.ar\/2021\/hoy-comienza-en-el-centro-cultural-de-sierra-de-la-ventana-la-carga-de-datos-en-el-registro-unico-de-demanda-habitacional\/\" \/>\n<meta property=\"og:site_name\" content=\"Noticias Radio Reflejos\" \/>\n<meta property=\"article:published_time\" content=\"2023-07-18T12:54:04+00:00\" \/>\n<meta property=\"og:image\" content=\"https:\/\/www.noticiasradioreflejos.com.ar\/2021\/wp-content\/uploads\/2021\/07\/logosol300x200.png\" \/>\n\t<meta property=\"og:image:width\" content=\"300\" \/>\n\t<meta property=\"og:image:height\" content=\"200\" \/>\n\t<meta property=\"og:image:type\" content=\"image\/png\" \/>\n<meta name=\"author\" content=\"Arnaldo Botto\" \/>\n<meta name=\"twitter:card\" content=\"summary_large_image\" \/>\n<script type=\"application\/ld+json\" class=\"yoast-schema-graph\">{\"@context\":\"https:\/\/schema.org\",\"@graph\":[{\"@type\":\"WebPage\",\"@id\":\"https:\/\/www.noticiasradioreflejos.com.ar\/2021\/hoy-comienza-en-el-centro-cultural-de-sierra-de-la-ventana-la-carga-de-datos-en-el-registro-unico-de-demanda-habitacional\/\",\"url\":\"https:\/\/www.noticiasradioreflejos.com.ar\/2021\/hoy-comienza-en-el-centro-cultural-de-sierra-de-la-ventana-la-carga-de-datos-en-el-registro-unico-de-demanda-habitacional\/\",\"name\":\"Hoy comienza en el Centro Cultural de Sierra de la Ventana la carga de datos en el Registro \u00danico de Demanda Habitacional. - Noticias Radio Reflejos\",\"isPartOf\":{\"@id\":\"https:\/\/www.noticiasradioreflejos.com.ar\/2021\/#website\"},\"datePublished\":\"2023-07-18T12:54:04+00:00\",\"author\":{\"@id\":\"https:\/\/www.noticiasradioreflejos.com.ar\/2021\/#\/schema\/person\/ad82545263dcc5ec0996818884fd5fb1\"},\"breadcrumb\":{\"@id\":\"https:\/\/www.noticiasradioreflejos.com.ar\/2021\/hoy-comienza-en-el-centro-cultural-de-sierra-de-la-ventana-la-carga-de-datos-en-el-registro-unico-de-demanda-habitacional\/#breadcrumb\"},\"inLanguage\":\"es\",\"potentialAction\":[{\"@type\":\"ReadAction\",\"target\":[\"https:\/\/www.noticiasradioreflejos.com.ar\/2021\/hoy-comienza-en-el-centro-cultural-de-sierra-de-la-ventana-la-carga-de-datos-en-el-registro-unico-de-demanda-habitacional\/\"]}]},{\"@type\":\"BreadcrumbList\",\"@id\":\"https:\/\/www.noticiasradioreflejos.com.ar\/2021\/hoy-comienza-en-el-centro-cultural-de-sierra-de-la-ventana-la-carga-de-datos-en-el-registro-unico-de-demanda-habitacional\/#breadcrumb\",\"itemListElement\":[{\"@type\":\"ListItem\",\"position\":1,\"name\":\"Portada\",\"item\":\"https:\/\/www.noticiasradioreflejos.com.ar\/2021\/\"},{\"@type\":\"ListItem\",\"position\":2,\"name\":\"Hoy comienza en el Centro Cultural de Sierra de la Ventana la carga de datos en el Registro \u00danico de Demanda Habitacional.\"}]},{\"@type\":\"WebSite\",\"@id\":\"https:\/\/www.noticiasradioreflejos.com.ar\/2021\/#website\",\"url\":\"https:\/\/www.noticiasradioreflejos.com.ar\/2021\/\",\"name\":\"Noticias Radio Reflejos\",\"description\":\"Las noticias de mi comarca\",\"potentialAction\":[{\"@type\":\"SearchAction\",\"target\":{\"@type\":\"EntryPoint\",\"urlTemplate\":\"https:\/\/www.noticiasradioreflejos.com.ar\/2021\/?s={search_term_string}\"},\"query-input\":{\"@type\":\"PropertyValueSpecification\",\"valueRequired\":true,\"valueName\":\"search_term_string\"}}],\"inLanguage\":\"es\"},{\"@type\":\"Person\",\"@id\":\"https:\/\/www.noticiasradioreflejos.com.ar\/2021\/#\/schema\/person\/ad82545263dcc5ec0996818884fd5fb1\",\"name\":\"Arnaldo Botto\",\"image\":{\"@type\":\"ImageObject\",\"inLanguage\":\"es\",\"@id\":\"https:\/\/www.noticiasradioreflejos.com.ar\/2021\/#\/schema\/person\/image\/\",\"url\":\"https:\/\/secure.gravatar.com\/avatar\/55cb5e37c1efa326397366e6974cb338056df65cb50e7d64d1cf314e87504837?s=96&d=mm&r=g\",\"contentUrl\":\"https:\/\/secure.gravatar.com\/avatar\/55cb5e37c1efa326397366e6974cb338056df65cb50e7d64d1cf314e87504837?s=96&d=mm&r=g\",\"caption\":\"Arnaldo Botto\"},\"url\":\"https:\/\/www.noticiasradioreflejos.com.ar\/2021\/author\/arnaldo\/\"}]}<\/script>\n<!-- \/ Yoast SEO plugin. -->","yoast_head_json":{"title":"Hoy comienza en el Centro Cultural de Sierra de la Ventana la carga de datos en el Registro \u00danico de Demanda Habitacional. - Noticias Radio Reflejos","robots":{"index":"index","follow":"follow","max-snippet":"max-snippet:-1","max-image-preview":"max-image-preview:large","max-video-preview":"max-video-preview:-1"},"canonical":"https:\/\/www.noticiasradioreflejos.com.ar\/2021\/hoy-comienza-en-el-centro-cultural-de-sierra-de-la-ventana-la-carga-de-datos-en-el-registro-unico-de-demanda-habitacional\/","og_locale":"es_ES","og_type":"article","og_title":"Hoy comienza en el Centro Cultural de Sierra de la Ventana la carga de datos en el Registro \u00danico de Demanda Habitacional. - Noticias Radio Reflejos","og_description":"El Secretario de Seguridad y Gobierno Ezequiel Gabella adelant\u00f3 d\u00edas atr\u00e1s a Se nos viene la Noche que hoy martes 18 de julio de 9 a 14 inicia la inscripci\u00f3n al registro \u00abEra una deuda pendiente, gracias a las acciones que se han llevado adelante de manera ejemplar en una mesa donde se sentaron todas [&hellip;]","og_url":"https:\/\/www.noticiasradioreflejos.com.ar\/2021\/hoy-comienza-en-el-centro-cultural-de-sierra-de-la-ventana-la-carga-de-datos-en-el-registro-unico-de-demanda-habitacional\/","og_site_name":"Noticias Radio Reflejos","article_published_time":"2023-07-18T12:54:04+00:00","og_image":[{"width":300,"height":200,"url":"https:\/\/www.noticiasradioreflejos.com.ar\/2021\/wp-content\/uploads\/2021\/07\/logosol300x200.png","type":"image\/png"}],"author":"Arnaldo Botto","twitter_card":"summary_large_image","schema":{"@context":"https:\/\/schema.org","@graph":[{"@type":"WebPage","@id":"https:\/\/www.noticiasradioreflejos.com.ar\/2021\/hoy-comienza-en-el-centro-cultural-de-sierra-de-la-ventana-la-carga-de-datos-en-el-registro-unico-de-demanda-habitacional\/","url":"https:\/\/www.noticiasradioreflejos.com.ar\/2021\/hoy-comienza-en-el-centro-cultural-de-sierra-de-la-ventana-la-carga-de-datos-en-el-registro-unico-de-demanda-habitacional\/","name":"Hoy comienza en el Centro Cultural de Sierra de la Ventana la carga de datos en el Registro \u00danico de Demanda Habitacional. - Noticias Radio Reflejos","isPartOf":{"@id":"https:\/\/www.noticiasradioreflejos.com.ar\/2021\/#website"},"datePublished":"2023-07-18T12:54:04+00:00","author":{"@id":"https:\/\/www.noticiasradioreflejos.com.ar\/2021\/#\/schema\/person\/ad82545263dcc5ec0996818884fd5fb1"},"breadcrumb":{"@id":"https:\/\/www.noticiasradioreflejos.com.ar\/2021\/hoy-comienza-en-el-centro-cultural-de-sierra-de-la-ventana-la-carga-de-datos-en-el-registro-unico-de-demanda-habitacional\/#breadcrumb"},"inLanguage":"es","potentialAction":[{"@type":"ReadAction","target":["https:\/\/www.noticiasradioreflejos.com.ar\/2021\/hoy-comienza-en-el-centro-cultural-de-sierra-de-la-ventana-la-carga-de-datos-en-el-registro-unico-de-demanda-habitacional\/"]}]},{"@type":"BreadcrumbList","@id":"https:\/\/www.noticiasradioreflejos.com.ar\/2021\/hoy-comienza-en-el-centro-cultural-de-sierra-de-la-ventana-la-carga-de-datos-en-el-registro-unico-de-demanda-habitacional\/#breadcrumb","itemListElement":[{"@type":"ListItem","position":1,"name":"Portada","item":"https:\/\/www.noticiasradioreflejos.com.ar\/2021\/"},{"@type":"ListItem","position":2,"name":"Hoy comienza en el Centro Cultural de Sierra de la Ventana la carga de datos en el Registro \u00danico de Demanda Habitacional."}]},{"@type":"WebSite","@id":"https:\/\/www.noticiasradioreflejos.com.ar\/2021\/#website","url":"https:\/\/www.noticiasradioreflejos.com.ar\/2021\/","name":"Noticias Radio Reflejos","description":"Las noticias de mi comarca","potentialAction":[{"@type":"SearchAction","target":{"@type":"EntryPoint","urlTemplate":"https:\/\/www.noticiasradioreflejos.com.ar\/2021\/?s={search_term_string}"},"query-input":{"@type":"PropertyValueSpecification","valueRequired":true,"valueName":"search_term_string"}}],"inLanguage":"es"},{"@type":"Person","@id":"https:\/\/www.noticiasradioreflejos.com.ar\/2021\/#\/schema\/person\/ad82545263dcc5ec0996818884fd5fb1","name":"Arnaldo Botto","image":{"@type":"ImageObject","inLanguage":"es","@id":"https:\/\/www.noticiasradioreflejos.com.ar\/2021\/#\/schema\/person\/image\/","url":"https:\/\/secure.gravatar.com\/avatar\/55cb5e37c1efa326397366e6974cb338056df65cb50e7d64d1cf314e87504837?s=96&d=mm&r=g","contentUrl":"https:\/\/secure.gravatar.com\/avatar\/55cb5e37c1efa326397366e6974cb338056df65cb50e7d64d1cf314e87504837?s=96&d=mm&r=g","caption":"Arnaldo Botto"},"url":"https:\/\/www.noticiasradioreflejos.com.ar\/2021\/author\/arnaldo\/"}]}},"_links":{"self":[{"href":"https:\/\/www.noticiasradioreflejos.com.ar\/2021\/wp-json\/wp\/v2\/posts\/90567","targetHints":{"allow":["GET"]}}],"collection":[{"href":"https:\/\/www.noticiasradioreflejos.com.ar\/2021\/wp-json\/wp\/v2\/posts"}],"about":[{"href":"https:\/\/www.noticiasradioreflejos.com.ar\/2021\/wp-json\/wp\/v2\/types\/post"}],"author":[{"embeddable":true,"href":"https:\/\/www.noticiasradioreflejos.com.ar\/2021\/wp-json\/wp\/v2\/users\/3"}],"replies":[{"embeddable":true,"href":"https:\/\/www.noticiasradioreflejos.com.ar\/2021\/wp-json\/wp\/v2\/comments?post=90567"}],"version-history":[{"count":1,"href":"https:\/\/www.noticiasradioreflejos.com.ar\/2021\/wp-json\/wp\/v2\/posts\/90567\/revisions"}],"predecessor-version":[{"id":90569,"href":"https:\/\/www.noticiasradioreflejos.com.ar\/2021\/wp-json\/wp\/v2\/posts\/90567\/revisions\/90569"}],"wp:attachment":[{"href":"https:\/\/www.noticiasradioreflejos.com.ar\/2021\/wp-json\/wp\/v2\/media?parent=90567"}],"wp:term":[{"taxonomy":"category","embeddable":true,"href":"https:\/\/www.noticiasradioreflejos.com.ar\/2021\/wp-json\/wp\/v2\/categories?post=90567"},{"taxonomy":"post_tag","embeddable":true,"href":"https:\/\/www.noticiasradioreflejos.com.ar\/2021\/wp-json\/wp\/v2\/tags?post=90567"}],"curies":[{"name":"wp","href":"https:\/\/api.w.org\/{rel}","templated":true}]}}