{"id":90555,"date":"2023-07-18T11:39:08","date_gmt":"2023-07-18T11:39:08","guid":{"rendered":"https:\/\/www.noticiasradioreflejos.com.ar\/2021\/?p=90555"},"modified":"2023-07-18T11:39:08","modified_gmt":"2023-07-18T11:39:08","slug":"hallan-muerto-al-joven-acusado-de-agredir-a-un-arbitro-de-futbol-en-un-torneo-amateur-en-avellaneda","status":"publish","type":"post","link":"https:\/\/www.noticiasradioreflejos.com.ar\/2021\/hallan-muerto-al-joven-acusado-de-agredir-a-un-arbitro-de-futbol-en-un-torneo-amateur-en-avellaneda\/","title":{"rendered":"Hallan muerto al joven acusado de agredir a un \u00e1rbitro de f\u00fatbol en un torneo amateur en Avellaneda"},"content":{"rendered":"<p>El joven acusado de agredir a un \u00e1rbitro en un torneo de f\u00fatbol amateur en la localidad bonaerense de Sarand\u00ed, partido de Avellaneda, fue hallado anoche muerto de un disparo luego de que se lo imputara por la tentativa de homicidio, y los investigadores apuntan a un suicidio, informaron hoy fuentes policiales y judiciales.<!--more--><\/p>\n<p>Se trata de Williams Alexander Tap\u00f3n (24), quien fue acusado del delito de \u201chomicidio agravado por alevos\u00eda en grado de tentativa en el contexto de un espect\u00e1culo deportivo\u201d, en perjuicio de Cristian Ariel Paniagua (36), quien fue agredido a trompadas y pi\u00f1as cuando dirig\u00eda el \u00faltimo s\u00e1bado un partido de f\u00fatbol de un torneo amateur en el complejo deportivo \u00abEstaci\u00f3n 98\u00bb, ubicado sobre la avenida Mitre al 3900 en esa localidad del partido de Avellaneda, al sur del conurbano bonaerense.<\/p>\n<p>Seg\u00fan expresaron las fuentes a T\u00e9lam, el cuerpo de Tap\u00f3n fue hallado anoche con un disparo en la regi\u00f3n parietal en las v\u00edas del ferrocarril Roca, sobre las calles General Paz y Heredia, de la localidad de Gerli.<\/p>\n<p>\u00abSi bien la fiscal Alejandra Olmos Coronel, a cargo de la Unidad Funcional de Instrucci\u00f3n (UFI) 1 de Avellaneda, dispuso las dirigencias de rigor por un presunto suicidio, las fuentes consultadas informaron que, por la oscuridad de la zona, en las primeras horas del hecho no hab\u00eda sido hallada el arma con la que presuntamente se dispar\u00f3.<\/p>\n<p>\u00abTodav\u00eda no podemos determinar nada en concreto, pero supuestamente ser\u00eda un suicidio. El lugar estaba muy oscuro y se dieron circunstancias particulares que est\u00e1n siendo investigadas\u00bb, afirm\u00f3 a T\u00e9lam una fuente con acceso a la causa, quien a\u00f1adi\u00f3 que hasta el momento se desconoce si el joven dej\u00f3 alg\u00fan escrito con referencia a la presunta decisi\u00f3n que tom\u00f3.<\/p>\n<p>Tap\u00f3n estaba acusado de agredir a golpes y patadas al \u00e1rbitro Paniagua el \u00faltimo s\u00e1bado cuando su equipo de f\u00fatbol \u00abLa Cortada\u00bb disputaba un encuentro de un torneo de f\u00fatbol amateur contra el rival, \u00abEl Rejunte\u00bb.<\/p>\n<p>El hecho qued\u00f3 registrado en una filmaci\u00f3n de un tel\u00e9fono celular, en donde el \u00e1rbitro en un primer momento amonest\u00f3 a un jugador, previo a ser atacado.<\/p>\n<p>Seg\u00fan la denuncia policial del \u00e1rbitro, realizada por la tarde noche, luego de ser increpado por un compa\u00f1ero de equipo del agresor, Tap\u00f3n le asest\u00f3 dos golpes de pu\u00f1o en el rostro, lo que provoc\u00f3 que la v\u00edctima cayera al piso, donde fue pateado en la cabeza por el jugador.<\/p>\n<p><a data-flickr-embed=\"true\" data-footer=\"true\" href=\"https:\/\/www.flickr.com\/photos\/182279889@N02\/53054853480\/in\/dateposted-public\/\" title=\"violenta patada\"><img loading=\"lazy\" decoding=\"async\" src=\"https:\/\/live.staticflickr.com\/31337\/53054853480_a1a385165b_z.jpg\" width=\"640\" height=\"360\" alt=\"violenta patada\"\/><\/a><script async src=\"\/\/embedr.flickr.com\/assets\/client-code.js\" charset=\"utf-8\"><\/script><\/p>\n<p>\u00abLa verdad es que estuve mal, lo admito. Fueron esos cinco minutos en los que no me pude controlar y reaccion\u00e9 as\u00ed hacia el refer\u00ed. La \u00fanica explicaci\u00f3n que puedo dar es que ten\u00eda enojo. El \u00e1rbitro no ayud\u00f3; de entrada estaba cobrando todo para ellos\u00bb, afirm\u00f3 el joven en una entrevista con Canal 9, en la que se identific\u00f3 como Dimitri.<\/p>\n<p>El joven asegur\u00f3 que habl\u00f3 con Paniagua y que \u00e9ste \u201cquer\u00eda que le pague 300 mil pesos para no hacer la denuncia\u201d, seg\u00fan dijo.<\/p>\n<p>\u201cLe ped\u00ed disculpas, de todo coraz\u00f3n, y no me la acept\u00f3. S\u00e9 que lo pude haber matado, no fue mi intenci\u00f3n, me saqu\u00e9. La gente que no sabe que no soy as\u00ed. Anoche (por el domingo) no pude ni dormir. Todos me dijeron que lo podr\u00eda haber matado\u201d, sostuvo.<\/p>\n<p>Siempre seg\u00fan su denuncia ante la polic\u00eda, Paniagua perdi\u00f3 el conocimiento y fue trasladado al hospital Presidente Per\u00f3n de Avellaneda, donde fue atendido y luego dado de alta, sin que le brindaran informaci\u00f3n sobre un diagn\u00f3stico preciso de lo que le sucedi\u00f3.<\/p>\n<p>Finalmente, la UFI 4 de Avellaneda, a cargo de hechos vinculados a violencia en eventos deportivos, intervino de oficio horas antes ya que el hombre no hab\u00eda realizado la denuncia, y caratul\u00f3 al hecho como \u00abhomicidio agravado por alevos\u00eda en grado de tentativa en el contexto de un espect\u00e1culo deportivo\u201d.<br \/>\n<strong><br \/>\nFuente Telam<\/strong><em><\/p>\n","protected":false},"excerpt":{"rendered":"<p>El joven acusado de agredir a un \u00e1rbitro en un torneo de f\u00fatbol amateur en la localidad bonaerense de Sarand\u00ed, partido de Avellaneda, fue hallado anoche muerto de un disparo luego de que se lo imputara por la tentativa de homicidio, y los investigadores apuntan a un suicidio, informaron hoy fuentes policiales y judiciales.<\/p>\n","protected":false},"author":3,"featured_media":0,"comment_status":"closed","ping_status":"closed","sticky":false,"template":"","format":"standard","meta":{"footnotes":""},"categories":[29],"tags":[],"class_list":["post-90555","post","type-post","status-publish","format-standard","hentry","category-policiales"],"yoast_head":"<!-- This site is optimized with the Yoast SEO plugin v25.9 - https:\/\/yoast.com\/wordpress\/plugins\/seo\/ -->\n<title>Hallan muerto al joven acusado de agredir a un \u00e1rbitro de f\u00fatbol en un torneo amateur en Avellaneda - Noticias Radio Reflejos<\/title>\n<meta name=\"robots\" content=\"index, follow, max-snippet:-1, max-image-preview:large, max-video-preview:-1\" \/>\n<link rel=\"canonical\" href=\"https:\/\/www.noticiasradioreflejos.com.ar\/2021\/hallan-muerto-al-joven-acusado-de-agredir-a-un-arbitro-de-futbol-en-un-torneo-amateur-en-avellaneda\/\" \/>\n<meta property=\"og:locale\" content=\"es_ES\" \/>\n<meta property=\"og:type\" content=\"article\" \/>\n<meta property=\"og:title\" content=\"Hallan muerto al joven acusado de agredir a un \u00e1rbitro de f\u00fatbol en un torneo amateur en Avellaneda - Noticias Radio Reflejos\" \/>\n<meta property=\"og:description\" content=\"El joven acusado de agredir a un \u00e1rbitro en un torneo de f\u00fatbol amateur en la localidad bonaerense de Sarand\u00ed, partido de Avellaneda, fue hallado anoche muerto de un disparo luego de que se lo imputara por la tentativa de homicidio, y los investigadores apuntan a un suicidio, informaron hoy fuentes policiales y judiciales.\" \/>\n<meta property=\"og:url\" content=\"https:\/\/www.noticiasradioreflejos.com.ar\/2021\/hallan-muerto-al-joven-acusado-de-agredir-a-un-arbitro-de-futbol-en-un-torneo-amateur-en-avellaneda\/\" \/>\n<meta property=\"og:site_name\" content=\"Noticias Radio Reflejos\" \/>\n<meta property=\"article:published_time\" content=\"2023-07-18T11:39:08+00:00\" \/>\n<meta property=\"og:image\" content=\"https:\/\/live.staticflickr.com\/31337\/53054853480_a1a385165b_z.jpg\" \/>\n<meta name=\"author\" content=\"Arnaldo Botto\" \/>\n<meta name=\"twitter:card\" content=\"summary_large_image\" \/>\n<script type=\"application\/ld+json\" class=\"yoast-schema-graph\">{\"@context\":\"https:\/\/schema.org\",\"@graph\":[{\"@type\":\"WebPage\",\"@id\":\"https:\/\/www.noticiasradioreflejos.com.ar\/2021\/hallan-muerto-al-joven-acusado-de-agredir-a-un-arbitro-de-futbol-en-un-torneo-amateur-en-avellaneda\/\",\"url\":\"https:\/\/www.noticiasradioreflejos.com.ar\/2021\/hallan-muerto-al-joven-acusado-de-agredir-a-un-arbitro-de-futbol-en-un-torneo-amateur-en-avellaneda\/\",\"name\":\"Hallan muerto al joven acusado de agredir a un \u00e1rbitro de f\u00fatbol en un torneo amateur en Avellaneda - Noticias Radio Reflejos\",\"isPartOf\":{\"@id\":\"https:\/\/www.noticiasradioreflejos.com.ar\/2021\/#website\"},\"primaryImageOfPage\":{\"@id\":\"https:\/\/www.noticiasradioreflejos.com.ar\/2021\/hallan-muerto-al-joven-acusado-de-agredir-a-un-arbitro-de-futbol-en-un-torneo-amateur-en-avellaneda\/#primaryimage\"},\"image\":{\"@id\":\"https:\/\/www.noticiasradioreflejos.com.ar\/2021\/hallan-muerto-al-joven-acusado-de-agredir-a-un-arbitro-de-futbol-en-un-torneo-amateur-en-avellaneda\/#primaryimage\"},\"thumbnailUrl\":\"https:\/\/live.staticflickr.com\/31337\/53054853480_a1a385165b_z.jpg\",\"datePublished\":\"2023-07-18T11:39:08+00:00\",\"author\":{\"@id\":\"https:\/\/www.noticiasradioreflejos.com.ar\/2021\/#\/schema\/person\/ad82545263dcc5ec0996818884fd5fb1\"},\"breadcrumb\":{\"@id\":\"https:\/\/www.noticiasradioreflejos.com.ar\/2021\/hallan-muerto-al-joven-acusado-de-agredir-a-un-arbitro-de-futbol-en-un-torneo-amateur-en-avellaneda\/#breadcrumb\"},\"inLanguage\":\"es\",\"potentialAction\":[{\"@type\":\"ReadAction\",\"target\":[\"https:\/\/www.noticiasradioreflejos.com.ar\/2021\/hallan-muerto-al-joven-acusado-de-agredir-a-un-arbitro-de-futbol-en-un-torneo-amateur-en-avellaneda\/\"]}]},{\"@type\":\"ImageObject\",\"inLanguage\":\"es\",\"@id\":\"https:\/\/www.noticiasradioreflejos.com.ar\/2021\/hallan-muerto-al-joven-acusado-de-agredir-a-un-arbitro-de-futbol-en-un-torneo-amateur-en-avellaneda\/#primaryimage\",\"url\":\"https:\/\/live.staticflickr.com\/31337\/53054853480_a1a385165b_z.jpg\",\"contentUrl\":\"https:\/\/live.staticflickr.com\/31337\/53054853480_a1a385165b_z.jpg\"},{\"@type\":\"BreadcrumbList\",\"@id\":\"https:\/\/www.noticiasradioreflejos.com.ar\/2021\/hallan-muerto-al-joven-acusado-de-agredir-a-un-arbitro-de-futbol-en-un-torneo-amateur-en-avellaneda\/#breadcrumb\",\"itemListElement\":[{\"@type\":\"ListItem\",\"position\":1,\"name\":\"Portada\",\"item\":\"https:\/\/www.noticiasradioreflejos.com.ar\/2021\/\"},{\"@type\":\"ListItem\",\"position\":2,\"name\":\"Hallan muerto al joven acusado de agredir a un \u00e1rbitro de f\u00fatbol en un torneo amateur en Avellaneda\"}]},{\"@type\":\"WebSite\",\"@id\":\"https:\/\/www.noticiasradioreflejos.com.ar\/2021\/#website\",\"url\":\"https:\/\/www.noticiasradioreflejos.com.ar\/2021\/\",\"name\":\"Noticias Radio Reflejos\",\"description\":\"Las noticias de mi comarca\",\"potentialAction\":[{\"@type\":\"SearchAction\",\"target\":{\"@type\":\"EntryPoint\",\"urlTemplate\":\"https:\/\/www.noticiasradioreflejos.com.ar\/2021\/?s={search_term_string}\"},\"query-input\":{\"@type\":\"PropertyValueSpecification\",\"valueRequired\":true,\"valueName\":\"search_term_string\"}}],\"inLanguage\":\"es\"},{\"@type\":\"Person\",\"@id\":\"https:\/\/www.noticiasradioreflejos.com.ar\/2021\/#\/schema\/person\/ad82545263dcc5ec0996818884fd5fb1\",\"name\":\"Arnaldo Botto\",\"image\":{\"@type\":\"ImageObject\",\"inLanguage\":\"es\",\"@id\":\"https:\/\/www.noticiasradioreflejos.com.ar\/2021\/#\/schema\/person\/image\/\",\"url\":\"https:\/\/secure.gravatar.com\/avatar\/55cb5e37c1efa326397366e6974cb338056df65cb50e7d64d1cf314e87504837?s=96&d=mm&r=g\",\"contentUrl\":\"https:\/\/secure.gravatar.com\/avatar\/55cb5e37c1efa326397366e6974cb338056df65cb50e7d64d1cf314e87504837?s=96&d=mm&r=g\",\"caption\":\"Arnaldo Botto\"},\"url\":\"https:\/\/www.noticiasradioreflejos.com.ar\/2021\/author\/arnaldo\/\"}]}<\/script>\n<!-- \/ Yoast SEO plugin. -->","yoast_head_json":{"title":"Hallan muerto al joven acusado de agredir a un \u00e1rbitro de f\u00fatbol en un torneo amateur en Avellaneda - Noticias Radio Reflejos","robots":{"index":"index","follow":"follow","max-snippet":"max-snippet:-1","max-image-preview":"max-image-preview:large","max-video-preview":"max-video-preview:-1"},"canonical":"https:\/\/www.noticiasradioreflejos.com.ar\/2021\/hallan-muerto-al-joven-acusado-de-agredir-a-un-arbitro-de-futbol-en-un-torneo-amateur-en-avellaneda\/","og_locale":"es_ES","og_type":"article","og_title":"Hallan muerto al joven acusado de agredir a un \u00e1rbitro de f\u00fatbol en un torneo amateur en Avellaneda - Noticias Radio Reflejos","og_description":"El joven acusado de agredir a un \u00e1rbitro en un torneo de f\u00fatbol amateur en la localidad bonaerense de Sarand\u00ed, partido de Avellaneda, fue hallado anoche muerto de un disparo luego de que se lo imputara por la tentativa de homicidio, y los investigadores apuntan a un suicidio, informaron hoy fuentes policiales y judiciales.","og_url":"https:\/\/www.noticiasradioreflejos.com.ar\/2021\/hallan-muerto-al-joven-acusado-de-agredir-a-un-arbitro-de-futbol-en-un-torneo-amateur-en-avellaneda\/","og_site_name":"Noticias Radio Reflejos","article_published_time":"2023-07-18T11:39:08+00:00","og_image":[{"url":"https:\/\/live.staticflickr.com\/31337\/53054853480_a1a385165b_z.jpg","type":"","width":"","height":""}],"author":"Arnaldo Botto","twitter_card":"summary_large_image","schema":{"@context":"https:\/\/schema.org","@graph":[{"@type":"WebPage","@id":"https:\/\/www.noticiasradioreflejos.com.ar\/2021\/hallan-muerto-al-joven-acusado-de-agredir-a-un-arbitro-de-futbol-en-un-torneo-amateur-en-avellaneda\/","url":"https:\/\/www.noticiasradioreflejos.com.ar\/2021\/hallan-muerto-al-joven-acusado-de-agredir-a-un-arbitro-de-futbol-en-un-torneo-amateur-en-avellaneda\/","name":"Hallan muerto al joven acusado de agredir a un \u00e1rbitro de f\u00fatbol en un torneo amateur en Avellaneda - Noticias Radio Reflejos","isPartOf":{"@id":"https:\/\/www.noticiasradioreflejos.com.ar\/2021\/#website"},"primaryImageOfPage":{"@id":"https:\/\/www.noticiasradioreflejos.com.ar\/2021\/hallan-muerto-al-joven-acusado-de-agredir-a-un-arbitro-de-futbol-en-un-torneo-amateur-en-avellaneda\/#primaryimage"},"image":{"@id":"https:\/\/www.noticiasradioreflejos.com.ar\/2021\/hallan-muerto-al-joven-acusado-de-agredir-a-un-arbitro-de-futbol-en-un-torneo-amateur-en-avellaneda\/#primaryimage"},"thumbnailUrl":"https:\/\/live.staticflickr.com\/31337\/53054853480_a1a385165b_z.jpg","datePublished":"2023-07-18T11:39:08+00:00","author":{"@id":"https:\/\/www.noticiasradioreflejos.com.ar\/2021\/#\/schema\/person\/ad82545263dcc5ec0996818884fd5fb1"},"breadcrumb":{"@id":"https:\/\/www.noticiasradioreflejos.com.ar\/2021\/hallan-muerto-al-joven-acusado-de-agredir-a-un-arbitro-de-futbol-en-un-torneo-amateur-en-avellaneda\/#breadcrumb"},"inLanguage":"es","potentialAction":[{"@type":"ReadAction","target":["https:\/\/www.noticiasradioreflejos.com.ar\/2021\/hallan-muerto-al-joven-acusado-de-agredir-a-un-arbitro-de-futbol-en-un-torneo-amateur-en-avellaneda\/"]}]},{"@type":"ImageObject","inLanguage":"es","@id":"https:\/\/www.noticiasradioreflejos.com.ar\/2021\/hallan-muerto-al-joven-acusado-de-agredir-a-un-arbitro-de-futbol-en-un-torneo-amateur-en-avellaneda\/#primaryimage","url":"https:\/\/live.staticflickr.com\/31337\/53054853480_a1a385165b_z.jpg","contentUrl":"https:\/\/live.staticflickr.com\/31337\/53054853480_a1a385165b_z.jpg"},{"@type":"BreadcrumbList","@id":"https:\/\/www.noticiasradioreflejos.com.ar\/2021\/hallan-muerto-al-joven-acusado-de-agredir-a-un-arbitro-de-futbol-en-un-torneo-amateur-en-avellaneda\/#breadcrumb","itemListElement":[{"@type":"ListItem","position":1,"name":"Portada","item":"https:\/\/www.noticiasradioreflejos.com.ar\/2021\/"},{"@type":"ListItem","position":2,"name":"Hallan muerto al joven acusado de agredir a un \u00e1rbitro de f\u00fatbol en un torneo amateur en Avellaneda"}]},{"@type":"WebSite","@id":"https:\/\/www.noticiasradioreflejos.com.ar\/2021\/#website","url":"https:\/\/www.noticiasradioreflejos.com.ar\/2021\/","name":"Noticias Radio Reflejos","description":"Las noticias de mi comarca","potentialAction":[{"@type":"SearchAction","target":{"@type":"EntryPoint","urlTemplate":"https:\/\/www.noticiasradioreflejos.com.ar\/2021\/?s={search_term_string}"},"query-input":{"@type":"PropertyValueSpecification","valueRequired":true,"valueName":"search_term_string"}}],"inLanguage":"es"},{"@type":"Person","@id":"https:\/\/www.noticiasradioreflejos.com.ar\/2021\/#\/schema\/person\/ad82545263dcc5ec0996818884fd5fb1","name":"Arnaldo Botto","image":{"@type":"ImageObject","inLanguage":"es","@id":"https:\/\/www.noticiasradioreflejos.com.ar\/2021\/#\/schema\/person\/image\/","url":"https:\/\/secure.gravatar.com\/avatar\/55cb5e37c1efa326397366e6974cb338056df65cb50e7d64d1cf314e87504837?s=96&d=mm&r=g","contentUrl":"https:\/\/secure.gravatar.com\/avatar\/55cb5e37c1efa326397366e6974cb338056df65cb50e7d64d1cf314e87504837?s=96&d=mm&r=g","caption":"Arnaldo Botto"},"url":"https:\/\/www.noticiasradioreflejos.com.ar\/2021\/author\/arnaldo\/"}]}},"_links":{"self":[{"href":"https:\/\/www.noticiasradioreflejos.com.ar\/2021\/wp-json\/wp\/v2\/posts\/90555","targetHints":{"allow":["GET"]}}],"collection":[{"href":"https:\/\/www.noticiasradioreflejos.com.ar\/2021\/wp-json\/wp\/v2\/posts"}],"about":[{"href":"https:\/\/www.noticiasradioreflejos.com.ar\/2021\/wp-json\/wp\/v2\/types\/post"}],"author":[{"embeddable":true,"href":"https:\/\/www.noticiasradioreflejos.com.ar\/2021\/wp-json\/wp\/v2\/users\/3"}],"replies":[{"embeddable":true,"href":"https:\/\/www.noticiasradioreflejos.com.ar\/2021\/wp-json\/wp\/v2\/comments?post=90555"}],"version-history":[{"count":1,"href":"https:\/\/www.noticiasradioreflejos.com.ar\/2021\/wp-json\/wp\/v2\/posts\/90555\/revisions"}],"predecessor-version":[{"id":90557,"href":"https:\/\/www.noticiasradioreflejos.com.ar\/2021\/wp-json\/wp\/v2\/posts\/90555\/revisions\/90557"}],"wp:attachment":[{"href":"https:\/\/www.noticiasradioreflejos.com.ar\/2021\/wp-json\/wp\/v2\/media?parent=90555"}],"wp:term":[{"taxonomy":"category","embeddable":true,"href":"https:\/\/www.noticiasradioreflejos.com.ar\/2021\/wp-json\/wp\/v2\/categories?post=90555"},{"taxonomy":"post_tag","embeddable":true,"href":"https:\/\/www.noticiasradioreflejos.com.ar\/2021\/wp-json\/wp\/v2\/tags?post=90555"}],"curies":[{"name":"wp","href":"https:\/\/api.w.org\/{rel}","templated":true}]}}