{"id":90550,"date":"2023-07-17T19:50:16","date_gmt":"2023-07-17T19:50:16","guid":{"rendered":"https:\/\/www.noticiasradioreflejos.com.ar\/2021\/?p=90550"},"modified":"2023-07-17T19:52:12","modified_gmt":"2023-07-17T19:52:12","slug":"se-espera-que-el-movimiento-turistico-por-vacaciones-de-invierno-supere-los-55-millones-de-personas","status":"publish","type":"post","link":"https:\/\/www.noticiasradioreflejos.com.ar\/2021\/se-espera-que-el-movimiento-turistico-por-vacaciones-de-invierno-supere-los-55-millones-de-personas\/","title":{"rendered":"Se espera que el movimiento tur\u00edstico por vacaciones de invierno supere los 5,5 millones de personas"},"content":{"rendered":"<p>El Observatorio Argentino de Turismo (OAT) estim\u00f3 la llegada de 5,5 millones de personas a destinos tur\u00edsticos de invierno, seg\u00fan las primeras proyecciones basadas en un relevamiento propio que mencion\u00f3 tambi\u00e9n a Salta, Bariloche, Ushuaia, San Mart\u00edn de los Andes, Santiago del Estero, San Fernando del Valle de Catamarca y Mendoza como los destinos tur\u00edsticos m\u00e1s elegidos.<!--more--><\/p>\n<p>\u201cVenimos de una temporada de verano r\u00e9cord, por encima de los hist\u00f3ricos niveles de 2022. Tenemos la expectativa de sostener esa tendencia durante el invierno, consolidando el crecimiento del turismo receptivo, que se mostr\u00f3 por encima de la prepandemia durante el \u00faltimo trimestre\u201d, asegur\u00f3 el ministro de Turismo y Deportes, Mat\u00edas Lammens.<\/p>\n<p>Asimismo, agreg\u00f3 que hicieron \u00abun gran trabajo junto con Aerol\u00edneas Argentinas para incrementar el arribo de turistas del extranjero, con una oferta in\u00e9dita de vuelos desde Brasil\u201d.<\/p>\n<p>Los destinos tur\u00edsticos m\u00e1s elegidos durante el mes de julio fueron Salta, Santiago del Estero, San Fernando del Valle de Catamarca, Mendoza, Ciudad de Buenos Aires, Tandil, San Carlos de Bariloche, San Mart\u00edn de los Andes y Ushuaia.<\/p>\n<p>Adem\u00e1s, seg\u00fan el relevamiento realizado por el organismo, \u201cse observa una llegada masiva de turistas desde Brasil, Chile, Uruguay y los Estados Unidos, que muestran una preferencia por el producto nieve\u201d.<\/p>\n<p>El presidente de la C\u00e1mara Argentina de Turismo (CAT), Gustavo Hani, asegur\u00f3 que \u201clas vacaciones de invierno confirman una vez m\u00e1s que 2023 ser\u00e1 un gran a\u00f1o para la industria tur\u00edstica\u201d.<\/p>\n<p>\u201cSeg\u00fan las proyecciones del OAT, tendremos una temporada de invierno con muy buenos resultados, producto tanto del movimiento del turismo interno como del crecimiento del turismo receptivo\u201d, se\u00f1al\u00f3 el funcionario.<\/p>\n<p>En este marco, sostuvo que \u201ctodo el trabajo realizado por el sector p\u00fablico y el privado, en la promoci\u00f3n en el exterior y en el impulso logrado a nivel nacional, fuertemente traccionado por las cuatro ediciones del PreViaje, abri\u00f3 un camino de crecimiento para nuestra industria\u201d.<\/p>\n<p>Para esta temporada de invierno, Aerol\u00edneas Argentinas puso a disposici\u00f3n un 7% m\u00e1s de asientos que en 2019 (un 13% m\u00e1s para destinos de nieve) y mantendr\u00e1 151 frecuencias regionales (Brasil, Chile, Uruguay, Paraguay, Colombia, Bolivia y Per\u00fa) a Buenos Aires y 17 frecuencias semanales desde San Pablo a destinos de invierno (Bariloche, Salta-Tucum\u00e1n, C\u00f3rdoba-El Calafate, Ushuaia, San Mart\u00edn de los Andes y Mendoza).<\/p>\n<p>Por su parte, el Ministerio de Transporte de la Naci\u00f3n inform\u00f3 que m\u00e1s de 67 mil personas agotaron los pasajes para realizar viajes de larga distancia en tren entre el 14 y el 30 de julio. Mar del Plata, Rosario, Jun\u00edn, C\u00f3rdoba y Tucum\u00e1n fueron los destinos m\u00e1s elegidos.<\/p>\n<p>Por lo que, seg\u00fan las primeras proyecciones, se estima la llegada de 5,5 millones de turistas nacionales durante esta temporada y de 1,5 millones de turistas del extranjero en los meses de invierno. De acuerdo a los informes oficiales, 3,5 millones de turistas internacionales ingresaron a la Argentina durante el primer semestre del a\u00f1o, lo que gener\u00f3 un impacto econ\u00f3mico estimado de 2700 millones de d\u00f3lares para nuestras econom\u00edas regionales.<\/p>\n","protected":false},"excerpt":{"rendered":"<p>El Observatorio Argentino de Turismo (OAT) estim\u00f3 la llegada de 5,5 millones de personas a destinos tur\u00edsticos de invierno, seg\u00fan las primeras proyecciones basadas en un relevamiento propio que mencion\u00f3 tambi\u00e9n a Salta, Bariloche, Ushuaia, San Mart\u00edn de los Andes, Santiago del Estero, San Fernando del Valle de Catamarca y Mendoza como los destinos tur\u00edsticos [&hellip;]<\/p>\n","protected":false},"author":3,"featured_media":0,"comment_status":"closed","ping_status":"closed","sticky":false,"template":"","format":"standard","meta":{"footnotes":""},"categories":[36,26,33],"tags":[48],"class_list":["post-90550","post","type-post","status-publish","format-standard","hentry","category-economia","category-sociedad","category-turismo","tag-destacada"],"yoast_head":"<!-- This site is optimized with the Yoast SEO plugin v25.9 - https:\/\/yoast.com\/wordpress\/plugins\/seo\/ -->\n<title>Se espera que el movimiento tur\u00edstico por vacaciones de invierno supere los 5,5 millones de personas - Noticias Radio Reflejos<\/title>\n<meta name=\"robots\" content=\"index, follow, max-snippet:-1, max-image-preview:large, max-video-preview:-1\" \/>\n<link rel=\"canonical\" href=\"https:\/\/www.noticiasradioreflejos.com.ar\/2021\/se-espera-que-el-movimiento-turistico-por-vacaciones-de-invierno-supere-los-55-millones-de-personas\/\" \/>\n<meta property=\"og:locale\" content=\"es_ES\" \/>\n<meta property=\"og:type\" content=\"article\" \/>\n<meta property=\"og:title\" content=\"Se espera que el movimiento tur\u00edstico por vacaciones de invierno supere los 5,5 millones de personas - Noticias Radio Reflejos\" \/>\n<meta property=\"og:description\" content=\"El Observatorio Argentino de Turismo (OAT) estim\u00f3 la llegada de 5,5 millones de personas a destinos tur\u00edsticos de invierno, seg\u00fan las primeras proyecciones basadas en un relevamiento propio que mencion\u00f3 tambi\u00e9n a Salta, Bariloche, Ushuaia, San Mart\u00edn de los Andes, Santiago del Estero, San Fernando del Valle de Catamarca y Mendoza como los destinos tur\u00edsticos [&hellip;]\" \/>\n<meta property=\"og:url\" content=\"https:\/\/www.noticiasradioreflejos.com.ar\/2021\/se-espera-que-el-movimiento-turistico-por-vacaciones-de-invierno-supere-los-55-millones-de-personas\/\" \/>\n<meta property=\"og:site_name\" content=\"Noticias Radio Reflejos\" \/>\n<meta property=\"article:published_time\" content=\"2023-07-17T19:50:16+00:00\" \/>\n<meta property=\"article:modified_time\" content=\"2023-07-17T19:52:12+00:00\" \/>\n<meta property=\"og:image\" content=\"https:\/\/www.noticiasradioreflejos.com.ar\/2021\/wp-content\/uploads\/2021\/07\/logosol300x200.png\" \/>\n\t<meta property=\"og:image:width\" content=\"300\" \/>\n\t<meta property=\"og:image:height\" content=\"200\" \/>\n\t<meta property=\"og:image:type\" content=\"image\/png\" \/>\n<meta name=\"author\" content=\"Arnaldo Botto\" \/>\n<meta name=\"twitter:card\" content=\"summary_large_image\" \/>\n<script type=\"application\/ld+json\" class=\"yoast-schema-graph\">{\"@context\":\"https:\/\/schema.org\",\"@graph\":[{\"@type\":\"WebPage\",\"@id\":\"https:\/\/www.noticiasradioreflejos.com.ar\/2021\/se-espera-que-el-movimiento-turistico-por-vacaciones-de-invierno-supere-los-55-millones-de-personas\/\",\"url\":\"https:\/\/www.noticiasradioreflejos.com.ar\/2021\/se-espera-que-el-movimiento-turistico-por-vacaciones-de-invierno-supere-los-55-millones-de-personas\/\",\"name\":\"Se espera que el movimiento tur\u00edstico por vacaciones de invierno supere los 5,5 millones de personas - Noticias Radio Reflejos\",\"isPartOf\":{\"@id\":\"https:\/\/www.noticiasradioreflejos.com.ar\/2021\/#website\"},\"datePublished\":\"2023-07-17T19:50:16+00:00\",\"dateModified\":\"2023-07-17T19:52:12+00:00\",\"author\":{\"@id\":\"https:\/\/www.noticiasradioreflejos.com.ar\/2021\/#\/schema\/person\/ad82545263dcc5ec0996818884fd5fb1\"},\"breadcrumb\":{\"@id\":\"https:\/\/www.noticiasradioreflejos.com.ar\/2021\/se-espera-que-el-movimiento-turistico-por-vacaciones-de-invierno-supere-los-55-millones-de-personas\/#breadcrumb\"},\"inLanguage\":\"es\",\"potentialAction\":[{\"@type\":\"ReadAction\",\"target\":[\"https:\/\/www.noticiasradioreflejos.com.ar\/2021\/se-espera-que-el-movimiento-turistico-por-vacaciones-de-invierno-supere-los-55-millones-de-personas\/\"]}]},{\"@type\":\"BreadcrumbList\",\"@id\":\"https:\/\/www.noticiasradioreflejos.com.ar\/2021\/se-espera-que-el-movimiento-turistico-por-vacaciones-de-invierno-supere-los-55-millones-de-personas\/#breadcrumb\",\"itemListElement\":[{\"@type\":\"ListItem\",\"position\":1,\"name\":\"Portada\",\"item\":\"https:\/\/www.noticiasradioreflejos.com.ar\/2021\/\"},{\"@type\":\"ListItem\",\"position\":2,\"name\":\"Se espera que el movimiento tur\u00edstico por vacaciones de invierno supere los 5,5 millones de personas\"}]},{\"@type\":\"WebSite\",\"@id\":\"https:\/\/www.noticiasradioreflejos.com.ar\/2021\/#website\",\"url\":\"https:\/\/www.noticiasradioreflejos.com.ar\/2021\/\",\"name\":\"Noticias Radio Reflejos\",\"description\":\"Las noticias de mi comarca\",\"potentialAction\":[{\"@type\":\"SearchAction\",\"target\":{\"@type\":\"EntryPoint\",\"urlTemplate\":\"https:\/\/www.noticiasradioreflejos.com.ar\/2021\/?s={search_term_string}\"},\"query-input\":{\"@type\":\"PropertyValueSpecification\",\"valueRequired\":true,\"valueName\":\"search_term_string\"}}],\"inLanguage\":\"es\"},{\"@type\":\"Person\",\"@id\":\"https:\/\/www.noticiasradioreflejos.com.ar\/2021\/#\/schema\/person\/ad82545263dcc5ec0996818884fd5fb1\",\"name\":\"Arnaldo Botto\",\"image\":{\"@type\":\"ImageObject\",\"inLanguage\":\"es\",\"@id\":\"https:\/\/www.noticiasradioreflejos.com.ar\/2021\/#\/schema\/person\/image\/\",\"url\":\"https:\/\/secure.gravatar.com\/avatar\/55cb5e37c1efa326397366e6974cb338056df65cb50e7d64d1cf314e87504837?s=96&d=mm&r=g\",\"contentUrl\":\"https:\/\/secure.gravatar.com\/avatar\/55cb5e37c1efa326397366e6974cb338056df65cb50e7d64d1cf314e87504837?s=96&d=mm&r=g\",\"caption\":\"Arnaldo Botto\"},\"url\":\"https:\/\/www.noticiasradioreflejos.com.ar\/2021\/author\/arnaldo\/\"}]}<\/script>\n<!-- \/ Yoast SEO plugin. -->","yoast_head_json":{"title":"Se espera que el movimiento tur\u00edstico por vacaciones de invierno supere los 5,5 millones de personas - Noticias Radio Reflejos","robots":{"index":"index","follow":"follow","max-snippet":"max-snippet:-1","max-image-preview":"max-image-preview:large","max-video-preview":"max-video-preview:-1"},"canonical":"https:\/\/www.noticiasradioreflejos.com.ar\/2021\/se-espera-que-el-movimiento-turistico-por-vacaciones-de-invierno-supere-los-55-millones-de-personas\/","og_locale":"es_ES","og_type":"article","og_title":"Se espera que el movimiento tur\u00edstico por vacaciones de invierno supere los 5,5 millones de personas - Noticias Radio Reflejos","og_description":"El Observatorio Argentino de Turismo (OAT) estim\u00f3 la llegada de 5,5 millones de personas a destinos tur\u00edsticos de invierno, seg\u00fan las primeras proyecciones basadas en un relevamiento propio que mencion\u00f3 tambi\u00e9n a Salta, Bariloche, Ushuaia, San Mart\u00edn de los Andes, Santiago del Estero, San Fernando del Valle de Catamarca y Mendoza como los destinos tur\u00edsticos [&hellip;]","og_url":"https:\/\/www.noticiasradioreflejos.com.ar\/2021\/se-espera-que-el-movimiento-turistico-por-vacaciones-de-invierno-supere-los-55-millones-de-personas\/","og_site_name":"Noticias Radio Reflejos","article_published_time":"2023-07-17T19:50:16+00:00","article_modified_time":"2023-07-17T19:52:12+00:00","og_image":[{"width":300,"height":200,"url":"https:\/\/www.noticiasradioreflejos.com.ar\/2021\/wp-content\/uploads\/2021\/07\/logosol300x200.png","type":"image\/png"}],"author":"Arnaldo Botto","twitter_card":"summary_large_image","schema":{"@context":"https:\/\/schema.org","@graph":[{"@type":"WebPage","@id":"https:\/\/www.noticiasradioreflejos.com.ar\/2021\/se-espera-que-el-movimiento-turistico-por-vacaciones-de-invierno-supere-los-55-millones-de-personas\/","url":"https:\/\/www.noticiasradioreflejos.com.ar\/2021\/se-espera-que-el-movimiento-turistico-por-vacaciones-de-invierno-supere-los-55-millones-de-personas\/","name":"Se espera que el movimiento tur\u00edstico por vacaciones de invierno supere los 5,5 millones de personas - Noticias Radio Reflejos","isPartOf":{"@id":"https:\/\/www.noticiasradioreflejos.com.ar\/2021\/#website"},"datePublished":"2023-07-17T19:50:16+00:00","dateModified":"2023-07-17T19:52:12+00:00","author":{"@id":"https:\/\/www.noticiasradioreflejos.com.ar\/2021\/#\/schema\/person\/ad82545263dcc5ec0996818884fd5fb1"},"breadcrumb":{"@id":"https:\/\/www.noticiasradioreflejos.com.ar\/2021\/se-espera-que-el-movimiento-turistico-por-vacaciones-de-invierno-supere-los-55-millones-de-personas\/#breadcrumb"},"inLanguage":"es","potentialAction":[{"@type":"ReadAction","target":["https:\/\/www.noticiasradioreflejos.com.ar\/2021\/se-espera-que-el-movimiento-turistico-por-vacaciones-de-invierno-supere-los-55-millones-de-personas\/"]}]},{"@type":"BreadcrumbList","@id":"https:\/\/www.noticiasradioreflejos.com.ar\/2021\/se-espera-que-el-movimiento-turistico-por-vacaciones-de-invierno-supere-los-55-millones-de-personas\/#breadcrumb","itemListElement":[{"@type":"ListItem","position":1,"name":"Portada","item":"https:\/\/www.noticiasradioreflejos.com.ar\/2021\/"},{"@type":"ListItem","position":2,"name":"Se espera que el movimiento tur\u00edstico por vacaciones de invierno supere los 5,5 millones de personas"}]},{"@type":"WebSite","@id":"https:\/\/www.noticiasradioreflejos.com.ar\/2021\/#website","url":"https:\/\/www.noticiasradioreflejos.com.ar\/2021\/","name":"Noticias Radio Reflejos","description":"Las noticias de mi comarca","potentialAction":[{"@type":"SearchAction","target":{"@type":"EntryPoint","urlTemplate":"https:\/\/www.noticiasradioreflejos.com.ar\/2021\/?s={search_term_string}"},"query-input":{"@type":"PropertyValueSpecification","valueRequired":true,"valueName":"search_term_string"}}],"inLanguage":"es"},{"@type":"Person","@id":"https:\/\/www.noticiasradioreflejos.com.ar\/2021\/#\/schema\/person\/ad82545263dcc5ec0996818884fd5fb1","name":"Arnaldo Botto","image":{"@type":"ImageObject","inLanguage":"es","@id":"https:\/\/www.noticiasradioreflejos.com.ar\/2021\/#\/schema\/person\/image\/","url":"https:\/\/secure.gravatar.com\/avatar\/55cb5e37c1efa326397366e6974cb338056df65cb50e7d64d1cf314e87504837?s=96&d=mm&r=g","contentUrl":"https:\/\/secure.gravatar.com\/avatar\/55cb5e37c1efa326397366e6974cb338056df65cb50e7d64d1cf314e87504837?s=96&d=mm&r=g","caption":"Arnaldo Botto"},"url":"https:\/\/www.noticiasradioreflejos.com.ar\/2021\/author\/arnaldo\/"}]}},"_links":{"self":[{"href":"https:\/\/www.noticiasradioreflejos.com.ar\/2021\/wp-json\/wp\/v2\/posts\/90550","targetHints":{"allow":["GET"]}}],"collection":[{"href":"https:\/\/www.noticiasradioreflejos.com.ar\/2021\/wp-json\/wp\/v2\/posts"}],"about":[{"href":"https:\/\/www.noticiasradioreflejos.com.ar\/2021\/wp-json\/wp\/v2\/types\/post"}],"author":[{"embeddable":true,"href":"https:\/\/www.noticiasradioreflejos.com.ar\/2021\/wp-json\/wp\/v2\/users\/3"}],"replies":[{"embeddable":true,"href":"https:\/\/www.noticiasradioreflejos.com.ar\/2021\/wp-json\/wp\/v2\/comments?post=90550"}],"version-history":[{"count":1,"href":"https:\/\/www.noticiasradioreflejos.com.ar\/2021\/wp-json\/wp\/v2\/posts\/90550\/revisions"}],"predecessor-version":[{"id":90552,"href":"https:\/\/www.noticiasradioreflejos.com.ar\/2021\/wp-json\/wp\/v2\/posts\/90550\/revisions\/90552"}],"wp:attachment":[{"href":"https:\/\/www.noticiasradioreflejos.com.ar\/2021\/wp-json\/wp\/v2\/media?parent=90550"}],"wp:term":[{"taxonomy":"category","embeddable":true,"href":"https:\/\/www.noticiasradioreflejos.com.ar\/2021\/wp-json\/wp\/v2\/categories?post=90550"},{"taxonomy":"post_tag","embeddable":true,"href":"https:\/\/www.noticiasradioreflejos.com.ar\/2021\/wp-json\/wp\/v2\/tags?post=90550"}],"curies":[{"name":"wp","href":"https:\/\/api.w.org\/{rel}","templated":true}]}}