{"id":90546,"date":"2023-07-17T19:46:51","date_gmt":"2023-07-17T19:46:51","guid":{"rendered":"https:\/\/www.noticiasradioreflejos.com.ar\/2021\/?p=90546"},"modified":"2023-07-17T19:46:51","modified_gmt":"2023-07-17T19:46:51","slug":"san-martin-vuelve-a-los-billetes","status":"publish","type":"post","link":"https:\/\/www.noticiasradioreflejos.com.ar\/2021\/san-martin-vuelve-a-los-billetes\/","title":{"rendered":"San Mart\u00edn vuelve a los billetes"},"content":{"rendered":"<div class=\"section-2-col article-header\">\n<div class=\"col 2-col\">\n<p class=\"h3\">Ser\u00e1 distribuido progresivamente a trav\u00e9s de la red de sucursales bancarias a todo el pa\u00eds y coexistir\u00e1 con los otros del mismo valor actualmente en circulaci\u00f3n.<\/p>\n<div class=\"author\"><\/div>\n<\/div>\n<\/div>\n<p><!--more--><\/p>\n<div class=\"section-2-col article-main-image\">\n<div class=\"col 2-col\">\n<div class=\"article-main-media-image__container\">\n<div class=\"image-wrapper\">\n<figure>\n<figure class=\"object-fit-block--contain intrinsic-container intrinsic-container-3x2\"><img decoding=\"async\" class=\" \" src=\"https:\/\/images.pagina12.com.ar\/styles\/focal_3_2_960x640\/public\/2023-07\/747308-1000-jsm-anverso-baja.jpg?h=f7aee0ea&amp;itok=XrhfyV0t\" alt=\"\" \/><\/figure>\n<\/figure>\n<\/div>\n<\/div>\n<\/div>\n<\/div>\n<div class=\"section-2-col article-main-content\">\n<div class=\"col 1-col\"><\/div>\n<div class=\"col 2-col\">\n<div class=\"article-main-content article-text \">\n<p>El Banco Central puso en circulaci\u00f3n este viernes el nuevo billete de 1000 pesos, con la imagen de Jos\u00e9 de San Mart\u00edn, tras haber desaparecido cuando sali\u00f3 de circulaci\u00f3n el de 5 pesos. \u201cDe esta manera, se da inicio a una nueva familia de billetes que marca la recuperaci\u00f3n de figuras hist\u00f3ricas que forjaron nuestro pa\u00eds\u201d, asegur\u00f3 la entidad a trav\u00e9s de un comunicado. El nuevo billete ser\u00e1 distribuido progresivamente a trav\u00e9s de la red de sucursales bancarias a todo el pa\u00eds y coexistir\u00e1 con los otros del mismo valor actualmente en circulaci\u00f3n.<\/p>\n<p>La serie \u00abHero\u00ednas y h\u00e9roes de la Patria\u00bb reunir\u00e1 a seis personalidades en cuatro billetes, que se despliegan de la siguiente manera: 500 pesos, con las im\u00e1genes de Mar\u00eda Remedios del Valle y Manuel Belgrano; 200 pesos, con las representaciones de Mart\u00edn Miguel de G\u00fcemes y Juana Azurduy; y 100 pesos, con la imagen de Mar\u00eda Eva Duarte de Per\u00f3n. La misma se compone de cuatro denominaciones que incluyen la representaci\u00f3n de tres mujeres y tres varones que jugaron un papel decisivo en la construcci\u00f3n de nuestro pa\u00eds.<\/p>\n<div id=\"div-gpt-ad-inline\" data-google-query-id=\"CN_O7JnAloADFRpV3QIdDEAJvw\">\n<div id=\"google_ads_iframe_\/349353471\/p12_nota_TEADS_0__container__\"><iframe id=\"google_ads_iframe_\/349353471\/p12_nota_TEADS_0\" tabindex=\"0\" title=\"3rd party ad content\" role=\"region\" name=\"google_ads_iframe_\/349353471\/p12_nota_TEADS_0\" width=\"1\" height=\"1\" frameborder=\"0\" marginwidth=\"0\" marginheight=\"0\" scrolling=\"no\" aria-label=\"Advertisement\" data-load-complete=\"true\" data-google-container-id=\"3\"><\/iframe><\/div>\n<\/div>\n<div id=\"talkFireEvent\"><\/div>\n<div><iframe src=\"https:\/\/content.jwplatform.com\/previews\/iDUIDwyU-buQgiLVC\" frameborder=\"0\" allowfullscreen=\"allowfullscreen\"><\/iframe><\/div>\n<p>En cuanto a su dise\u00f1o, una de las principales novedades es que su formato de lectura es horizontal de ambos lados. En el anverso se encuentra el retrato de Jos\u00e9 de San Mart\u00edn. Esta imagen tiene su origen en la litografia de Juan Bautista Madou en base a la cual se han realizado la mayor\u00eda de los grabados para los billetes donde se observa al general San Mart\u00edn joven y con uniforme. El reverso es una representaci\u00f3n art\u00edstica del Cruce de los Andes, que se inici\u00f3 el 17 de enero de 1817. Los tonos predominantes y su tama\u00f1o son los mismos que los actuales circulantes de la misma denominaci\u00f3n. El dise\u00f1o fue realizado por el Banco Central junto con Casa de Moneda Argentina.<\/p>\n<h2><b>Medidas de Seguridad<\/b><\/h2>\n<p>El nuevo billete de 1000 pesos cuenta con estrictas medidas de seguridad. Entre ellas, se destacan las siguientes:<\/p>\n<div class=\"teads-adCall\"><\/div>\n<p>&#8211;Marca de agua:<b>\u00a0<\/b>al observar el billete al trasluz se percibe el retrato de Jos\u00e9 de San Mart\u00edn y sus iniciales.<\/p>\n<p>&#8211;Hilo de seguridad aventanillado: un hilo de seguridad dorado con el esquema de una llama votiva est\u00e1 inserto en el billete y se revela en tres ventanas.<\/p>\n<p>&#8211;El hilo cambia de tono al inclinar el billete y presenta un efecto din\u00e1mico, y al trasluz, se percibe una banda continua que lleva calada la sigla BCRA.<\/p>\n<p>&#8211;Tinta de variabilidad \u00f3ptica: el motivo en forma de llama votiva cambia de color del violeta al bronce al inclinar el billete y presenta un efecto de relieve.<\/p>\n<p>&nbsp;<\/p>\n<p>&#8211;Imagen latente: las iniciales RA pueden apreciarse cuando se observa con luz rasante.<\/p>\n<p>&#8211;Motivo de complementaci\u00f3n frente-dorso: al trasluz, se completa el motivo y aparece el valor 1.000. Respecto a las facilidades para personas con ceguera, en los bordes verticales se percibe al tacto el relieve del lineado de las barras paralelas.<\/p>\n<div><iframe src=\"https:\/\/content.jwplatform.com\/previews\/zwnCSVtw-buQgiLVC\" frameborder=\"0\" allowfullscreen=\"allowfullscreen\"><\/iframe><\/div>\n<\/div>\n<\/div>\n<\/div>\n","protected":false},"excerpt":{"rendered":"<p>Ser\u00e1 distribuido progresivamente a trav\u00e9s de la red de sucursales bancarias a todo el pa\u00eds y coexistir\u00e1 con los otros del mismo valor actualmente en circulaci\u00f3n.<\/p>\n","protected":false},"author":3,"featured_media":90548,"comment_status":"closed","ping_status":"closed","sticky":false,"template":"","format":"standard","meta":{"footnotes":""},"categories":[24,26],"tags":[],"class_list":["post-90546","post","type-post","status-publish","format-standard","has-post-thumbnail","hentry","category-politica","category-sociedad"],"yoast_head":"<!-- This site is optimized with the Yoast SEO plugin v25.9 - https:\/\/yoast.com\/wordpress\/plugins\/seo\/ -->\n<title>San Mart\u00edn vuelve a los billetes - Noticias Radio Reflejos<\/title>\n<meta name=\"robots\" content=\"index, follow, max-snippet:-1, max-image-preview:large, max-video-preview:-1\" \/>\n<link rel=\"canonical\" href=\"https:\/\/www.noticiasradioreflejos.com.ar\/2021\/san-martin-vuelve-a-los-billetes\/\" \/>\n<meta property=\"og:locale\" content=\"es_ES\" \/>\n<meta property=\"og:type\" content=\"article\" \/>\n<meta property=\"og:title\" content=\"San Mart\u00edn vuelve a los billetes - Noticias Radio Reflejos\" \/>\n<meta property=\"og:description\" content=\"Ser\u00e1 distribuido progresivamente a trav\u00e9s de la red de sucursales bancarias a todo el pa\u00eds y coexistir\u00e1 con los otros del mismo valor actualmente en circulaci\u00f3n.\" \/>\n<meta property=\"og:url\" content=\"https:\/\/www.noticiasradioreflejos.com.ar\/2021\/san-martin-vuelve-a-los-billetes\/\" \/>\n<meta property=\"og:site_name\" content=\"Noticias Radio Reflejos\" \/>\n<meta property=\"article:published_time\" content=\"2023-07-17T19:46:51+00:00\" \/>\n<meta property=\"og:image\" content=\"https:\/\/www.noticiasradioreflejos.com.ar\/2021\/wp-content\/uploads\/2023\/07\/billete-de-mil.jpg\" \/>\n\t<meta property=\"og:image:width\" content=\"1072\" \/>\n\t<meta property=\"og:image:height\" content=\"838\" \/>\n\t<meta property=\"og:image:type\" content=\"image\/jpeg\" \/>\n<meta name=\"author\" content=\"Arnaldo Botto\" \/>\n<meta name=\"twitter:card\" content=\"summary_large_image\" \/>\n<script type=\"application\/ld+json\" class=\"yoast-schema-graph\">{\"@context\":\"https:\/\/schema.org\",\"@graph\":[{\"@type\":\"WebPage\",\"@id\":\"https:\/\/www.noticiasradioreflejos.com.ar\/2021\/san-martin-vuelve-a-los-billetes\/\",\"url\":\"https:\/\/www.noticiasradioreflejos.com.ar\/2021\/san-martin-vuelve-a-los-billetes\/\",\"name\":\"San Mart\u00edn vuelve a los billetes - Noticias Radio Reflejos\",\"isPartOf\":{\"@id\":\"https:\/\/www.noticiasradioreflejos.com.ar\/2021\/#website\"},\"primaryImageOfPage\":{\"@id\":\"https:\/\/www.noticiasradioreflejos.com.ar\/2021\/san-martin-vuelve-a-los-billetes\/#primaryimage\"},\"image\":{\"@id\":\"https:\/\/www.noticiasradioreflejos.com.ar\/2021\/san-martin-vuelve-a-los-billetes\/#primaryimage\"},\"thumbnailUrl\":\"https:\/\/www.noticiasradioreflejos.com.ar\/2021\/wp-content\/uploads\/2023\/07\/billete-de-mil.jpg\",\"datePublished\":\"2023-07-17T19:46:51+00:00\",\"author\":{\"@id\":\"https:\/\/www.noticiasradioreflejos.com.ar\/2021\/#\/schema\/person\/ad82545263dcc5ec0996818884fd5fb1\"},\"breadcrumb\":{\"@id\":\"https:\/\/www.noticiasradioreflejos.com.ar\/2021\/san-martin-vuelve-a-los-billetes\/#breadcrumb\"},\"inLanguage\":\"es\",\"potentialAction\":[{\"@type\":\"ReadAction\",\"target\":[\"https:\/\/www.noticiasradioreflejos.com.ar\/2021\/san-martin-vuelve-a-los-billetes\/\"]}]},{\"@type\":\"ImageObject\",\"inLanguage\":\"es\",\"@id\":\"https:\/\/www.noticiasradioreflejos.com.ar\/2021\/san-martin-vuelve-a-los-billetes\/#primaryimage\",\"url\":\"https:\/\/www.noticiasradioreflejos.com.ar\/2021\/wp-content\/uploads\/2023\/07\/billete-de-mil.jpg\",\"contentUrl\":\"https:\/\/www.noticiasradioreflejos.com.ar\/2021\/wp-content\/uploads\/2023\/07\/billete-de-mil.jpg\",\"width\":1072,\"height\":838},{\"@type\":\"BreadcrumbList\",\"@id\":\"https:\/\/www.noticiasradioreflejos.com.ar\/2021\/san-martin-vuelve-a-los-billetes\/#breadcrumb\",\"itemListElement\":[{\"@type\":\"ListItem\",\"position\":1,\"name\":\"Portada\",\"item\":\"https:\/\/www.noticiasradioreflejos.com.ar\/2021\/\"},{\"@type\":\"ListItem\",\"position\":2,\"name\":\"San Mart\u00edn vuelve a los billetes\"}]},{\"@type\":\"WebSite\",\"@id\":\"https:\/\/www.noticiasradioreflejos.com.ar\/2021\/#website\",\"url\":\"https:\/\/www.noticiasradioreflejos.com.ar\/2021\/\",\"name\":\"Noticias Radio Reflejos\",\"description\":\"Las noticias de mi comarca\",\"potentialAction\":[{\"@type\":\"SearchAction\",\"target\":{\"@type\":\"EntryPoint\",\"urlTemplate\":\"https:\/\/www.noticiasradioreflejos.com.ar\/2021\/?s={search_term_string}\"},\"query-input\":{\"@type\":\"PropertyValueSpecification\",\"valueRequired\":true,\"valueName\":\"search_term_string\"}}],\"inLanguage\":\"es\"},{\"@type\":\"Person\",\"@id\":\"https:\/\/www.noticiasradioreflejos.com.ar\/2021\/#\/schema\/person\/ad82545263dcc5ec0996818884fd5fb1\",\"name\":\"Arnaldo Botto\",\"image\":{\"@type\":\"ImageObject\",\"inLanguage\":\"es\",\"@id\":\"https:\/\/www.noticiasradioreflejos.com.ar\/2021\/#\/schema\/person\/image\/\",\"url\":\"https:\/\/secure.gravatar.com\/avatar\/55cb5e37c1efa326397366e6974cb338056df65cb50e7d64d1cf314e87504837?s=96&d=mm&r=g\",\"contentUrl\":\"https:\/\/secure.gravatar.com\/avatar\/55cb5e37c1efa326397366e6974cb338056df65cb50e7d64d1cf314e87504837?s=96&d=mm&r=g\",\"caption\":\"Arnaldo Botto\"},\"url\":\"https:\/\/www.noticiasradioreflejos.com.ar\/2021\/author\/arnaldo\/\"}]}<\/script>\n<!-- \/ Yoast SEO plugin. -->","yoast_head_json":{"title":"San Mart\u00edn vuelve a los billetes - Noticias Radio Reflejos","robots":{"index":"index","follow":"follow","max-snippet":"max-snippet:-1","max-image-preview":"max-image-preview:large","max-video-preview":"max-video-preview:-1"},"canonical":"https:\/\/www.noticiasradioreflejos.com.ar\/2021\/san-martin-vuelve-a-los-billetes\/","og_locale":"es_ES","og_type":"article","og_title":"San Mart\u00edn vuelve a los billetes - Noticias Radio Reflejos","og_description":"Ser\u00e1 distribuido progresivamente a trav\u00e9s de la red de sucursales bancarias a todo el pa\u00eds y coexistir\u00e1 con los otros del mismo valor actualmente en circulaci\u00f3n.","og_url":"https:\/\/www.noticiasradioreflejos.com.ar\/2021\/san-martin-vuelve-a-los-billetes\/","og_site_name":"Noticias Radio Reflejos","article_published_time":"2023-07-17T19:46:51+00:00","og_image":[{"width":1072,"height":838,"url":"https:\/\/www.noticiasradioreflejos.com.ar\/2021\/wp-content\/uploads\/2023\/07\/billete-de-mil.jpg","type":"image\/jpeg"}],"author":"Arnaldo Botto","twitter_card":"summary_large_image","schema":{"@context":"https:\/\/schema.org","@graph":[{"@type":"WebPage","@id":"https:\/\/www.noticiasradioreflejos.com.ar\/2021\/san-martin-vuelve-a-los-billetes\/","url":"https:\/\/www.noticiasradioreflejos.com.ar\/2021\/san-martin-vuelve-a-los-billetes\/","name":"San Mart\u00edn vuelve a los billetes - Noticias Radio Reflejos","isPartOf":{"@id":"https:\/\/www.noticiasradioreflejos.com.ar\/2021\/#website"},"primaryImageOfPage":{"@id":"https:\/\/www.noticiasradioreflejos.com.ar\/2021\/san-martin-vuelve-a-los-billetes\/#primaryimage"},"image":{"@id":"https:\/\/www.noticiasradioreflejos.com.ar\/2021\/san-martin-vuelve-a-los-billetes\/#primaryimage"},"thumbnailUrl":"https:\/\/www.noticiasradioreflejos.com.ar\/2021\/wp-content\/uploads\/2023\/07\/billete-de-mil.jpg","datePublished":"2023-07-17T19:46:51+00:00","author":{"@id":"https:\/\/www.noticiasradioreflejos.com.ar\/2021\/#\/schema\/person\/ad82545263dcc5ec0996818884fd5fb1"},"breadcrumb":{"@id":"https:\/\/www.noticiasradioreflejos.com.ar\/2021\/san-martin-vuelve-a-los-billetes\/#breadcrumb"},"inLanguage":"es","potentialAction":[{"@type":"ReadAction","target":["https:\/\/www.noticiasradioreflejos.com.ar\/2021\/san-martin-vuelve-a-los-billetes\/"]}]},{"@type":"ImageObject","inLanguage":"es","@id":"https:\/\/www.noticiasradioreflejos.com.ar\/2021\/san-martin-vuelve-a-los-billetes\/#primaryimage","url":"https:\/\/www.noticiasradioreflejos.com.ar\/2021\/wp-content\/uploads\/2023\/07\/billete-de-mil.jpg","contentUrl":"https:\/\/www.noticiasradioreflejos.com.ar\/2021\/wp-content\/uploads\/2023\/07\/billete-de-mil.jpg","width":1072,"height":838},{"@type":"BreadcrumbList","@id":"https:\/\/www.noticiasradioreflejos.com.ar\/2021\/san-martin-vuelve-a-los-billetes\/#breadcrumb","itemListElement":[{"@type":"ListItem","position":1,"name":"Portada","item":"https:\/\/www.noticiasradioreflejos.com.ar\/2021\/"},{"@type":"ListItem","position":2,"name":"San Mart\u00edn vuelve a los billetes"}]},{"@type":"WebSite","@id":"https:\/\/www.noticiasradioreflejos.com.ar\/2021\/#website","url":"https:\/\/www.noticiasradioreflejos.com.ar\/2021\/","name":"Noticias Radio Reflejos","description":"Las noticias de mi comarca","potentialAction":[{"@type":"SearchAction","target":{"@type":"EntryPoint","urlTemplate":"https:\/\/www.noticiasradioreflejos.com.ar\/2021\/?s={search_term_string}"},"query-input":{"@type":"PropertyValueSpecification","valueRequired":true,"valueName":"search_term_string"}}],"inLanguage":"es"},{"@type":"Person","@id":"https:\/\/www.noticiasradioreflejos.com.ar\/2021\/#\/schema\/person\/ad82545263dcc5ec0996818884fd5fb1","name":"Arnaldo Botto","image":{"@type":"ImageObject","inLanguage":"es","@id":"https:\/\/www.noticiasradioreflejos.com.ar\/2021\/#\/schema\/person\/image\/","url":"https:\/\/secure.gravatar.com\/avatar\/55cb5e37c1efa326397366e6974cb338056df65cb50e7d64d1cf314e87504837?s=96&d=mm&r=g","contentUrl":"https:\/\/secure.gravatar.com\/avatar\/55cb5e37c1efa326397366e6974cb338056df65cb50e7d64d1cf314e87504837?s=96&d=mm&r=g","caption":"Arnaldo Botto"},"url":"https:\/\/www.noticiasradioreflejos.com.ar\/2021\/author\/arnaldo\/"}]}},"_links":{"self":[{"href":"https:\/\/www.noticiasradioreflejos.com.ar\/2021\/wp-json\/wp\/v2\/posts\/90546","targetHints":{"allow":["GET"]}}],"collection":[{"href":"https:\/\/www.noticiasradioreflejos.com.ar\/2021\/wp-json\/wp\/v2\/posts"}],"about":[{"href":"https:\/\/www.noticiasradioreflejos.com.ar\/2021\/wp-json\/wp\/v2\/types\/post"}],"author":[{"embeddable":true,"href":"https:\/\/www.noticiasradioreflejos.com.ar\/2021\/wp-json\/wp\/v2\/users\/3"}],"replies":[{"embeddable":true,"href":"https:\/\/www.noticiasradioreflejos.com.ar\/2021\/wp-json\/wp\/v2\/comments?post=90546"}],"version-history":[{"count":1,"href":"https:\/\/www.noticiasradioreflejos.com.ar\/2021\/wp-json\/wp\/v2\/posts\/90546\/revisions"}],"predecessor-version":[{"id":90549,"href":"https:\/\/www.noticiasradioreflejos.com.ar\/2021\/wp-json\/wp\/v2\/posts\/90546\/revisions\/90549"}],"wp:featuredmedia":[{"embeddable":true,"href":"https:\/\/www.noticiasradioreflejos.com.ar\/2021\/wp-json\/wp\/v2\/media\/90548"}],"wp:attachment":[{"href":"https:\/\/www.noticiasradioreflejos.com.ar\/2021\/wp-json\/wp\/v2\/media?parent=90546"}],"wp:term":[{"taxonomy":"category","embeddable":true,"href":"https:\/\/www.noticiasradioreflejos.com.ar\/2021\/wp-json\/wp\/v2\/categories?post=90546"},{"taxonomy":"post_tag","embeddable":true,"href":"https:\/\/www.noticiasradioreflejos.com.ar\/2021\/wp-json\/wp\/v2\/tags?post=90546"}],"curies":[{"name":"wp","href":"https:\/\/api.w.org\/{rel}","templated":true}]}}