{"id":90539,"date":"2023-07-17T17:14:18","date_gmt":"2023-07-17T17:14:18","guid":{"rendered":"https:\/\/www.noticiasradioreflejos.com.ar\/2021\/?p=90539"},"modified":"2023-07-17T17:14:18","modified_gmt":"2023-07-17T17:14:18","slug":"perito-moreno-registro-225-grados-en-una-jornada-con-alerta-por-frio-en-mas-de-medio-pais","status":"publish","type":"post","link":"https:\/\/www.noticiasradioreflejos.com.ar\/2021\/perito-moreno-registro-225-grados-en-una-jornada-con-alerta-por-frio-en-mas-de-medio-pais\/","title":{"rendered":"Perito Moreno registr\u00f3 -22,5 grados en una jornada con alerta por fr\u00edo en m\u00e1s de medio pa\u00eds"},"content":{"rendered":"<p>La ciudad de Buenos Aires y localidades de 13 provincias del norte, centro y sur del pa\u00eds se encontraban esta ma\u00f1ana bajo alertas amarillas por temperaturas extremas por fr\u00edo y en algunas ciudades se registraban marcas t\u00e9rmicas bajo cero, como en Perito Moreno, Santa Cruz donde la m\u00ednima alcanz\u00f3 los -22,5 grados, precis\u00f3 el Servicio Meteorol\u00f3gico Nacional (SMN).<!--more--><\/p>\n<p>Esta ma\u00f1ana, la ciudad m\u00e1s fr\u00eda del pa\u00eds era Perito Moreno, en donde se registr\u00f3 una temperatura de -22.5, marca con la cual se super\u00f3 la escala del organismo nacional que para ilustrar las marcas t\u00e9rmicas tiene confeccionado un mapa del territorio nacional con una escala de referencia que va desde los -18 a los 42 grados.<\/p>\n<p>Seg\u00fan precis\u00f3 el SMN en su cuenta oficial de Twitter las temperaturas reales m\u00e1s bajas del d\u00eda se registraron en la Patagonia, con -22,5 en Perito Moreno; -13 en Maquinchao, R\u00edo Negro, -11,7 en Paso de Indios, Chubut y -11,2 en la ciudad rionegrina de San Antonio Oeste.<\/p>\n<p>La lista de ciudades m\u00e1s fr\u00edas la completan las ciudades santacruce\u00f1as de El Calafate con -10.5 y Gobernador Gregores con -10 y las de Esquel y Puerto Madryn en Chubut, con -9,4 y -7.4; respectivamente.<\/p>\n<p>El SMN emiti\u00f3 alertas amarillas por temperaturas extremas por fr\u00edo para la ciudad de Buenos Aires, y tambi\u00e9n para localidades bonaerenses y de Entre R\u00edos, Corrientes, Santa Fe, Santiago del Estero, C\u00f3rdoba, San Luis, La Pampa, Mendoza, Neuqu\u00e9n, R\u00edo Negro, Chubut y Santa Cruz.<\/p>\n<p>En el norte del pa\u00eds la alerta inclu\u00eda al sudeste de Santiago del Estero y al noroeste de Santa Fe, en las ciudades de Nueve de Julio, San Crist\u00f3bal y San Justo, donde se registraron m\u00ednimas de 2 grados.<\/p>\n<p>En tanto, en el Litoral, se encontraba afectada la mayor parte de Corrientes y los sectores centro y este de Entre R\u00edos, seg\u00fan report\u00f3 el organismo meteorol\u00f3gico.<\/p>\n<p>Hacia el centro del pa\u00eds, la alerta inclu\u00eda a la casi totalidad de la provincia de Buenos Aires; el centro y sur de C\u00f3rdoba; el norte y oeste de Mendoza, y gran parte de La Pampa, con excepci\u00f3n del sector oeste.<\/p>\n<p>En la Patagonia, el fr\u00edo extremo comprend\u00eda al centro y oeste de Neuqu\u00e9n; el centro de R\u00edo Negro; la totalidad de la provincia de Chubut; y el norte y oeste de R\u00edo Negro.<\/p>\n<p>El nivel amarillo indica un efecto \u00ableve a moderado en la salud\u00bb y las temperaturas \u00abpueden ser peligrosas sobre todo para los grupos de riesgo, como ni\u00f1os y ni\u00f1as, personas mayores de 65 a\u00f1os, con enfermedades cr\u00f3nicas\u00bb, explic\u00f3 el SMN.<\/p>\n<p>Las recomendaciones para estas bajas temperaturas indicadas por el Ministerio de Salud son: evitar exponerse por tiempo prolongado al fr\u00edo en exteriores; abrigarse con muchas capas de ropa liviana; y generar m\u00e1s calor corporal mediante el movimiento (caminar, levantarse y sentarse, mover las extremidades, etc.).<\/p>\n<p>Tambi\u00e9n pidieron mantener la casa calefaccionada de forma segura; evitar los cambios bruscos de temperatura, ya que pueden provocar enfermedades del sistema respiratorio; tomar mucho l\u00edquido y evitar el consumo de bebidas alcoh\u00f3licas.<\/p>\n<p>En caso de verse afectado por el fr\u00edo, no automedicarse, consultar con un m\u00e9dico o dirigirse al centro de salud m\u00e1s cercano; no fumar en ambientes cerrados; y prestar especial atenci\u00f3n a los ni\u00f1os y ni\u00f1as, a las personas mayores y aquellas con enfermedades cr\u00f3nicas.<\/p>\n","protected":false},"excerpt":{"rendered":"<p>La ciudad de Buenos Aires y localidades de 13 provincias del norte, centro y sur del pa\u00eds se encontraban esta ma\u00f1ana bajo alertas amarillas por temperaturas extremas por fr\u00edo y en algunas ciudades se registraban marcas t\u00e9rmicas bajo cero, como en Perito Moreno, Santa Cruz donde la m\u00ednima alcanz\u00f3 los -22,5 grados, precis\u00f3 el Servicio [&hellip;]<\/p>\n","protected":false},"author":3,"featured_media":89361,"comment_status":"closed","ping_status":"closed","sticky":false,"template":"","format":"standard","meta":{"footnotes":""},"categories":[46],"tags":[48],"class_list":["post-90539","post","type-post","status-publish","format-standard","has-post-thumbnail","hentry","category-ciencia-y-tecnologia","tag-destacada"],"yoast_head":"<!-- This site is optimized with the Yoast SEO plugin v25.9 - https:\/\/yoast.com\/wordpress\/plugins\/seo\/ -->\n<title>Perito Moreno registr\u00f3 -22,5 grados en una jornada con alerta por fr\u00edo en m\u00e1s de medio pa\u00eds - Noticias Radio Reflejos<\/title>\n<meta name=\"robots\" content=\"index, follow, max-snippet:-1, max-image-preview:large, max-video-preview:-1\" \/>\n<link rel=\"canonical\" href=\"https:\/\/www.noticiasradioreflejos.com.ar\/2021\/perito-moreno-registro-225-grados-en-una-jornada-con-alerta-por-frio-en-mas-de-medio-pais\/\" \/>\n<meta property=\"og:locale\" content=\"es_ES\" \/>\n<meta property=\"og:type\" content=\"article\" \/>\n<meta property=\"og:title\" content=\"Perito Moreno registr\u00f3 -22,5 grados en una jornada con alerta por fr\u00edo en m\u00e1s de medio pa\u00eds - Noticias Radio Reflejos\" \/>\n<meta property=\"og:description\" content=\"La ciudad de Buenos Aires y localidades de 13 provincias del norte, centro y sur del pa\u00eds se encontraban esta ma\u00f1ana bajo alertas amarillas por temperaturas extremas por fr\u00edo y en algunas ciudades se registraban marcas t\u00e9rmicas bajo cero, como en Perito Moreno, Santa Cruz donde la m\u00ednima alcanz\u00f3 los -22,5 grados, precis\u00f3 el Servicio [&hellip;]\" \/>\n<meta property=\"og:url\" content=\"https:\/\/www.noticiasradioreflejos.com.ar\/2021\/perito-moreno-registro-225-grados-en-una-jornada-con-alerta-por-frio-en-mas-de-medio-pais\/\" \/>\n<meta property=\"og:site_name\" content=\"Noticias Radio Reflejos\" \/>\n<meta property=\"article:published_time\" content=\"2023-07-17T17:14:18+00:00\" \/>\n<meta property=\"og:image\" content=\"https:\/\/www.noticiasradioreflejos.com.ar\/2021\/wp-content\/uploads\/2023\/06\/nieve-helada.jpg\" \/>\n\t<meta property=\"og:image:width\" content=\"1080\" \/>\n\t<meta property=\"og:image:height\" content=\"1351\" \/>\n\t<meta property=\"og:image:type\" content=\"image\/jpeg\" \/>\n<meta name=\"author\" content=\"Arnaldo Botto\" \/>\n<meta name=\"twitter:card\" content=\"summary_large_image\" \/>\n<script type=\"application\/ld+json\" class=\"yoast-schema-graph\">{\"@context\":\"https:\/\/schema.org\",\"@graph\":[{\"@type\":\"WebPage\",\"@id\":\"https:\/\/www.noticiasradioreflejos.com.ar\/2021\/perito-moreno-registro-225-grados-en-una-jornada-con-alerta-por-frio-en-mas-de-medio-pais\/\",\"url\":\"https:\/\/www.noticiasradioreflejos.com.ar\/2021\/perito-moreno-registro-225-grados-en-una-jornada-con-alerta-por-frio-en-mas-de-medio-pais\/\",\"name\":\"Perito Moreno registr\u00f3 -22,5 grados en una jornada con alerta por fr\u00edo en m\u00e1s de medio pa\u00eds - Noticias Radio Reflejos\",\"isPartOf\":{\"@id\":\"https:\/\/www.noticiasradioreflejos.com.ar\/2021\/#website\"},\"primaryImageOfPage\":{\"@id\":\"https:\/\/www.noticiasradioreflejos.com.ar\/2021\/perito-moreno-registro-225-grados-en-una-jornada-con-alerta-por-frio-en-mas-de-medio-pais\/#primaryimage\"},\"image\":{\"@id\":\"https:\/\/www.noticiasradioreflejos.com.ar\/2021\/perito-moreno-registro-225-grados-en-una-jornada-con-alerta-por-frio-en-mas-de-medio-pais\/#primaryimage\"},\"thumbnailUrl\":\"https:\/\/www.noticiasradioreflejos.com.ar\/2021\/wp-content\/uploads\/2023\/06\/nieve-helada.jpg\",\"datePublished\":\"2023-07-17T17:14:18+00:00\",\"author\":{\"@id\":\"https:\/\/www.noticiasradioreflejos.com.ar\/2021\/#\/schema\/person\/ad82545263dcc5ec0996818884fd5fb1\"},\"breadcrumb\":{\"@id\":\"https:\/\/www.noticiasradioreflejos.com.ar\/2021\/perito-moreno-registro-225-grados-en-una-jornada-con-alerta-por-frio-en-mas-de-medio-pais\/#breadcrumb\"},\"inLanguage\":\"es\",\"potentialAction\":[{\"@type\":\"ReadAction\",\"target\":[\"https:\/\/www.noticiasradioreflejos.com.ar\/2021\/perito-moreno-registro-225-grados-en-una-jornada-con-alerta-por-frio-en-mas-de-medio-pais\/\"]}]},{\"@type\":\"ImageObject\",\"inLanguage\":\"es\",\"@id\":\"https:\/\/www.noticiasradioreflejos.com.ar\/2021\/perito-moreno-registro-225-grados-en-una-jornada-con-alerta-por-frio-en-mas-de-medio-pais\/#primaryimage\",\"url\":\"https:\/\/www.noticiasradioreflejos.com.ar\/2021\/wp-content\/uploads\/2023\/06\/nieve-helada.jpg\",\"contentUrl\":\"https:\/\/www.noticiasradioreflejos.com.ar\/2021\/wp-content\/uploads\/2023\/06\/nieve-helada.jpg\",\"width\":1080,\"height\":1351},{\"@type\":\"BreadcrumbList\",\"@id\":\"https:\/\/www.noticiasradioreflejos.com.ar\/2021\/perito-moreno-registro-225-grados-en-una-jornada-con-alerta-por-frio-en-mas-de-medio-pais\/#breadcrumb\",\"itemListElement\":[{\"@type\":\"ListItem\",\"position\":1,\"name\":\"Portada\",\"item\":\"https:\/\/www.noticiasradioreflejos.com.ar\/2021\/\"},{\"@type\":\"ListItem\",\"position\":2,\"name\":\"Perito Moreno registr\u00f3 -22,5 grados en una jornada con alerta por fr\u00edo en m\u00e1s de medio pa\u00eds\"}]},{\"@type\":\"WebSite\",\"@id\":\"https:\/\/www.noticiasradioreflejos.com.ar\/2021\/#website\",\"url\":\"https:\/\/www.noticiasradioreflejos.com.ar\/2021\/\",\"name\":\"Noticias Radio Reflejos\",\"description\":\"Las noticias de mi comarca\",\"potentialAction\":[{\"@type\":\"SearchAction\",\"target\":{\"@type\":\"EntryPoint\",\"urlTemplate\":\"https:\/\/www.noticiasradioreflejos.com.ar\/2021\/?s={search_term_string}\"},\"query-input\":{\"@type\":\"PropertyValueSpecification\",\"valueRequired\":true,\"valueName\":\"search_term_string\"}}],\"inLanguage\":\"es\"},{\"@type\":\"Person\",\"@id\":\"https:\/\/www.noticiasradioreflejos.com.ar\/2021\/#\/schema\/person\/ad82545263dcc5ec0996818884fd5fb1\",\"name\":\"Arnaldo Botto\",\"image\":{\"@type\":\"ImageObject\",\"inLanguage\":\"es\",\"@id\":\"https:\/\/www.noticiasradioreflejos.com.ar\/2021\/#\/schema\/person\/image\/\",\"url\":\"https:\/\/secure.gravatar.com\/avatar\/55cb5e37c1efa326397366e6974cb338056df65cb50e7d64d1cf314e87504837?s=96&d=mm&r=g\",\"contentUrl\":\"https:\/\/secure.gravatar.com\/avatar\/55cb5e37c1efa326397366e6974cb338056df65cb50e7d64d1cf314e87504837?s=96&d=mm&r=g\",\"caption\":\"Arnaldo Botto\"},\"url\":\"https:\/\/www.noticiasradioreflejos.com.ar\/2021\/author\/arnaldo\/\"}]}<\/script>\n<!-- \/ Yoast SEO plugin. -->","yoast_head_json":{"title":"Perito Moreno registr\u00f3 -22,5 grados en una jornada con alerta por fr\u00edo en m\u00e1s de medio pa\u00eds - Noticias Radio Reflejos","robots":{"index":"index","follow":"follow","max-snippet":"max-snippet:-1","max-image-preview":"max-image-preview:large","max-video-preview":"max-video-preview:-1"},"canonical":"https:\/\/www.noticiasradioreflejos.com.ar\/2021\/perito-moreno-registro-225-grados-en-una-jornada-con-alerta-por-frio-en-mas-de-medio-pais\/","og_locale":"es_ES","og_type":"article","og_title":"Perito Moreno registr\u00f3 -22,5 grados en una jornada con alerta por fr\u00edo en m\u00e1s de medio pa\u00eds - Noticias Radio Reflejos","og_description":"La ciudad de Buenos Aires y localidades de 13 provincias del norte, centro y sur del pa\u00eds se encontraban esta ma\u00f1ana bajo alertas amarillas por temperaturas extremas por fr\u00edo y en algunas ciudades se registraban marcas t\u00e9rmicas bajo cero, como en Perito Moreno, Santa Cruz donde la m\u00ednima alcanz\u00f3 los -22,5 grados, precis\u00f3 el Servicio [&hellip;]","og_url":"https:\/\/www.noticiasradioreflejos.com.ar\/2021\/perito-moreno-registro-225-grados-en-una-jornada-con-alerta-por-frio-en-mas-de-medio-pais\/","og_site_name":"Noticias Radio Reflejos","article_published_time":"2023-07-17T17:14:18+00:00","og_image":[{"width":1080,"height":1351,"url":"https:\/\/www.noticiasradioreflejos.com.ar\/2021\/wp-content\/uploads\/2023\/06\/nieve-helada.jpg","type":"image\/jpeg"}],"author":"Arnaldo Botto","twitter_card":"summary_large_image","schema":{"@context":"https:\/\/schema.org","@graph":[{"@type":"WebPage","@id":"https:\/\/www.noticiasradioreflejos.com.ar\/2021\/perito-moreno-registro-225-grados-en-una-jornada-con-alerta-por-frio-en-mas-de-medio-pais\/","url":"https:\/\/www.noticiasradioreflejos.com.ar\/2021\/perito-moreno-registro-225-grados-en-una-jornada-con-alerta-por-frio-en-mas-de-medio-pais\/","name":"Perito Moreno registr\u00f3 -22,5 grados en una jornada con alerta por fr\u00edo en m\u00e1s de medio pa\u00eds - Noticias Radio Reflejos","isPartOf":{"@id":"https:\/\/www.noticiasradioreflejos.com.ar\/2021\/#website"},"primaryImageOfPage":{"@id":"https:\/\/www.noticiasradioreflejos.com.ar\/2021\/perito-moreno-registro-225-grados-en-una-jornada-con-alerta-por-frio-en-mas-de-medio-pais\/#primaryimage"},"image":{"@id":"https:\/\/www.noticiasradioreflejos.com.ar\/2021\/perito-moreno-registro-225-grados-en-una-jornada-con-alerta-por-frio-en-mas-de-medio-pais\/#primaryimage"},"thumbnailUrl":"https:\/\/www.noticiasradioreflejos.com.ar\/2021\/wp-content\/uploads\/2023\/06\/nieve-helada.jpg","datePublished":"2023-07-17T17:14:18+00:00","author":{"@id":"https:\/\/www.noticiasradioreflejos.com.ar\/2021\/#\/schema\/person\/ad82545263dcc5ec0996818884fd5fb1"},"breadcrumb":{"@id":"https:\/\/www.noticiasradioreflejos.com.ar\/2021\/perito-moreno-registro-225-grados-en-una-jornada-con-alerta-por-frio-en-mas-de-medio-pais\/#breadcrumb"},"inLanguage":"es","potentialAction":[{"@type":"ReadAction","target":["https:\/\/www.noticiasradioreflejos.com.ar\/2021\/perito-moreno-registro-225-grados-en-una-jornada-con-alerta-por-frio-en-mas-de-medio-pais\/"]}]},{"@type":"ImageObject","inLanguage":"es","@id":"https:\/\/www.noticiasradioreflejos.com.ar\/2021\/perito-moreno-registro-225-grados-en-una-jornada-con-alerta-por-frio-en-mas-de-medio-pais\/#primaryimage","url":"https:\/\/www.noticiasradioreflejos.com.ar\/2021\/wp-content\/uploads\/2023\/06\/nieve-helada.jpg","contentUrl":"https:\/\/www.noticiasradioreflejos.com.ar\/2021\/wp-content\/uploads\/2023\/06\/nieve-helada.jpg","width":1080,"height":1351},{"@type":"BreadcrumbList","@id":"https:\/\/www.noticiasradioreflejos.com.ar\/2021\/perito-moreno-registro-225-grados-en-una-jornada-con-alerta-por-frio-en-mas-de-medio-pais\/#breadcrumb","itemListElement":[{"@type":"ListItem","position":1,"name":"Portada","item":"https:\/\/www.noticiasradioreflejos.com.ar\/2021\/"},{"@type":"ListItem","position":2,"name":"Perito Moreno registr\u00f3 -22,5 grados en una jornada con alerta por fr\u00edo en m\u00e1s de medio pa\u00eds"}]},{"@type":"WebSite","@id":"https:\/\/www.noticiasradioreflejos.com.ar\/2021\/#website","url":"https:\/\/www.noticiasradioreflejos.com.ar\/2021\/","name":"Noticias Radio Reflejos","description":"Las noticias de mi comarca","potentialAction":[{"@type":"SearchAction","target":{"@type":"EntryPoint","urlTemplate":"https:\/\/www.noticiasradioreflejos.com.ar\/2021\/?s={search_term_string}"},"query-input":{"@type":"PropertyValueSpecification","valueRequired":true,"valueName":"search_term_string"}}],"inLanguage":"es"},{"@type":"Person","@id":"https:\/\/www.noticiasradioreflejos.com.ar\/2021\/#\/schema\/person\/ad82545263dcc5ec0996818884fd5fb1","name":"Arnaldo Botto","image":{"@type":"ImageObject","inLanguage":"es","@id":"https:\/\/www.noticiasradioreflejos.com.ar\/2021\/#\/schema\/person\/image\/","url":"https:\/\/secure.gravatar.com\/avatar\/55cb5e37c1efa326397366e6974cb338056df65cb50e7d64d1cf314e87504837?s=96&d=mm&r=g","contentUrl":"https:\/\/secure.gravatar.com\/avatar\/55cb5e37c1efa326397366e6974cb338056df65cb50e7d64d1cf314e87504837?s=96&d=mm&r=g","caption":"Arnaldo Botto"},"url":"https:\/\/www.noticiasradioreflejos.com.ar\/2021\/author\/arnaldo\/"}]}},"_links":{"self":[{"href":"https:\/\/www.noticiasradioreflejos.com.ar\/2021\/wp-json\/wp\/v2\/posts\/90539","targetHints":{"allow":["GET"]}}],"collection":[{"href":"https:\/\/www.noticiasradioreflejos.com.ar\/2021\/wp-json\/wp\/v2\/posts"}],"about":[{"href":"https:\/\/www.noticiasradioreflejos.com.ar\/2021\/wp-json\/wp\/v2\/types\/post"}],"author":[{"embeddable":true,"href":"https:\/\/www.noticiasradioreflejos.com.ar\/2021\/wp-json\/wp\/v2\/users\/3"}],"replies":[{"embeddable":true,"href":"https:\/\/www.noticiasradioreflejos.com.ar\/2021\/wp-json\/wp\/v2\/comments?post=90539"}],"version-history":[{"count":1,"href":"https:\/\/www.noticiasradioreflejos.com.ar\/2021\/wp-json\/wp\/v2\/posts\/90539\/revisions"}],"predecessor-version":[{"id":90540,"href":"https:\/\/www.noticiasradioreflejos.com.ar\/2021\/wp-json\/wp\/v2\/posts\/90539\/revisions\/90540"}],"wp:featuredmedia":[{"embeddable":true,"href":"https:\/\/www.noticiasradioreflejos.com.ar\/2021\/wp-json\/wp\/v2\/media\/89361"}],"wp:attachment":[{"href":"https:\/\/www.noticiasradioreflejos.com.ar\/2021\/wp-json\/wp\/v2\/media?parent=90539"}],"wp:term":[{"taxonomy":"category","embeddable":true,"href":"https:\/\/www.noticiasradioreflejos.com.ar\/2021\/wp-json\/wp\/v2\/categories?post=90539"},{"taxonomy":"post_tag","embeddable":true,"href":"https:\/\/www.noticiasradioreflejos.com.ar\/2021\/wp-json\/wp\/v2\/tags?post=90539"}],"curies":[{"name":"wp","href":"https:\/\/api.w.org\/{rel}","templated":true}]}}