{"id":90535,"date":"2023-07-17T17:08:33","date_gmt":"2023-07-17T17:08:33","guid":{"rendered":"https:\/\/www.noticiasradioreflejos.com.ar\/2021\/?p=90535"},"modified":"2023-07-17T17:12:16","modified_gmt":"2023-07-17T17:12:16","slug":"al-hombre-asesinado-en-flores-lo-mataron-de-37-punaladas-y-su-familia-apunta-a-una-pareja-de-el","status":"publish","type":"post","link":"https:\/\/www.noticiasradioreflejos.com.ar\/2021\/al-hombre-asesinado-en-flores-lo-mataron-de-37-punaladas-y-su-familia-apunta-a-una-pareja-de-el\/","title":{"rendered":"Al hombre asesinado en Flores lo mataron de 37 pu\u00f1aladas y su familia apunta a una pareja de \u00e9l"},"content":{"rendered":"<div id=\"div_cuerpo\" class=\"content cable-content\">Mauro Ezequiel Belano, el hombre de 31 a\u00f1os que trabajaba en apuestas online y el viernes pasado fue hallado asesinado en su departamento del barrio porte\u00f1o de Flores, ten\u00eda 37 pu\u00f1aladas, y mientras su madre y sus hermanos sospechan que en el crimen estuvo implicada una mujer con la que sal\u00eda la v\u00edctima, la fiscal\u00eda busca a m\u00e1s de un autor, informaron hoy fuentes judiciales.<!--more--><\/p>\n<p>\u00abEs una chica a la que le pagaba para que est\u00e9 con \u00e9l. Era del barrio Piedrabuena. Tienen todo, tienen fotos, audios, no s\u00e9 qu\u00e9 esperan para detenerla\u00bb, dijo hoy Blanca, la madre de Belano, al canal de noticias TN.<\/p>\n<p>La mujer adem\u00e1s se\u00f1al\u00f3 que esa sospechosa \u00abno actu\u00f3 sola\u00bb, porque not\u00f3 que le hab\u00edan vaciado el departamento, cuando el viernes \u00faltimo descubri\u00f3 el cad\u00e1ver de su hijo con 37 lesiones punzocortantes, seg\u00fan confirmaron hoy a T\u00e9lam una fuente de la investigaci\u00f3n.<\/p>\n<p>\u00ab\u00bfQui\u00e9n se llev\u00f3 la moto? Y se llevaron todo, \u00bfno vieron la mudanza? No dejaron nada, solamente el cuerpo de mi hijo tirado en el ba\u00f1o. Toda la ropa de mi hijo la est\u00e1n vendiendo\u00bb, agreg\u00f3 la mujer.<\/p>\n<p>En tanto, los hermanos de la v\u00edctima, Juan Ignacio y Oriana contaron al mismo canal que hace unos d\u00edas Mauro le hab\u00eda mandado un mensaje de voz a su mejor amiga donde se\u00f1alaba que se hab\u00eda peleado con la mujer con la que estaba saliendo.<\/p>\n<p>\u00abLe cont\u00f3 a su mejor amiga que ella le ped\u00eda plata y, como \u00e9l no le quiso dar, ella le peg\u00f3 y le escupi\u00f3 la cara\u00bb, describi\u00f3 el hermano de Mauro.<\/p>\n<p>\u00ab\u00c9l no le hizo nada, porque si le pega, va preso. Todo empieza por ah\u00ed, la \u00faltima persona que lo vio con vida fue ella, despu\u00e9s que nosotros encontramos el cuerpo, esta chica cerr\u00f3 todas las redes sociales, todas. Y elimin\u00f3 a todos, nunca se acerc\u00f3 ni mand\u00f3 un mensaje\u00bb, cont\u00f3 al respecto Oriana.<\/p>\n<p>Por su parte, Juan Ignacio aclar\u00f3 que la joven de la cual sospecha la familia \u00abandaba\u00bb con Mauro pero \u00abno era la novia oficial\u00bb.<\/p>\n<p>\u00abSe ve\u00edan de vez en cuando, no era la novia pero ella lo ve\u00eda, le ped\u00eda plata, que le compre cosas. Mi hermano como estaba con mucha plata, le compraba, andaban por todos lados, la llevaba a comer, la llevaba a merendar. Muchos datos de ella la verdad que no tenemos, no la llegamos a conocer, nunca vino y nos present\u00f3 y nos dijo &#8216;esta es mi novia'\u00bb, asegur\u00f3 el hermano del joven asesinado, quien trabajaba para sitios de casinos virtuales.<\/p>\n<p>A su vez, Juan Ignacio afirm\u00f3 que por la informaci\u00f3n que les lleg\u00f3, \u00abla chica tiene gente atr\u00e1s que hac\u00eda esto: enamoraba a los hombres y despu\u00e9s los mandaban a robar\u00bb.<\/p>\n<p>Adem\u00e1s, Oriana agreg\u00f3 que esta joven fue \u00abla \u00faltima persona que estuvo en contacto con \u00e9l y que lo vio\u00bb.<\/p>\n<p>La joven cont\u00f3 que esa chica \u00abel mi\u00e9rcoles vino a hacerse las u\u00f1as con una vecina\u00bb y \u00abten\u00eda el llavero de la moto, la billetera y el celular\u00bb de su hermano.<\/p>\n<p>Los hermanos de Mauro pidieron el esclarecimiento del crimen, al tiempo que exhibieron una foto de la v\u00edctima con las leyendas: \u00absin Justicia no hay paz, somos la voz de Mauro, siempre ser\u00e1s uno de nosotros, mantendremos viva tu memoria, exigiremos Justicia y la Justicia demorada es Justicia denegada\u00bb.<\/p>\n<p>En otro cartel, sostenido por Oriana, mostraron la fotograf\u00eda de la joven de la cual la familia sospecha y con la palabra \u00abasesina\u00bb.<\/p>\n<p>En la foto de la sospechosa se ve a la chica con las u\u00f1as reci\u00e9n hechas de color celeste y con una aparente marca de lastimadura en una de las manos.<\/p>\n<p>\u00abEsa es la marca que tiene, es una herida reciente\u00bb, dijo al respecto la hermana del joven asesinado.<\/p>\n<p>\u00abA nosotros nos llegaron datos que estaban por cortar el cuerpo y que lo estaban por sacar\u00bb, continu\u00f3 el hermano de Belano, quien explic\u00f3 que si no hubieran ido al departamento de Mauro en ese momento, tal vez nunca habr\u00edan encontrado el cuerpo.<\/p>\n<p>\u00abCuando nosotros llegamos al edificio donde viv\u00eda mi hermano, lo encontramos tirado en el ba\u00f1o, encerrado, con m\u00e1s de 30 pu\u00f1aladas, brazos cortados. Supuestamente nos dijeron que lo quer\u00edan sacar, estaba envuelto hasta la cintura con bolsas, como que lo quisieron sacar.\u00bb, explic\u00f3 el joven.<\/p>\n<p>\u00abLlegaron a limpiar todo el departamento, los forenses encontraron un balde con s\u00e1banas, ropa de mi hermano, metida dentro de un tacho con lavandina, la casa todav\u00eda estaba mojada, algunos sectores de la casa todav\u00eda estaban mojados. Nosotros si no lleg\u00e1bamos, capaz que el cuerpo de mi hermano no lo encontr\u00e1bamos\u00bb, dijo Juan Ignacio.<\/p>\n<p>La causa, caratulada como \u00abhomicidio\u00bb, es dirigida por la Fiscal\u00eda Nacional en lo Criminal y Correccional 50, a cargo del fiscal Edgardo Mariano Orfila.<\/p>\n<p>Fuentes judiciales indicaron hoy a T\u00e9lam que se est\u00e1 trabajando \u00abpara colectar la mayor cantidad de pruebas de cargo\u00bb para poder dar con \u00ablos autores\u00bb.<\/p>\n<p>El fiscal dispuso que a nivel policial intervengan la Divisi\u00f3n Sumarios y Brigadas de Comuna 7 y la Divisi\u00f3n de Cibercrimen de la Polic\u00eda de la Ciudad.<\/p>\n<p>El crimen de Belano (31) se descubri\u00f3 el viernes pasado a la noche, cuando efectivos de la comisar\u00eda vecinal 7C de la Polic\u00eda de la Ciudad se trasladaron hasta un edificio ubicado en la calle Mor\u00f3n al 3100, del barrio de Flores, luego de que su madre denunciara que su hijo estaba fallecido en dicho domicilio.<\/p>\n<p>All\u00ed, la mujer indic\u00f3 que hac\u00eda dos d\u00edas no ten\u00eda noticias de su hijo y que cuando entr\u00f3 al departamento donde \u00e9l viv\u00eda lo encontr\u00f3 tendido en el ba\u00f1o sin signos vitales y con heridas en su espalda.<\/p>\n<p>Por su parte, personal del SAME (Sistema de Atenci\u00f3n M\u00e9dica de Emergencias) constat\u00f3 que la v\u00edctima ten\u00eda varias pu\u00f1aladas en el torso.<\/p><\/div>\n<p><strong>(T\u00e9lam)<\/strong><\/p>\n","protected":false},"excerpt":{"rendered":"<p>Mauro Ezequiel Belano, el hombre de 31 a\u00f1os que trabajaba en apuestas online y el viernes pasado fue hallado asesinado en su departamento del barrio porte\u00f1o de Flores, ten\u00eda 37 pu\u00f1aladas, y mientras su madre y sus hermanos sospechan que en el crimen estuvo implicada una mujer con la que sal\u00eda la v\u00edctima, la fiscal\u00eda [&hellip;]<\/p>\n","protected":false},"author":3,"featured_media":90536,"comment_status":"closed","ping_status":"closed","sticky":false,"template":"","format":"standard","meta":{"footnotes":""},"categories":[29],"tags":[],"class_list":["post-90535","post","type-post","status-publish","format-standard","has-post-thumbnail","hentry","category-policiales"],"yoast_head":"<!-- This site is optimized with the Yoast SEO plugin v25.9 - https:\/\/yoast.com\/wordpress\/plugins\/seo\/ -->\n<title>Al hombre asesinado en Flores lo mataron de 37 pu\u00f1aladas y su familia apunta a una pareja de \u00e9l - Noticias Radio Reflejos<\/title>\n<meta name=\"robots\" content=\"index, follow, max-snippet:-1, max-image-preview:large, max-video-preview:-1\" \/>\n<link rel=\"canonical\" href=\"https:\/\/www.noticiasradioreflejos.com.ar\/2021\/al-hombre-asesinado-en-flores-lo-mataron-de-37-punaladas-y-su-familia-apunta-a-una-pareja-de-el\/\" \/>\n<meta property=\"og:locale\" content=\"es_ES\" \/>\n<meta property=\"og:type\" content=\"article\" \/>\n<meta property=\"og:title\" content=\"Al hombre asesinado en Flores lo mataron de 37 pu\u00f1aladas y su familia apunta a una pareja de \u00e9l - Noticias Radio Reflejos\" \/>\n<meta property=\"og:description\" content=\"Mauro Ezequiel Belano, el hombre de 31 a\u00f1os que trabajaba en apuestas online y el viernes pasado fue hallado asesinado en su departamento del barrio porte\u00f1o de Flores, ten\u00eda 37 pu\u00f1aladas, y mientras su madre y sus hermanos sospechan que en el crimen estuvo implicada una mujer con la que sal\u00eda la v\u00edctima, la fiscal\u00eda [&hellip;]\" \/>\n<meta property=\"og:url\" content=\"https:\/\/www.noticiasradioreflejos.com.ar\/2021\/al-hombre-asesinado-en-flores-lo-mataron-de-37-punaladas-y-su-familia-apunta-a-una-pareja-de-el\/\" \/>\n<meta property=\"og:site_name\" content=\"Noticias Radio Reflejos\" \/>\n<meta property=\"article:published_time\" content=\"2023-07-17T17:08:33+00:00\" \/>\n<meta property=\"article:modified_time\" content=\"2023-07-17T17:12:16+00:00\" \/>\n<meta property=\"og:image\" content=\"https:\/\/www.noticiasradioreflejos.com.ar\/2021\/wp-content\/uploads\/2023\/07\/apunalado.jpg\" \/>\n\t<meta property=\"og:image:width\" content=\"1084\" \/>\n\t<meta property=\"og:image:height\" content=\"641\" \/>\n\t<meta property=\"og:image:type\" content=\"image\/jpeg\" \/>\n<meta name=\"author\" content=\"Arnaldo Botto\" \/>\n<meta name=\"twitter:card\" content=\"summary_large_image\" \/>\n<script type=\"application\/ld+json\" class=\"yoast-schema-graph\">{\"@context\":\"https:\/\/schema.org\",\"@graph\":[{\"@type\":\"WebPage\",\"@id\":\"https:\/\/www.noticiasradioreflejos.com.ar\/2021\/al-hombre-asesinado-en-flores-lo-mataron-de-37-punaladas-y-su-familia-apunta-a-una-pareja-de-el\/\",\"url\":\"https:\/\/www.noticiasradioreflejos.com.ar\/2021\/al-hombre-asesinado-en-flores-lo-mataron-de-37-punaladas-y-su-familia-apunta-a-una-pareja-de-el\/\",\"name\":\"Al hombre asesinado en Flores lo mataron de 37 pu\u00f1aladas y su familia apunta a una pareja de \u00e9l - Noticias Radio Reflejos\",\"isPartOf\":{\"@id\":\"https:\/\/www.noticiasradioreflejos.com.ar\/2021\/#website\"},\"primaryImageOfPage\":{\"@id\":\"https:\/\/www.noticiasradioreflejos.com.ar\/2021\/al-hombre-asesinado-en-flores-lo-mataron-de-37-punaladas-y-su-familia-apunta-a-una-pareja-de-el\/#primaryimage\"},\"image\":{\"@id\":\"https:\/\/www.noticiasradioreflejos.com.ar\/2021\/al-hombre-asesinado-en-flores-lo-mataron-de-37-punaladas-y-su-familia-apunta-a-una-pareja-de-el\/#primaryimage\"},\"thumbnailUrl\":\"https:\/\/www.noticiasradioreflejos.com.ar\/2021\/wp-content\/uploads\/2023\/07\/apunalado.jpg\",\"datePublished\":\"2023-07-17T17:08:33+00:00\",\"dateModified\":\"2023-07-17T17:12:16+00:00\",\"author\":{\"@id\":\"https:\/\/www.noticiasradioreflejos.com.ar\/2021\/#\/schema\/person\/ad82545263dcc5ec0996818884fd5fb1\"},\"breadcrumb\":{\"@id\":\"https:\/\/www.noticiasradioreflejos.com.ar\/2021\/al-hombre-asesinado-en-flores-lo-mataron-de-37-punaladas-y-su-familia-apunta-a-una-pareja-de-el\/#breadcrumb\"},\"inLanguage\":\"es\",\"potentialAction\":[{\"@type\":\"ReadAction\",\"target\":[\"https:\/\/www.noticiasradioreflejos.com.ar\/2021\/al-hombre-asesinado-en-flores-lo-mataron-de-37-punaladas-y-su-familia-apunta-a-una-pareja-de-el\/\"]}]},{\"@type\":\"ImageObject\",\"inLanguage\":\"es\",\"@id\":\"https:\/\/www.noticiasradioreflejos.com.ar\/2021\/al-hombre-asesinado-en-flores-lo-mataron-de-37-punaladas-y-su-familia-apunta-a-una-pareja-de-el\/#primaryimage\",\"url\":\"https:\/\/www.noticiasradioreflejos.com.ar\/2021\/wp-content\/uploads\/2023\/07\/apunalado.jpg\",\"contentUrl\":\"https:\/\/www.noticiasradioreflejos.com.ar\/2021\/wp-content\/uploads\/2023\/07\/apunalado.jpg\",\"width\":1084,\"height\":641},{\"@type\":\"BreadcrumbList\",\"@id\":\"https:\/\/www.noticiasradioreflejos.com.ar\/2021\/al-hombre-asesinado-en-flores-lo-mataron-de-37-punaladas-y-su-familia-apunta-a-una-pareja-de-el\/#breadcrumb\",\"itemListElement\":[{\"@type\":\"ListItem\",\"position\":1,\"name\":\"Portada\",\"item\":\"https:\/\/www.noticiasradioreflejos.com.ar\/2021\/\"},{\"@type\":\"ListItem\",\"position\":2,\"name\":\"Al hombre asesinado en Flores lo mataron de 37 pu\u00f1aladas y su familia apunta a una pareja de \u00e9l\"}]},{\"@type\":\"WebSite\",\"@id\":\"https:\/\/www.noticiasradioreflejos.com.ar\/2021\/#website\",\"url\":\"https:\/\/www.noticiasradioreflejos.com.ar\/2021\/\",\"name\":\"Noticias Radio Reflejos\",\"description\":\"Las noticias de mi comarca\",\"potentialAction\":[{\"@type\":\"SearchAction\",\"target\":{\"@type\":\"EntryPoint\",\"urlTemplate\":\"https:\/\/www.noticiasradioreflejos.com.ar\/2021\/?s={search_term_string}\"},\"query-input\":{\"@type\":\"PropertyValueSpecification\",\"valueRequired\":true,\"valueName\":\"search_term_string\"}}],\"inLanguage\":\"es\"},{\"@type\":\"Person\",\"@id\":\"https:\/\/www.noticiasradioreflejos.com.ar\/2021\/#\/schema\/person\/ad82545263dcc5ec0996818884fd5fb1\",\"name\":\"Arnaldo Botto\",\"image\":{\"@type\":\"ImageObject\",\"inLanguage\":\"es\",\"@id\":\"https:\/\/www.noticiasradioreflejos.com.ar\/2021\/#\/schema\/person\/image\/\",\"url\":\"https:\/\/secure.gravatar.com\/avatar\/55cb5e37c1efa326397366e6974cb338056df65cb50e7d64d1cf314e87504837?s=96&d=mm&r=g\",\"contentUrl\":\"https:\/\/secure.gravatar.com\/avatar\/55cb5e37c1efa326397366e6974cb338056df65cb50e7d64d1cf314e87504837?s=96&d=mm&r=g\",\"caption\":\"Arnaldo Botto\"},\"url\":\"https:\/\/www.noticiasradioreflejos.com.ar\/2021\/author\/arnaldo\/\"}]}<\/script>\n<!-- \/ Yoast SEO plugin. -->","yoast_head_json":{"title":"Al hombre asesinado en Flores lo mataron de 37 pu\u00f1aladas y su familia apunta a una pareja de \u00e9l - Noticias Radio Reflejos","robots":{"index":"index","follow":"follow","max-snippet":"max-snippet:-1","max-image-preview":"max-image-preview:large","max-video-preview":"max-video-preview:-1"},"canonical":"https:\/\/www.noticiasradioreflejos.com.ar\/2021\/al-hombre-asesinado-en-flores-lo-mataron-de-37-punaladas-y-su-familia-apunta-a-una-pareja-de-el\/","og_locale":"es_ES","og_type":"article","og_title":"Al hombre asesinado en Flores lo mataron de 37 pu\u00f1aladas y su familia apunta a una pareja de \u00e9l - Noticias Radio Reflejos","og_description":"Mauro Ezequiel Belano, el hombre de 31 a\u00f1os que trabajaba en apuestas online y el viernes pasado fue hallado asesinado en su departamento del barrio porte\u00f1o de Flores, ten\u00eda 37 pu\u00f1aladas, y mientras su madre y sus hermanos sospechan que en el crimen estuvo implicada una mujer con la que sal\u00eda la v\u00edctima, la fiscal\u00eda [&hellip;]","og_url":"https:\/\/www.noticiasradioreflejos.com.ar\/2021\/al-hombre-asesinado-en-flores-lo-mataron-de-37-punaladas-y-su-familia-apunta-a-una-pareja-de-el\/","og_site_name":"Noticias Radio Reflejos","article_published_time":"2023-07-17T17:08:33+00:00","article_modified_time":"2023-07-17T17:12:16+00:00","og_image":[{"width":1084,"height":641,"url":"https:\/\/www.noticiasradioreflejos.com.ar\/2021\/wp-content\/uploads\/2023\/07\/apunalado.jpg","type":"image\/jpeg"}],"author":"Arnaldo Botto","twitter_card":"summary_large_image","schema":{"@context":"https:\/\/schema.org","@graph":[{"@type":"WebPage","@id":"https:\/\/www.noticiasradioreflejos.com.ar\/2021\/al-hombre-asesinado-en-flores-lo-mataron-de-37-punaladas-y-su-familia-apunta-a-una-pareja-de-el\/","url":"https:\/\/www.noticiasradioreflejos.com.ar\/2021\/al-hombre-asesinado-en-flores-lo-mataron-de-37-punaladas-y-su-familia-apunta-a-una-pareja-de-el\/","name":"Al hombre asesinado en Flores lo mataron de 37 pu\u00f1aladas y su familia apunta a una pareja de \u00e9l - Noticias Radio Reflejos","isPartOf":{"@id":"https:\/\/www.noticiasradioreflejos.com.ar\/2021\/#website"},"primaryImageOfPage":{"@id":"https:\/\/www.noticiasradioreflejos.com.ar\/2021\/al-hombre-asesinado-en-flores-lo-mataron-de-37-punaladas-y-su-familia-apunta-a-una-pareja-de-el\/#primaryimage"},"image":{"@id":"https:\/\/www.noticiasradioreflejos.com.ar\/2021\/al-hombre-asesinado-en-flores-lo-mataron-de-37-punaladas-y-su-familia-apunta-a-una-pareja-de-el\/#primaryimage"},"thumbnailUrl":"https:\/\/www.noticiasradioreflejos.com.ar\/2021\/wp-content\/uploads\/2023\/07\/apunalado.jpg","datePublished":"2023-07-17T17:08:33+00:00","dateModified":"2023-07-17T17:12:16+00:00","author":{"@id":"https:\/\/www.noticiasradioreflejos.com.ar\/2021\/#\/schema\/person\/ad82545263dcc5ec0996818884fd5fb1"},"breadcrumb":{"@id":"https:\/\/www.noticiasradioreflejos.com.ar\/2021\/al-hombre-asesinado-en-flores-lo-mataron-de-37-punaladas-y-su-familia-apunta-a-una-pareja-de-el\/#breadcrumb"},"inLanguage":"es","potentialAction":[{"@type":"ReadAction","target":["https:\/\/www.noticiasradioreflejos.com.ar\/2021\/al-hombre-asesinado-en-flores-lo-mataron-de-37-punaladas-y-su-familia-apunta-a-una-pareja-de-el\/"]}]},{"@type":"ImageObject","inLanguage":"es","@id":"https:\/\/www.noticiasradioreflejos.com.ar\/2021\/al-hombre-asesinado-en-flores-lo-mataron-de-37-punaladas-y-su-familia-apunta-a-una-pareja-de-el\/#primaryimage","url":"https:\/\/www.noticiasradioreflejos.com.ar\/2021\/wp-content\/uploads\/2023\/07\/apunalado.jpg","contentUrl":"https:\/\/www.noticiasradioreflejos.com.ar\/2021\/wp-content\/uploads\/2023\/07\/apunalado.jpg","width":1084,"height":641},{"@type":"BreadcrumbList","@id":"https:\/\/www.noticiasradioreflejos.com.ar\/2021\/al-hombre-asesinado-en-flores-lo-mataron-de-37-punaladas-y-su-familia-apunta-a-una-pareja-de-el\/#breadcrumb","itemListElement":[{"@type":"ListItem","position":1,"name":"Portada","item":"https:\/\/www.noticiasradioreflejos.com.ar\/2021\/"},{"@type":"ListItem","position":2,"name":"Al hombre asesinado en Flores lo mataron de 37 pu\u00f1aladas y su familia apunta a una pareja de \u00e9l"}]},{"@type":"WebSite","@id":"https:\/\/www.noticiasradioreflejos.com.ar\/2021\/#website","url":"https:\/\/www.noticiasradioreflejos.com.ar\/2021\/","name":"Noticias Radio Reflejos","description":"Las noticias de mi comarca","potentialAction":[{"@type":"SearchAction","target":{"@type":"EntryPoint","urlTemplate":"https:\/\/www.noticiasradioreflejos.com.ar\/2021\/?s={search_term_string}"},"query-input":{"@type":"PropertyValueSpecification","valueRequired":true,"valueName":"search_term_string"}}],"inLanguage":"es"},{"@type":"Person","@id":"https:\/\/www.noticiasradioreflejos.com.ar\/2021\/#\/schema\/person\/ad82545263dcc5ec0996818884fd5fb1","name":"Arnaldo Botto","image":{"@type":"ImageObject","inLanguage":"es","@id":"https:\/\/www.noticiasradioreflejos.com.ar\/2021\/#\/schema\/person\/image\/","url":"https:\/\/secure.gravatar.com\/avatar\/55cb5e37c1efa326397366e6974cb338056df65cb50e7d64d1cf314e87504837?s=96&d=mm&r=g","contentUrl":"https:\/\/secure.gravatar.com\/avatar\/55cb5e37c1efa326397366e6974cb338056df65cb50e7d64d1cf314e87504837?s=96&d=mm&r=g","caption":"Arnaldo Botto"},"url":"https:\/\/www.noticiasradioreflejos.com.ar\/2021\/author\/arnaldo\/"}]}},"_links":{"self":[{"href":"https:\/\/www.noticiasradioreflejos.com.ar\/2021\/wp-json\/wp\/v2\/posts\/90535","targetHints":{"allow":["GET"]}}],"collection":[{"href":"https:\/\/www.noticiasradioreflejos.com.ar\/2021\/wp-json\/wp\/v2\/posts"}],"about":[{"href":"https:\/\/www.noticiasradioreflejos.com.ar\/2021\/wp-json\/wp\/v2\/types\/post"}],"author":[{"embeddable":true,"href":"https:\/\/www.noticiasradioreflejos.com.ar\/2021\/wp-json\/wp\/v2\/users\/3"}],"replies":[{"embeddable":true,"href":"https:\/\/www.noticiasradioreflejos.com.ar\/2021\/wp-json\/wp\/v2\/comments?post=90535"}],"version-history":[{"count":2,"href":"https:\/\/www.noticiasradioreflejos.com.ar\/2021\/wp-json\/wp\/v2\/posts\/90535\/revisions"}],"predecessor-version":[{"id":90538,"href":"https:\/\/www.noticiasradioreflejos.com.ar\/2021\/wp-json\/wp\/v2\/posts\/90535\/revisions\/90538"}],"wp:featuredmedia":[{"embeddable":true,"href":"https:\/\/www.noticiasradioreflejos.com.ar\/2021\/wp-json\/wp\/v2\/media\/90536"}],"wp:attachment":[{"href":"https:\/\/www.noticiasradioreflejos.com.ar\/2021\/wp-json\/wp\/v2\/media?parent=90535"}],"wp:term":[{"taxonomy":"category","embeddable":true,"href":"https:\/\/www.noticiasradioreflejos.com.ar\/2021\/wp-json\/wp\/v2\/categories?post=90535"},{"taxonomy":"post_tag","embeddable":true,"href":"https:\/\/www.noticiasradioreflejos.com.ar\/2021\/wp-json\/wp\/v2\/tags?post=90535"}],"curies":[{"name":"wp","href":"https:\/\/api.w.org\/{rel}","templated":true}]}}