{"id":90532,"date":"2023-07-17T17:53:32","date_gmt":"2023-07-17T17:53:32","guid":{"rendered":"https:\/\/www.noticiasradioreflejos.com.ar\/2021\/?p=90532"},"modified":"2023-07-17T17:53:32","modified_gmt":"2023-07-17T17:53:32","slug":"kety-scheider-dicen-que-el-pueblo-quiere-a-baamonde-pero-tambien-querian-a-hitler","status":"publish","type":"post","link":"https:\/\/www.noticiasradioreflejos.com.ar\/2021\/kety-scheider-dicen-que-el-pueblo-quiere-a-baamonde-pero-tambien-querian-a-hitler\/","title":{"rendered":"Kety Scheider: \u201cDicen que el pueblo quiere a Baamonde pero tambi\u00e9n quer\u00edan a Hitler\u201d"},"content":{"rendered":"<p>La vecina que sigue en pie de guerra por el nombramiento del delegado de Sierra de la Ventana, ley\u00f3 el comunicado que enviaron a los medios y redobl\u00f3 la apuesta. \u201cEsto est\u00e1 pasando de casta\u00f1o a oscuro\u201d afirm\u00f3.<!--more--><\/p>\n<p>El \u201cBaamondegate\u201d sum\u00f3 un nuevo cap\u00edtulo. Tras los dichos del Secretario de Gobierno acerca de lo que considera una persecuci\u00f3n hacia la figura del delegado de Sierra de la Ventana, la vecina Kety Scheider, la cual oficia de vocera de un grupo que est\u00e1 en desacuerdo, sali\u00f3 al cruce.<\/p>\n<p>Al respecto afirm\u00f3 que \u201cnos resulta llamativo que no se le pueda preguntar por la legalidad a Gabella, y eso que hemos aportado documentaci\u00f3n acerca de que el nombramiento es inv\u00e1lido. No sirve ese contrato. Ya se expidi\u00f3 el tribunal de cuentas\u201d.<\/p>\n<p>Acto seguido opt\u00f3 por leer de manera completa el parte de prensa que hicieron llegar y que debidamente fue publicado, <a href=\"https:\/\/www.noticiasradioreflejos.com.ar\/2021\/comunicado-frente-al-discurso-negacionista-del-secretario-de-gobierno-ezequiel-gabella\/\"><strong>el cual puede leerse ingresando ac\u00e1<\/strong><\/a>.<\/p>\n<p>Tras esto, fustig\u00f3 a Gabella afirmando que \u201cser\u00eda bueno que el Secretario de Gobierno tenga noci\u00f3n de la diferencia de actuar dentro de la legalidad y con el derecho que nos asiste, y no de catalogar de v\u00edctima a quien en verdad es responsable de haber pertenecido al engranaje de las torturas y las desapariciones. Estamos muy alarmados e indignados\u201d.<\/p>\n<p>Uno de los pasajes m\u00e1s duros de su dial\u00e9ctica se dio cuando sostuvo: \u201cdice que el pueblo lo quiere, pero el pueblo quer\u00eda a Hitler y a Mussolini. Ese no es el par\u00e1metro. Adem\u00e1s estamos aportando constantemente pruebas a la justicia, que est\u00e1 investigando la UFIJ N\u00b012 por la designaci\u00f3n inexistente\u201d.<\/p>\n<p>Al mismo tiempo cargo contra los medios al comentar que \u201cque nadie lo diga, y que Baamonde se jacte que nadie lo dice p\u00fablicamente, tambi\u00e9n nos parece muy mal. Ni siquiera se ha explicado a la poblaci\u00f3n de donde salen los fondos para pagarle\u201d.<\/p>\n<p>Por \u00faltimo, y apuntando al Intendente, mencion\u00f3 que \u201cen este municipio alguien pone a un amigo al frente de una delegaci\u00f3n municipal y entrega todo el patrimonio sin estar siquiera nombrado. Esto est\u00e1 pasando de casta\u00f1o a oscuro\u201d.<\/p>\n<p><iframe loading=\"lazy\" src=\"https:\/\/w.soundcloud.com\/player\/?url=https%3A\/\/api.soundcloud.com\/tracks\/1567181200&amp;color=%23ff5500&amp;auto_play=false&amp;hide_related=false&amp;show_comments=true&amp;show_user=true&amp;show_reposts=false&amp;show_teaser=true\" width=\"100%\" height=\"166\" frameborder=\"no\" scrolling=\"no\"><\/iframe><\/p>\n<div style=\"font-size: 10px; color: #cccccc; line-break: anywhere; word-break: normal; overflow: hidden; white-space: nowrap; text-overflow: ellipsis; font-family: Interstate,Lucida Grande,Lucida Sans Unicode,Lucida Sans,Garuda,Verdana,Tahoma,sans-serif; font-weight: 100;\"><a style=\"color: #cccccc; text-decoration: none;\" title=\"fmreflejos 103.7\" href=\"https:\/\/soundcloud.com\/fmreflejos-103-7\" target=\"_blank\" rel=\"noopener\">fmreflejos 103.7<\/a> \u00b7 <a style=\"color: #cccccc; text-decoration: none;\" title=\"Kety Scheider 17-7-23\" href=\"https:\/\/soundcloud.com\/fmreflejos-103-7\/kety-scheider\" target=\"_blank\" rel=\"noopener\">Kety Scheider 17-7-23<\/a><\/div>\n<p>&nbsp;<\/p>\n","protected":false},"excerpt":{"rendered":"<p>La vecina que sigue en pie de guerra por el nombramiento del delegado de Sierra de la Ventana, ley\u00f3 el comunicado que enviaron a los medios y redobl\u00f3 la apuesta. \u201cEsto est\u00e1 pasando de casta\u00f1o a oscuro\u201d afirm\u00f3.<\/p>\n","protected":false},"author":3,"featured_media":86363,"comment_status":"closed","ping_status":"closed","sticky":false,"template":"","format":"standard","meta":{"footnotes":""},"categories":[24,26],"tags":[48],"class_list":["post-90532","post","type-post","status-publish","format-standard","has-post-thumbnail","hentry","category-politica","category-sociedad","tag-destacada"],"yoast_head":"<!-- This site is optimized with the Yoast SEO plugin v25.9 - https:\/\/yoast.com\/wordpress\/plugins\/seo\/ -->\n<title>Kety Scheider: \u201cDicen que el pueblo quiere a Baamonde pero tambi\u00e9n quer\u00edan a Hitler\u201d - Noticias Radio Reflejos<\/title>\n<meta name=\"robots\" content=\"index, follow, max-snippet:-1, max-image-preview:large, max-video-preview:-1\" \/>\n<link rel=\"canonical\" href=\"https:\/\/www.noticiasradioreflejos.com.ar\/2021\/kety-scheider-dicen-que-el-pueblo-quiere-a-baamonde-pero-tambien-querian-a-hitler\/\" \/>\n<meta property=\"og:locale\" content=\"es_ES\" \/>\n<meta property=\"og:type\" content=\"article\" \/>\n<meta property=\"og:title\" content=\"Kety Scheider: \u201cDicen que el pueblo quiere a Baamonde pero tambi\u00e9n quer\u00edan a Hitler\u201d - Noticias Radio Reflejos\" \/>\n<meta property=\"og:description\" content=\"La vecina que sigue en pie de guerra por el nombramiento del delegado de Sierra de la Ventana, ley\u00f3 el comunicado que enviaron a los medios y redobl\u00f3 la apuesta. \u201cEsto est\u00e1 pasando de casta\u00f1o a oscuro\u201d afirm\u00f3.\" \/>\n<meta property=\"og:url\" content=\"https:\/\/www.noticiasradioreflejos.com.ar\/2021\/kety-scheider-dicen-que-el-pueblo-quiere-a-baamonde-pero-tambien-querian-a-hitler\/\" \/>\n<meta property=\"og:site_name\" content=\"Noticias Radio Reflejos\" \/>\n<meta property=\"article:published_time\" content=\"2023-07-17T17:53:32+00:00\" \/>\n<meta property=\"og:image\" content=\"https:\/\/www.noticiasradioreflejos.com.ar\/2021\/wp-content\/uploads\/2023\/04\/Conferencia-Julio-Baamonde-3.jpg\" \/>\n\t<meta property=\"og:image:width\" content=\"2304\" \/>\n\t<meta property=\"og:image:height\" content=\"1296\" \/>\n\t<meta property=\"og:image:type\" content=\"image\/jpeg\" \/>\n<meta name=\"author\" content=\"Arnaldo Botto\" \/>\n<meta name=\"twitter:card\" content=\"summary_large_image\" \/>\n<script type=\"application\/ld+json\" class=\"yoast-schema-graph\">{\"@context\":\"https:\/\/schema.org\",\"@graph\":[{\"@type\":\"WebPage\",\"@id\":\"https:\/\/www.noticiasradioreflejos.com.ar\/2021\/kety-scheider-dicen-que-el-pueblo-quiere-a-baamonde-pero-tambien-querian-a-hitler\/\",\"url\":\"https:\/\/www.noticiasradioreflejos.com.ar\/2021\/kety-scheider-dicen-que-el-pueblo-quiere-a-baamonde-pero-tambien-querian-a-hitler\/\",\"name\":\"Kety Scheider: \u201cDicen que el pueblo quiere a Baamonde pero tambi\u00e9n quer\u00edan a Hitler\u201d - Noticias Radio Reflejos\",\"isPartOf\":{\"@id\":\"https:\/\/www.noticiasradioreflejos.com.ar\/2021\/#website\"},\"primaryImageOfPage\":{\"@id\":\"https:\/\/www.noticiasradioreflejos.com.ar\/2021\/kety-scheider-dicen-que-el-pueblo-quiere-a-baamonde-pero-tambien-querian-a-hitler\/#primaryimage\"},\"image\":{\"@id\":\"https:\/\/www.noticiasradioreflejos.com.ar\/2021\/kety-scheider-dicen-que-el-pueblo-quiere-a-baamonde-pero-tambien-querian-a-hitler\/#primaryimage\"},\"thumbnailUrl\":\"https:\/\/www.noticiasradioreflejos.com.ar\/2021\/wp-content\/uploads\/2023\/04\/Conferencia-Julio-Baamonde-3.jpg\",\"datePublished\":\"2023-07-17T17:53:32+00:00\",\"author\":{\"@id\":\"https:\/\/www.noticiasradioreflejos.com.ar\/2021\/#\/schema\/person\/ad82545263dcc5ec0996818884fd5fb1\"},\"breadcrumb\":{\"@id\":\"https:\/\/www.noticiasradioreflejos.com.ar\/2021\/kety-scheider-dicen-que-el-pueblo-quiere-a-baamonde-pero-tambien-querian-a-hitler\/#breadcrumb\"},\"inLanguage\":\"es\",\"potentialAction\":[{\"@type\":\"ReadAction\",\"target\":[\"https:\/\/www.noticiasradioreflejos.com.ar\/2021\/kety-scheider-dicen-que-el-pueblo-quiere-a-baamonde-pero-tambien-querian-a-hitler\/\"]}]},{\"@type\":\"ImageObject\",\"inLanguage\":\"es\",\"@id\":\"https:\/\/www.noticiasradioreflejos.com.ar\/2021\/kety-scheider-dicen-que-el-pueblo-quiere-a-baamonde-pero-tambien-querian-a-hitler\/#primaryimage\",\"url\":\"https:\/\/www.noticiasradioreflejos.com.ar\/2021\/wp-content\/uploads\/2023\/04\/Conferencia-Julio-Baamonde-3.jpg\",\"contentUrl\":\"https:\/\/www.noticiasradioreflejos.com.ar\/2021\/wp-content\/uploads\/2023\/04\/Conferencia-Julio-Baamonde-3.jpg\",\"width\":2304,\"height\":1296},{\"@type\":\"BreadcrumbList\",\"@id\":\"https:\/\/www.noticiasradioreflejos.com.ar\/2021\/kety-scheider-dicen-que-el-pueblo-quiere-a-baamonde-pero-tambien-querian-a-hitler\/#breadcrumb\",\"itemListElement\":[{\"@type\":\"ListItem\",\"position\":1,\"name\":\"Portada\",\"item\":\"https:\/\/www.noticiasradioreflejos.com.ar\/2021\/\"},{\"@type\":\"ListItem\",\"position\":2,\"name\":\"Kety Scheider: \u201cDicen que el pueblo quiere a Baamonde pero tambi\u00e9n quer\u00edan a Hitler\u201d\"}]},{\"@type\":\"WebSite\",\"@id\":\"https:\/\/www.noticiasradioreflejos.com.ar\/2021\/#website\",\"url\":\"https:\/\/www.noticiasradioreflejos.com.ar\/2021\/\",\"name\":\"Noticias Radio Reflejos\",\"description\":\"Las noticias de mi comarca\",\"potentialAction\":[{\"@type\":\"SearchAction\",\"target\":{\"@type\":\"EntryPoint\",\"urlTemplate\":\"https:\/\/www.noticiasradioreflejos.com.ar\/2021\/?s={search_term_string}\"},\"query-input\":{\"@type\":\"PropertyValueSpecification\",\"valueRequired\":true,\"valueName\":\"search_term_string\"}}],\"inLanguage\":\"es\"},{\"@type\":\"Person\",\"@id\":\"https:\/\/www.noticiasradioreflejos.com.ar\/2021\/#\/schema\/person\/ad82545263dcc5ec0996818884fd5fb1\",\"name\":\"Arnaldo Botto\",\"image\":{\"@type\":\"ImageObject\",\"inLanguage\":\"es\",\"@id\":\"https:\/\/www.noticiasradioreflejos.com.ar\/2021\/#\/schema\/person\/image\/\",\"url\":\"https:\/\/secure.gravatar.com\/avatar\/55cb5e37c1efa326397366e6974cb338056df65cb50e7d64d1cf314e87504837?s=96&d=mm&r=g\",\"contentUrl\":\"https:\/\/secure.gravatar.com\/avatar\/55cb5e37c1efa326397366e6974cb338056df65cb50e7d64d1cf314e87504837?s=96&d=mm&r=g\",\"caption\":\"Arnaldo Botto\"},\"url\":\"https:\/\/www.noticiasradioreflejos.com.ar\/2021\/author\/arnaldo\/\"}]}<\/script>\n<!-- \/ Yoast SEO plugin. -->","yoast_head_json":{"title":"Kety Scheider: \u201cDicen que el pueblo quiere a Baamonde pero tambi\u00e9n quer\u00edan a Hitler\u201d - Noticias Radio Reflejos","robots":{"index":"index","follow":"follow","max-snippet":"max-snippet:-1","max-image-preview":"max-image-preview:large","max-video-preview":"max-video-preview:-1"},"canonical":"https:\/\/www.noticiasradioreflejos.com.ar\/2021\/kety-scheider-dicen-que-el-pueblo-quiere-a-baamonde-pero-tambien-querian-a-hitler\/","og_locale":"es_ES","og_type":"article","og_title":"Kety Scheider: \u201cDicen que el pueblo quiere a Baamonde pero tambi\u00e9n quer\u00edan a Hitler\u201d - Noticias Radio Reflejos","og_description":"La vecina que sigue en pie de guerra por el nombramiento del delegado de Sierra de la Ventana, ley\u00f3 el comunicado que enviaron a los medios y redobl\u00f3 la apuesta. \u201cEsto est\u00e1 pasando de casta\u00f1o a oscuro\u201d afirm\u00f3.","og_url":"https:\/\/www.noticiasradioreflejos.com.ar\/2021\/kety-scheider-dicen-que-el-pueblo-quiere-a-baamonde-pero-tambien-querian-a-hitler\/","og_site_name":"Noticias Radio Reflejos","article_published_time":"2023-07-17T17:53:32+00:00","og_image":[{"width":2304,"height":1296,"url":"https:\/\/www.noticiasradioreflejos.com.ar\/2021\/wp-content\/uploads\/2023\/04\/Conferencia-Julio-Baamonde-3.jpg","type":"image\/jpeg"}],"author":"Arnaldo Botto","twitter_card":"summary_large_image","schema":{"@context":"https:\/\/schema.org","@graph":[{"@type":"WebPage","@id":"https:\/\/www.noticiasradioreflejos.com.ar\/2021\/kety-scheider-dicen-que-el-pueblo-quiere-a-baamonde-pero-tambien-querian-a-hitler\/","url":"https:\/\/www.noticiasradioreflejos.com.ar\/2021\/kety-scheider-dicen-que-el-pueblo-quiere-a-baamonde-pero-tambien-querian-a-hitler\/","name":"Kety Scheider: \u201cDicen que el pueblo quiere a Baamonde pero tambi\u00e9n quer\u00edan a Hitler\u201d - Noticias Radio Reflejos","isPartOf":{"@id":"https:\/\/www.noticiasradioreflejos.com.ar\/2021\/#website"},"primaryImageOfPage":{"@id":"https:\/\/www.noticiasradioreflejos.com.ar\/2021\/kety-scheider-dicen-que-el-pueblo-quiere-a-baamonde-pero-tambien-querian-a-hitler\/#primaryimage"},"image":{"@id":"https:\/\/www.noticiasradioreflejos.com.ar\/2021\/kety-scheider-dicen-que-el-pueblo-quiere-a-baamonde-pero-tambien-querian-a-hitler\/#primaryimage"},"thumbnailUrl":"https:\/\/www.noticiasradioreflejos.com.ar\/2021\/wp-content\/uploads\/2023\/04\/Conferencia-Julio-Baamonde-3.jpg","datePublished":"2023-07-17T17:53:32+00:00","author":{"@id":"https:\/\/www.noticiasradioreflejos.com.ar\/2021\/#\/schema\/person\/ad82545263dcc5ec0996818884fd5fb1"},"breadcrumb":{"@id":"https:\/\/www.noticiasradioreflejos.com.ar\/2021\/kety-scheider-dicen-que-el-pueblo-quiere-a-baamonde-pero-tambien-querian-a-hitler\/#breadcrumb"},"inLanguage":"es","potentialAction":[{"@type":"ReadAction","target":["https:\/\/www.noticiasradioreflejos.com.ar\/2021\/kety-scheider-dicen-que-el-pueblo-quiere-a-baamonde-pero-tambien-querian-a-hitler\/"]}]},{"@type":"ImageObject","inLanguage":"es","@id":"https:\/\/www.noticiasradioreflejos.com.ar\/2021\/kety-scheider-dicen-que-el-pueblo-quiere-a-baamonde-pero-tambien-querian-a-hitler\/#primaryimage","url":"https:\/\/www.noticiasradioreflejos.com.ar\/2021\/wp-content\/uploads\/2023\/04\/Conferencia-Julio-Baamonde-3.jpg","contentUrl":"https:\/\/www.noticiasradioreflejos.com.ar\/2021\/wp-content\/uploads\/2023\/04\/Conferencia-Julio-Baamonde-3.jpg","width":2304,"height":1296},{"@type":"BreadcrumbList","@id":"https:\/\/www.noticiasradioreflejos.com.ar\/2021\/kety-scheider-dicen-que-el-pueblo-quiere-a-baamonde-pero-tambien-querian-a-hitler\/#breadcrumb","itemListElement":[{"@type":"ListItem","position":1,"name":"Portada","item":"https:\/\/www.noticiasradioreflejos.com.ar\/2021\/"},{"@type":"ListItem","position":2,"name":"Kety Scheider: \u201cDicen que el pueblo quiere a Baamonde pero tambi\u00e9n quer\u00edan a Hitler\u201d"}]},{"@type":"WebSite","@id":"https:\/\/www.noticiasradioreflejos.com.ar\/2021\/#website","url":"https:\/\/www.noticiasradioreflejos.com.ar\/2021\/","name":"Noticias Radio Reflejos","description":"Las noticias de mi comarca","potentialAction":[{"@type":"SearchAction","target":{"@type":"EntryPoint","urlTemplate":"https:\/\/www.noticiasradioreflejos.com.ar\/2021\/?s={search_term_string}"},"query-input":{"@type":"PropertyValueSpecification","valueRequired":true,"valueName":"search_term_string"}}],"inLanguage":"es"},{"@type":"Person","@id":"https:\/\/www.noticiasradioreflejos.com.ar\/2021\/#\/schema\/person\/ad82545263dcc5ec0996818884fd5fb1","name":"Arnaldo Botto","image":{"@type":"ImageObject","inLanguage":"es","@id":"https:\/\/www.noticiasradioreflejos.com.ar\/2021\/#\/schema\/person\/image\/","url":"https:\/\/secure.gravatar.com\/avatar\/55cb5e37c1efa326397366e6974cb338056df65cb50e7d64d1cf314e87504837?s=96&d=mm&r=g","contentUrl":"https:\/\/secure.gravatar.com\/avatar\/55cb5e37c1efa326397366e6974cb338056df65cb50e7d64d1cf314e87504837?s=96&d=mm&r=g","caption":"Arnaldo Botto"},"url":"https:\/\/www.noticiasradioreflejos.com.ar\/2021\/author\/arnaldo\/"}]}},"_links":{"self":[{"href":"https:\/\/www.noticiasradioreflejos.com.ar\/2021\/wp-json\/wp\/v2\/posts\/90532","targetHints":{"allow":["GET"]}}],"collection":[{"href":"https:\/\/www.noticiasradioreflejos.com.ar\/2021\/wp-json\/wp\/v2\/posts"}],"about":[{"href":"https:\/\/www.noticiasradioreflejos.com.ar\/2021\/wp-json\/wp\/v2\/types\/post"}],"author":[{"embeddable":true,"href":"https:\/\/www.noticiasradioreflejos.com.ar\/2021\/wp-json\/wp\/v2\/users\/3"}],"replies":[{"embeddable":true,"href":"https:\/\/www.noticiasradioreflejos.com.ar\/2021\/wp-json\/wp\/v2\/comments?post=90532"}],"version-history":[{"count":3,"href":"https:\/\/www.noticiasradioreflejos.com.ar\/2021\/wp-json\/wp\/v2\/posts\/90532\/revisions"}],"predecessor-version":[{"id":90541,"href":"https:\/\/www.noticiasradioreflejos.com.ar\/2021\/wp-json\/wp\/v2\/posts\/90532\/revisions\/90541"}],"wp:featuredmedia":[{"embeddable":true,"href":"https:\/\/www.noticiasradioreflejos.com.ar\/2021\/wp-json\/wp\/v2\/media\/86363"}],"wp:attachment":[{"href":"https:\/\/www.noticiasradioreflejos.com.ar\/2021\/wp-json\/wp\/v2\/media?parent=90532"}],"wp:term":[{"taxonomy":"category","embeddable":true,"href":"https:\/\/www.noticiasradioreflejos.com.ar\/2021\/wp-json\/wp\/v2\/categories?post=90532"},{"taxonomy":"post_tag","embeddable":true,"href":"https:\/\/www.noticiasradioreflejos.com.ar\/2021\/wp-json\/wp\/v2\/tags?post=90532"}],"curies":[{"name":"wp","href":"https:\/\/api.w.org\/{rel}","templated":true}]}}