{"id":90530,"date":"2023-07-17T18:04:49","date_gmt":"2023-07-17T18:04:49","guid":{"rendered":"https:\/\/www.noticiasradioreflejos.com.ar\/2021\/?p=90530"},"modified":"2023-07-17T18:05:22","modified_gmt":"2023-07-17T18:05:22","slug":"surena-presentara-una-ipa-con-aroma-y-sabor-local","status":"publish","type":"post","link":"https:\/\/www.noticiasradioreflejos.com.ar\/2021\/surena-presentara-una-ipa-con-aroma-y-sabor-local\/","title":{"rendered":"Sure\u00f1a presentar\u00e1 una IPA con aroma y sabor local"},"content":{"rendered":"<p>Joaqu\u00edn Serafini coment\u00f3 que tras casi un lustro de plantaci\u00f3n, consiguieron pelletizar el l\u00fapulo cosechado en la comarca, y de esa manera darle un salto de calidad notorio a su cerveza. A partir del viernes estar\u00e1 disponible.<!--more--><\/p>\n<p><a title=\"Sure\u00f1a (6)\" href=\"https:\/\/www.flickr.com\/photos\/182279889@N02\/53052196237\/in\/dateposted-public\/\" data-flickr-embed=\"true\" data-footer=\"true\"><img loading=\"lazy\" decoding=\"async\" class=\"alignleft\" src=\"https:\/\/live.staticflickr.com\/65535\/53052196237_731ff2d950.jpg\" alt=\"Sure\u00f1a (6)\" width=\"375\" height=\"500\" \/><\/a>Otro enorme paso para la producci\u00f3n local de cerveza artesanal. Sure\u00f1a logr\u00f3 lo que muy pocos han alcanzado dentro de nuestro pa\u00eds: llegar a hacer pellets de su producci\u00f3n de flores de l\u00fapulo.<\/p>\n<p>Al respecto su due\u00f1o y cabeza de proyecto, Joaqu\u00edn Serafini, comenz\u00f3 diciendo que esto es \u201cel laburo que muchas veces que no se ve, que hicimos en el verano, y que hoy est\u00e1 dando sus frutos\u201d.<\/p>\n<p>Para instruir a los lectores, cont\u00f3 que \u201cel l\u00fapulo es la planta que le da el amargor a la cerveza y caracteriza por el aroma a las IPA. Entre las variedades de l\u00fapulo que conseguimos y se pueden ver, est\u00e1 el espalter, pero adem\u00e1s trajimos todas las variedades nacionales, que se bancan muy bien el clima, con la bendici\u00f3n que nos dieron cualquier cantidad de flores desde el primer a\u00f1o\u201d.<\/p>\n<p>Volviendo a su empresa mencion\u00f3 que \u201chace tres a\u00f1os que venimos trabajando con esto, pero ten\u00edamos el problema de que siempre ten\u00edamos que trabajar sobre la flor. Eso se pod\u00eda usar en determinados procesos. Por esta limitaci\u00f3n solo lo pod\u00edamos usar para amargor\u201d.<\/p>\n<p>Seg\u00fan confirm\u00f3, \u201ceste a\u00f1o procesamos 10 kg de flores frescas y nos quedaron 3 kg de secas. Le dije al mayor productor de l\u00fapulo del pa\u00eds que quer\u00eda pelletizarlo para usarlo en una IPA. Me pregunt\u00f3 cu\u00e1nto ten\u00eda, porque \u00e9l trabaja con toneladas. \u00c9l me pas\u00f3 un contacto de Mar del Plata. Ah\u00ed lo llev\u00e9 al lupular Santa Mar\u00eda, que lo hizo gratis. Nos dijeron que estaban muy bien\u201d.<\/p>\n<p>&nbsp;<br \/>\n<a data-flickr-embed=\"true\" data-footer=\"true\" href=\"https:\/\/www.flickr.com\/photos\/182279889@N02\/53052968919\/in\/dateposted-public\/\" title=\"Sure\u00f1a (5)\"><img loading=\"lazy\" decoding=\"async\" src=\"https:\/\/live.staticflickr.com\/65535\/53052968919_4068f7e569.jpg\" width=\"500\" height=\"375\" alt=\"Sure\u00f1a (5)\"\/><\/a><script async src=\"\/\/embedr.flickr.com\/assets\/client-code.js\" charset=\"utf-8\"><\/script><br \/>\n&nbsp;<\/p>\n<p>Con mucho entusiasmo sostuvo que \u201ctras el proceso nos qued\u00f3 2.1kg en pellet, lo que nos permiti\u00f3 hacer IPAs con el aroma y el sabor del l\u00fapulo local. Fue lo primero que hicimos cuando llegamos. El 9 de julio la cocinamos. Fue una alegr\u00eda enorme. \u00a0El otro d\u00eda saqu\u00e9 una prueba del fermentador y es tremendo el aroma que tiene\u201d.<\/p>\n<p>Por \u00faltimo confirm\u00f3 que \u201cpara este viernes estar\u00edamos en condiciones de bajarla. Seg\u00fan nos dijeron en Mar del Plata, pese a que muchos cerveceros plantan l\u00fapulo, son muy pocos los que llegan a tener pellets. Nos dijeron que somos menos de diez los que lo logramos\u201d.<\/p>\n<p><iframe loading=\"lazy\" src=\"https:\/\/w.soundcloud.com\/player\/?url=https%3A\/\/api.soundcloud.com\/tracks\/1567234687&amp;color=%23ff5500&amp;auto_play=false&amp;hide_related=false&amp;show_comments=true&amp;show_user=true&amp;show_reposts=false&amp;show_teaser=true\" width=\"100%\" height=\"166\" frameborder=\"no\" scrolling=\"no\"><\/iframe><\/p>\n<div style=\"font-size: 10px; color: #cccccc; line-break: anywhere; word-break: normal; overflow: hidden; white-space: nowrap; text-overflow: ellipsis; font-family: Interstate,Lucida Grande,Lucida Sans Unicode,Lucida Sans,Garuda,Verdana,Tahoma,sans-serif; font-weight: 100;\"><a style=\"color: #cccccc; text-decoration: none;\" title=\"fmreflejos 103.7\" href=\"https:\/\/soundcloud.com\/fmreflejos-103-7\" target=\"_blank\" rel=\"noopener\">fmreflejos 103.7<\/a> \u00b7 <a style=\"color: #cccccc; text-decoration: none;\" title=\"Joaquin Serafini 17 - 7\" href=\"https:\/\/soundcloud.com\/fmreflejos-103-7\/joaquin-serafini-17-7\" target=\"_blank\" rel=\"noopener\">Joaquin Serafini 17 &#8211; 7<\/a><\/div>\n<p><a data-flickr-embed=\"true\" data-footer=\"true\" href=\"https:\/\/www.flickr.com\/photos\/182279889@N02\/53052784066\/in\/dateposted-public\/\" title=\"Sure\u00f1a (1)\"><img loading=\"lazy\" decoding=\"async\" src=\"https:\/\/live.staticflickr.com\/65535\/53052784066_83e18a2d38.jpg\" width=\"500\" height=\"375\" alt=\"Sure\u00f1a (1)\"\/><\/a><script async src=\"\/\/embedr.flickr.com\/assets\/client-code.js\" charset=\"utf-8\"><\/script><\/p>\n","protected":false},"excerpt":{"rendered":"<p>Joaqu\u00edn Serafini coment\u00f3 que tras casi un lustro de plantaci\u00f3n, consiguieron pelletizar el l\u00fapulo cosechado en la comarca, y de esa manera darle un salto de calidad notorio a su cerveza. A partir del viernes estar\u00e1 disponible.<\/p>\n","protected":false},"author":3,"featured_media":79458,"comment_status":"closed","ping_status":"closed","sticky":false,"template":"","format":"standard","meta":{"footnotes":""},"categories":[46,26,33],"tags":[48],"class_list":["post-90530","post","type-post","status-publish","format-standard","has-post-thumbnail","hentry","category-ciencia-y-tecnologia","category-sociedad","category-turismo","tag-destacada"],"yoast_head":"<!-- This site is optimized with the Yoast SEO plugin v25.9 - https:\/\/yoast.com\/wordpress\/plugins\/seo\/ -->\n<title>Sure\u00f1a presentar\u00e1 una IPA con aroma y sabor local - Noticias Radio Reflejos<\/title>\n<meta name=\"robots\" content=\"index, follow, max-snippet:-1, max-image-preview:large, max-video-preview:-1\" \/>\n<link rel=\"canonical\" href=\"https:\/\/www.noticiasradioreflejos.com.ar\/2021\/surena-presentara-una-ipa-con-aroma-y-sabor-local\/\" \/>\n<meta property=\"og:locale\" content=\"es_ES\" \/>\n<meta property=\"og:type\" content=\"article\" \/>\n<meta property=\"og:title\" content=\"Sure\u00f1a presentar\u00e1 una IPA con aroma y sabor local - Noticias Radio Reflejos\" \/>\n<meta property=\"og:description\" content=\"Joaqu\u00edn Serafini coment\u00f3 que tras casi un lustro de plantaci\u00f3n, consiguieron pelletizar el l\u00fapulo cosechado en la comarca, y de esa manera darle un salto de calidad notorio a su cerveza. A partir del viernes estar\u00e1 disponible.\" \/>\n<meta property=\"og:url\" content=\"https:\/\/www.noticiasradioreflejos.com.ar\/2021\/surena-presentara-una-ipa-con-aroma-y-sabor-local\/\" \/>\n<meta property=\"og:site_name\" content=\"Noticias Radio Reflejos\" \/>\n<meta property=\"article:published_time\" content=\"2023-07-17T18:04:49+00:00\" \/>\n<meta property=\"article:modified_time\" content=\"2023-07-17T18:05:22+00:00\" \/>\n<meta property=\"og:image\" content=\"https:\/\/www.noticiasradioreflejos.com.ar\/2021\/wp-content\/uploads\/2022\/10\/cerveza-Surena.jpg\" \/>\n\t<meta property=\"og:image:width\" content=\"960\" \/>\n\t<meta property=\"og:image:height\" content=\"540\" \/>\n\t<meta property=\"og:image:type\" content=\"image\/jpeg\" \/>\n<meta name=\"author\" content=\"Arnaldo Botto\" \/>\n<meta name=\"twitter:card\" content=\"summary_large_image\" \/>\n<script type=\"application\/ld+json\" class=\"yoast-schema-graph\">{\"@context\":\"https:\/\/schema.org\",\"@graph\":[{\"@type\":\"WebPage\",\"@id\":\"https:\/\/www.noticiasradioreflejos.com.ar\/2021\/surena-presentara-una-ipa-con-aroma-y-sabor-local\/\",\"url\":\"https:\/\/www.noticiasradioreflejos.com.ar\/2021\/surena-presentara-una-ipa-con-aroma-y-sabor-local\/\",\"name\":\"Sure\u00f1a presentar\u00e1 una IPA con aroma y sabor local - Noticias Radio Reflejos\",\"isPartOf\":{\"@id\":\"https:\/\/www.noticiasradioreflejos.com.ar\/2021\/#website\"},\"primaryImageOfPage\":{\"@id\":\"https:\/\/www.noticiasradioreflejos.com.ar\/2021\/surena-presentara-una-ipa-con-aroma-y-sabor-local\/#primaryimage\"},\"image\":{\"@id\":\"https:\/\/www.noticiasradioreflejos.com.ar\/2021\/surena-presentara-una-ipa-con-aroma-y-sabor-local\/#primaryimage\"},\"thumbnailUrl\":\"https:\/\/www.noticiasradioreflejos.com.ar\/2021\/wp-content\/uploads\/2022\/10\/cerveza-Surena.jpg\",\"datePublished\":\"2023-07-17T18:04:49+00:00\",\"dateModified\":\"2023-07-17T18:05:22+00:00\",\"author\":{\"@id\":\"https:\/\/www.noticiasradioreflejos.com.ar\/2021\/#\/schema\/person\/ad82545263dcc5ec0996818884fd5fb1\"},\"breadcrumb\":{\"@id\":\"https:\/\/www.noticiasradioreflejos.com.ar\/2021\/surena-presentara-una-ipa-con-aroma-y-sabor-local\/#breadcrumb\"},\"inLanguage\":\"es\",\"potentialAction\":[{\"@type\":\"ReadAction\",\"target\":[\"https:\/\/www.noticiasradioreflejos.com.ar\/2021\/surena-presentara-una-ipa-con-aroma-y-sabor-local\/\"]}]},{\"@type\":\"ImageObject\",\"inLanguage\":\"es\",\"@id\":\"https:\/\/www.noticiasradioreflejos.com.ar\/2021\/surena-presentara-una-ipa-con-aroma-y-sabor-local\/#primaryimage\",\"url\":\"https:\/\/www.noticiasradioreflejos.com.ar\/2021\/wp-content\/uploads\/2022\/10\/cerveza-Surena.jpg\",\"contentUrl\":\"https:\/\/www.noticiasradioreflejos.com.ar\/2021\/wp-content\/uploads\/2022\/10\/cerveza-Surena.jpg\",\"width\":960,\"height\":540},{\"@type\":\"BreadcrumbList\",\"@id\":\"https:\/\/www.noticiasradioreflejos.com.ar\/2021\/surena-presentara-una-ipa-con-aroma-y-sabor-local\/#breadcrumb\",\"itemListElement\":[{\"@type\":\"ListItem\",\"position\":1,\"name\":\"Portada\",\"item\":\"https:\/\/www.noticiasradioreflejos.com.ar\/2021\/\"},{\"@type\":\"ListItem\",\"position\":2,\"name\":\"Sure\u00f1a presentar\u00e1 una IPA con aroma y sabor local\"}]},{\"@type\":\"WebSite\",\"@id\":\"https:\/\/www.noticiasradioreflejos.com.ar\/2021\/#website\",\"url\":\"https:\/\/www.noticiasradioreflejos.com.ar\/2021\/\",\"name\":\"Noticias Radio Reflejos\",\"description\":\"Las noticias de mi comarca\",\"potentialAction\":[{\"@type\":\"SearchAction\",\"target\":{\"@type\":\"EntryPoint\",\"urlTemplate\":\"https:\/\/www.noticiasradioreflejos.com.ar\/2021\/?s={search_term_string}\"},\"query-input\":{\"@type\":\"PropertyValueSpecification\",\"valueRequired\":true,\"valueName\":\"search_term_string\"}}],\"inLanguage\":\"es\"},{\"@type\":\"Person\",\"@id\":\"https:\/\/www.noticiasradioreflejos.com.ar\/2021\/#\/schema\/person\/ad82545263dcc5ec0996818884fd5fb1\",\"name\":\"Arnaldo Botto\",\"image\":{\"@type\":\"ImageObject\",\"inLanguage\":\"es\",\"@id\":\"https:\/\/www.noticiasradioreflejos.com.ar\/2021\/#\/schema\/person\/image\/\",\"url\":\"https:\/\/secure.gravatar.com\/avatar\/55cb5e37c1efa326397366e6974cb338056df65cb50e7d64d1cf314e87504837?s=96&d=mm&r=g\",\"contentUrl\":\"https:\/\/secure.gravatar.com\/avatar\/55cb5e37c1efa326397366e6974cb338056df65cb50e7d64d1cf314e87504837?s=96&d=mm&r=g\",\"caption\":\"Arnaldo Botto\"},\"url\":\"https:\/\/www.noticiasradioreflejos.com.ar\/2021\/author\/arnaldo\/\"}]}<\/script>\n<!-- \/ Yoast SEO plugin. -->","yoast_head_json":{"title":"Sure\u00f1a presentar\u00e1 una IPA con aroma y sabor local - Noticias Radio Reflejos","robots":{"index":"index","follow":"follow","max-snippet":"max-snippet:-1","max-image-preview":"max-image-preview:large","max-video-preview":"max-video-preview:-1"},"canonical":"https:\/\/www.noticiasradioreflejos.com.ar\/2021\/surena-presentara-una-ipa-con-aroma-y-sabor-local\/","og_locale":"es_ES","og_type":"article","og_title":"Sure\u00f1a presentar\u00e1 una IPA con aroma y sabor local - Noticias Radio Reflejos","og_description":"Joaqu\u00edn Serafini coment\u00f3 que tras casi un lustro de plantaci\u00f3n, consiguieron pelletizar el l\u00fapulo cosechado en la comarca, y de esa manera darle un salto de calidad notorio a su cerveza. A partir del viernes estar\u00e1 disponible.","og_url":"https:\/\/www.noticiasradioreflejos.com.ar\/2021\/surena-presentara-una-ipa-con-aroma-y-sabor-local\/","og_site_name":"Noticias Radio Reflejos","article_published_time":"2023-07-17T18:04:49+00:00","article_modified_time":"2023-07-17T18:05:22+00:00","og_image":[{"width":960,"height":540,"url":"https:\/\/www.noticiasradioreflejos.com.ar\/2021\/wp-content\/uploads\/2022\/10\/cerveza-Surena.jpg","type":"image\/jpeg"}],"author":"Arnaldo Botto","twitter_card":"summary_large_image","schema":{"@context":"https:\/\/schema.org","@graph":[{"@type":"WebPage","@id":"https:\/\/www.noticiasradioreflejos.com.ar\/2021\/surena-presentara-una-ipa-con-aroma-y-sabor-local\/","url":"https:\/\/www.noticiasradioreflejos.com.ar\/2021\/surena-presentara-una-ipa-con-aroma-y-sabor-local\/","name":"Sure\u00f1a presentar\u00e1 una IPA con aroma y sabor local - Noticias Radio Reflejos","isPartOf":{"@id":"https:\/\/www.noticiasradioreflejos.com.ar\/2021\/#website"},"primaryImageOfPage":{"@id":"https:\/\/www.noticiasradioreflejos.com.ar\/2021\/surena-presentara-una-ipa-con-aroma-y-sabor-local\/#primaryimage"},"image":{"@id":"https:\/\/www.noticiasradioreflejos.com.ar\/2021\/surena-presentara-una-ipa-con-aroma-y-sabor-local\/#primaryimage"},"thumbnailUrl":"https:\/\/www.noticiasradioreflejos.com.ar\/2021\/wp-content\/uploads\/2022\/10\/cerveza-Surena.jpg","datePublished":"2023-07-17T18:04:49+00:00","dateModified":"2023-07-17T18:05:22+00:00","author":{"@id":"https:\/\/www.noticiasradioreflejos.com.ar\/2021\/#\/schema\/person\/ad82545263dcc5ec0996818884fd5fb1"},"breadcrumb":{"@id":"https:\/\/www.noticiasradioreflejos.com.ar\/2021\/surena-presentara-una-ipa-con-aroma-y-sabor-local\/#breadcrumb"},"inLanguage":"es","potentialAction":[{"@type":"ReadAction","target":["https:\/\/www.noticiasradioreflejos.com.ar\/2021\/surena-presentara-una-ipa-con-aroma-y-sabor-local\/"]}]},{"@type":"ImageObject","inLanguage":"es","@id":"https:\/\/www.noticiasradioreflejos.com.ar\/2021\/surena-presentara-una-ipa-con-aroma-y-sabor-local\/#primaryimage","url":"https:\/\/www.noticiasradioreflejos.com.ar\/2021\/wp-content\/uploads\/2022\/10\/cerveza-Surena.jpg","contentUrl":"https:\/\/www.noticiasradioreflejos.com.ar\/2021\/wp-content\/uploads\/2022\/10\/cerveza-Surena.jpg","width":960,"height":540},{"@type":"BreadcrumbList","@id":"https:\/\/www.noticiasradioreflejos.com.ar\/2021\/surena-presentara-una-ipa-con-aroma-y-sabor-local\/#breadcrumb","itemListElement":[{"@type":"ListItem","position":1,"name":"Portada","item":"https:\/\/www.noticiasradioreflejos.com.ar\/2021\/"},{"@type":"ListItem","position":2,"name":"Sure\u00f1a presentar\u00e1 una IPA con aroma y sabor local"}]},{"@type":"WebSite","@id":"https:\/\/www.noticiasradioreflejos.com.ar\/2021\/#website","url":"https:\/\/www.noticiasradioreflejos.com.ar\/2021\/","name":"Noticias Radio Reflejos","description":"Las noticias de mi comarca","potentialAction":[{"@type":"SearchAction","target":{"@type":"EntryPoint","urlTemplate":"https:\/\/www.noticiasradioreflejos.com.ar\/2021\/?s={search_term_string}"},"query-input":{"@type":"PropertyValueSpecification","valueRequired":true,"valueName":"search_term_string"}}],"inLanguage":"es"},{"@type":"Person","@id":"https:\/\/www.noticiasradioreflejos.com.ar\/2021\/#\/schema\/person\/ad82545263dcc5ec0996818884fd5fb1","name":"Arnaldo Botto","image":{"@type":"ImageObject","inLanguage":"es","@id":"https:\/\/www.noticiasradioreflejos.com.ar\/2021\/#\/schema\/person\/image\/","url":"https:\/\/secure.gravatar.com\/avatar\/55cb5e37c1efa326397366e6974cb338056df65cb50e7d64d1cf314e87504837?s=96&d=mm&r=g","contentUrl":"https:\/\/secure.gravatar.com\/avatar\/55cb5e37c1efa326397366e6974cb338056df65cb50e7d64d1cf314e87504837?s=96&d=mm&r=g","caption":"Arnaldo Botto"},"url":"https:\/\/www.noticiasradioreflejos.com.ar\/2021\/author\/arnaldo\/"}]}},"_links":{"self":[{"href":"https:\/\/www.noticiasradioreflejos.com.ar\/2021\/wp-json\/wp\/v2\/posts\/90530","targetHints":{"allow":["GET"]}}],"collection":[{"href":"https:\/\/www.noticiasradioreflejos.com.ar\/2021\/wp-json\/wp\/v2\/posts"}],"about":[{"href":"https:\/\/www.noticiasradioreflejos.com.ar\/2021\/wp-json\/wp\/v2\/types\/post"}],"author":[{"embeddable":true,"href":"https:\/\/www.noticiasradioreflejos.com.ar\/2021\/wp-json\/wp\/v2\/users\/3"}],"replies":[{"embeddable":true,"href":"https:\/\/www.noticiasradioreflejos.com.ar\/2021\/wp-json\/wp\/v2\/comments?post=90530"}],"version-history":[{"count":2,"href":"https:\/\/www.noticiasradioreflejos.com.ar\/2021\/wp-json\/wp\/v2\/posts\/90530\/revisions"}],"predecessor-version":[{"id":90542,"href":"https:\/\/www.noticiasradioreflejos.com.ar\/2021\/wp-json\/wp\/v2\/posts\/90530\/revisions\/90542"}],"wp:featuredmedia":[{"embeddable":true,"href":"https:\/\/www.noticiasradioreflejos.com.ar\/2021\/wp-json\/wp\/v2\/media\/79458"}],"wp:attachment":[{"href":"https:\/\/www.noticiasradioreflejos.com.ar\/2021\/wp-json\/wp\/v2\/media?parent=90530"}],"wp:term":[{"taxonomy":"category","embeddable":true,"href":"https:\/\/www.noticiasradioreflejos.com.ar\/2021\/wp-json\/wp\/v2\/categories?post=90530"},{"taxonomy":"post_tag","embeddable":true,"href":"https:\/\/www.noticiasradioreflejos.com.ar\/2021\/wp-json\/wp\/v2\/tags?post=90530"}],"curies":[{"name":"wp","href":"https:\/\/api.w.org\/{rel}","templated":true}]}}