{"id":90526,"date":"2023-07-17T13:59:32","date_gmt":"2023-07-17T13:59:32","guid":{"rendered":"https:\/\/www.noticiasradioreflejos.com.ar\/2021\/?p=90526"},"modified":"2023-07-17T13:59:32","modified_gmt":"2023-07-17T13:59:32","slug":"sierra-de-la-ventana-con-ola-de-frio-polar-tuvo-5-como-estara-el-tiempo-esta-semana","status":"publish","type":"post","link":"https:\/\/www.noticiasradioreflejos.com.ar\/2021\/sierra-de-la-ventana-con-ola-de-frio-polar-tuvo-5-como-estara-el-tiempo-esta-semana\/","title":{"rendered":"Sierra de la Ventana con ola de fr\u00edo polar tuvo -5\u00b0: c\u00f3mo estar\u00e1 el tiempo esta semana"},"content":{"rendered":"<header class=\"d23_article-header-wrapper\">\n<div class=\"d23-article-header \">\n<p class=\"d23-article-subheadline left \">El Servicio Meteorol\u00f3gico Nacional emiti\u00f3 una alerta amarilla por temperaturas extremas en la Ciudad de Buenos Aires y otras 12 provincias. En Tornquist la t\u00e9rmica marc\u00f3 -7\u00b0<\/p>\n<\/div>\n<\/header>\n<p><!--more--><\/p>\n<article class=\"article\">\n<div class=\"d23-sharebar-container\"><\/div>\n<div class=\"d23-body-article\">\n<div class=\"visual__image\"><img loading=\"lazy\" decoding=\"async\" class=\"\" src=\"https:\/\/www.infobae.com\/new-resizer\/SNgg1ZWLvIrspUlT-ZJYyOf6TlA=\/filters:format(webp):quality(85)\/cloudfront-us-east-1.images.arcpublishing.com\/infobae\/4XCH6KACKJHFLCEHRXZLTB2S6I.jpg\" sizes=\"auto, (min-width: 800px) 50vw, 90vw\" srcset=\"https:\/\/www.infobae.com\/new-resizer\/zjTbxLAwb-Bkw3XepIUF_4kLcnY=\/420x236\/filters:format(webp):quality(85)\/cloudfront-us-east-1.images.arcpublishing.com\/infobae\/4XCH6KACKJHFLCEHRXZLTB2S6I.jpg 420w,https:\/\/www.infobae.com\/new-resizer\/rSRjTe8fDVji3trrnQe9MiYTbAk=\/768x432\/filters:format(webp):quality(85)\/cloudfront-us-east-1.images.arcpublishing.com\/infobae\/4XCH6KACKJHFLCEHRXZLTB2S6I.jpg 768w,https:\/\/www.infobae.com\/new-resizer\/9Zyu-bECdp0-AcXmvC_Rxdybv-c=\/992x558\/filters:format(webp):quality(85)\/cloudfront-us-east-1.images.arcpublishing.com\/infobae\/4XCH6KACKJHFLCEHRXZLTB2S6I.jpg 992w,https:\/\/www.infobae.com\/new-resizer\/jPKWDOzTaBW_BEo0yn8tj2u86no=\/1200x675\/filters:format(webp):quality(85)\/cloudfront-us-east-1.images.arcpublishing.com\/infobae\/4XCH6KACKJHFLCEHRXZLTB2S6I.jpg 1200w,https:\/\/www.infobae.com\/new-resizer\/g0W5Q2pIk3NPMYPMO9AhUAinnFY=\/1440x810\/filters:format(webp):quality(85)\/cloudfront-us-east-1.images.arcpublishing.com\/infobae\/4XCH6KACKJHFLCEHRXZLTB2S6I.jpg 1440w\" alt=\"Las bajas temperaturas golpear\u00e1n a la Ciudad desde el comienzo de la semana (T\u00e9lam)\" width=\"1920\" height=\"1079\" \/>Las bajas temperaturas golpear\u00e1n a la Ciudad desde el comienzo de la semana (T\u00e9lam)<\/div>\n<p data-mrf-recirculation=\"Links inline\">\n<p class=\"paragraph\" data-mrf-recirculation=\"Links inline\">La ola de fr\u00edo polar se har\u00e1 notar sobre todo en el comienzo de la semana aunque, con el pasar de los d\u00edas,<b>\u00a0la temperatura ir\u00e1 en aumento.<\/b>\u00a0De los 2 grados de m\u00ednima pronosticados para el martes se llegar\u00e1 a los 24 grados de m\u00e1xima previstos para el domingo, sin probabilidad de lluvias.<\/p>\n<p class=\"paragraph\" data-mrf-recirculation=\"Links inline\">Para hoy, el\u00a0<b>Servicio Meteorol\u00f3gico Nacional (SMN)<\/b>\u00a0emiti\u00f3 una\u00a0<b>alerta amarilla por temperaturas extremas por fr\u00edo<\/b>\u00a0para todo el\u00a0<b>\u00c1rea Metropolitana de Buenos Aires<\/b>, las cuales podr\u00edan ser peligrosas y causar efectos leves a moderados en la salud, especialmente para los grupos de riesgo, como ni\u00f1os y ni\u00f1as, personas mayores de 65 a\u00f1os, con enfermedades cr\u00f3nicas.<\/p>\n<p class=\"paragraph\" data-mrf-recirculation=\"Links inline\">Durante las primeras horas de este\u00a0<b>lunes,\u00a0<\/b>la temperatura llegar\u00e1 apenas a los 3\u00b0 y la m\u00e1xima solo alcanzar\u00e1 a los 10 grados, con un cielo parcialmente nublado que se mantendr\u00e1 hasta la noche, cuando se pondr\u00e1 algo nublado. Los vientos ser\u00e1n variables del sector sur y rotar\u00e1n al suroeste y luego al sudeste, seg\u00fan el SMN.<\/p>\n<p class=\"paragraph\" data-mrf-recirculation=\"Links inline\">Un d\u00eda muy parecido se pronostica tambi\u00e9n para el\u00a0<b>martes<\/b>. Con un cielo de parcialmente a algo nublado,<b>\u00a0la m\u00ednima estar\u00e1 en los 2\u00b0<\/b>\u00a0y la m\u00e1xima en apenas 12 grados. Los vientos soplar\u00e1n variables del sector noreste y rotar\u00e1n al norte primero y al este despu\u00e9s.<\/p>\n<p class=\"paragraph\" data-mrf-recirculation=\"Links inline\">Ante el fr\u00edo extremo, el Ministerio de la Salud recomienda evitar exponerse por tiempo prolongado al exterior; abrigarse con muchas capas de ropa liviana; generar un mayor calor corporal mediante el movimiento (caminar, levantarse y sentarse, mover las extremidades, etc); mantener la casa calefaccionada de forma segura y evitar los cambios bruscos de temperatura, ya que pueden provocar enfermedades del sistema respiratorio.<\/p>\n<p class=\"paragraph\" data-mrf-recirculation=\"Links inline\">Asimismo, de acuerdo a la informaci\u00f3n oficial, se aconseja tomar mucho l\u00edquido y evitar el consumo de bebidas alcoh\u00f3licas y, en caso de verse afectado por el fr\u00edo, no automedicarse, consultar con un m\u00e9dico o dirigirse al centro de salud m\u00e1s cercano.<\/p>\n<div class=\"rawHTML raw_html \"><iframe loading=\"lazy\" src=\"https:\/\/embed.windy.com\/embed2.html?lat=-34.621&amp;lon=-58.429&amp;detailLat=-36.283&amp;detailLon=-61.012&amp;width=650&amp;height=450&amp;zoom=11&amp;level=surface&amp;overlay=temp&amp;product=ecmwf&amp;menu=&amp;message=&amp;marker=&amp;calendar=now&amp;pressure=&amp;type=map&amp;location=coordinates&amp;detail=&amp;metricWind=default&amp;metricTemp=default&amp;radarRange=-1\" width=\"650\" height=\"450\" frameborder=\"0\"><\/iframe><\/div>\n<p class=\"paragraph\" data-mrf-recirculation=\"Links inline\">En tanto, el\u00a0<b>mi\u00e9rcoles<\/b>\u00a0aunque apenas perceptible las marcas t\u00e9rmicas estar\u00e1n algunos grados m\u00e1s altas. El cielo de parcial a mayormente nublado estar\u00e1 acompa\u00f1ado de unos 4\u00b0 de m\u00ednima y 13 grados de m\u00e1xima con vientos predominantes del sector norte.<\/p>\n<p class=\"paragraph\" data-mrf-recirculation=\"Links inline\">Ya el aumento aunque leve de las temperaturas estar\u00e1 dado desde el\u00a0<b>jueves<\/b>. Un cielo parcialmente nublado previsto para toda la jornada tendr\u00e1 unos 15\u00b0 de m\u00e1xima y 10 grados de m\u00ednima con vientos variables del sector norte que rotar\u00e1n al noroeste.<\/p>\n<p class=\"paragraph\" data-mrf-recirculation=\"Links inline\">En el mejor d\u00eda de la semana, el\u00a0<b>viernes<\/b>, est\u00e1 previsto que comience uno de los tres d\u00edas casi oto\u00f1ales. Con cielo de parcial a mayormente nublado los 13\u00b0 de m\u00ednima apenas se har\u00e1n sentir con respecto a los agradable 18 grados de m\u00e1xima previstos para las horas de la tarde. Los vientos soplar\u00e1n predominantes del sector noreste.<\/p>\n<p class=\"paragraph\" data-mrf-recirculation=\"Links inline\">El<b>\u00a0s\u00e1bado<\/b>\u00a0en el inicio del fin de semana, el \u201cmini oto\u00f1o\u201d continuar\u00e1 dando un respiro a los porte\u00f1os con 23\u00b0 de m\u00e1xima y 15 grados de m\u00ednima, ideales para disfrutar aunque abrigados del aire libre.<\/p>\n<p class=\"paragraph\" data-mrf-recirculation=\"Links inline\">Finalmente el\u00a0<b>domingo<\/b>, otro d\u00eda oto\u00f1al se espera para la Ciudad de Buenos Aires y alrededores con condiciones clim\u00e1tica similares a las de la jornada anterior. Las marcas t\u00e9rmicas oscilar\u00e1n entre los 24\u00b0 de m\u00e1xima y los 15 grados de m\u00ednima con cielo nublado y vientos predominantes del sector norte.<\/p>\n<div class=\"visual__image\"><img loading=\"lazy\" decoding=\"async\" class=\"\" src=\"https:\/\/www.infobae.com\/new-resizer\/zfE0uMTJnxjSOI721hazctKo0Nw=\/filters:format(webp):quality(85)\/cloudfront-us-east-1.images.arcpublishing.com\/infobae\/GSOPLRRZVFA35DLXL5MJAA24UQ.jpg\" sizes=\"auto, (min-width: 800px) 50vw, 90vw\" srcset=\"https:\/\/www.infobae.com\/new-resizer\/TSZgwUZw5cFF-vGNXk5CFSBIDyg=\/420x236\/filters:format(webp):quality(85)\/cloudfront-us-east-1.images.arcpublishing.com\/infobae\/GSOPLRRZVFA35DLXL5MJAA24UQ.jpg 420w,https:\/\/www.infobae.com\/new-resizer\/dl-vW6WVjxbdOuahERFhY37co8A=\/768x432\/filters:format(webp):quality(85)\/cloudfront-us-east-1.images.arcpublishing.com\/infobae\/GSOPLRRZVFA35DLXL5MJAA24UQ.jpg 768w,https:\/\/www.infobae.com\/new-resizer\/js0BL907j5lMuy0IkK7rvZjEOSc=\/992x558\/filters:format(webp):quality(85)\/cloudfront-us-east-1.images.arcpublishing.com\/infobae\/GSOPLRRZVFA35DLXL5MJAA24UQ.jpg 992w,https:\/\/www.infobae.com\/new-resizer\/VQ7O4RC4IDbvDE7VbPx7GfETNGI=\/1200x675\/filters:format(webp):quality(85)\/cloudfront-us-east-1.images.arcpublishing.com\/infobae\/GSOPLRRZVFA35DLXL5MJAA24UQ.jpg 1200w,https:\/\/www.infobae.com\/new-resizer\/K6X0qOg0DkG25bQD7xt_I210D6E=\/1440x810\/filters:format(webp):quality(85)\/cloudfront-us-east-1.images.arcpublishing.com\/infobae\/GSOPLRRZVFA35DLXL5MJAA24UQ.jpg 1440w\" alt=\"Seg\u00fan prev\u00e9 el SMN desde el viernes los porte\u00f1os tendr\u00e1n d\u00edas casi oto\u00f1ales con m\u00e1ximas de 24 grados para el domingo (Maximiliano Luna)\" width=\"1920\" height=\"1080\" \/>Seg\u00fan prev\u00e9 el SMN desde el viernes los porte\u00f1os tendr\u00e1n d\u00edas casi oto\u00f1ales con m\u00e1ximas de 24 grados para el domingo (Maximiliano Luna)<\/div>\n<h2 class=\"header d23-headline-class-h2\">Alerta por fr\u00edo en m\u00e1s de 10 provincias<\/h2>\n<p class=\"paragraph\" data-mrf-recirculation=\"Links inline\">Este lunes, el SMN emiti\u00f3 una alerta amarilla por temperaturas extremas por fr\u00edo en m\u00e1s de 10 provincias. Adem\u00e1s del AMBA, la advertencia rige para casi toda la\u00a0<b>provincia de Buenos Aires<\/b>, y gran parte de las provincias de\u00a0<b>Entre R\u00edos, Corrientes, Santiago del Estero, Santa Fe, La Pampa, San Luis, C\u00f3rdoba, Mendoza, Neuqu\u00e9n, R\u00edo Negro, Chubut y Santa Cruz.<\/b><\/p>\n<div class=\"visual__image\"><img loading=\"lazy\" decoding=\"async\" class=\"\" src=\"https:\/\/www.infobae.com\/new-resizer\/UNHc9PsCr64W2H4k6kBJe04B8d8=\/filters:format(webp):quality(85)\/cloudfront-us-east-1.images.arcpublishing.com\/infobae\/JWGE6TNDXJFETLYESIMYI7B6IU.jpg\" sizes=\"auto, (min-width: 800px) 50vw, 90vw\" srcset=\"https:\/\/www.infobae.com\/new-resizer\/DyYVFmCemB0Dp48RSysL5NhEbMc=\/420x747\/filters:format(webp):quality(85)\/cloudfront-us-east-1.images.arcpublishing.com\/infobae\/JWGE6TNDXJFETLYESIMYI7B6IU.jpg 420w,https:\/\/www.infobae.com\/new-resizer\/e53W_0-aApIaPC9zhjJA56H05B4=\/768x1365\/filters:format(webp):quality(85)\/cloudfront-us-east-1.images.arcpublishing.com\/infobae\/JWGE6TNDXJFETLYESIMYI7B6IU.jpg 768w,https:\/\/www.infobae.com\/new-resizer\/rjZKWQVpCvt1cyyHDIikp0F63mY=\/992x1764\/filters:format(webp):quality(85)\/cloudfront-us-east-1.images.arcpublishing.com\/infobae\/JWGE6TNDXJFETLYESIMYI7B6IU.jpg 992w,https:\/\/www.infobae.com\/new-resizer\/Pp8I5b33JBARWfhGi8FRZ8kV_4I=\/1200x2133\/filters:format(webp):quality(85)\/cloudfront-us-east-1.images.arcpublishing.com\/infobae\/JWGE6TNDXJFETLYESIMYI7B6IU.jpg 1200w\" alt=\"El mapa de alertas del SMN. \" width=\"1920\" height=\"3254\" \/>El mapa de alertas del SMN.<\/div>\n<p class=\"paragraph\" data-mrf-recirculation=\"Links inline\">El pron\u00f3stico semanal coincide con lo expresado por el SMN en su \u00faltimo informe trimestral. All\u00ed, se sostuvo que se espera\u00a0<b>un invierno con temperaturas y precipitaciones superiores a las habituales<\/b>\u00a0para dicha estaci\u00f3n del a\u00f1o en las regiones centro y norte del pa\u00eds.<\/p>\n<p class=\"paragraph\" data-mrf-recirculation=\"Links inline\">Sobre ello, Cindy Fern\u00e1ndez, difusora del SMN, afirm\u00f3 que \u201cse espera que este invierno en todo el centro del pa\u00eds haya temperaturas superiores a las normales para dicha estaci\u00f3n\u201d, aunque aclar\u00f3:\u00a0<b>\u201cNo quiere decir que vaya a ser caluroso\u201d<\/b>\u00a0y agreg\u00f3 que \u201cva a hacer fr\u00edo, pero se espera que sea\u00a0<b>un invierno bastante ben\u00e9volo con respecto a otros<\/b>\u201d.<\/p>\n<p class=\"paragraph\" data-mrf-recirculation=\"Links inline\">En cuanto a los motivos de este fen\u00f3meno, Fern\u00e1ndez detall\u00f3: \u201cPor supuesto que va a haber ingresos de aire fr\u00edo, como el que se espera para esta semana, pero lo que se prev\u00e9 es que durante el invierno predomine una circulaci\u00f3n de la atm\u00f3sfera que no favorezca el ingreso de aire fr\u00edo de manera recurrente\u201d.<\/p>\n<p class=\"paragraph\" data-mrf-recirculation=\"Links inline\">Este escenario le dar\u00eda continuidad a lo vivido durante el presente\u00a0<b>oto\u00f1o<\/b>, que seg\u00fan la informaci\u00f3n preliminar\u00a0<b>se posicionar\u00eda dentro de los tres m\u00e1s calurosos de la historia, junto con los de 2009 y 2015<\/b>.<\/p>\n<\/div>\n<\/article>\n","protected":false},"excerpt":{"rendered":"<p>El Servicio Meteorol\u00f3gico Nacional emiti\u00f3 una alerta amarilla por temperaturas extremas en la Ciudad de Buenos Aires y otras 12 provincias. En Tornquist la t\u00e9rmica marc\u00f3 -7\u00b0<\/p>\n","protected":false},"author":3,"featured_media":0,"comment_status":"closed","ping_status":"closed","sticky":false,"template":"","format":"standard","meta":{"footnotes":""},"categories":[46],"tags":[48],"class_list":["post-90526","post","type-post","status-publish","format-standard","hentry","category-ciencia-y-tecnologia","tag-destacada"],"yoast_head":"<!-- This site is optimized with the Yoast SEO plugin v25.9 - https:\/\/yoast.com\/wordpress\/plugins\/seo\/ -->\n<title>Sierra de la Ventana con ola de fr\u00edo polar tuvo -5\u00b0: c\u00f3mo estar\u00e1 el tiempo esta semana - Noticias Radio Reflejos<\/title>\n<meta name=\"robots\" content=\"index, follow, max-snippet:-1, max-image-preview:large, max-video-preview:-1\" \/>\n<link rel=\"canonical\" href=\"https:\/\/www.noticiasradioreflejos.com.ar\/2021\/sierra-de-la-ventana-con-ola-de-frio-polar-tuvo-5-como-estara-el-tiempo-esta-semana\/\" \/>\n<meta property=\"og:locale\" content=\"es_ES\" \/>\n<meta property=\"og:type\" content=\"article\" \/>\n<meta property=\"og:title\" content=\"Sierra de la Ventana con ola de fr\u00edo polar tuvo -5\u00b0: c\u00f3mo estar\u00e1 el tiempo esta semana - Noticias Radio Reflejos\" \/>\n<meta property=\"og:description\" content=\"El Servicio Meteorol\u00f3gico Nacional emiti\u00f3 una alerta amarilla por temperaturas extremas en la Ciudad de Buenos Aires y otras 12 provincias. En Tornquist la t\u00e9rmica marc\u00f3 -7\u00b0\" \/>\n<meta property=\"og:url\" content=\"https:\/\/www.noticiasradioreflejos.com.ar\/2021\/sierra-de-la-ventana-con-ola-de-frio-polar-tuvo-5-como-estara-el-tiempo-esta-semana\/\" \/>\n<meta property=\"og:site_name\" content=\"Noticias Radio Reflejos\" \/>\n<meta property=\"article:published_time\" content=\"2023-07-17T13:59:32+00:00\" \/>\n<meta property=\"og:image\" content=\"https:\/\/www.infobae.com\/new-resizer\/SNgg1ZWLvIrspUlT-ZJYyOf6TlA=\/filters:format(webp):quality(85)\/cloudfront-us-east-1.images.arcpublishing.com\/infobae\/4XCH6KACKJHFLCEHRXZLTB2S6I.jpg\" \/>\n<meta name=\"author\" content=\"Arnaldo Botto\" \/>\n<meta name=\"twitter:card\" content=\"summary_large_image\" \/>\n<script type=\"application\/ld+json\" class=\"yoast-schema-graph\">{\"@context\":\"https:\/\/schema.org\",\"@graph\":[{\"@type\":\"WebPage\",\"@id\":\"https:\/\/www.noticiasradioreflejos.com.ar\/2021\/sierra-de-la-ventana-con-ola-de-frio-polar-tuvo-5-como-estara-el-tiempo-esta-semana\/\",\"url\":\"https:\/\/www.noticiasradioreflejos.com.ar\/2021\/sierra-de-la-ventana-con-ola-de-frio-polar-tuvo-5-como-estara-el-tiempo-esta-semana\/\",\"name\":\"Sierra de la Ventana con ola de fr\u00edo polar tuvo -5\u00b0: c\u00f3mo estar\u00e1 el tiempo esta semana - Noticias Radio Reflejos\",\"isPartOf\":{\"@id\":\"https:\/\/www.noticiasradioreflejos.com.ar\/2021\/#website\"},\"primaryImageOfPage\":{\"@id\":\"https:\/\/www.noticiasradioreflejos.com.ar\/2021\/sierra-de-la-ventana-con-ola-de-frio-polar-tuvo-5-como-estara-el-tiempo-esta-semana\/#primaryimage\"},\"image\":{\"@id\":\"https:\/\/www.noticiasradioreflejos.com.ar\/2021\/sierra-de-la-ventana-con-ola-de-frio-polar-tuvo-5-como-estara-el-tiempo-esta-semana\/#primaryimage\"},\"thumbnailUrl\":\"https:\/\/www.infobae.com\/new-resizer\/SNgg1ZWLvIrspUlT-ZJYyOf6TlA=\/filters:format(webp):quality(85)\/cloudfront-us-east-1.images.arcpublishing.com\/infobae\/4XCH6KACKJHFLCEHRXZLTB2S6I.jpg\",\"datePublished\":\"2023-07-17T13:59:32+00:00\",\"author\":{\"@id\":\"https:\/\/www.noticiasradioreflejos.com.ar\/2021\/#\/schema\/person\/ad82545263dcc5ec0996818884fd5fb1\"},\"breadcrumb\":{\"@id\":\"https:\/\/www.noticiasradioreflejos.com.ar\/2021\/sierra-de-la-ventana-con-ola-de-frio-polar-tuvo-5-como-estara-el-tiempo-esta-semana\/#breadcrumb\"},\"inLanguage\":\"es\",\"potentialAction\":[{\"@type\":\"ReadAction\",\"target\":[\"https:\/\/www.noticiasradioreflejos.com.ar\/2021\/sierra-de-la-ventana-con-ola-de-frio-polar-tuvo-5-como-estara-el-tiempo-esta-semana\/\"]}]},{\"@type\":\"ImageObject\",\"inLanguage\":\"es\",\"@id\":\"https:\/\/www.noticiasradioreflejos.com.ar\/2021\/sierra-de-la-ventana-con-ola-de-frio-polar-tuvo-5-como-estara-el-tiempo-esta-semana\/#primaryimage\",\"url\":\"https:\/\/www.infobae.com\/new-resizer\/SNgg1ZWLvIrspUlT-ZJYyOf6TlA=\/filters:format(webp):quality(85)\/cloudfront-us-east-1.images.arcpublishing.com\/infobae\/4XCH6KACKJHFLCEHRXZLTB2S6I.jpg\",\"contentUrl\":\"https:\/\/www.infobae.com\/new-resizer\/SNgg1ZWLvIrspUlT-ZJYyOf6TlA=\/filters:format(webp):quality(85)\/cloudfront-us-east-1.images.arcpublishing.com\/infobae\/4XCH6KACKJHFLCEHRXZLTB2S6I.jpg\"},{\"@type\":\"BreadcrumbList\",\"@id\":\"https:\/\/www.noticiasradioreflejos.com.ar\/2021\/sierra-de-la-ventana-con-ola-de-frio-polar-tuvo-5-como-estara-el-tiempo-esta-semana\/#breadcrumb\",\"itemListElement\":[{\"@type\":\"ListItem\",\"position\":1,\"name\":\"Portada\",\"item\":\"https:\/\/www.noticiasradioreflejos.com.ar\/2021\/\"},{\"@type\":\"ListItem\",\"position\":2,\"name\":\"Sierra de la Ventana con ola de fr\u00edo polar tuvo -5\u00b0: c\u00f3mo estar\u00e1 el tiempo esta semana\"}]},{\"@type\":\"WebSite\",\"@id\":\"https:\/\/www.noticiasradioreflejos.com.ar\/2021\/#website\",\"url\":\"https:\/\/www.noticiasradioreflejos.com.ar\/2021\/\",\"name\":\"Noticias Radio Reflejos\",\"description\":\"Las noticias de mi comarca\",\"potentialAction\":[{\"@type\":\"SearchAction\",\"target\":{\"@type\":\"EntryPoint\",\"urlTemplate\":\"https:\/\/www.noticiasradioreflejos.com.ar\/2021\/?s={search_term_string}\"},\"query-input\":{\"@type\":\"PropertyValueSpecification\",\"valueRequired\":true,\"valueName\":\"search_term_string\"}}],\"inLanguage\":\"es\"},{\"@type\":\"Person\",\"@id\":\"https:\/\/www.noticiasradioreflejos.com.ar\/2021\/#\/schema\/person\/ad82545263dcc5ec0996818884fd5fb1\",\"name\":\"Arnaldo Botto\",\"image\":{\"@type\":\"ImageObject\",\"inLanguage\":\"es\",\"@id\":\"https:\/\/www.noticiasradioreflejos.com.ar\/2021\/#\/schema\/person\/image\/\",\"url\":\"https:\/\/secure.gravatar.com\/avatar\/55cb5e37c1efa326397366e6974cb338056df65cb50e7d64d1cf314e87504837?s=96&d=mm&r=g\",\"contentUrl\":\"https:\/\/secure.gravatar.com\/avatar\/55cb5e37c1efa326397366e6974cb338056df65cb50e7d64d1cf314e87504837?s=96&d=mm&r=g\",\"caption\":\"Arnaldo Botto\"},\"url\":\"https:\/\/www.noticiasradioreflejos.com.ar\/2021\/author\/arnaldo\/\"}]}<\/script>\n<!-- \/ Yoast SEO plugin. -->","yoast_head_json":{"title":"Sierra de la Ventana con ola de fr\u00edo polar tuvo -5\u00b0: c\u00f3mo estar\u00e1 el tiempo esta semana - Noticias Radio Reflejos","robots":{"index":"index","follow":"follow","max-snippet":"max-snippet:-1","max-image-preview":"max-image-preview:large","max-video-preview":"max-video-preview:-1"},"canonical":"https:\/\/www.noticiasradioreflejos.com.ar\/2021\/sierra-de-la-ventana-con-ola-de-frio-polar-tuvo-5-como-estara-el-tiempo-esta-semana\/","og_locale":"es_ES","og_type":"article","og_title":"Sierra de la Ventana con ola de fr\u00edo polar tuvo -5\u00b0: c\u00f3mo estar\u00e1 el tiempo esta semana - Noticias Radio Reflejos","og_description":"El Servicio Meteorol\u00f3gico Nacional emiti\u00f3 una alerta amarilla por temperaturas extremas en la Ciudad de Buenos Aires y otras 12 provincias. En Tornquist la t\u00e9rmica marc\u00f3 -7\u00b0","og_url":"https:\/\/www.noticiasradioreflejos.com.ar\/2021\/sierra-de-la-ventana-con-ola-de-frio-polar-tuvo-5-como-estara-el-tiempo-esta-semana\/","og_site_name":"Noticias Radio Reflejos","article_published_time":"2023-07-17T13:59:32+00:00","og_image":[{"url":"https:\/\/www.infobae.com\/new-resizer\/SNgg1ZWLvIrspUlT-ZJYyOf6TlA=\/filters:format(webp):quality(85)\/cloudfront-us-east-1.images.arcpublishing.com\/infobae\/4XCH6KACKJHFLCEHRXZLTB2S6I.jpg","type":"","width":"","height":""}],"author":"Arnaldo Botto","twitter_card":"summary_large_image","schema":{"@context":"https:\/\/schema.org","@graph":[{"@type":"WebPage","@id":"https:\/\/www.noticiasradioreflejos.com.ar\/2021\/sierra-de-la-ventana-con-ola-de-frio-polar-tuvo-5-como-estara-el-tiempo-esta-semana\/","url":"https:\/\/www.noticiasradioreflejos.com.ar\/2021\/sierra-de-la-ventana-con-ola-de-frio-polar-tuvo-5-como-estara-el-tiempo-esta-semana\/","name":"Sierra de la Ventana con ola de fr\u00edo polar tuvo -5\u00b0: c\u00f3mo estar\u00e1 el tiempo esta semana - Noticias Radio Reflejos","isPartOf":{"@id":"https:\/\/www.noticiasradioreflejos.com.ar\/2021\/#website"},"primaryImageOfPage":{"@id":"https:\/\/www.noticiasradioreflejos.com.ar\/2021\/sierra-de-la-ventana-con-ola-de-frio-polar-tuvo-5-como-estara-el-tiempo-esta-semana\/#primaryimage"},"image":{"@id":"https:\/\/www.noticiasradioreflejos.com.ar\/2021\/sierra-de-la-ventana-con-ola-de-frio-polar-tuvo-5-como-estara-el-tiempo-esta-semana\/#primaryimage"},"thumbnailUrl":"https:\/\/www.infobae.com\/new-resizer\/SNgg1ZWLvIrspUlT-ZJYyOf6TlA=\/filters:format(webp):quality(85)\/cloudfront-us-east-1.images.arcpublishing.com\/infobae\/4XCH6KACKJHFLCEHRXZLTB2S6I.jpg","datePublished":"2023-07-17T13:59:32+00:00","author":{"@id":"https:\/\/www.noticiasradioreflejos.com.ar\/2021\/#\/schema\/person\/ad82545263dcc5ec0996818884fd5fb1"},"breadcrumb":{"@id":"https:\/\/www.noticiasradioreflejos.com.ar\/2021\/sierra-de-la-ventana-con-ola-de-frio-polar-tuvo-5-como-estara-el-tiempo-esta-semana\/#breadcrumb"},"inLanguage":"es","potentialAction":[{"@type":"ReadAction","target":["https:\/\/www.noticiasradioreflejos.com.ar\/2021\/sierra-de-la-ventana-con-ola-de-frio-polar-tuvo-5-como-estara-el-tiempo-esta-semana\/"]}]},{"@type":"ImageObject","inLanguage":"es","@id":"https:\/\/www.noticiasradioreflejos.com.ar\/2021\/sierra-de-la-ventana-con-ola-de-frio-polar-tuvo-5-como-estara-el-tiempo-esta-semana\/#primaryimage","url":"https:\/\/www.infobae.com\/new-resizer\/SNgg1ZWLvIrspUlT-ZJYyOf6TlA=\/filters:format(webp):quality(85)\/cloudfront-us-east-1.images.arcpublishing.com\/infobae\/4XCH6KACKJHFLCEHRXZLTB2S6I.jpg","contentUrl":"https:\/\/www.infobae.com\/new-resizer\/SNgg1ZWLvIrspUlT-ZJYyOf6TlA=\/filters:format(webp):quality(85)\/cloudfront-us-east-1.images.arcpublishing.com\/infobae\/4XCH6KACKJHFLCEHRXZLTB2S6I.jpg"},{"@type":"BreadcrumbList","@id":"https:\/\/www.noticiasradioreflejos.com.ar\/2021\/sierra-de-la-ventana-con-ola-de-frio-polar-tuvo-5-como-estara-el-tiempo-esta-semana\/#breadcrumb","itemListElement":[{"@type":"ListItem","position":1,"name":"Portada","item":"https:\/\/www.noticiasradioreflejos.com.ar\/2021\/"},{"@type":"ListItem","position":2,"name":"Sierra de la Ventana con ola de fr\u00edo polar tuvo -5\u00b0: c\u00f3mo estar\u00e1 el tiempo esta semana"}]},{"@type":"WebSite","@id":"https:\/\/www.noticiasradioreflejos.com.ar\/2021\/#website","url":"https:\/\/www.noticiasradioreflejos.com.ar\/2021\/","name":"Noticias Radio Reflejos","description":"Las noticias de mi comarca","potentialAction":[{"@type":"SearchAction","target":{"@type":"EntryPoint","urlTemplate":"https:\/\/www.noticiasradioreflejos.com.ar\/2021\/?s={search_term_string}"},"query-input":{"@type":"PropertyValueSpecification","valueRequired":true,"valueName":"search_term_string"}}],"inLanguage":"es"},{"@type":"Person","@id":"https:\/\/www.noticiasradioreflejos.com.ar\/2021\/#\/schema\/person\/ad82545263dcc5ec0996818884fd5fb1","name":"Arnaldo Botto","image":{"@type":"ImageObject","inLanguage":"es","@id":"https:\/\/www.noticiasradioreflejos.com.ar\/2021\/#\/schema\/person\/image\/","url":"https:\/\/secure.gravatar.com\/avatar\/55cb5e37c1efa326397366e6974cb338056df65cb50e7d64d1cf314e87504837?s=96&d=mm&r=g","contentUrl":"https:\/\/secure.gravatar.com\/avatar\/55cb5e37c1efa326397366e6974cb338056df65cb50e7d64d1cf314e87504837?s=96&d=mm&r=g","caption":"Arnaldo Botto"},"url":"https:\/\/www.noticiasradioreflejos.com.ar\/2021\/author\/arnaldo\/"}]}},"_links":{"self":[{"href":"https:\/\/www.noticiasradioreflejos.com.ar\/2021\/wp-json\/wp\/v2\/posts\/90526","targetHints":{"allow":["GET"]}}],"collection":[{"href":"https:\/\/www.noticiasradioreflejos.com.ar\/2021\/wp-json\/wp\/v2\/posts"}],"about":[{"href":"https:\/\/www.noticiasradioreflejos.com.ar\/2021\/wp-json\/wp\/v2\/types\/post"}],"author":[{"embeddable":true,"href":"https:\/\/www.noticiasradioreflejos.com.ar\/2021\/wp-json\/wp\/v2\/users\/3"}],"replies":[{"embeddable":true,"href":"https:\/\/www.noticiasradioreflejos.com.ar\/2021\/wp-json\/wp\/v2\/comments?post=90526"}],"version-history":[{"count":1,"href":"https:\/\/www.noticiasradioreflejos.com.ar\/2021\/wp-json\/wp\/v2\/posts\/90526\/revisions"}],"predecessor-version":[{"id":90528,"href":"https:\/\/www.noticiasradioreflejos.com.ar\/2021\/wp-json\/wp\/v2\/posts\/90526\/revisions\/90528"}],"wp:attachment":[{"href":"https:\/\/www.noticiasradioreflejos.com.ar\/2021\/wp-json\/wp\/v2\/media?parent=90526"}],"wp:term":[{"taxonomy":"category","embeddable":true,"href":"https:\/\/www.noticiasradioreflejos.com.ar\/2021\/wp-json\/wp\/v2\/categories?post=90526"},{"taxonomy":"post_tag","embeddable":true,"href":"https:\/\/www.noticiasradioreflejos.com.ar\/2021\/wp-json\/wp\/v2\/tags?post=90526"}],"curies":[{"name":"wp","href":"https:\/\/api.w.org\/{rel}","templated":true}]}}