{"id":90523,"date":"2023-07-17T11:43:36","date_gmt":"2023-07-17T11:43:36","guid":{"rendered":"https:\/\/www.noticiasradioreflejos.com.ar\/2021\/?p=90523"},"modified":"2023-07-17T11:43:36","modified_gmt":"2023-07-17T11:43:36","slug":"vialidad-nacional-inauguro-el-nuevo-camino-de-cintura-a-sauce-grande","status":"publish","type":"post","link":"https:\/\/www.noticiasradioreflejos.com.ar\/2021\/vialidad-nacional-inauguro-el-nuevo-camino-de-cintura-a-sauce-grande\/","title":{"rendered":"Vialidad Nacional inaugur\u00f3 el nuevo camino de cintura a Sauce Grande"},"content":{"rendered":"<p><em>En Monte Hermoso, el administrador general, Gustavo Arrieta, encabez\u00f3 el acto de inauguraci\u00f3n de la obra que transformar\u00e1 la conexi\u00f3n tur\u00edstica entre el acceso a la localidad de cabecera y Sauce Grande.<\/em><!--more--><\/p>\n<p><a title=\"WhatsApp Image 2023-07-16 at 17.59.07 (1)\" href=\"https:\/\/www.flickr.com\/photos\/182279889@N02\/53052150154\/in\/dateposted-public\/\" data-flickr-embed=\"true\" data-footer=\"true\"><img loading=\"lazy\" decoding=\"async\" src=\"https:\/\/live.staticflickr.com\/65535\/53052150154_cbd56b7de1_c.jpg\" alt=\"WhatsApp Image 2023-07-16 at 17.59.07 (1)\" width=\"800\" height=\"472\" \/><\/a><\/p>\n<p>&nbsp;<\/p>\n<p><em>\u00a0<\/em><strong>Bah\u00eda Blanca, 16 de julio de 2023. <\/strong>El Ministerio de Obras P\u00fablicas, a trav\u00e9s de Vialidad Nacional, inaugur\u00f3 la obra de pavimentaci\u00f3n del nuevo camino de cintura a Sauce Grande. La intervenci\u00f3n fue financiada por el organismo vial nacional mediante una inversi\u00f3n superior a los $510 millones, y ejecutada por el municipio de Monte Hermoso.<\/p>\n<p>&nbsp;<\/p>\n<p>De la inauguraci\u00f3n participaron el administrador general de Vialidad Nacional, Gustavo Arrieta; el gerente ejecutivo de la repartici\u00f3n, Jorge Ruesga, el jefe del 19\u00b0 Distrito Bah\u00eda Blanca, Gustavo Trankels; el intendente de Monte Hermoso, Marcos Fern\u00e1ndez; el diputado provincial Alejandro Dichiara, entre otras autoridades.<\/p>\n<p>&nbsp;<\/p>\n<p>Durante el acto, Arrieta destac\u00f3: \u201cLos felicito por este logro, \u00e9sta era una obra so\u00f1ada, pero era dif\u00edcil porque hab\u00eda que conseguir la decisi\u00f3n pol\u00edtica y la financiaci\u00f3n para poder llevarla adelante. Este sue\u00f1o de la comunidad se logra cuando tenemos representantes que conocen la agenda de la comunidad, que tiene historia y pertenencia en la comunidad\u201d. A su vez, expres\u00f3 que \u00abnosotros creemos que necesitamos una Estado presente, con mayor y mejor educaci\u00f3n, salud y obra p\u00fablica, el futuro tiene que ver con eso, con desarrollarnos en la comunidad, entendiendo que la necesidad del desarrollo pasa por hacer una ruta como \u00e9sta, como lo plantea el compromiso del presidente, de todo el gobierno y del ministro Gabriel Katopodis\u201d.<\/p>\n<p>&nbsp;<\/p>\n<p>&nbsp;<\/p>\n<p>Los trabajos consistieron en la apertura de traza entre los m\u00e9danos, respetando la topograf\u00eda con once curvas suaves y lomadas horizontales, y la construcci\u00f3n de carpeta asf\u00e1ltica de tres metros por lado a lo largo de 3,7 km, desde la intersecci\u00f3n de las calles Bosque Alegre y Las Martinetas, en direcci\u00f3n hacia el este, hasta la calle Santa Magdalena, en el Balneario Sauce Grande, y por \u00e9sta en direcci\u00f3n sur hasta conectarse con Rodr\u00edguez Pe\u00f1a.<\/p>\n<p>&nbsp;<\/p>\n<p>Se trat\u00f3 de una obra realizada a trav\u00e9s del Programa de Sostenimiento de Redes Conexas para el Fortalecimiento de la Red Troncal Nacional, cuyo objetivo es responder a las demandas directas e inmediatas presentadas por los municipios.<\/p>\n<p>&nbsp;<br \/>\n<a data-flickr-embed=\"true\" data-footer=\"true\" href=\"https:\/\/www.flickr.com\/photos\/182279889@N02\/53051378317\/in\/dateposted-public\/\" title=\"WhatsApp Image 2023-07-16 at 17.59.08 (1)\"><img loading=\"lazy\" decoding=\"async\" src=\"https:\/\/live.staticflickr.com\/65535\/53051378317_682fd8a4cb_c.jpg\" width=\"800\" height=\"506\" alt=\"WhatsApp Image 2023-07-16 at 17.59.08 (1)\"\/><\/a><script async src=\"\/\/embedr.flickr.com\/assets\/client-code.js\" charset=\"utf-8\"><\/script><br \/>\n&nbsp;<\/p>\n<p>El nuevo camino pavimentado potenciar\u00e1 el tr\u00e1nsito tur\u00edstico y cotidiano hacia uno de los barrios m\u00e1s antiguos de la localidad, acortando los tiempos y las distancias de las y los veraneantes y habitantes del sector. Se trata de una deuda hist\u00f3rica con las y los vecinos del lugar, que desde la pavimentaci\u00f3n del camino de acceso desde la Ruta Nacional 3, en el a\u00f1o 1982, no contaban con este tipo de mejoras en la infraestructura vial.<\/p>\n<p>&nbsp;<\/p>\n<p>En la actualidad, la conexi\u00f3n entre Monte Hermoso y Sauce Grande se produce a trav\u00e9s de un camino afirmado que corre paralelo al mar, a 40 metros de la l\u00ednea de m\u00e1xima marea y que, por efecto de los vientos predominantes del sector sur, suroeste y sureste, es tapado por la arena que vuela desde la playa al continente. Adem\u00e1s de superponerse la actividad tur\u00edstica con la de aquellas personas que residen en la localidad de Sauce Grande, desde el punto de vista ambiental es importante que ese tramo sea recuperado como duna. De esta forma, se permitir\u00e1 un mejor intercambio de arena entre playa y continente por efecto de los vientos, minimizando el impacto negativo sobre el ambiente costero.<\/p>\n<p>&nbsp;<\/p>\n<p>Con este gran avance, mejorar\u00e1n la conexi\u00f3n y las condiciones de circulaci\u00f3n de m\u00e1s de 180 familias que habitan el barrio Sauce Grande todo el a\u00f1o, y de las m\u00e1s de 20 mil personas que se trasladan hasta aqu\u00ed durante la temporada estival.<\/p>\n<p>&nbsp;<\/p>\n<p><a data-flickr-embed=\"true\" data-footer=\"true\" href=\"https:\/\/www.flickr.com\/photos\/182279889@N02\/53052150159\/in\/dateposted-public\/\" title=\"WhatsApp Image 2023-07-16 at 17.59.07\"><img loading=\"lazy\" decoding=\"async\" src=\"https:\/\/live.staticflickr.com\/65535\/53052150159_414d7ed000_c.jpg\" width=\"800\" height=\"558\" alt=\"WhatsApp Image 2023-07-16 at 17.59.07\"\/><\/a><script async src=\"\/\/embedr.flickr.com\/assets\/client-code.js\" charset=\"utf-8\"><\/script><\/p>\n","protected":false},"excerpt":{"rendered":"<p>En Monte Hermoso, el administrador general, Gustavo Arrieta, encabez\u00f3 el acto de inauguraci\u00f3n de la obra que transformar\u00e1 la conexi\u00f3n tur\u00edstica entre el acceso a la localidad de cabecera y Sauce Grande.<\/p>\n","protected":false},"author":3,"featured_media":0,"comment_status":"closed","ping_status":"closed","sticky":false,"template":"","format":"standard","meta":{"footnotes":""},"categories":[24],"tags":[],"class_list":["post-90523","post","type-post","status-publish","format-standard","hentry","category-politica"],"yoast_head":"<!-- This site is optimized with the Yoast SEO plugin v25.9 - https:\/\/yoast.com\/wordpress\/plugins\/seo\/ -->\n<title>Vialidad Nacional inaugur\u00f3 el nuevo camino de cintura a Sauce Grande - Noticias Radio Reflejos<\/title>\n<meta name=\"robots\" content=\"index, follow, max-snippet:-1, max-image-preview:large, max-video-preview:-1\" \/>\n<link rel=\"canonical\" href=\"https:\/\/www.noticiasradioreflejos.com.ar\/2021\/vialidad-nacional-inauguro-el-nuevo-camino-de-cintura-a-sauce-grande\/\" \/>\n<meta property=\"og:locale\" content=\"es_ES\" \/>\n<meta property=\"og:type\" content=\"article\" \/>\n<meta property=\"og:title\" content=\"Vialidad Nacional inaugur\u00f3 el nuevo camino de cintura a Sauce Grande - Noticias Radio Reflejos\" \/>\n<meta property=\"og:description\" content=\"En Monte Hermoso, el administrador general, Gustavo Arrieta, encabez\u00f3 el acto de inauguraci\u00f3n de la obra que transformar\u00e1 la conexi\u00f3n tur\u00edstica entre el acceso a la localidad de cabecera y Sauce Grande.\" \/>\n<meta property=\"og:url\" content=\"https:\/\/www.noticiasradioreflejos.com.ar\/2021\/vialidad-nacional-inauguro-el-nuevo-camino-de-cintura-a-sauce-grande\/\" \/>\n<meta property=\"og:site_name\" content=\"Noticias Radio Reflejos\" \/>\n<meta property=\"article:published_time\" content=\"2023-07-17T11:43:36+00:00\" \/>\n<meta property=\"og:image\" content=\"https:\/\/live.staticflickr.com\/65535\/53052150154_cbd56b7de1_c.jpg\" \/>\n<meta name=\"author\" content=\"Arnaldo Botto\" \/>\n<meta name=\"twitter:card\" content=\"summary_large_image\" \/>\n<script type=\"application\/ld+json\" class=\"yoast-schema-graph\">{\"@context\":\"https:\/\/schema.org\",\"@graph\":[{\"@type\":\"WebPage\",\"@id\":\"https:\/\/www.noticiasradioreflejos.com.ar\/2021\/vialidad-nacional-inauguro-el-nuevo-camino-de-cintura-a-sauce-grande\/\",\"url\":\"https:\/\/www.noticiasradioreflejos.com.ar\/2021\/vialidad-nacional-inauguro-el-nuevo-camino-de-cintura-a-sauce-grande\/\",\"name\":\"Vialidad Nacional inaugur\u00f3 el nuevo camino de cintura a Sauce Grande - Noticias Radio Reflejos\",\"isPartOf\":{\"@id\":\"https:\/\/www.noticiasradioreflejos.com.ar\/2021\/#website\"},\"primaryImageOfPage\":{\"@id\":\"https:\/\/www.noticiasradioreflejos.com.ar\/2021\/vialidad-nacional-inauguro-el-nuevo-camino-de-cintura-a-sauce-grande\/#primaryimage\"},\"image\":{\"@id\":\"https:\/\/www.noticiasradioreflejos.com.ar\/2021\/vialidad-nacional-inauguro-el-nuevo-camino-de-cintura-a-sauce-grande\/#primaryimage\"},\"thumbnailUrl\":\"https:\/\/live.staticflickr.com\/65535\/53052150154_cbd56b7de1_c.jpg\",\"datePublished\":\"2023-07-17T11:43:36+00:00\",\"author\":{\"@id\":\"https:\/\/www.noticiasradioreflejos.com.ar\/2021\/#\/schema\/person\/ad82545263dcc5ec0996818884fd5fb1\"},\"breadcrumb\":{\"@id\":\"https:\/\/www.noticiasradioreflejos.com.ar\/2021\/vialidad-nacional-inauguro-el-nuevo-camino-de-cintura-a-sauce-grande\/#breadcrumb\"},\"inLanguage\":\"es\",\"potentialAction\":[{\"@type\":\"ReadAction\",\"target\":[\"https:\/\/www.noticiasradioreflejos.com.ar\/2021\/vialidad-nacional-inauguro-el-nuevo-camino-de-cintura-a-sauce-grande\/\"]}]},{\"@type\":\"ImageObject\",\"inLanguage\":\"es\",\"@id\":\"https:\/\/www.noticiasradioreflejos.com.ar\/2021\/vialidad-nacional-inauguro-el-nuevo-camino-de-cintura-a-sauce-grande\/#primaryimage\",\"url\":\"https:\/\/live.staticflickr.com\/65535\/53052150154_cbd56b7de1_c.jpg\",\"contentUrl\":\"https:\/\/live.staticflickr.com\/65535\/53052150154_cbd56b7de1_c.jpg\"},{\"@type\":\"BreadcrumbList\",\"@id\":\"https:\/\/www.noticiasradioreflejos.com.ar\/2021\/vialidad-nacional-inauguro-el-nuevo-camino-de-cintura-a-sauce-grande\/#breadcrumb\",\"itemListElement\":[{\"@type\":\"ListItem\",\"position\":1,\"name\":\"Portada\",\"item\":\"https:\/\/www.noticiasradioreflejos.com.ar\/2021\/\"},{\"@type\":\"ListItem\",\"position\":2,\"name\":\"Vialidad Nacional inaugur\u00f3 el nuevo camino de cintura a Sauce Grande\"}]},{\"@type\":\"WebSite\",\"@id\":\"https:\/\/www.noticiasradioreflejos.com.ar\/2021\/#website\",\"url\":\"https:\/\/www.noticiasradioreflejos.com.ar\/2021\/\",\"name\":\"Noticias Radio Reflejos\",\"description\":\"Las noticias de mi comarca\",\"potentialAction\":[{\"@type\":\"SearchAction\",\"target\":{\"@type\":\"EntryPoint\",\"urlTemplate\":\"https:\/\/www.noticiasradioreflejos.com.ar\/2021\/?s={search_term_string}\"},\"query-input\":{\"@type\":\"PropertyValueSpecification\",\"valueRequired\":true,\"valueName\":\"search_term_string\"}}],\"inLanguage\":\"es\"},{\"@type\":\"Person\",\"@id\":\"https:\/\/www.noticiasradioreflejos.com.ar\/2021\/#\/schema\/person\/ad82545263dcc5ec0996818884fd5fb1\",\"name\":\"Arnaldo Botto\",\"image\":{\"@type\":\"ImageObject\",\"inLanguage\":\"es\",\"@id\":\"https:\/\/www.noticiasradioreflejos.com.ar\/2021\/#\/schema\/person\/image\/\",\"url\":\"https:\/\/secure.gravatar.com\/avatar\/55cb5e37c1efa326397366e6974cb338056df65cb50e7d64d1cf314e87504837?s=96&d=mm&r=g\",\"contentUrl\":\"https:\/\/secure.gravatar.com\/avatar\/55cb5e37c1efa326397366e6974cb338056df65cb50e7d64d1cf314e87504837?s=96&d=mm&r=g\",\"caption\":\"Arnaldo Botto\"},\"url\":\"https:\/\/www.noticiasradioreflejos.com.ar\/2021\/author\/arnaldo\/\"}]}<\/script>\n<!-- \/ Yoast SEO plugin. -->","yoast_head_json":{"title":"Vialidad Nacional inaugur\u00f3 el nuevo camino de cintura a Sauce Grande - Noticias Radio Reflejos","robots":{"index":"index","follow":"follow","max-snippet":"max-snippet:-1","max-image-preview":"max-image-preview:large","max-video-preview":"max-video-preview:-1"},"canonical":"https:\/\/www.noticiasradioreflejos.com.ar\/2021\/vialidad-nacional-inauguro-el-nuevo-camino-de-cintura-a-sauce-grande\/","og_locale":"es_ES","og_type":"article","og_title":"Vialidad Nacional inaugur\u00f3 el nuevo camino de cintura a Sauce Grande - Noticias Radio Reflejos","og_description":"En Monte Hermoso, el administrador general, Gustavo Arrieta, encabez\u00f3 el acto de inauguraci\u00f3n de la obra que transformar\u00e1 la conexi\u00f3n tur\u00edstica entre el acceso a la localidad de cabecera y Sauce Grande.","og_url":"https:\/\/www.noticiasradioreflejos.com.ar\/2021\/vialidad-nacional-inauguro-el-nuevo-camino-de-cintura-a-sauce-grande\/","og_site_name":"Noticias Radio Reflejos","article_published_time":"2023-07-17T11:43:36+00:00","og_image":[{"url":"https:\/\/live.staticflickr.com\/65535\/53052150154_cbd56b7de1_c.jpg","type":"","width":"","height":""}],"author":"Arnaldo Botto","twitter_card":"summary_large_image","schema":{"@context":"https:\/\/schema.org","@graph":[{"@type":"WebPage","@id":"https:\/\/www.noticiasradioreflejos.com.ar\/2021\/vialidad-nacional-inauguro-el-nuevo-camino-de-cintura-a-sauce-grande\/","url":"https:\/\/www.noticiasradioreflejos.com.ar\/2021\/vialidad-nacional-inauguro-el-nuevo-camino-de-cintura-a-sauce-grande\/","name":"Vialidad Nacional inaugur\u00f3 el nuevo camino de cintura a Sauce Grande - Noticias Radio Reflejos","isPartOf":{"@id":"https:\/\/www.noticiasradioreflejos.com.ar\/2021\/#website"},"primaryImageOfPage":{"@id":"https:\/\/www.noticiasradioreflejos.com.ar\/2021\/vialidad-nacional-inauguro-el-nuevo-camino-de-cintura-a-sauce-grande\/#primaryimage"},"image":{"@id":"https:\/\/www.noticiasradioreflejos.com.ar\/2021\/vialidad-nacional-inauguro-el-nuevo-camino-de-cintura-a-sauce-grande\/#primaryimage"},"thumbnailUrl":"https:\/\/live.staticflickr.com\/65535\/53052150154_cbd56b7de1_c.jpg","datePublished":"2023-07-17T11:43:36+00:00","author":{"@id":"https:\/\/www.noticiasradioreflejos.com.ar\/2021\/#\/schema\/person\/ad82545263dcc5ec0996818884fd5fb1"},"breadcrumb":{"@id":"https:\/\/www.noticiasradioreflejos.com.ar\/2021\/vialidad-nacional-inauguro-el-nuevo-camino-de-cintura-a-sauce-grande\/#breadcrumb"},"inLanguage":"es","potentialAction":[{"@type":"ReadAction","target":["https:\/\/www.noticiasradioreflejos.com.ar\/2021\/vialidad-nacional-inauguro-el-nuevo-camino-de-cintura-a-sauce-grande\/"]}]},{"@type":"ImageObject","inLanguage":"es","@id":"https:\/\/www.noticiasradioreflejos.com.ar\/2021\/vialidad-nacional-inauguro-el-nuevo-camino-de-cintura-a-sauce-grande\/#primaryimage","url":"https:\/\/live.staticflickr.com\/65535\/53052150154_cbd56b7de1_c.jpg","contentUrl":"https:\/\/live.staticflickr.com\/65535\/53052150154_cbd56b7de1_c.jpg"},{"@type":"BreadcrumbList","@id":"https:\/\/www.noticiasradioreflejos.com.ar\/2021\/vialidad-nacional-inauguro-el-nuevo-camino-de-cintura-a-sauce-grande\/#breadcrumb","itemListElement":[{"@type":"ListItem","position":1,"name":"Portada","item":"https:\/\/www.noticiasradioreflejos.com.ar\/2021\/"},{"@type":"ListItem","position":2,"name":"Vialidad Nacional inaugur\u00f3 el nuevo camino de cintura a Sauce Grande"}]},{"@type":"WebSite","@id":"https:\/\/www.noticiasradioreflejos.com.ar\/2021\/#website","url":"https:\/\/www.noticiasradioreflejos.com.ar\/2021\/","name":"Noticias Radio Reflejos","description":"Las noticias de mi comarca","potentialAction":[{"@type":"SearchAction","target":{"@type":"EntryPoint","urlTemplate":"https:\/\/www.noticiasradioreflejos.com.ar\/2021\/?s={search_term_string}"},"query-input":{"@type":"PropertyValueSpecification","valueRequired":true,"valueName":"search_term_string"}}],"inLanguage":"es"},{"@type":"Person","@id":"https:\/\/www.noticiasradioreflejos.com.ar\/2021\/#\/schema\/person\/ad82545263dcc5ec0996818884fd5fb1","name":"Arnaldo Botto","image":{"@type":"ImageObject","inLanguage":"es","@id":"https:\/\/www.noticiasradioreflejos.com.ar\/2021\/#\/schema\/person\/image\/","url":"https:\/\/secure.gravatar.com\/avatar\/55cb5e37c1efa326397366e6974cb338056df65cb50e7d64d1cf314e87504837?s=96&d=mm&r=g","contentUrl":"https:\/\/secure.gravatar.com\/avatar\/55cb5e37c1efa326397366e6974cb338056df65cb50e7d64d1cf314e87504837?s=96&d=mm&r=g","caption":"Arnaldo Botto"},"url":"https:\/\/www.noticiasradioreflejos.com.ar\/2021\/author\/arnaldo\/"}]}},"_links":{"self":[{"href":"https:\/\/www.noticiasradioreflejos.com.ar\/2021\/wp-json\/wp\/v2\/posts\/90523","targetHints":{"allow":["GET"]}}],"collection":[{"href":"https:\/\/www.noticiasradioreflejos.com.ar\/2021\/wp-json\/wp\/v2\/posts"}],"about":[{"href":"https:\/\/www.noticiasradioreflejos.com.ar\/2021\/wp-json\/wp\/v2\/types\/post"}],"author":[{"embeddable":true,"href":"https:\/\/www.noticiasradioreflejos.com.ar\/2021\/wp-json\/wp\/v2\/users\/3"}],"replies":[{"embeddable":true,"href":"https:\/\/www.noticiasradioreflejos.com.ar\/2021\/wp-json\/wp\/v2\/comments?post=90523"}],"version-history":[{"count":1,"href":"https:\/\/www.noticiasradioreflejos.com.ar\/2021\/wp-json\/wp\/v2\/posts\/90523\/revisions"}],"predecessor-version":[{"id":90525,"href":"https:\/\/www.noticiasradioreflejos.com.ar\/2021\/wp-json\/wp\/v2\/posts\/90523\/revisions\/90525"}],"wp:attachment":[{"href":"https:\/\/www.noticiasradioreflejos.com.ar\/2021\/wp-json\/wp\/v2\/media?parent=90523"}],"wp:term":[{"taxonomy":"category","embeddable":true,"href":"https:\/\/www.noticiasradioreflejos.com.ar\/2021\/wp-json\/wp\/v2\/categories?post=90523"},{"taxonomy":"post_tag","embeddable":true,"href":"https:\/\/www.noticiasradioreflejos.com.ar\/2021\/wp-json\/wp\/v2\/tags?post=90523"}],"curies":[{"name":"wp","href":"https:\/\/api.w.org\/{rel}","templated":true}]}}